{"id":732270,"date":"2023-04-30T10:00:20","date_gmt":"2023-04-30T13:00:20","guid":{"rendered":"https:\/\/bahiaeconomica.com.br\/wp\/beta\/?p=732270"},"modified":"2023-04-29T17:32:16","modified_gmt":"2023-04-29T20:32:16","slug":"coronel-nega-consulta-na-mudanca-na-pl-das-fakes-news","status":"publish","type":"post","link":"https:\/\/bahiaeconomica.com.br\/wp\/2023\/04\/30\/coronel-nega-consulta-na-mudanca-na-pl-das-fakes-news\/","title":{"rendered":"CORONEL NEGA CONSULTA NA MUDAN\u00c7A NA PL DAS FAKES NEWS"},"content":{"rendered":"<p>O senador \u00c2ngelo Coronel (PSD-BA), relator do texto do Projeto de Lei das Fake News no Senado, contesta n\u00e3o ter participado das discuss\u00f5es sobre mudan\u00e7as que ocorreram no texto na C\u00e2mara dos Deputados, cuja expectativa de vota\u00e7\u00e3o \u00e9 a pr\u00f3xima ter\u00e7a-feira (2). Caso seja aprovado, o projeto retorna para o Senado.<\/p>\n<p><!--more--><\/p>\n<p>Isso se deve, a relatoria da mat\u00e9ria do deputado Orlando Silva (PCdoB-SP), ter ganhado celeridade na \u00faltima semana. Na \u00faltima ter\u00e7a-feira (25), o texto tramitou em regime de urg\u00eancia e foi aprovado na C\u00e2mara por 238 votos favor\u00e1veis e 192 contr\u00e1rios. O projeto regula as plataformas digitais e as redes sociais, estabelecendo regras sobre o que ser\u00e1 permitido ou n\u00e3o na internet.<\/p>\n<p>\u201cN\u00e3o tive nenhum encontro com o deputado Orlando Silva. Estivemos juntos h\u00e1 um ano atr\u00e1s, logo quando o projeto foi aprovado [no Senado] e ele foi designado o relator [na C\u00e2mara]. De l\u00e1 para c\u00e1, mais de um ano, quase dois, n\u00e3o tivemos nenhum contato para tratar e discutir as altera\u00e7\u00f5es, ent\u00e3o achei at\u00e9 estranho, mas ainda continuo no aguardo\u201d, disse, ao Metr\u00f3poles.<\/p>\n<p>A principal altera\u00e7\u00e3o foi a retirada do dispositivo que cria uma entidade para regular a atividade de empresas que gerenciam redes sociais, aplicativos de mensagens instant\u00e2neas e sites de busca. O trecho era um dos principais pontos de diverg\u00eancias entre parlamentares. A mat\u00e9ria ganhou tra\u00e7\u00e3o ap\u00f3s os ataques do dia 8 de janeiro e do ataque contra a creche de Blumenau, em Santa Catarina.<\/p>\n<p>Mas, para Angelo Coronel, o texto ainda deve passar pela Comiss\u00e3o de Constitui\u00e7\u00e3o e Justi\u00e7a (CCJ), antes de ser levado ao plen\u00e1rio da Casa Alta. \u201cEu defendo que ele [projeto] venha para o Senado, para que n\u00f3s possamos discuti-lo na CCJ. Eu s\u00f3 sei [das mudan\u00e7as] pelo que eu estou vendo na m\u00eddia, n\u00e3o tenho nada oficial. O relator na C\u00e2mara n\u00e3o me mandou nenhuma minuta do que \u00e9 que vai ser colocado para vota\u00e7\u00e3o, n\u00f3s [senadores] estamos simplesmente sem saber de nenhuma mudan\u00e7a. Ent\u00e3o eu defendo que o projeto venha para a CCJ ser discutido e depois v\u00e1 ao plen\u00e1rio\u201d, disse.<\/p>\n<p>Sem consenso, o texto nunca foi de fato \u00e0 vota\u00e7\u00e3o. Sua tramita\u00e7\u00e3o ganhou novo g\u00e1s com a elei\u00e7\u00e3o de Luiz In\u00e1cio Lula da Silva (PT), que colocou a aprova\u00e7\u00e3o do texto entre as prioridades do seu governo. O pr\u00f3prio relator aposta na mudan\u00e7a do quadro pol\u00edtico brasileiro para influenciar a aprova\u00e7\u00e3o do projeto: \u201cHoje temos um governo oposto ao anterior. Este \u00e9 pr\u00f3-regula\u00e7\u00e3o e o anterior era contra. [\u2026] H\u00e1 a discuss\u00e3o sobre quem vai fiscalizar o cumprimento da lei. Eu sou favor\u00e1vel ao \u00f3rg\u00e3o regulador, que n\u00e3o ir\u00e1 tratar de conte\u00fado, mas do cumprimento da lei, n\u00e3o tem minist\u00e9rio da verdade. Quem arbitrar\u00e1 s\u00e3o as plataformas\u201d, afirmou.<\/p>\n<p>Foto: Ag\u00eancia Senado<\/p>\n<p>Fonte: Ag\u00eancia Senado<\/p>\n","protected":false},"excerpt":{"rendered":"<p>O senador \u00c2ngelo Coronel (PSD-BA), relator do texto do Projeto de Lei das Fake News no Senado, contesta n\u00e3o ter participado das discuss\u00f5es sobre mudan\u00e7as que ocorreram no texto na C\u00e2mara dos Deputados, cuja expectativa de vota\u00e7\u00e3o \u00e9 a pr\u00f3xima ter\u00e7a-feira (2). Caso seja aprovado, o projeto retorna para o Senado.<\/p>\n","protected":false},"author":8,"featured_media":732271,"comment_status":"closed","ping_status":"closed","sticky":false,"template":"","format":"standard","meta":[],"categories":[14,3],"tags":[835,52,1996,100],"acf":[],"yoast_head":"<!-- This site is optimized with the Yoast SEO plugin v20.8 - https:\/\/yoast.com\/wordpress\/plugins\/seo\/ -->\n<title>CORONEL NEGA CONSULTA NA MUDAN\u00c7A NA PL DAS FAKES NEWS - Bahia Economica<\/title>\n<meta name=\"description\" content=\"O senador \u00c2ngelo Coronel (PSD-BA), relator do texto do Projeto de Lei das Fake News no Senado, contesta n\u00e3o ter participado das discuss\u00f5es\" \/>\n<meta name=\"robots\" content=\"index, follow, max-snippet:-1, max-image-preview:large, max-video-preview:-1\" \/>\n<link rel=\"canonical\" href=\"https:\/\/bahiaeconomica.com.br\/wp\/2023\/04\/30\/coronel-nega-consulta-na-mudanca-na-pl-das-fakes-news\/\" \/>\n<meta property=\"og:locale\" content=\"pt_BR\" \/>\n<meta property=\"og:type\" content=\"article\" \/>\n<meta property=\"og:title\" content=\"CORONEL NEGA CONSULTA NA MUDAN\u00c7A NA PL DAS FAKES NEWS - Bahia Economica\" \/>\n<meta property=\"og:description\" content=\"O senador \u00c2ngelo Coronel (PSD-BA), relator do texto do Projeto de Lei das Fake News no Senado, contesta n\u00e3o ter participado das discuss\u00f5es\" \/>\n<meta property=\"og:url\" content=\"https:\/\/bahiaeconomica.com.br\/wp\/2023\/04\/30\/coronel-nega-consulta-na-mudanca-na-pl-das-fakes-news\/\" \/>\n<meta property=\"og:site_name\" content=\"Bahia Economica\" \/>\n<meta property=\"article:publisher\" content=\"https:\/\/www.facebook.com\/bahiaeconomica\" \/>\n<meta property=\"article:published_time\" content=\"2023-04-30T13:00:20+00:00\" \/>\n<meta property=\"article:modified_time\" content=\"2023-04-29T20:32:16+00:00\" \/>\n<meta property=\"og:image\" content=\"https:\/\/bahiaeconomica.com.br\/wp\/wp-content\/uploads\/2023\/04\/angelocoronel.jpg\" \/>\n\t<meta property=\"og:image:width\" content=\"600\" \/>\n\t<meta property=\"og:image:height\" content=\"420\" \/>\n\t<meta property=\"og:image:type\" content=\"image\/jpeg\" \/>\n<meta name=\"author\" content=\"JP\" \/>\n<meta name=\"twitter:card\" content=\"summary_large_image\" \/>\n<meta name=\"twitter:label1\" content=\"Escrito por\" \/>\n\t<meta name=\"twitter:data1\" content=\"JP\" \/>\n\t<meta name=\"twitter:label2\" content=\"Est. tempo de leitura\" \/>\n\t<meta name=\"twitter:data2\" content=\"3 minutos\" \/>\n<script type=\"application\/ld+json\" class=\"yoast-schema-graph\">{\"@context\":\"https:\/\/schema.org\",\"@graph\":[{\"@type\":\"Article\",\"@id\":\"https:\/\/bahiaeconomica.com.br\/wp\/2023\/04\/30\/coronel-nega-consulta-na-mudanca-na-pl-das-fakes-news\/#article\",\"isPartOf\":{\"@id\":\"https:\/\/bahiaeconomica.com.br\/wp\/2023\/04\/30\/coronel-nega-consulta-na-mudanca-na-pl-das-fakes-news\/\"},\"author\":{\"name\":\"JP\",\"@id\":\"https:\/\/bahiaeconomica.com.br\/wp\/#\/schema\/person\/c86d3a3f8960425a0f9d0e5245991f4e\"},\"headline\":\"CORONEL NEGA CONSULTA NA MUDAN\u00c7A NA PL DAS FAKES NEWS\",\"datePublished\":\"2023-04-30T13:00:20+00:00\",\"dateModified\":\"2023-04-29T20:32:16+00:00\",\"mainEntityOfPage\":{\"@id\":\"https:\/\/bahiaeconomica.com.br\/wp\/2023\/04\/30\/coronel-nega-consulta-na-mudanca-na-pl-das-fakes-news\/\"},\"wordCount\":521,\"publisher\":{\"@id\":\"https:\/\/bahiaeconomica.com.br\/wp\/#organization\"},\"keywords\":[\"alta\",\"Brasil\",\"coronel\",\"Pol\u00edtica\"],\"articleSection\":[\"DESTAQUE DO DIA\",\"ECONOMIA \/ POL\u00cdTICA\"],\"inLanguage\":\"pt-BR\"},{\"@type\":\"WebPage\",\"@id\":\"https:\/\/bahiaeconomica.com.br\/wp\/2023\/04\/30\/coronel-nega-consulta-na-mudanca-na-pl-das-fakes-news\/\",\"url\":\"https:\/\/bahiaeconomica.com.br\/wp\/2023\/04\/30\/coronel-nega-consulta-na-mudanca-na-pl-das-fakes-news\/\",\"name\":\"CORONEL NEGA CONSULTA NA MUDAN\u00c7A NA PL DAS FAKES NEWS - Bahia Economica\",\"isPartOf\":{\"@id\":\"https:\/\/bahiaeconomica.com.br\/wp\/#website\"},\"datePublished\":\"2023-04-30T13:00:20+00:00\",\"dateModified\":\"2023-04-29T20:32:16+00:00\",\"description\":\"O senador \u00c2ngelo Coronel (PSD-BA), relator do texto do Projeto de Lei das Fake News no Senado, contesta n\u00e3o ter participado das discuss\u00f5es\",\"breadcrumb\":{\"@id\":\"https:\/\/bahiaeconomica.com.br\/wp\/2023\/04\/30\/coronel-nega-consulta-na-mudanca-na-pl-das-fakes-news\/#breadcrumb\"},\"inLanguage\":\"pt-BR\",\"potentialAction\":[{\"@type\":\"ReadAction\",\"target\":[\"https:\/\/bahiaeconomica.com.br\/wp\/2023\/04\/30\/coronel-nega-consulta-na-mudanca-na-pl-das-fakes-news\/\"]}]},{\"@type\":\"BreadcrumbList\",\"@id\":\"https:\/\/bahiaeconomica.com.br\/wp\/2023\/04\/30\/coronel-nega-consulta-na-mudanca-na-pl-das-fakes-news\/#breadcrumb\",\"itemListElement\":[{\"@type\":\"ListItem\",\"position\":1,\"name\":\"In\u00edcio\",\"item\":\"https:\/\/bahiaeconomica.com.br\/wp\/\"},{\"@type\":\"ListItem\",\"position\":2,\"name\":\"CORONEL NEGA CONSULTA NA MUDAN\u00c7A NA PL DAS FAKES NEWS\"}]},{\"@type\":\"WebSite\",\"@id\":\"https:\/\/bahiaeconomica.com.br\/wp\/#website\",\"url\":\"https:\/\/bahiaeconomica.com.br\/wp\/\",\"name\":\"Bahia Economica\",\"description\":\"O maior portal de Economia da Bahia\",\"publisher\":{\"@id\":\"https:\/\/bahiaeconomica.com.br\/wp\/#organization\"},\"potentialAction\":[{\"@type\":\"SearchAction\",\"target\":{\"@type\":\"EntryPoint\",\"urlTemplate\":\"https:\/\/bahiaeconomica.com.br\/wp\/?s={search_term_string}\"},\"query-input\":\"required name=search_term_string\"}],\"inLanguage\":\"pt-BR\"},{\"@type\":\"Organization\",\"@id\":\"https:\/\/bahiaeconomica.com.br\/wp\/#organization\",\"name\":\"Bahia Econ\u00f4mica\",\"url\":\"https:\/\/bahiaeconomica.com.br\/wp\/\",\"logo\":{\"@type\":\"ImageObject\",\"inLanguage\":\"pt-BR\",\"@id\":\"https:\/\/bahiaeconomica.com.br\/wp\/#\/schema\/logo\/image\/\",\"url\":\"https:\/\/bahiaeconomica.com.br\/wp\/wp-content\/uploads\/2020\/12\/cropped-BE.png\",\"contentUrl\":\"https:\/\/bahiaeconomica.com.br\/wp\/wp-content\/uploads\/2020\/12\/cropped-BE.png\",\"width\":512,\"height\":512,\"caption\":\"Bahia Econ\u00f4mica\"},\"image\":{\"@id\":\"https:\/\/bahiaeconomica.com.br\/wp\/#\/schema\/logo\/image\/\"},\"sameAs\":[\"https:\/\/www.facebook.com\/bahiaeconomica\"]},{\"@type\":\"Person\",\"@id\":\"https:\/\/bahiaeconomica.com.br\/wp\/#\/schema\/person\/c86d3a3f8960425a0f9d0e5245991f4e\",\"name\":\"JP\",\"sameAs\":[\"https:\/\/bahiaeconomica.com.br\/wp\/beta\/\"],\"url\":\"https:\/\/bahiaeconomica.com.br\/wp\/author\/jp\/\"}]}<\/script>\n<!-- \/ Yoast SEO plugin. -->","yoast_head_json":{"title":"CORONEL NEGA CONSULTA NA MUDAN\u00c7A NA PL DAS FAKES NEWS - Bahia Economica","description":"O senador \u00c2ngelo Coronel (PSD-BA), relator do texto do Projeto de Lei das Fake News no Senado, contesta n\u00e3o ter participado das discuss\u00f5es","robots":{"index":"index","follow":"follow","max-snippet":"max-snippet:-1","max-image-preview":"max-image-preview:large","max-video-preview":"max-video-preview:-1"},"canonical":"https:\/\/bahiaeconomica.com.br\/wp\/2023\/04\/30\/coronel-nega-consulta-na-mudanca-na-pl-das-fakes-news\/","og_locale":"pt_BR","og_type":"article","og_title":"CORONEL NEGA CONSULTA NA MUDAN\u00c7A NA PL DAS FAKES NEWS - Bahia Economica","og_description":"O senador \u00c2ngelo Coronel (PSD-BA), relator do texto do Projeto de Lei das Fake News no Senado, contesta n\u00e3o ter participado das discuss\u00f5es","og_url":"https:\/\/bahiaeconomica.com.br\/wp\/2023\/04\/30\/coronel-nega-consulta-na-mudanca-na-pl-das-fakes-news\/","og_site_name":"Bahia Economica","article_publisher":"https:\/\/www.facebook.com\/bahiaeconomica","article_published_time":"2023-04-30T13:00:20+00:00","article_modified_time":"2023-04-29T20:32:16+00:00","og_image":[{"width":600,"height":420,"url":"https:\/\/bahiaeconomica.com.br\/wp\/wp-content\/uploads\/2023\/04\/angelocoronel.jpg","type":"image\/jpeg"}],"author":"JP","twitter_card":"summary_large_image","twitter_misc":{"Escrito por":"JP","Est. tempo de leitura":"3 minutos"},"schema":{"@context":"https:\/\/schema.org","@graph":[{"@type":"Article","@id":"https:\/\/bahiaeconomica.com.br\/wp\/2023\/04\/30\/coronel-nega-consulta-na-mudanca-na-pl-das-fakes-news\/#article","isPartOf":{"@id":"https:\/\/bahiaeconomica.com.br\/wp\/2023\/04\/30\/coronel-nega-consulta-na-mudanca-na-pl-das-fakes-news\/"},"author":{"name":"JP","@id":"https:\/\/bahiaeconomica.com.br\/wp\/#\/schema\/person\/c86d3a3f8960425a0f9d0e5245991f4e"},"headline":"CORONEL NEGA CONSULTA NA MUDAN\u00c7A NA PL DAS FAKES NEWS","datePublished":"2023-04-30T13:00:20+00:00","dateModified":"2023-04-29T20:32:16+00:00","mainEntityOfPage":{"@id":"https:\/\/bahiaeconomica.com.br\/wp\/2023\/04\/30\/coronel-nega-consulta-na-mudanca-na-pl-das-fakes-news\/"},"wordCount":521,"publisher":{"@id":"https:\/\/bahiaeconomica.com.br\/wp\/#organization"},"keywords":["alta","Brasil","coronel","Pol\u00edtica"],"articleSection":["DESTAQUE DO DIA","ECONOMIA \/ POL\u00cdTICA"],"inLanguage":"pt-BR"},{"@type":"WebPage","@id":"https:\/\/bahiaeconomica.com.br\/wp\/2023\/04\/30\/coronel-nega-consulta-na-mudanca-na-pl-das-fakes-news\/","url":"https:\/\/bahiaeconomica.com.br\/wp\/2023\/04\/30\/coronel-nega-consulta-na-mudanca-na-pl-das-fakes-news\/","name":"CORONEL NEGA CONSULTA NA MUDAN\u00c7A NA PL DAS FAKES NEWS - Bahia Economica","isPartOf":{"@id":"https:\/\/bahiaeconomica.com.br\/wp\/#website"},"datePublished":"2023-04-30T13:00:20+00:00","dateModified":"2023-04-29T20:32:16+00:00","description":"O senador \u00c2ngelo Coronel (PSD-BA), relator do texto do Projeto de Lei das Fake News no Senado, contesta n\u00e3o ter participado das discuss\u00f5es","breadcrumb":{"@id":"https:\/\/bahiaeconomica.com.br\/wp\/2023\/04\/30\/coronel-nega-consulta-na-mudanca-na-pl-das-fakes-news\/#breadcrumb"},"inLanguage":"pt-BR","potentialAction":[{"@type":"ReadAction","target":["https:\/\/bahiaeconomica.com.br\/wp\/2023\/04\/30\/coronel-nega-consulta-na-mudanca-na-pl-das-fakes-news\/"]}]},{"@type":"BreadcrumbList","@id":"https:\/\/bahiaeconomica.com.br\/wp\/2023\/04\/30\/coronel-nega-consulta-na-mudanca-na-pl-das-fakes-news\/#breadcrumb","itemListElement":[{"@type":"ListItem","position":1,"name":"In\u00edcio","item":"https:\/\/bahiaeconomica.com.br\/wp\/"},{"@type":"ListItem","position":2,"name":"CORONEL NEGA CONSULTA NA MUDAN\u00c7A NA PL DAS FAKES NEWS"}]},{"@type":"WebSite","@id":"https:\/\/bahiaeconomica.com.br\/wp\/#website","url":"https:\/\/bahiaeconomica.com.br\/wp\/","name":"Bahia Economica","description":"O maior portal de Economia da Bahia","publisher":{"@id":"https:\/\/bahiaeconomica.com.br\/wp\/#organization"},"potentialAction":[{"@type":"SearchAction","target":{"@type":"EntryPoint","urlTemplate":"https:\/\/bahiaeconomica.com.br\/wp\/?s={search_term_string}"},"query-input":"required name=search_term_string"}],"inLanguage":"pt-BR"},{"@type":"Organization","@id":"https:\/\/bahiaeconomica.com.br\/wp\/#organization","name":"Bahia Econ\u00f4mica","url":"https:\/\/bahiaeconomica.com.br\/wp\/","logo":{"@type":"ImageObject","inLanguage":"pt-BR","@id":"https:\/\/bahiaeconomica.com.br\/wp\/#\/schema\/logo\/image\/","url":"https:\/\/bahiaeconomica.com.br\/wp\/wp-content\/uploads\/2020\/12\/cropped-BE.png","contentUrl":"https:\/\/bahiaeconomica.com.br\/wp\/wp-content\/uploads\/2020\/12\/cropped-BE.png","width":512,"height":512,"caption":"Bahia Econ\u00f4mica"},"image":{"@id":"https:\/\/bahiaeconomica.com.br\/wp\/#\/schema\/logo\/image\/"},"sameAs":["https:\/\/www.facebook.com\/bahiaeconomica"]},{"@type":"Person","@id":"https:\/\/bahiaeconomica.com.br\/wp\/#\/schema\/person\/c86d3a3f8960425a0f9d0e5245991f4e","name":"JP","sameAs":["https:\/\/bahiaeconomica.com.br\/wp\/beta\/"],"url":"https:\/\/bahiaeconomica.com.br\/wp\/author\/jp\/"}]}},"views":5,"_links":{"self":[{"href":"https:\/\/bahiaeconomica.com.br\/wp\/wp-json\/wp\/v2\/posts\/732270"}],"collection":[{"href":"https:\/\/bahiaeconomica.com.br\/wp\/wp-json\/wp\/v2\/posts"}],"about":[{"href":"https:\/\/bahiaeconomica.com.br\/wp\/wp-json\/wp\/v2\/types\/post"}],"author":[{"embeddable":true,"href":"https:\/\/bahiaeconomica.com.br\/wp\/wp-json\/wp\/v2\/users\/8"}],"replies":[{"embeddable":true,"href":"https:\/\/bahiaeconomica.com.br\/wp\/wp-json\/wp\/v2\/comments?post=732270"}],"version-history":[{"count":1,"href":"https:\/\/bahiaeconomica.com.br\/wp\/wp-json\/wp\/v2\/posts\/732270\/revisions"}],"predecessor-version":[{"id":732272,"href":"https:\/\/bahiaeconomica.com.br\/wp\/wp-json\/wp\/v2\/posts\/732270\/revisions\/732272"}],"wp:featuredmedia":[{"embeddable":true,"href":"https:\/\/bahiaeconomica.com.br\/wp\/wp-json\/wp\/v2\/media\/732271"}],"wp:attachment":[{"href":"https:\/\/bahiaeconomica.com.br\/wp\/wp-json\/wp\/v2\/media?parent=732270"}],"wp:term":[{"taxonomy":"category","embeddable":true,"href":"https:\/\/bahiaeconomica.com.br\/wp\/wp-json\/wp\/v2\/categories?post=732270"},{"taxonomy":"post_tag","embeddable":true,"href":"https:\/\/bahiaeconomica.com.br\/wp\/wp-json\/wp\/v2\/tags?post=732270"}],"curies":[{"name":"wp","href":"https:\/\/api.w.org\/{rel}","templated":true}]}}