{"id":731928,"date":"2023-04-27T16:26:16","date_gmt":"2023-04-27T19:26:16","guid":{"rendered":"https:\/\/bahiaeconomica.com.br\/wp\/beta\/?p=731928"},"modified":"2023-04-27T18:44:35","modified_gmt":"2023-04-27T21:44:35","slug":"futura-casa-da-mulher-brasileira-recebe-visita-tecnica","status":"publish","type":"post","link":"https:\/\/bahiaeconomica.com.br\/wp\/2023\/04\/27\/futura-casa-da-mulher-brasileira-recebe-visita-tecnica\/","title":{"rendered":"FUTURA CASA DA MULHER BRASILEIRA RECEBE VISITA T\u00c9CNICA"},"content":{"rendered":"<p>Com o investimento de R$14 milh\u00f5es, o equipamento tem previs\u00e3o de entrega para junho deste ano, em Salvador<\/p>\n<p><!--more--><\/p>\n<p>Nesta quinta (27), diretora de Prote\u00e7\u00e3o de Direitos da Secretaria Nacional de Enfrentamento \u00e0 Viol\u00eancia Contra \u00e0s Mulheres, Aline Yamamoto, representando o Minist\u00e9rio da Mulher, realizou uma visita t\u00e9cnica nas obras da Casa da Mulher Brasileira, com 70% das obras conclu\u00eddas em Salvador, na Avenida Tancredo Neves, pr\u00f3ximo ao Hospital Sarah.<\/p>\n<p>\u201cEstou muito animada com as reuni\u00f5es que ocorreram aqui, existe um compromisso muito aut\u00eantico com todas as institui\u00e7\u00f5es envolvidas, munic\u00edpio, estado, Tribunal de Justi\u00e7a, Defensoria, Minist\u00e9rio P\u00fablico, seguran\u00e7a P\u00fablica, todos muito imbu\u00eddos da vontade de compor o servi\u00e7o da Casa da Mulher Brasileira, sabendo da urg\u00eancia e do potencial que tem esse equipamento no enfrentamento da viol\u00eancia contra as mulheres\u201d, afirmou Aline.<\/p>\n<p>Com o investimento de R$14 milh\u00f5es, o equipamento tem previs\u00e3o de entrega para junho deste ano. No encontro, acompanhado pela engenheira da Superintend\u00eancia de Obras P\u00fablicas do Salvador (Sucop), Sandra Gomes e representantes de \u00f3rg\u00e3os municipais e estaduais, as gestoras trataram sobre a evolu\u00e7\u00e3o da obra, fluxos de trabalho e servi\u00e7os oferecidos.<\/p>\n<p>\u201cHoje demos mais um passo importante para o avan\u00e7o da Casa da Mulher Brasileira de Salvador. A reuni\u00e3o e vistoria com Aline, representante do Minist\u00e9rio da Mulher de Bras\u00edlia, foi muito exitosa e fortalece nossas pol\u00edticas de apoio \u00e0 mulher. Este espa\u00e7o contar\u00e1 com os principais servi\u00e7os voltados \u00e0 mulher em situa\u00e7\u00e3o de viol\u00eancia no nosso Munic\u00edpio. \u00c9 um trabalho integrado e intersetorial, que envolve os \u00f3rg\u00e3os municipais e estaduais que comp\u00f5em a rede de enfrentamento a viol\u00eancia contra a Mulher. Al\u00e9m disso, iniciamos as tratativas para estrutura\u00e7\u00e3o de um colegiado que ir\u00e1 construir os fluxos dos servi\u00e7os deste equipamento\u201d, explicou a secret\u00e1ria municipal de Pol\u00edticas para Mulheres, Inf\u00e2ncia e Juventude (SPMJ), Fernanda Lord\u00ealo.<\/p>\n<p>O espa\u00e7o funcionar\u00e1 em uma estrutura com 3,5 mil m\u00b2 e contar\u00e1 com acolhimento e triagem, apoio psicossocial, delegacia especializada, Promotoria de Justi\u00e7a especializada, N\u00facleo Especializado da Defensoria P\u00fablica, Juizado de Viol\u00eancia Dom\u00e9stica, alojamento de passagem, brinquedoteca, central de transporte e a\u00e7\u00f5es de autonomia econ\u00f4mica. O atendimento ser\u00e1 24 horas, durante todos os dias da semana.<\/p>\n<p>&nbsp;<\/p>\n<p>Foto: Divulga\u00e7\u00e3o\/Ascom<\/p>\n","protected":false},"excerpt":{"rendered":"<p>Com o investimento de R$14 milh\u00f5es, o equipamento tem previs\u00e3o de entrega para junho deste ano, em Salvador<\/p>\n","protected":false},"author":7,"featured_media":731929,"comment_status":"closed","ping_status":"closed","sticky":false,"template":"","format":"standard","meta":[],"categories":[14,3],"tags":[85,13082,13084,75,73,13083,4381,8516],"acf":[],"yoast_head":"<!-- This site is optimized with the Yoast SEO plugin v20.8 - https:\/\/yoast.com\/wordpress\/plugins\/seo\/ -->\n<title>FUTURA CASA DA MULHER BRASILEIRA RECEBE VISITA T\u00c9CNICA - Bahia Economica<\/title>\n<meta name=\"description\" content=\"Com o investimento de R$14 milh\u00f5es, o equipamento tem previs\u00e3o de entrega para junho deste ano, em Salvador\" \/>\n<meta name=\"robots\" content=\"index, follow, max-snippet:-1, max-image-preview:large, max-video-preview:-1\" \/>\n<link rel=\"canonical\" href=\"https:\/\/bahiaeconomica.com.br\/wp\/2023\/04\/27\/futura-casa-da-mulher-brasileira-recebe-visita-tecnica\/\" \/>\n<meta property=\"og:locale\" content=\"pt_BR\" \/>\n<meta property=\"og:type\" content=\"article\" \/>\n<meta property=\"og:title\" content=\"FUTURA CASA DA MULHER BRASILEIRA RECEBE VISITA T\u00c9CNICA - Bahia Economica\" \/>\n<meta property=\"og:description\" content=\"Com o investimento de R$14 milh\u00f5es, o equipamento tem previs\u00e3o de entrega para junho deste ano, em Salvador\" \/>\n<meta property=\"og:url\" content=\"https:\/\/bahiaeconomica.com.br\/wp\/2023\/04\/27\/futura-casa-da-mulher-brasileira-recebe-visita-tecnica\/\" \/>\n<meta property=\"og:site_name\" content=\"Bahia Economica\" \/>\n<meta property=\"article:publisher\" content=\"https:\/\/www.facebook.com\/bahiaeconomica\" \/>\n<meta property=\"article:author\" content=\"https:\/\/www.facebook.com\/taciosapirescaldas\" \/>\n<meta property=\"article:published_time\" content=\"2023-04-27T19:26:16+00:00\" \/>\n<meta property=\"article:modified_time\" content=\"2023-04-27T21:44:35+00:00\" \/>\n<meta property=\"og:image\" content=\"https:\/\/bahiaeconomica.com.br\/wp\/wp-content\/uploads\/2023\/04\/Secretaria-Fernanda-Lordelo-1.jpg\" \/>\n\t<meta property=\"og:image:width\" content=\"600\" \/>\n\t<meta property=\"og:image:height\" content=\"420\" \/>\n\t<meta property=\"og:image:type\" content=\"image\/jpeg\" \/>\n<meta name=\"author\" content=\"TC\" \/>\n<meta name=\"twitter:card\" content=\"summary_large_image\" \/>\n<meta name=\"twitter:creator\" content=\"@taciocaldas\" \/>\n<meta name=\"twitter:label1\" content=\"Escrito por\" \/>\n\t<meta name=\"twitter:data1\" content=\"TC\" \/>\n\t<meta name=\"twitter:label2\" content=\"Est. tempo de leitura\" \/>\n\t<meta name=\"twitter:data2\" content=\"2 minutos\" \/>\n<script type=\"application\/ld+json\" class=\"yoast-schema-graph\">{\"@context\":\"https:\/\/schema.org\",\"@graph\":[{\"@type\":\"Article\",\"@id\":\"https:\/\/bahiaeconomica.com.br\/wp\/2023\/04\/27\/futura-casa-da-mulher-brasileira-recebe-visita-tecnica\/#article\",\"isPartOf\":{\"@id\":\"https:\/\/bahiaeconomica.com.br\/wp\/2023\/04\/27\/futura-casa-da-mulher-brasileira-recebe-visita-tecnica\/\"},\"author\":{\"name\":\"TC\",\"@id\":\"https:\/\/bahiaeconomica.com.br\/wp\/#\/schema\/person\/65938f073b6505ca9ee9899a67ae291b\"},\"headline\":\"FUTURA CASA DA MULHER BRASILEIRA RECEBE VISITA T\u00c9CNICA\",\"datePublished\":\"2023-04-27T19:26:16+00:00\",\"dateModified\":\"2023-04-27T21:44:35+00:00\",\"mainEntityOfPage\":{\"@id\":\"https:\/\/bahiaeconomica.com.br\/wp\/2023\/04\/27\/futura-casa-da-mulher-brasileira-recebe-visita-tecnica\/\"},\"wordCount\":415,\"publisher\":{\"@id\":\"https:\/\/bahiaeconomica.com.br\/wp\/#organization\"},\"keywords\":[\"Bahia\",\"CASA DA MULHER BRASILEIRA\",\"MINIST\u00c9RIO DA MULHER\",\"Prefeitura de Salvador\",\"Salvador\",\"SPMJ\",\"Sucop\",\"visita t\u00e9cnica\"],\"articleSection\":[\"DESTAQUE DO DIA\",\"ECONOMIA \/ POL\u00cdTICA\"],\"inLanguage\":\"pt-BR\"},{\"@type\":\"WebPage\",\"@id\":\"https:\/\/bahiaeconomica.com.br\/wp\/2023\/04\/27\/futura-casa-da-mulher-brasileira-recebe-visita-tecnica\/\",\"url\":\"https:\/\/bahiaeconomica.com.br\/wp\/2023\/04\/27\/futura-casa-da-mulher-brasileira-recebe-visita-tecnica\/\",\"name\":\"FUTURA CASA DA MULHER BRASILEIRA RECEBE VISITA T\u00c9CNICA - Bahia Economica\",\"isPartOf\":{\"@id\":\"https:\/\/bahiaeconomica.com.br\/wp\/#website\"},\"datePublished\":\"2023-04-27T19:26:16+00:00\",\"dateModified\":\"2023-04-27T21:44:35+00:00\",\"description\":\"Com o investimento de R$14 milh\u00f5es, o equipamento tem previs\u00e3o de entrega para junho deste ano, em Salvador\",\"breadcrumb\":{\"@id\":\"https:\/\/bahiaeconomica.com.br\/wp\/2023\/04\/27\/futura-casa-da-mulher-brasileira-recebe-visita-tecnica\/#breadcrumb\"},\"inLanguage\":\"pt-BR\",\"potentialAction\":[{\"@type\":\"ReadAction\",\"target\":[\"https:\/\/bahiaeconomica.com.br\/wp\/2023\/04\/27\/futura-casa-da-mulher-brasileira-recebe-visita-tecnica\/\"]}]},{\"@type\":\"BreadcrumbList\",\"@id\":\"https:\/\/bahiaeconomica.com.br\/wp\/2023\/04\/27\/futura-casa-da-mulher-brasileira-recebe-visita-tecnica\/#breadcrumb\",\"itemListElement\":[{\"@type\":\"ListItem\",\"position\":1,\"name\":\"In\u00edcio\",\"item\":\"https:\/\/bahiaeconomica.com.br\/wp\/\"},{\"@type\":\"ListItem\",\"position\":2,\"name\":\"FUTURA CASA DA MULHER BRASILEIRA RECEBE VISITA T\u00c9CNICA\"}]},{\"@type\":\"WebSite\",\"@id\":\"https:\/\/bahiaeconomica.com.br\/wp\/#website\",\"url\":\"https:\/\/bahiaeconomica.com.br\/wp\/\",\"name\":\"Bahia Economica\",\"description\":\"O maior portal de Economia da Bahia\",\"publisher\":{\"@id\":\"https:\/\/bahiaeconomica.com.br\/wp\/#organization\"},\"potentialAction\":[{\"@type\":\"SearchAction\",\"target\":{\"@type\":\"EntryPoint\",\"urlTemplate\":\"https:\/\/bahiaeconomica.com.br\/wp\/?s={search_term_string}\"},\"query-input\":\"required name=search_term_string\"}],\"inLanguage\":\"pt-BR\"},{\"@type\":\"Organization\",\"@id\":\"https:\/\/bahiaeconomica.com.br\/wp\/#organization\",\"name\":\"Bahia Econ\u00f4mica\",\"url\":\"https:\/\/bahiaeconomica.com.br\/wp\/\",\"logo\":{\"@type\":\"ImageObject\",\"inLanguage\":\"pt-BR\",\"@id\":\"https:\/\/bahiaeconomica.com.br\/wp\/#\/schema\/logo\/image\/\",\"url\":\"https:\/\/bahiaeconomica.com.br\/wp\/wp-content\/uploads\/2020\/12\/cropped-BE.png\",\"contentUrl\":\"https:\/\/bahiaeconomica.com.br\/wp\/wp-content\/uploads\/2020\/12\/cropped-BE.png\",\"width\":512,\"height\":512,\"caption\":\"Bahia Econ\u00f4mica\"},\"image\":{\"@id\":\"https:\/\/bahiaeconomica.com.br\/wp\/#\/schema\/logo\/image\/\"},\"sameAs\":[\"https:\/\/www.facebook.com\/bahiaeconomica\"]},{\"@type\":\"Person\",\"@id\":\"https:\/\/bahiaeconomica.com.br\/wp\/#\/schema\/person\/65938f073b6505ca9ee9899a67ae291b\",\"name\":\"TC\",\"sameAs\":[\"https:\/\/bahiaeconomica.com.br\/wp\/beta\/\",\"https:\/\/www.facebook.com\/taciosapirescaldas\",\"https:\/\/www.instagram.com\/taciocaldas\/\",\"https:\/\/www.linkedin.com\/in\/tcio-caldas\/\",\"https:\/\/twitter.com\/taciocaldas\"],\"url\":\"https:\/\/bahiaeconomica.com.br\/wp\/author\/tc\/\"}]}<\/script>\n<!-- \/ Yoast SEO plugin. -->","yoast_head_json":{"title":"FUTURA CASA DA MULHER BRASILEIRA RECEBE VISITA T\u00c9CNICA - Bahia Economica","description":"Com o investimento de R$14 milh\u00f5es, o equipamento tem previs\u00e3o de entrega para junho deste ano, em Salvador","robots":{"index":"index","follow":"follow","max-snippet":"max-snippet:-1","max-image-preview":"max-image-preview:large","max-video-preview":"max-video-preview:-1"},"canonical":"https:\/\/bahiaeconomica.com.br\/wp\/2023\/04\/27\/futura-casa-da-mulher-brasileira-recebe-visita-tecnica\/","og_locale":"pt_BR","og_type":"article","og_title":"FUTURA CASA DA MULHER BRASILEIRA RECEBE VISITA T\u00c9CNICA - Bahia Economica","og_description":"Com o investimento de R$14 milh\u00f5es, o equipamento tem previs\u00e3o de entrega para junho deste ano, em Salvador","og_url":"https:\/\/bahiaeconomica.com.br\/wp\/2023\/04\/27\/futura-casa-da-mulher-brasileira-recebe-visita-tecnica\/","og_site_name":"Bahia Economica","article_publisher":"https:\/\/www.facebook.com\/bahiaeconomica","article_author":"https:\/\/www.facebook.com\/taciosapirescaldas","article_published_time":"2023-04-27T19:26:16+00:00","article_modified_time":"2023-04-27T21:44:35+00:00","og_image":[{"width":600,"height":420,"url":"https:\/\/bahiaeconomica.com.br\/wp\/wp-content\/uploads\/2023\/04\/Secretaria-Fernanda-Lordelo-1.jpg","type":"image\/jpeg"}],"author":"TC","twitter_card":"summary_large_image","twitter_creator":"@taciocaldas","twitter_misc":{"Escrito por":"TC","Est. tempo de leitura":"2 minutos"},"schema":{"@context":"https:\/\/schema.org","@graph":[{"@type":"Article","@id":"https:\/\/bahiaeconomica.com.br\/wp\/2023\/04\/27\/futura-casa-da-mulher-brasileira-recebe-visita-tecnica\/#article","isPartOf":{"@id":"https:\/\/bahiaeconomica.com.br\/wp\/2023\/04\/27\/futura-casa-da-mulher-brasileira-recebe-visita-tecnica\/"},"author":{"name":"TC","@id":"https:\/\/bahiaeconomica.com.br\/wp\/#\/schema\/person\/65938f073b6505ca9ee9899a67ae291b"},"headline":"FUTURA CASA DA MULHER BRASILEIRA RECEBE VISITA T\u00c9CNICA","datePublished":"2023-04-27T19:26:16+00:00","dateModified":"2023-04-27T21:44:35+00:00","mainEntityOfPage":{"@id":"https:\/\/bahiaeconomica.com.br\/wp\/2023\/04\/27\/futura-casa-da-mulher-brasileira-recebe-visita-tecnica\/"},"wordCount":415,"publisher":{"@id":"https:\/\/bahiaeconomica.com.br\/wp\/#organization"},"keywords":["Bahia","CASA DA MULHER BRASILEIRA","MINIST\u00c9RIO DA MULHER","Prefeitura de Salvador","Salvador","SPMJ","Sucop","visita t\u00e9cnica"],"articleSection":["DESTAQUE DO DIA","ECONOMIA \/ POL\u00cdTICA"],"inLanguage":"pt-BR"},{"@type":"WebPage","@id":"https:\/\/bahiaeconomica.com.br\/wp\/2023\/04\/27\/futura-casa-da-mulher-brasileira-recebe-visita-tecnica\/","url":"https:\/\/bahiaeconomica.com.br\/wp\/2023\/04\/27\/futura-casa-da-mulher-brasileira-recebe-visita-tecnica\/","name":"FUTURA CASA DA MULHER BRASILEIRA RECEBE VISITA T\u00c9CNICA - Bahia Economica","isPartOf":{"@id":"https:\/\/bahiaeconomica.com.br\/wp\/#website"},"datePublished":"2023-04-27T19:26:16+00:00","dateModified":"2023-04-27T21:44:35+00:00","description":"Com o investimento de R$14 milh\u00f5es, o equipamento tem previs\u00e3o de entrega para junho deste ano, em Salvador","breadcrumb":{"@id":"https:\/\/bahiaeconomica.com.br\/wp\/2023\/04\/27\/futura-casa-da-mulher-brasileira-recebe-visita-tecnica\/#breadcrumb"},"inLanguage":"pt-BR","potentialAction":[{"@type":"ReadAction","target":["https:\/\/bahiaeconomica.com.br\/wp\/2023\/04\/27\/futura-casa-da-mulher-brasileira-recebe-visita-tecnica\/"]}]},{"@type":"BreadcrumbList","@id":"https:\/\/bahiaeconomica.com.br\/wp\/2023\/04\/27\/futura-casa-da-mulher-brasileira-recebe-visita-tecnica\/#breadcrumb","itemListElement":[{"@type":"ListItem","position":1,"name":"In\u00edcio","item":"https:\/\/bahiaeconomica.com.br\/wp\/"},{"@type":"ListItem","position":2,"name":"FUTURA CASA DA MULHER BRASILEIRA RECEBE VISITA T\u00c9CNICA"}]},{"@type":"WebSite","@id":"https:\/\/bahiaeconomica.com.br\/wp\/#website","url":"https:\/\/bahiaeconomica.com.br\/wp\/","name":"Bahia Economica","description":"O maior portal de Economia da Bahia","publisher":{"@id":"https:\/\/bahiaeconomica.com.br\/wp\/#organization"},"potentialAction":[{"@type":"SearchAction","target":{"@type":"EntryPoint","urlTemplate":"https:\/\/bahiaeconomica.com.br\/wp\/?s={search_term_string}"},"query-input":"required name=search_term_string"}],"inLanguage":"pt-BR"},{"@type":"Organization","@id":"https:\/\/bahiaeconomica.com.br\/wp\/#organization","name":"Bahia Econ\u00f4mica","url":"https:\/\/bahiaeconomica.com.br\/wp\/","logo":{"@type":"ImageObject","inLanguage":"pt-BR","@id":"https:\/\/bahiaeconomica.com.br\/wp\/#\/schema\/logo\/image\/","url":"https:\/\/bahiaeconomica.com.br\/wp\/wp-content\/uploads\/2020\/12\/cropped-BE.png","contentUrl":"https:\/\/bahiaeconomica.com.br\/wp\/wp-content\/uploads\/2020\/12\/cropped-BE.png","width":512,"height":512,"caption":"Bahia Econ\u00f4mica"},"image":{"@id":"https:\/\/bahiaeconomica.com.br\/wp\/#\/schema\/logo\/image\/"},"sameAs":["https:\/\/www.facebook.com\/bahiaeconomica"]},{"@type":"Person","@id":"https:\/\/bahiaeconomica.com.br\/wp\/#\/schema\/person\/65938f073b6505ca9ee9899a67ae291b","name":"TC","sameAs":["https:\/\/bahiaeconomica.com.br\/wp\/beta\/","https:\/\/www.facebook.com\/taciosapirescaldas","https:\/\/www.instagram.com\/taciocaldas\/","https:\/\/www.linkedin.com\/in\/tcio-caldas\/","https:\/\/twitter.com\/taciocaldas"],"url":"https:\/\/bahiaeconomica.com.br\/wp\/author\/tc\/"}]}},"views":1,"_links":{"self":[{"href":"https:\/\/bahiaeconomica.com.br\/wp\/wp-json\/wp\/v2\/posts\/731928"}],"collection":[{"href":"https:\/\/bahiaeconomica.com.br\/wp\/wp-json\/wp\/v2\/posts"}],"about":[{"href":"https:\/\/bahiaeconomica.com.br\/wp\/wp-json\/wp\/v2\/types\/post"}],"author":[{"embeddable":true,"href":"https:\/\/bahiaeconomica.com.br\/wp\/wp-json\/wp\/v2\/users\/7"}],"replies":[{"embeddable":true,"href":"https:\/\/bahiaeconomica.com.br\/wp\/wp-json\/wp\/v2\/comments?post=731928"}],"version-history":[{"count":1,"href":"https:\/\/bahiaeconomica.com.br\/wp\/wp-json\/wp\/v2\/posts\/731928\/revisions"}],"predecessor-version":[{"id":731930,"href":"https:\/\/bahiaeconomica.com.br\/wp\/wp-json\/wp\/v2\/posts\/731928\/revisions\/731930"}],"wp:featuredmedia":[{"embeddable":true,"href":"https:\/\/bahiaeconomica.com.br\/wp\/wp-json\/wp\/v2\/media\/731929"}],"wp:attachment":[{"href":"https:\/\/bahiaeconomica.com.br\/wp\/wp-json\/wp\/v2\/media?parent=731928"}],"wp:term":[{"taxonomy":"category","embeddable":true,"href":"https:\/\/bahiaeconomica.com.br\/wp\/wp-json\/wp\/v2\/categories?post=731928"},{"taxonomy":"post_tag","embeddable":true,"href":"https:\/\/bahiaeconomica.com.br\/wp\/wp-json\/wp\/v2\/tags?post=731928"}],"curies":[{"name":"wp","href":"https:\/\/api.w.org\/{rel}","templated":true}]}}