{"id":731900,"date":"2023-04-27T14:49:44","date_gmt":"2023-04-27T17:49:44","guid":{"rendered":"https:\/\/bahiaeconomica.com.br\/wp\/beta\/?p=731900"},"modified":"2023-04-27T16:49:17","modified_gmt":"2023-04-27T19:49:17","slug":"fernando-haddad-afirma-que-politica-de-juros-altos-pode-gerar-problemas-fiscais","status":"publish","type":"post","link":"https:\/\/bahiaeconomica.com.br\/wp\/2023\/04\/27\/fernando-haddad-afirma-que-politica-de-juros-altos-pode-gerar-problemas-fiscais\/","title":{"rendered":"HADDAD CRITICA POLITICA FISCAL DO BRASIL E PREV\u00ca &#8220;PROBLEMAS&#8221;"},"content":{"rendered":"<p>O ministro da Fazenda, Fernando Haddad, afirmou nesta quinta-feira (27) que \u201cse a economia continuar desacelerando, por raz\u00f5es ligadas \u00e0 pol\u00edtica monet\u00e1ria, vamos ter problemas fiscais, porque a arrecada\u00e7\u00e3o vai ser impactada.<\/p>\n<p><!--more--><\/p>\n<p>N\u00e3o tem como separar. Se desacelero a economia, vou ter impactos fiscais\u201d. Ao lado da ministra de Planejamento e Or\u00e7amento, Simone Tebet, Haddad participou de audi\u00eancia do Senado sobre Juros, infla\u00e7\u00e3o e crescimento econ\u00f4mico. O presidente do Banco Central, Roberto Campos Neto, tamb\u00e9m integrou o evento.<\/p>\n<p>Haddad ressaltou que a equipe econ\u00f4mica toma \u201cmedidas inclusive dif\u00edceis de tomar, impopulares\u201d com o objetivo de retomar o crescimento. O ministro avalia que o governo foi afetado pelo \u201cpopulismo praticado (nas elei\u00e7\u00f5es), que surrupiou quase R$ 40 bilh\u00f5es dos estados no ano passado, mais R$ 60 bilh\u00f5es de Receita Federal\u201d, disse, se referindo a medidas como os incentivos fiscais nos combust\u00edveis.<\/p>\n<p>\u201cN\u00e3o \u00e9 f\u00e1cil tomar medidas impopulares, mas s\u00e3o medidas que saneiam as contas e permitem um ambiente de planejamento\u201d, completou. O ministro criticou as desonera\u00e7\u00f5es fiscais. Segundo o titular da Fazenda, o or\u00e7amento brasileiro prev\u00ea cerca de R$ 500 bilh\u00f5es de ren\u00fancias fiscais e \u00e9 preciso cortar gastos tribut\u00e1rios.<\/p>\n<p>\u201cTemos que abrir essa caixa-preta e discutir com a sociedade e discutir item por item para onde est\u00e1 indo o recurso p\u00fablico. E n\u00f3s estamos falando de quase R$ 500 bilh\u00f5es expl\u00edcitos da pe\u00e7a or\u00e7ament\u00e1ria, nos seus respectivos anexos de renuncia fiscal, e outros R$ 100 bilh\u00f5es que n\u00e3o est\u00e3o na lei or\u00e7ament\u00e1ria, porque s\u00e3o tributos que sequer s\u00e3o considerados para fins fiscais pela frouxid\u00e3o da nossa legisla\u00e7\u00e3o. H\u00e1 que se falar em cortes de gastos, sim, sobretudo o gasto tribut\u00e1rio\u201d, declarou Haddad.<\/p>\n<p>Impacto social<\/p>\n<p>Em seu pronunciamento, a ministra Simone Tebet ressaltou que o governo Lula concorda que o Banco Central tome decis\u00f5es t\u00e9cnicas, mas prega a avalia\u00e7\u00e3o tamb\u00e9m no impacto social das medidas. \u201cN\u00e3o h\u00e1 contradi\u00e7\u00e3o em dizer: o Banco Central \u00e9 aut\u00f4nomo, e \u00e9 bom que o seja\u201d, frisou ela. \u201cO governo n\u00e3o interfere nas decis\u00f5es t\u00e9cnicas do Banco Central. Mas o Banco Central n\u00e3o pode considerar que suas decis\u00f5es s\u00e3o apenas t\u00e9cnicas. Tamb\u00e9m interferem na pol\u00edtica, especialmente os seus comunicados e suas atas\u201d, declarou.<\/p>\n<p>A ministra acrescentou que o governo \u201csabe onde quer chegar\u201d, defende o crescimento com produtividade e entende o dever de casa que precisa ser feito. \u201cSabemos intramuros que temos que fazer o dever de casa, que n\u00e3o podemos gastar mais do que arrecadamos e que temos que zerar o d\u00e9ficit p\u00fablico nos pr\u00f3ximos anos. Nossa meta \u00e9 zerar em 2024\u201d, comentou Tebet, em refer\u00eancia ao projeto do arcabou\u00e7o fiscal.<\/p>\n<p>Fonte: G1<\/p>\n<p>Foto: reprodu\u00e7\u00e3o TV Senado<\/p>\n<p>&nbsp;<\/p>\n","protected":false},"excerpt":{"rendered":"<p>O ministro da Fazenda, Fernando Haddad, afirmou nesta quinta-feira (27) que \u201cse a economia continuar desacelerando, por raz\u00f5es ligadas \u00e0 pol\u00edtica monet\u00e1ria, vamos ter problemas fiscais, porque a arrecada\u00e7\u00e3o vai ser impactada.<\/p>\n","protected":false},"author":8,"featured_media":731901,"comment_status":"closed","ping_status":"closed","sticky":false,"template":"","format":"standard","meta":[],"categories":[14,3],"tags":[52,2785,1086,100],"acf":[],"yoast_head":"<!-- This site is optimized with the Yoast SEO plugin v20.8 - https:\/\/yoast.com\/wordpress\/plugins\/seo\/ -->\n<title>HADDAD CRITICA POLITICA FISCAL DO BRASIL E PREV\u00ca &quot;PROBLEMAS&quot; - Bahia Economica<\/title>\n<meta name=\"description\" content=\"O ministro da Fazenda, Fernando Haddad, afirmou nesta quinta-feira (27) que \u201cse a economia continuar desacelerando, por raz\u00f5es\" \/>\n<meta name=\"robots\" content=\"index, follow, max-snippet:-1, max-image-preview:large, max-video-preview:-1\" \/>\n<link rel=\"canonical\" href=\"https:\/\/bahiaeconomica.com.br\/wp\/2023\/04\/27\/fernando-haddad-afirma-que-politica-de-juros-altos-pode-gerar-problemas-fiscais\/\" \/>\n<meta property=\"og:locale\" content=\"pt_BR\" \/>\n<meta property=\"og:type\" content=\"article\" \/>\n<meta property=\"og:title\" content=\"HADDAD CRITICA POLITICA FISCAL DO BRASIL E PREV\u00ca &quot;PROBLEMAS&quot; - Bahia Economica\" \/>\n<meta property=\"og:description\" content=\"O ministro da Fazenda, Fernando Haddad, afirmou nesta quinta-feira (27) que \u201cse a economia continuar desacelerando, por raz\u00f5es\" \/>\n<meta property=\"og:url\" content=\"https:\/\/bahiaeconomica.com.br\/wp\/2023\/04\/27\/fernando-haddad-afirma-que-politica-de-juros-altos-pode-gerar-problemas-fiscais\/\" \/>\n<meta property=\"og:site_name\" content=\"Bahia Economica\" \/>\n<meta property=\"article:publisher\" content=\"https:\/\/www.facebook.com\/bahiaeconomica\" \/>\n<meta property=\"article:published_time\" content=\"2023-04-27T17:49:44+00:00\" \/>\n<meta property=\"article:modified_time\" content=\"2023-04-27T19:49:17+00:00\" \/>\n<meta property=\"og:image\" content=\"https:\/\/bahiaeconomica.com.br\/wp\/wp-content\/uploads\/2023\/04\/Fernando-Haddad-e-Simone-Tebet770.jpg\" \/>\n\t<meta property=\"og:image:width\" content=\"770\" \/>\n\t<meta property=\"og:image:height\" content=\"474\" \/>\n\t<meta property=\"og:image:type\" content=\"image\/jpeg\" \/>\n<meta name=\"author\" content=\"JP\" \/>\n<meta name=\"twitter:card\" content=\"summary_large_image\" \/>\n<meta name=\"twitter:label1\" content=\"Escrito por\" \/>\n\t<meta name=\"twitter:data1\" content=\"JP\" \/>\n\t<meta name=\"twitter:label2\" content=\"Est. tempo de leitura\" \/>\n\t<meta name=\"twitter:data2\" content=\"3 minutos\" \/>\n<script type=\"application\/ld+json\" class=\"yoast-schema-graph\">{\"@context\":\"https:\/\/schema.org\",\"@graph\":[{\"@type\":\"Article\",\"@id\":\"https:\/\/bahiaeconomica.com.br\/wp\/2023\/04\/27\/fernando-haddad-afirma-que-politica-de-juros-altos-pode-gerar-problemas-fiscais\/#article\",\"isPartOf\":{\"@id\":\"https:\/\/bahiaeconomica.com.br\/wp\/2023\/04\/27\/fernando-haddad-afirma-que-politica-de-juros-altos-pode-gerar-problemas-fiscais\/\"},\"author\":{\"name\":\"JP\",\"@id\":\"https:\/\/bahiaeconomica.com.br\/wp\/#\/schema\/person\/c86d3a3f8960425a0f9d0e5245991f4e\"},\"headline\":\"HADDAD CRITICA POLITICA FISCAL DO BRASIL E PREV\u00ca &#8220;PROBLEMAS&#8221;\",\"datePublished\":\"2023-04-27T17:49:44+00:00\",\"dateModified\":\"2023-04-27T19:49:17+00:00\",\"mainEntityOfPage\":{\"@id\":\"https:\/\/bahiaeconomica.com.br\/wp\/2023\/04\/27\/fernando-haddad-afirma-que-politica-de-juros-altos-pode-gerar-problemas-fiscais\/\"},\"wordCount\":493,\"publisher\":{\"@id\":\"https:\/\/bahiaeconomica.com.br\/wp\/#organization\"},\"keywords\":[\"Brasil\",\"Haddad\",\"novidade\",\"Pol\u00edtica\"],\"articleSection\":[\"DESTAQUE DO DIA\",\"ECONOMIA \/ POL\u00cdTICA\"],\"inLanguage\":\"pt-BR\"},{\"@type\":\"WebPage\",\"@id\":\"https:\/\/bahiaeconomica.com.br\/wp\/2023\/04\/27\/fernando-haddad-afirma-que-politica-de-juros-altos-pode-gerar-problemas-fiscais\/\",\"url\":\"https:\/\/bahiaeconomica.com.br\/wp\/2023\/04\/27\/fernando-haddad-afirma-que-politica-de-juros-altos-pode-gerar-problemas-fiscais\/\",\"name\":\"HADDAD CRITICA POLITICA FISCAL DO BRASIL E PREV\u00ca \\\"PROBLEMAS\\\" - Bahia Economica\",\"isPartOf\":{\"@id\":\"https:\/\/bahiaeconomica.com.br\/wp\/#website\"},\"datePublished\":\"2023-04-27T17:49:44+00:00\",\"dateModified\":\"2023-04-27T19:49:17+00:00\",\"description\":\"O ministro da Fazenda, Fernando Haddad, afirmou nesta quinta-feira (27) que \u201cse a economia continuar desacelerando, por raz\u00f5es\",\"breadcrumb\":{\"@id\":\"https:\/\/bahiaeconomica.com.br\/wp\/2023\/04\/27\/fernando-haddad-afirma-que-politica-de-juros-altos-pode-gerar-problemas-fiscais\/#breadcrumb\"},\"inLanguage\":\"pt-BR\",\"potentialAction\":[{\"@type\":\"ReadAction\",\"target\":[\"https:\/\/bahiaeconomica.com.br\/wp\/2023\/04\/27\/fernando-haddad-afirma-que-politica-de-juros-altos-pode-gerar-problemas-fiscais\/\"]}]},{\"@type\":\"BreadcrumbList\",\"@id\":\"https:\/\/bahiaeconomica.com.br\/wp\/2023\/04\/27\/fernando-haddad-afirma-que-politica-de-juros-altos-pode-gerar-problemas-fiscais\/#breadcrumb\",\"itemListElement\":[{\"@type\":\"ListItem\",\"position\":1,\"name\":\"In\u00edcio\",\"item\":\"https:\/\/bahiaeconomica.com.br\/wp\/\"},{\"@type\":\"ListItem\",\"position\":2,\"name\":\"HADDAD CRITICA POLITICA FISCAL DO BRASIL E PREV\u00ca &#8220;PROBLEMAS&#8221;\"}]},{\"@type\":\"WebSite\",\"@id\":\"https:\/\/bahiaeconomica.com.br\/wp\/#website\",\"url\":\"https:\/\/bahiaeconomica.com.br\/wp\/\",\"name\":\"Bahia Economica\",\"description\":\"O maior portal de Economia da Bahia\",\"publisher\":{\"@id\":\"https:\/\/bahiaeconomica.com.br\/wp\/#organization\"},\"potentialAction\":[{\"@type\":\"SearchAction\",\"target\":{\"@type\":\"EntryPoint\",\"urlTemplate\":\"https:\/\/bahiaeconomica.com.br\/wp\/?s={search_term_string}\"},\"query-input\":\"required name=search_term_string\"}],\"inLanguage\":\"pt-BR\"},{\"@type\":\"Organization\",\"@id\":\"https:\/\/bahiaeconomica.com.br\/wp\/#organization\",\"name\":\"Bahia Econ\u00f4mica\",\"url\":\"https:\/\/bahiaeconomica.com.br\/wp\/\",\"logo\":{\"@type\":\"ImageObject\",\"inLanguage\":\"pt-BR\",\"@id\":\"https:\/\/bahiaeconomica.com.br\/wp\/#\/schema\/logo\/image\/\",\"url\":\"https:\/\/bahiaeconomica.com.br\/wp\/wp-content\/uploads\/2020\/12\/cropped-BE.png\",\"contentUrl\":\"https:\/\/bahiaeconomica.com.br\/wp\/wp-content\/uploads\/2020\/12\/cropped-BE.png\",\"width\":512,\"height\":512,\"caption\":\"Bahia Econ\u00f4mica\"},\"image\":{\"@id\":\"https:\/\/bahiaeconomica.com.br\/wp\/#\/schema\/logo\/image\/\"},\"sameAs\":[\"https:\/\/www.facebook.com\/bahiaeconomica\"]},{\"@type\":\"Person\",\"@id\":\"https:\/\/bahiaeconomica.com.br\/wp\/#\/schema\/person\/c86d3a3f8960425a0f9d0e5245991f4e\",\"name\":\"JP\",\"sameAs\":[\"https:\/\/bahiaeconomica.com.br\/wp\/beta\/\"],\"url\":\"https:\/\/bahiaeconomica.com.br\/wp\/author\/jp\/\"}]}<\/script>\n<!-- \/ Yoast SEO plugin. -->","yoast_head_json":{"title":"HADDAD CRITICA POLITICA FISCAL DO BRASIL E PREV\u00ca \"PROBLEMAS\" - Bahia Economica","description":"O ministro da Fazenda, Fernando Haddad, afirmou nesta quinta-feira (27) que \u201cse a economia continuar desacelerando, por raz\u00f5es","robots":{"index":"index","follow":"follow","max-snippet":"max-snippet:-1","max-image-preview":"max-image-preview:large","max-video-preview":"max-video-preview:-1"},"canonical":"https:\/\/bahiaeconomica.com.br\/wp\/2023\/04\/27\/fernando-haddad-afirma-que-politica-de-juros-altos-pode-gerar-problemas-fiscais\/","og_locale":"pt_BR","og_type":"article","og_title":"HADDAD CRITICA POLITICA FISCAL DO BRASIL E PREV\u00ca \"PROBLEMAS\" - Bahia Economica","og_description":"O ministro da Fazenda, Fernando Haddad, afirmou nesta quinta-feira (27) que \u201cse a economia continuar desacelerando, por raz\u00f5es","og_url":"https:\/\/bahiaeconomica.com.br\/wp\/2023\/04\/27\/fernando-haddad-afirma-que-politica-de-juros-altos-pode-gerar-problemas-fiscais\/","og_site_name":"Bahia Economica","article_publisher":"https:\/\/www.facebook.com\/bahiaeconomica","article_published_time":"2023-04-27T17:49:44+00:00","article_modified_time":"2023-04-27T19:49:17+00:00","og_image":[{"width":770,"height":474,"url":"https:\/\/bahiaeconomica.com.br\/wp\/wp-content\/uploads\/2023\/04\/Fernando-Haddad-e-Simone-Tebet770.jpg","type":"image\/jpeg"}],"author":"JP","twitter_card":"summary_large_image","twitter_misc":{"Escrito por":"JP","Est. tempo de leitura":"3 minutos"},"schema":{"@context":"https:\/\/schema.org","@graph":[{"@type":"Article","@id":"https:\/\/bahiaeconomica.com.br\/wp\/2023\/04\/27\/fernando-haddad-afirma-que-politica-de-juros-altos-pode-gerar-problemas-fiscais\/#article","isPartOf":{"@id":"https:\/\/bahiaeconomica.com.br\/wp\/2023\/04\/27\/fernando-haddad-afirma-que-politica-de-juros-altos-pode-gerar-problemas-fiscais\/"},"author":{"name":"JP","@id":"https:\/\/bahiaeconomica.com.br\/wp\/#\/schema\/person\/c86d3a3f8960425a0f9d0e5245991f4e"},"headline":"HADDAD CRITICA POLITICA FISCAL DO BRASIL E PREV\u00ca &#8220;PROBLEMAS&#8221;","datePublished":"2023-04-27T17:49:44+00:00","dateModified":"2023-04-27T19:49:17+00:00","mainEntityOfPage":{"@id":"https:\/\/bahiaeconomica.com.br\/wp\/2023\/04\/27\/fernando-haddad-afirma-que-politica-de-juros-altos-pode-gerar-problemas-fiscais\/"},"wordCount":493,"publisher":{"@id":"https:\/\/bahiaeconomica.com.br\/wp\/#organization"},"keywords":["Brasil","Haddad","novidade","Pol\u00edtica"],"articleSection":["DESTAQUE DO DIA","ECONOMIA \/ POL\u00cdTICA"],"inLanguage":"pt-BR"},{"@type":"WebPage","@id":"https:\/\/bahiaeconomica.com.br\/wp\/2023\/04\/27\/fernando-haddad-afirma-que-politica-de-juros-altos-pode-gerar-problemas-fiscais\/","url":"https:\/\/bahiaeconomica.com.br\/wp\/2023\/04\/27\/fernando-haddad-afirma-que-politica-de-juros-altos-pode-gerar-problemas-fiscais\/","name":"HADDAD CRITICA POLITICA FISCAL DO BRASIL E PREV\u00ca \"PROBLEMAS\" - Bahia Economica","isPartOf":{"@id":"https:\/\/bahiaeconomica.com.br\/wp\/#website"},"datePublished":"2023-04-27T17:49:44+00:00","dateModified":"2023-04-27T19:49:17+00:00","description":"O ministro da Fazenda, Fernando Haddad, afirmou nesta quinta-feira (27) que \u201cse a economia continuar desacelerando, por raz\u00f5es","breadcrumb":{"@id":"https:\/\/bahiaeconomica.com.br\/wp\/2023\/04\/27\/fernando-haddad-afirma-que-politica-de-juros-altos-pode-gerar-problemas-fiscais\/#breadcrumb"},"inLanguage":"pt-BR","potentialAction":[{"@type":"ReadAction","target":["https:\/\/bahiaeconomica.com.br\/wp\/2023\/04\/27\/fernando-haddad-afirma-que-politica-de-juros-altos-pode-gerar-problemas-fiscais\/"]}]},{"@type":"BreadcrumbList","@id":"https:\/\/bahiaeconomica.com.br\/wp\/2023\/04\/27\/fernando-haddad-afirma-que-politica-de-juros-altos-pode-gerar-problemas-fiscais\/#breadcrumb","itemListElement":[{"@type":"ListItem","position":1,"name":"In\u00edcio","item":"https:\/\/bahiaeconomica.com.br\/wp\/"},{"@type":"ListItem","position":2,"name":"HADDAD CRITICA POLITICA FISCAL DO BRASIL E PREV\u00ca &#8220;PROBLEMAS&#8221;"}]},{"@type":"WebSite","@id":"https:\/\/bahiaeconomica.com.br\/wp\/#website","url":"https:\/\/bahiaeconomica.com.br\/wp\/","name":"Bahia Economica","description":"O maior portal de Economia da Bahia","publisher":{"@id":"https:\/\/bahiaeconomica.com.br\/wp\/#organization"},"potentialAction":[{"@type":"SearchAction","target":{"@type":"EntryPoint","urlTemplate":"https:\/\/bahiaeconomica.com.br\/wp\/?s={search_term_string}"},"query-input":"required name=search_term_string"}],"inLanguage":"pt-BR"},{"@type":"Organization","@id":"https:\/\/bahiaeconomica.com.br\/wp\/#organization","name":"Bahia Econ\u00f4mica","url":"https:\/\/bahiaeconomica.com.br\/wp\/","logo":{"@type":"ImageObject","inLanguage":"pt-BR","@id":"https:\/\/bahiaeconomica.com.br\/wp\/#\/schema\/logo\/image\/","url":"https:\/\/bahiaeconomica.com.br\/wp\/wp-content\/uploads\/2020\/12\/cropped-BE.png","contentUrl":"https:\/\/bahiaeconomica.com.br\/wp\/wp-content\/uploads\/2020\/12\/cropped-BE.png","width":512,"height":512,"caption":"Bahia Econ\u00f4mica"},"image":{"@id":"https:\/\/bahiaeconomica.com.br\/wp\/#\/schema\/logo\/image\/"},"sameAs":["https:\/\/www.facebook.com\/bahiaeconomica"]},{"@type":"Person","@id":"https:\/\/bahiaeconomica.com.br\/wp\/#\/schema\/person\/c86d3a3f8960425a0f9d0e5245991f4e","name":"JP","sameAs":["https:\/\/bahiaeconomica.com.br\/wp\/beta\/"],"url":"https:\/\/bahiaeconomica.com.br\/wp\/author\/jp\/"}]}},"views":12,"_links":{"self":[{"href":"https:\/\/bahiaeconomica.com.br\/wp\/wp-json\/wp\/v2\/posts\/731900"}],"collection":[{"href":"https:\/\/bahiaeconomica.com.br\/wp\/wp-json\/wp\/v2\/posts"}],"about":[{"href":"https:\/\/bahiaeconomica.com.br\/wp\/wp-json\/wp\/v2\/types\/post"}],"author":[{"embeddable":true,"href":"https:\/\/bahiaeconomica.com.br\/wp\/wp-json\/wp\/v2\/users\/8"}],"replies":[{"embeddable":true,"href":"https:\/\/bahiaeconomica.com.br\/wp\/wp-json\/wp\/v2\/comments?post=731900"}],"version-history":[{"count":2,"href":"https:\/\/bahiaeconomica.com.br\/wp\/wp-json\/wp\/v2\/posts\/731900\/revisions"}],"predecessor-version":[{"id":731903,"href":"https:\/\/bahiaeconomica.com.br\/wp\/wp-json\/wp\/v2\/posts\/731900\/revisions\/731903"}],"wp:featuredmedia":[{"embeddable":true,"href":"https:\/\/bahiaeconomica.com.br\/wp\/wp-json\/wp\/v2\/media\/731901"}],"wp:attachment":[{"href":"https:\/\/bahiaeconomica.com.br\/wp\/wp-json\/wp\/v2\/media?parent=731900"}],"wp:term":[{"taxonomy":"category","embeddable":true,"href":"https:\/\/bahiaeconomica.com.br\/wp\/wp-json\/wp\/v2\/categories?post=731900"},{"taxonomy":"post_tag","embeddable":true,"href":"https:\/\/bahiaeconomica.com.br\/wp\/wp-json\/wp\/v2\/tags?post=731900"}],"curies":[{"name":"wp","href":"https:\/\/api.w.org\/{rel}","templated":true}]}}