{"id":731292,"date":"2023-04-25T09:43:15","date_gmt":"2023-04-25T12:43:15","guid":{"rendered":"https:\/\/bahiaeconomica.com.br\/wp\/beta\/?p=731292"},"modified":"2023-04-25T09:43:15","modified_gmt":"2023-04-25T12:43:15","slug":"odontomovel-beneficia-estudantes-e-educadores-em-mais-tres-municipios-da-ba","status":"publish","type":"post","link":"https:\/\/bahiaeconomica.com.br\/wp\/2023\/04\/25\/odontomovel-beneficia-estudantes-e-educadores-em-mais-tres-municipios-da-ba\/","title":{"rendered":"ODONTOM\u00d3VEL BENEFICIA ESTUDANTES E EDUCADORES EM MAIS TR\u00caS MUNIC\u00cdPIOS DA BA"},"content":{"rendered":"<p>O Odontom\u00f3vel, servi\u00e7o de atendimento odontol\u00f3gico itinerante para estudantes e educadores da rede estadual de ensino, come\u00e7a, a partir desta segunda-feira (24) e segue at\u00e9 s\u00e1bado (29), nas cidades de Itatim, Muqu\u00e9m de S\u00e3o Francisco e Jaguarari &#8211; depois de passar por mais de 28 munic\u00edpios. A iniciativa, que faz parte do Programa Sa\u00fade Mais Perto, oferece uma s\u00e9rie de servi\u00e7os, como avalia\u00e7\u00e3o bucal; restaura\u00e7\u00e3o; cirurgia de cavidade bucal; tratamento de canal; e exame radiol\u00f3gico.<\/p>\n<p><!--more--><\/p>\n<p>Lan\u00e7ado no dia 20 de mar\u00e7o pelo Governo do Estado, por meio das secretarias estaduais da Educa\u00e7\u00e3o (SEC) e da Sa\u00fade (Sesab), o programa realizou, no m\u00eas mar\u00e7o, 12.892 atendimentos. No m\u00eas de abril o Odontom\u00f3vel pretende alcan\u00e7ar mais de 15 mil pessoas. Os servi\u00e7os s\u00e3o prestados em carretas equipadas como um consult\u00f3rio que t\u00eam capacidade para abrigar, simultaneamente, at\u00e9 dez dentistas de diversas especialidades, al\u00e9m dos demais profissionais que completam a equipe de atendimento.<\/p>\n<p>A previs\u00e3o \u00e9 que o programa alcance cerca de 65 mil estudantes nesta primeira fase. Os atendimentos acontecem das 8h \u00e0s 17h e contam com atividades educativas e orienta\u00e7\u00f5es sobre os cuidados com a sa\u00fade bucal.<\/p>\n<p><strong>Atendimento do Odontom\u00f3vel de 24 a 29 de abril<\/strong><\/p>\n<p><strong>Itatim<\/strong><br \/>\nCol\u00e9gio Estadual Geov\u00e2nia Nogueira Nunes \u2013 Rua 2, Travessa Jos\u00e9 Vieira Gomes, 996. Centro<\/p>\n<p><strong>Muqu\u00e9m de S\u00e3o Francisco<\/strong><br \/>\nCol\u00e9gio Estadual Suzana de Ara\u00fajo Bonfim \u2013 Rua Francisco Mendes, s\/n. Centro<br \/>\nTamb\u00e9m atende os alunos das seguintes unidades:<br \/>\n\u2013 Anexo CEMIT \u2013 Velho Chico \u2013 Barra \u2013 Distrito de Passagem.<br \/>\n\u2013 Anexo do Col\u00e9gio Estadual Suzana de Ara\u00fajo Bonfim \u2013 Fazenda Grande \u2013 Comunidade Quilombola<br \/>\n\u2013 Anexo do Col\u00e9gio Estadual Suzana de Ara\u00fajo Bonfim \u2013 Distrito de Boa Vista de Pichaim \u2013 Comunidade Quilombola<br \/>\n\u2013 Col\u00e9gio Estadual do Campo Sidney Mascarenhas \u2013 Distrito de Javi<\/p>\n<p><strong>Jaguarari<\/strong><br \/>\nCentro Territorial de Educa\u00e7\u00e3o Profissional do Piemonte Norte do Itapicur\u00fa<br \/>\nTamb\u00e9m atende os alunos das seguintes unidades:<br \/>\n\u2013 Anexo \u2013 CEMIT \u2013 Piemonte Norte Do Itapicuru \u2013 Distrito de Flamengo<br \/>\n\u2013 Col\u00e9gio Estadual do Campo Petr\u00f4nio Portela \u2013 Distrito de Pilar \u2013 Em Tempo Integral<br \/>\n\u2013 Col\u00e9gio Estadual Walter Brand\u00e3o \u2013 Tempo Integral<\/p>\n<p>Fonte: Assessoria<br \/>\nFoto: Rafael Martins\/GOVBA<\/p>\n","protected":false},"excerpt":{"rendered":"<p>O Odontom\u00f3vel, servi\u00e7o de atendimento odontol\u00f3gico itinerante para estudantes e educadores da rede estadual de ensino, come\u00e7a, a partir desta segunda-feira (24) e segue at\u00e9 s\u00e1bado (29), nas cidades de Itatim, Muqu\u00e9m de S\u00e3o Francisco e Jaguarari &#8211; depois de passar por mais de 28 munic\u00edpios. A iniciativa, que faz parte do Programa Sa\u00fade Mais [&hellip;]<\/p>\n","protected":false},"author":10,"featured_media":731293,"comment_status":"closed","ping_status":"closed","sticky":false,"template":"","format":"standard","meta":[],"categories":[5],"tags":[12951,9557,12952,12950],"acf":[],"yoast_head":"<!-- This site is optimized with the Yoast SEO plugin v20.8 - https:\/\/yoast.com\/wordpress\/plugins\/seo\/ -->\n<title>ODONTOM\u00d3VEL BENEFICIA ESTUDANTES E EDUCADORES EM MAIS TR\u00caS MUNIC\u00cdPIOS DA BA - Bahia Economica<\/title>\n<meta name=\"description\" content=\"O maior portal de Economia da Bahia MUNIC\u00cdPIOS Bahia Economica\" \/>\n<meta name=\"robots\" content=\"index, follow, max-snippet:-1, max-image-preview:large, max-video-preview:-1\" \/>\n<link rel=\"canonical\" href=\"https:\/\/bahiaeconomica.com.br\/wp\/2023\/04\/25\/odontomovel-beneficia-estudantes-e-educadores-em-mais-tres-municipios-da-ba\/\" \/>\n<meta property=\"og:locale\" content=\"pt_BR\" \/>\n<meta property=\"og:type\" content=\"article\" \/>\n<meta property=\"og:title\" content=\"ODONTOM\u00d3VEL BENEFICIA ESTUDANTES E EDUCADORES EM MAIS TR\u00caS MUNIC\u00cdPIOS DA BA - Bahia Economica\" \/>\n<meta property=\"og:description\" content=\"O maior portal de Economia da Bahia MUNIC\u00cdPIOS Bahia Economica\" \/>\n<meta property=\"og:url\" content=\"https:\/\/bahiaeconomica.com.br\/wp\/2023\/04\/25\/odontomovel-beneficia-estudantes-e-educadores-em-mais-tres-municipios-da-ba\/\" \/>\n<meta property=\"og:site_name\" content=\"Bahia Economica\" \/>\n<meta property=\"article:publisher\" content=\"https:\/\/www.facebook.com\/bahiaeconomica\" \/>\n<meta property=\"article:published_time\" content=\"2023-04-25T12:43:15+00:00\" \/>\n<meta property=\"og:image\" content=\"https:\/\/bahiaeconomica.com.br\/wp\/wp-content\/uploads\/2023\/04\/odontomovel-25.04.webp\" \/>\n\t<meta property=\"og:image:width\" content=\"1068\" \/>\n\t<meta property=\"og:image:height\" content=\"712\" \/>\n\t<meta property=\"og:image:type\" content=\"image\/webp\" \/>\n<meta name=\"author\" content=\"NM\" \/>\n<meta name=\"twitter:card\" content=\"summary_large_image\" \/>\n<meta name=\"twitter:label1\" content=\"Escrito por\" \/>\n\t<meta name=\"twitter:data1\" content=\"NM\" \/>\n\t<meta name=\"twitter:label2\" content=\"Est. tempo de leitura\" \/>\n\t<meta name=\"twitter:data2\" content=\"2 minutos\" \/>\n<script type=\"application\/ld+json\" class=\"yoast-schema-graph\">{\"@context\":\"https:\/\/schema.org\",\"@graph\":[{\"@type\":\"Article\",\"@id\":\"https:\/\/bahiaeconomica.com.br\/wp\/2023\/04\/25\/odontomovel-beneficia-estudantes-e-educadores-em-mais-tres-municipios-da-ba\/#article\",\"isPartOf\":{\"@id\":\"https:\/\/bahiaeconomica.com.br\/wp\/2023\/04\/25\/odontomovel-beneficia-estudantes-e-educadores-em-mais-tres-municipios-da-ba\/\"},\"author\":{\"name\":\"NM\",\"@id\":\"https:\/\/bahiaeconomica.com.br\/wp\/#\/schema\/person\/638522c9d72fb94b4c1672ac86537fef\"},\"headline\":\"ODONTOM\u00d3VEL BENEFICIA ESTUDANTES E EDUCADORES EM MAIS TR\u00caS MUNIC\u00cdPIOS DA BA\",\"datePublished\":\"2023-04-25T12:43:15+00:00\",\"dateModified\":\"2023-04-25T12:43:15+00:00\",\"mainEntityOfPage\":{\"@id\":\"https:\/\/bahiaeconomica.com.br\/wp\/2023\/04\/25\/odontomovel-beneficia-estudantes-e-educadores-em-mais-tres-municipios-da-ba\/\"},\"wordCount\":380,\"publisher\":{\"@id\":\"https:\/\/bahiaeconomica.com.br\/wp\/#organization\"},\"keywords\":[\"Itatim\",\"Jaguarari\",\"Muqu\u00e9m de S\u00e3o Francisco\",\"odontom\u00f3vel\"],\"articleSection\":[\"MUNIC\u00cdPIOS\"],\"inLanguage\":\"pt-BR\"},{\"@type\":\"WebPage\",\"@id\":\"https:\/\/bahiaeconomica.com.br\/wp\/2023\/04\/25\/odontomovel-beneficia-estudantes-e-educadores-em-mais-tres-municipios-da-ba\/\",\"url\":\"https:\/\/bahiaeconomica.com.br\/wp\/2023\/04\/25\/odontomovel-beneficia-estudantes-e-educadores-em-mais-tres-municipios-da-ba\/\",\"name\":\"ODONTOM\u00d3VEL BENEFICIA ESTUDANTES E EDUCADORES EM MAIS TR\u00caS MUNIC\u00cdPIOS DA BA - Bahia Economica\",\"isPartOf\":{\"@id\":\"https:\/\/bahiaeconomica.com.br\/wp\/#website\"},\"datePublished\":\"2023-04-25T12:43:15+00:00\",\"dateModified\":\"2023-04-25T12:43:15+00:00\",\"description\":\"O maior portal de Economia da Bahia MUNIC\u00cdPIOS Bahia Economica\",\"breadcrumb\":{\"@id\":\"https:\/\/bahiaeconomica.com.br\/wp\/2023\/04\/25\/odontomovel-beneficia-estudantes-e-educadores-em-mais-tres-municipios-da-ba\/#breadcrumb\"},\"inLanguage\":\"pt-BR\",\"potentialAction\":[{\"@type\":\"ReadAction\",\"target\":[\"https:\/\/bahiaeconomica.com.br\/wp\/2023\/04\/25\/odontomovel-beneficia-estudantes-e-educadores-em-mais-tres-municipios-da-ba\/\"]}]},{\"@type\":\"BreadcrumbList\",\"@id\":\"https:\/\/bahiaeconomica.com.br\/wp\/2023\/04\/25\/odontomovel-beneficia-estudantes-e-educadores-em-mais-tres-municipios-da-ba\/#breadcrumb\",\"itemListElement\":[{\"@type\":\"ListItem\",\"position\":1,\"name\":\"In\u00edcio\",\"item\":\"https:\/\/bahiaeconomica.com.br\/wp\/\"},{\"@type\":\"ListItem\",\"position\":2,\"name\":\"ODONTOM\u00d3VEL BENEFICIA ESTUDANTES E EDUCADORES EM MAIS TR\u00caS MUNIC\u00cdPIOS DA BA\"}]},{\"@type\":\"WebSite\",\"@id\":\"https:\/\/bahiaeconomica.com.br\/wp\/#website\",\"url\":\"https:\/\/bahiaeconomica.com.br\/wp\/\",\"name\":\"Bahia Economica\",\"description\":\"O maior portal de Economia da Bahia\",\"publisher\":{\"@id\":\"https:\/\/bahiaeconomica.com.br\/wp\/#organization\"},\"potentialAction\":[{\"@type\":\"SearchAction\",\"target\":{\"@type\":\"EntryPoint\",\"urlTemplate\":\"https:\/\/bahiaeconomica.com.br\/wp\/?s={search_term_string}\"},\"query-input\":\"required name=search_term_string\"}],\"inLanguage\":\"pt-BR\"},{\"@type\":\"Organization\",\"@id\":\"https:\/\/bahiaeconomica.com.br\/wp\/#organization\",\"name\":\"Bahia Econ\u00f4mica\",\"url\":\"https:\/\/bahiaeconomica.com.br\/wp\/\",\"logo\":{\"@type\":\"ImageObject\",\"inLanguage\":\"pt-BR\",\"@id\":\"https:\/\/bahiaeconomica.com.br\/wp\/#\/schema\/logo\/image\/\",\"url\":\"https:\/\/bahiaeconomica.com.br\/wp\/wp-content\/uploads\/2020\/12\/cropped-BE.png\",\"contentUrl\":\"https:\/\/bahiaeconomica.com.br\/wp\/wp-content\/uploads\/2020\/12\/cropped-BE.png\",\"width\":512,\"height\":512,\"caption\":\"Bahia Econ\u00f4mica\"},\"image\":{\"@id\":\"https:\/\/bahiaeconomica.com.br\/wp\/#\/schema\/logo\/image\/\"},\"sameAs\":[\"https:\/\/www.facebook.com\/bahiaeconomica\"]},{\"@type\":\"Person\",\"@id\":\"https:\/\/bahiaeconomica.com.br\/wp\/#\/schema\/person\/638522c9d72fb94b4c1672ac86537fef\",\"name\":\"NM\",\"sameAs\":[\"https:\/\/bahiaeconomica.com.br\/wp\/beta\/\"],\"url\":\"https:\/\/bahiaeconomica.com.br\/wp\/author\/nm\/\"}]}<\/script>\n<!-- \/ Yoast SEO plugin. -->","yoast_head_json":{"title":"ODONTOM\u00d3VEL BENEFICIA ESTUDANTES E EDUCADORES EM MAIS TR\u00caS MUNIC\u00cdPIOS DA BA - Bahia Economica","description":"O maior portal de Economia da Bahia MUNIC\u00cdPIOS Bahia Economica","robots":{"index":"index","follow":"follow","max-snippet":"max-snippet:-1","max-image-preview":"max-image-preview:large","max-video-preview":"max-video-preview:-1"},"canonical":"https:\/\/bahiaeconomica.com.br\/wp\/2023\/04\/25\/odontomovel-beneficia-estudantes-e-educadores-em-mais-tres-municipios-da-ba\/","og_locale":"pt_BR","og_type":"article","og_title":"ODONTOM\u00d3VEL BENEFICIA ESTUDANTES E EDUCADORES EM MAIS TR\u00caS MUNIC\u00cdPIOS DA BA - Bahia Economica","og_description":"O maior portal de Economia da Bahia MUNIC\u00cdPIOS Bahia Economica","og_url":"https:\/\/bahiaeconomica.com.br\/wp\/2023\/04\/25\/odontomovel-beneficia-estudantes-e-educadores-em-mais-tres-municipios-da-ba\/","og_site_name":"Bahia Economica","article_publisher":"https:\/\/www.facebook.com\/bahiaeconomica","article_published_time":"2023-04-25T12:43:15+00:00","og_image":[{"width":1068,"height":712,"url":"https:\/\/bahiaeconomica.com.br\/wp\/wp-content\/uploads\/2023\/04\/odontomovel-25.04.webp","type":"image\/webp"}],"author":"NM","twitter_card":"summary_large_image","twitter_misc":{"Escrito por":"NM","Est. tempo de leitura":"2 minutos"},"schema":{"@context":"https:\/\/schema.org","@graph":[{"@type":"Article","@id":"https:\/\/bahiaeconomica.com.br\/wp\/2023\/04\/25\/odontomovel-beneficia-estudantes-e-educadores-em-mais-tres-municipios-da-ba\/#article","isPartOf":{"@id":"https:\/\/bahiaeconomica.com.br\/wp\/2023\/04\/25\/odontomovel-beneficia-estudantes-e-educadores-em-mais-tres-municipios-da-ba\/"},"author":{"name":"NM","@id":"https:\/\/bahiaeconomica.com.br\/wp\/#\/schema\/person\/638522c9d72fb94b4c1672ac86537fef"},"headline":"ODONTOM\u00d3VEL BENEFICIA ESTUDANTES E EDUCADORES EM MAIS TR\u00caS MUNIC\u00cdPIOS DA BA","datePublished":"2023-04-25T12:43:15+00:00","dateModified":"2023-04-25T12:43:15+00:00","mainEntityOfPage":{"@id":"https:\/\/bahiaeconomica.com.br\/wp\/2023\/04\/25\/odontomovel-beneficia-estudantes-e-educadores-em-mais-tres-municipios-da-ba\/"},"wordCount":380,"publisher":{"@id":"https:\/\/bahiaeconomica.com.br\/wp\/#organization"},"keywords":["Itatim","Jaguarari","Muqu\u00e9m de S\u00e3o Francisco","odontom\u00f3vel"],"articleSection":["MUNIC\u00cdPIOS"],"inLanguage":"pt-BR"},{"@type":"WebPage","@id":"https:\/\/bahiaeconomica.com.br\/wp\/2023\/04\/25\/odontomovel-beneficia-estudantes-e-educadores-em-mais-tres-municipios-da-ba\/","url":"https:\/\/bahiaeconomica.com.br\/wp\/2023\/04\/25\/odontomovel-beneficia-estudantes-e-educadores-em-mais-tres-municipios-da-ba\/","name":"ODONTOM\u00d3VEL BENEFICIA ESTUDANTES E EDUCADORES EM MAIS TR\u00caS MUNIC\u00cdPIOS DA BA - Bahia Economica","isPartOf":{"@id":"https:\/\/bahiaeconomica.com.br\/wp\/#website"},"datePublished":"2023-04-25T12:43:15+00:00","dateModified":"2023-04-25T12:43:15+00:00","description":"O maior portal de Economia da Bahia MUNIC\u00cdPIOS Bahia Economica","breadcrumb":{"@id":"https:\/\/bahiaeconomica.com.br\/wp\/2023\/04\/25\/odontomovel-beneficia-estudantes-e-educadores-em-mais-tres-municipios-da-ba\/#breadcrumb"},"inLanguage":"pt-BR","potentialAction":[{"@type":"ReadAction","target":["https:\/\/bahiaeconomica.com.br\/wp\/2023\/04\/25\/odontomovel-beneficia-estudantes-e-educadores-em-mais-tres-municipios-da-ba\/"]}]},{"@type":"BreadcrumbList","@id":"https:\/\/bahiaeconomica.com.br\/wp\/2023\/04\/25\/odontomovel-beneficia-estudantes-e-educadores-em-mais-tres-municipios-da-ba\/#breadcrumb","itemListElement":[{"@type":"ListItem","position":1,"name":"In\u00edcio","item":"https:\/\/bahiaeconomica.com.br\/wp\/"},{"@type":"ListItem","position":2,"name":"ODONTOM\u00d3VEL BENEFICIA ESTUDANTES E EDUCADORES EM MAIS TR\u00caS MUNIC\u00cdPIOS DA BA"}]},{"@type":"WebSite","@id":"https:\/\/bahiaeconomica.com.br\/wp\/#website","url":"https:\/\/bahiaeconomica.com.br\/wp\/","name":"Bahia Economica","description":"O maior portal de Economia da Bahia","publisher":{"@id":"https:\/\/bahiaeconomica.com.br\/wp\/#organization"},"potentialAction":[{"@type":"SearchAction","target":{"@type":"EntryPoint","urlTemplate":"https:\/\/bahiaeconomica.com.br\/wp\/?s={search_term_string}"},"query-input":"required name=search_term_string"}],"inLanguage":"pt-BR"},{"@type":"Organization","@id":"https:\/\/bahiaeconomica.com.br\/wp\/#organization","name":"Bahia Econ\u00f4mica","url":"https:\/\/bahiaeconomica.com.br\/wp\/","logo":{"@type":"ImageObject","inLanguage":"pt-BR","@id":"https:\/\/bahiaeconomica.com.br\/wp\/#\/schema\/logo\/image\/","url":"https:\/\/bahiaeconomica.com.br\/wp\/wp-content\/uploads\/2020\/12\/cropped-BE.png","contentUrl":"https:\/\/bahiaeconomica.com.br\/wp\/wp-content\/uploads\/2020\/12\/cropped-BE.png","width":512,"height":512,"caption":"Bahia Econ\u00f4mica"},"image":{"@id":"https:\/\/bahiaeconomica.com.br\/wp\/#\/schema\/logo\/image\/"},"sameAs":["https:\/\/www.facebook.com\/bahiaeconomica"]},{"@type":"Person","@id":"https:\/\/bahiaeconomica.com.br\/wp\/#\/schema\/person\/638522c9d72fb94b4c1672ac86537fef","name":"NM","sameAs":["https:\/\/bahiaeconomica.com.br\/wp\/beta\/"],"url":"https:\/\/bahiaeconomica.com.br\/wp\/author\/nm\/"}]}},"views":10,"_links":{"self":[{"href":"https:\/\/bahiaeconomica.com.br\/wp\/wp-json\/wp\/v2\/posts\/731292"}],"collection":[{"href":"https:\/\/bahiaeconomica.com.br\/wp\/wp-json\/wp\/v2\/posts"}],"about":[{"href":"https:\/\/bahiaeconomica.com.br\/wp\/wp-json\/wp\/v2\/types\/post"}],"author":[{"embeddable":true,"href":"https:\/\/bahiaeconomica.com.br\/wp\/wp-json\/wp\/v2\/users\/10"}],"replies":[{"embeddable":true,"href":"https:\/\/bahiaeconomica.com.br\/wp\/wp-json\/wp\/v2\/comments?post=731292"}],"version-history":[{"count":1,"href":"https:\/\/bahiaeconomica.com.br\/wp\/wp-json\/wp\/v2\/posts\/731292\/revisions"}],"predecessor-version":[{"id":731294,"href":"https:\/\/bahiaeconomica.com.br\/wp\/wp-json\/wp\/v2\/posts\/731292\/revisions\/731294"}],"wp:featuredmedia":[{"embeddable":true,"href":"https:\/\/bahiaeconomica.com.br\/wp\/wp-json\/wp\/v2\/media\/731293"}],"wp:attachment":[{"href":"https:\/\/bahiaeconomica.com.br\/wp\/wp-json\/wp\/v2\/media?parent=731292"}],"wp:term":[{"taxonomy":"category","embeddable":true,"href":"https:\/\/bahiaeconomica.com.br\/wp\/wp-json\/wp\/v2\/categories?post=731292"},{"taxonomy":"post_tag","embeddable":true,"href":"https:\/\/bahiaeconomica.com.br\/wp\/wp-json\/wp\/v2\/tags?post=731292"}],"curies":[{"name":"wp","href":"https:\/\/api.w.org\/{rel}","templated":true}]}}