{"id":731133,"date":"2023-04-24T14:37:50","date_gmt":"2023-04-24T17:37:50","guid":{"rendered":"https:\/\/bahiaeconomica.com.br\/wp\/beta\/?p=731133"},"modified":"2023-04-24T17:00:05","modified_gmt":"2023-04-24T20:00:05","slug":"micareta-de-feira-termina-sem-crime-grave-contra-a-vida-e-com-sete-presos-pelo-reconhecimento-facial","status":"publish","type":"post","link":"https:\/\/bahiaeconomica.com.br\/wp\/2023\/04\/24\/micareta-de-feira-termina-sem-crime-grave-contra-a-vida-e-com-sete-presos-pelo-reconhecimento-facial\/","title":{"rendered":"MICARETA DE FEIRA TERMINA SEM CRIME GRAVE CONTRA A VIDA E COM SETE PRESOS PELO RECONHECIMENTO FACIAL"},"content":{"rendered":"<p>Tr\u00eas homicidas, dois traficantes, um por viol\u00eancia mulher e um homem com d\u00edvida de pens\u00e3o aliment\u00edcia acabaram flagrados pelas c\u00e2meras inteligentes do Sistema de Reconhecimento Facial, na Micareta de Feira de Santana.<\/p>\n<p><!--more--><\/p>\n<p>O evento, encerrado nesta segunda-feira (24), terminou sem registro de crime grave contra a vida.<\/p>\n<p>Durante o evento, dois homens foram presos em flagrantes por viol\u00eancia contra a mulher e um por importuna\u00e7\u00e3o sexual. Tamb\u00e9m foram computadas 21 autua\u00e7\u00f5es em flagrante e 19 Termos Circunstanciados de Ocorr\u00eancias lavrados. Cerca de 120 objetos proibidos foram retirados do circuito da folia, nas revistas realizadas nos oito Portais de Abordagem. Entre os itens perigosos estavam facas, tesouras, espelhos, giletes, sacarolha, picareta de jardinagem, espeto de churrasco, alicates de unha, entre outros.<\/p>\n<p>Vistoria<\/p>\n<p>O Corpo de Bombeiros Militar tamb\u00e9m flagrou um camarote que fechava as sa\u00eddas de emerg\u00eancia com grades e usava um revestimento proibido para uso. Os respons\u00e1veis pelo local foram orientados para retirada dos materiais.<\/p>\n<p>Fonte: Assessoria<\/p>\n<p>Foto: Imagens: Marcia Santana<\/p>\n","protected":false},"excerpt":{"rendered":"<p>Tr\u00eas homicidas, dois traficantes, um por viol\u00eancia mulher e um homem com d\u00edvida de pens\u00e3o aliment\u00edcia acabaram flagrados pelas c\u00e2meras inteligentes do Sistema de Reconhecimento Facial, na Micareta de Feira de Santana.<\/p>\n","protected":false},"author":8,"featured_media":731135,"comment_status":"closed","ping_status":"closed","sticky":false,"template":"","format":"standard","meta":[],"categories":[14,3],"tags":[835,52,8973,100],"acf":[],"yoast_head":"<!-- This site is optimized with the Yoast SEO plugin v20.8 - https:\/\/yoast.com\/wordpress\/plugins\/seo\/ -->\n<title>MICARETA DE FEIRA TERMINA SEM CRIME GRAVE CONTRA A VIDA E COM SETE PRESOS PELO RECONHECIMENTO FACIAL - Bahia Economica<\/title>\n<meta name=\"description\" content=\"Tr\u00eas homicidas, dois traficantes, um por viol\u00eancia mulher e um homem com d\u00edvida de pens\u00e3o aliment\u00edcia acabaram flagrados pelas\" \/>\n<meta name=\"robots\" content=\"index, follow, max-snippet:-1, max-image-preview:large, max-video-preview:-1\" \/>\n<link rel=\"canonical\" href=\"https:\/\/bahiaeconomica.com.br\/wp\/2023\/04\/24\/micareta-de-feira-termina-sem-crime-grave-contra-a-vida-e-com-sete-presos-pelo-reconhecimento-facial\/\" \/>\n<meta property=\"og:locale\" content=\"pt_BR\" \/>\n<meta property=\"og:type\" content=\"article\" \/>\n<meta property=\"og:title\" content=\"MICARETA DE FEIRA TERMINA SEM CRIME GRAVE CONTRA A VIDA E COM SETE PRESOS PELO RECONHECIMENTO FACIAL - Bahia Economica\" \/>\n<meta property=\"og:description\" content=\"Tr\u00eas homicidas, dois traficantes, um por viol\u00eancia mulher e um homem com d\u00edvida de pens\u00e3o aliment\u00edcia acabaram flagrados pelas\" \/>\n<meta property=\"og:url\" content=\"https:\/\/bahiaeconomica.com.br\/wp\/2023\/04\/24\/micareta-de-feira-termina-sem-crime-grave-contra-a-vida-e-com-sete-presos-pelo-reconhecimento-facial\/\" \/>\n<meta property=\"og:site_name\" content=\"Bahia Economica\" \/>\n<meta property=\"article:publisher\" content=\"https:\/\/www.facebook.com\/bahiaeconomica\" \/>\n<meta property=\"article:published_time\" content=\"2023-04-24T17:37:50+00:00\" \/>\n<meta property=\"article:modified_time\" content=\"2023-04-24T20:00:05+00:00\" \/>\n<meta property=\"og:image\" content=\"https:\/\/bahiaeconomica.com.br\/wp\/wp-content\/uploads\/2023\/04\/WhatsApp-Image-2023-04-24-at-12.01.07360.jpg\" \/>\n\t<meta property=\"og:image:width\" content=\"360\" \/>\n\t<meta property=\"og:image:height\" content=\"220\" \/>\n\t<meta property=\"og:image:type\" content=\"image\/jpeg\" \/>\n<meta name=\"author\" content=\"JP\" \/>\n<meta name=\"twitter:card\" content=\"summary_large_image\" \/>\n<meta name=\"twitter:label1\" content=\"Escrito por\" \/>\n\t<meta name=\"twitter:data1\" content=\"JP\" \/>\n\t<meta name=\"twitter:label2\" content=\"Est. tempo de leitura\" \/>\n\t<meta name=\"twitter:data2\" content=\"1 minuto\" \/>\n<script type=\"application\/ld+json\" class=\"yoast-schema-graph\">{\"@context\":\"https:\/\/schema.org\",\"@graph\":[{\"@type\":\"Article\",\"@id\":\"https:\/\/bahiaeconomica.com.br\/wp\/2023\/04\/24\/micareta-de-feira-termina-sem-crime-grave-contra-a-vida-e-com-sete-presos-pelo-reconhecimento-facial\/#article\",\"isPartOf\":{\"@id\":\"https:\/\/bahiaeconomica.com.br\/wp\/2023\/04\/24\/micareta-de-feira-termina-sem-crime-grave-contra-a-vida-e-com-sete-presos-pelo-reconhecimento-facial\/\"},\"author\":{\"name\":\"JP\",\"@id\":\"https:\/\/bahiaeconomica.com.br\/wp\/#\/schema\/person\/c86d3a3f8960425a0f9d0e5245991f4e\"},\"headline\":\"MICARETA DE FEIRA TERMINA SEM CRIME GRAVE CONTRA A VIDA E COM SETE PRESOS PELO RECONHECIMENTO FACIAL\",\"datePublished\":\"2023-04-24T17:37:50+00:00\",\"dateModified\":\"2023-04-24T20:00:05+00:00\",\"mainEntityOfPage\":{\"@id\":\"https:\/\/bahiaeconomica.com.br\/wp\/2023\/04\/24\/micareta-de-feira-termina-sem-crime-grave-contra-a-vida-e-com-sete-presos-pelo-reconhecimento-facial\/\"},\"wordCount\":189,\"publisher\":{\"@id\":\"https:\/\/bahiaeconomica.com.br\/wp\/#organization\"},\"keywords\":[\"alta\",\"Brasil\",\"imagens\",\"Pol\u00edtica\"],\"articleSection\":[\"DESTAQUE DO DIA\",\"ECONOMIA \/ POL\u00cdTICA\"],\"inLanguage\":\"pt-BR\"},{\"@type\":\"WebPage\",\"@id\":\"https:\/\/bahiaeconomica.com.br\/wp\/2023\/04\/24\/micareta-de-feira-termina-sem-crime-grave-contra-a-vida-e-com-sete-presos-pelo-reconhecimento-facial\/\",\"url\":\"https:\/\/bahiaeconomica.com.br\/wp\/2023\/04\/24\/micareta-de-feira-termina-sem-crime-grave-contra-a-vida-e-com-sete-presos-pelo-reconhecimento-facial\/\",\"name\":\"MICARETA DE FEIRA TERMINA SEM CRIME GRAVE CONTRA A VIDA E COM SETE PRESOS PELO RECONHECIMENTO FACIAL - Bahia Economica\",\"isPartOf\":{\"@id\":\"https:\/\/bahiaeconomica.com.br\/wp\/#website\"},\"datePublished\":\"2023-04-24T17:37:50+00:00\",\"dateModified\":\"2023-04-24T20:00:05+00:00\",\"description\":\"Tr\u00eas homicidas, dois traficantes, um por viol\u00eancia mulher e um homem com d\u00edvida de pens\u00e3o aliment\u00edcia acabaram flagrados pelas\",\"breadcrumb\":{\"@id\":\"https:\/\/bahiaeconomica.com.br\/wp\/2023\/04\/24\/micareta-de-feira-termina-sem-crime-grave-contra-a-vida-e-com-sete-presos-pelo-reconhecimento-facial\/#breadcrumb\"},\"inLanguage\":\"pt-BR\",\"potentialAction\":[{\"@type\":\"ReadAction\",\"target\":[\"https:\/\/bahiaeconomica.com.br\/wp\/2023\/04\/24\/micareta-de-feira-termina-sem-crime-grave-contra-a-vida-e-com-sete-presos-pelo-reconhecimento-facial\/\"]}]},{\"@type\":\"BreadcrumbList\",\"@id\":\"https:\/\/bahiaeconomica.com.br\/wp\/2023\/04\/24\/micareta-de-feira-termina-sem-crime-grave-contra-a-vida-e-com-sete-presos-pelo-reconhecimento-facial\/#breadcrumb\",\"itemListElement\":[{\"@type\":\"ListItem\",\"position\":1,\"name\":\"In\u00edcio\",\"item\":\"https:\/\/bahiaeconomica.com.br\/wp\/\"},{\"@type\":\"ListItem\",\"position\":2,\"name\":\"MICARETA DE FEIRA TERMINA SEM CRIME GRAVE CONTRA A VIDA E COM SETE PRESOS PELO RECONHECIMENTO FACIAL\"}]},{\"@type\":\"WebSite\",\"@id\":\"https:\/\/bahiaeconomica.com.br\/wp\/#website\",\"url\":\"https:\/\/bahiaeconomica.com.br\/wp\/\",\"name\":\"Bahia Economica\",\"description\":\"O maior portal de Economia da Bahia\",\"publisher\":{\"@id\":\"https:\/\/bahiaeconomica.com.br\/wp\/#organization\"},\"potentialAction\":[{\"@type\":\"SearchAction\",\"target\":{\"@type\":\"EntryPoint\",\"urlTemplate\":\"https:\/\/bahiaeconomica.com.br\/wp\/?s={search_term_string}\"},\"query-input\":\"required name=search_term_string\"}],\"inLanguage\":\"pt-BR\"},{\"@type\":\"Organization\",\"@id\":\"https:\/\/bahiaeconomica.com.br\/wp\/#organization\",\"name\":\"Bahia Econ\u00f4mica\",\"url\":\"https:\/\/bahiaeconomica.com.br\/wp\/\",\"logo\":{\"@type\":\"ImageObject\",\"inLanguage\":\"pt-BR\",\"@id\":\"https:\/\/bahiaeconomica.com.br\/wp\/#\/schema\/logo\/image\/\",\"url\":\"https:\/\/bahiaeconomica.com.br\/wp\/wp-content\/uploads\/2020\/12\/cropped-BE.png\",\"contentUrl\":\"https:\/\/bahiaeconomica.com.br\/wp\/wp-content\/uploads\/2020\/12\/cropped-BE.png\",\"width\":512,\"height\":512,\"caption\":\"Bahia Econ\u00f4mica\"},\"image\":{\"@id\":\"https:\/\/bahiaeconomica.com.br\/wp\/#\/schema\/logo\/image\/\"},\"sameAs\":[\"https:\/\/www.facebook.com\/bahiaeconomica\"]},{\"@type\":\"Person\",\"@id\":\"https:\/\/bahiaeconomica.com.br\/wp\/#\/schema\/person\/c86d3a3f8960425a0f9d0e5245991f4e\",\"name\":\"JP\",\"sameAs\":[\"https:\/\/bahiaeconomica.com.br\/wp\/beta\/\"],\"url\":\"https:\/\/bahiaeconomica.com.br\/wp\/author\/jp\/\"}]}<\/script>\n<!-- \/ Yoast SEO plugin. -->","yoast_head_json":{"title":"MICARETA DE FEIRA TERMINA SEM CRIME GRAVE CONTRA A VIDA E COM SETE PRESOS PELO RECONHECIMENTO FACIAL - Bahia Economica","description":"Tr\u00eas homicidas, dois traficantes, um por viol\u00eancia mulher e um homem com d\u00edvida de pens\u00e3o aliment\u00edcia acabaram flagrados pelas","robots":{"index":"index","follow":"follow","max-snippet":"max-snippet:-1","max-image-preview":"max-image-preview:large","max-video-preview":"max-video-preview:-1"},"canonical":"https:\/\/bahiaeconomica.com.br\/wp\/2023\/04\/24\/micareta-de-feira-termina-sem-crime-grave-contra-a-vida-e-com-sete-presos-pelo-reconhecimento-facial\/","og_locale":"pt_BR","og_type":"article","og_title":"MICARETA DE FEIRA TERMINA SEM CRIME GRAVE CONTRA A VIDA E COM SETE PRESOS PELO RECONHECIMENTO FACIAL - Bahia Economica","og_description":"Tr\u00eas homicidas, dois traficantes, um por viol\u00eancia mulher e um homem com d\u00edvida de pens\u00e3o aliment\u00edcia acabaram flagrados pelas","og_url":"https:\/\/bahiaeconomica.com.br\/wp\/2023\/04\/24\/micareta-de-feira-termina-sem-crime-grave-contra-a-vida-e-com-sete-presos-pelo-reconhecimento-facial\/","og_site_name":"Bahia Economica","article_publisher":"https:\/\/www.facebook.com\/bahiaeconomica","article_published_time":"2023-04-24T17:37:50+00:00","article_modified_time":"2023-04-24T20:00:05+00:00","og_image":[{"width":360,"height":220,"url":"https:\/\/bahiaeconomica.com.br\/wp\/wp-content\/uploads\/2023\/04\/WhatsApp-Image-2023-04-24-at-12.01.07360.jpg","type":"image\/jpeg"}],"author":"JP","twitter_card":"summary_large_image","twitter_misc":{"Escrito por":"JP","Est. tempo de leitura":"1 minuto"},"schema":{"@context":"https:\/\/schema.org","@graph":[{"@type":"Article","@id":"https:\/\/bahiaeconomica.com.br\/wp\/2023\/04\/24\/micareta-de-feira-termina-sem-crime-grave-contra-a-vida-e-com-sete-presos-pelo-reconhecimento-facial\/#article","isPartOf":{"@id":"https:\/\/bahiaeconomica.com.br\/wp\/2023\/04\/24\/micareta-de-feira-termina-sem-crime-grave-contra-a-vida-e-com-sete-presos-pelo-reconhecimento-facial\/"},"author":{"name":"JP","@id":"https:\/\/bahiaeconomica.com.br\/wp\/#\/schema\/person\/c86d3a3f8960425a0f9d0e5245991f4e"},"headline":"MICARETA DE FEIRA TERMINA SEM CRIME GRAVE CONTRA A VIDA E COM SETE PRESOS PELO RECONHECIMENTO FACIAL","datePublished":"2023-04-24T17:37:50+00:00","dateModified":"2023-04-24T20:00:05+00:00","mainEntityOfPage":{"@id":"https:\/\/bahiaeconomica.com.br\/wp\/2023\/04\/24\/micareta-de-feira-termina-sem-crime-grave-contra-a-vida-e-com-sete-presos-pelo-reconhecimento-facial\/"},"wordCount":189,"publisher":{"@id":"https:\/\/bahiaeconomica.com.br\/wp\/#organization"},"keywords":["alta","Brasil","imagens","Pol\u00edtica"],"articleSection":["DESTAQUE DO DIA","ECONOMIA \/ POL\u00cdTICA"],"inLanguage":"pt-BR"},{"@type":"WebPage","@id":"https:\/\/bahiaeconomica.com.br\/wp\/2023\/04\/24\/micareta-de-feira-termina-sem-crime-grave-contra-a-vida-e-com-sete-presos-pelo-reconhecimento-facial\/","url":"https:\/\/bahiaeconomica.com.br\/wp\/2023\/04\/24\/micareta-de-feira-termina-sem-crime-grave-contra-a-vida-e-com-sete-presos-pelo-reconhecimento-facial\/","name":"MICARETA DE FEIRA TERMINA SEM CRIME GRAVE CONTRA A VIDA E COM SETE PRESOS PELO RECONHECIMENTO FACIAL - Bahia Economica","isPartOf":{"@id":"https:\/\/bahiaeconomica.com.br\/wp\/#website"},"datePublished":"2023-04-24T17:37:50+00:00","dateModified":"2023-04-24T20:00:05+00:00","description":"Tr\u00eas homicidas, dois traficantes, um por viol\u00eancia mulher e um homem com d\u00edvida de pens\u00e3o aliment\u00edcia acabaram flagrados pelas","breadcrumb":{"@id":"https:\/\/bahiaeconomica.com.br\/wp\/2023\/04\/24\/micareta-de-feira-termina-sem-crime-grave-contra-a-vida-e-com-sete-presos-pelo-reconhecimento-facial\/#breadcrumb"},"inLanguage":"pt-BR","potentialAction":[{"@type":"ReadAction","target":["https:\/\/bahiaeconomica.com.br\/wp\/2023\/04\/24\/micareta-de-feira-termina-sem-crime-grave-contra-a-vida-e-com-sete-presos-pelo-reconhecimento-facial\/"]}]},{"@type":"BreadcrumbList","@id":"https:\/\/bahiaeconomica.com.br\/wp\/2023\/04\/24\/micareta-de-feira-termina-sem-crime-grave-contra-a-vida-e-com-sete-presos-pelo-reconhecimento-facial\/#breadcrumb","itemListElement":[{"@type":"ListItem","position":1,"name":"In\u00edcio","item":"https:\/\/bahiaeconomica.com.br\/wp\/"},{"@type":"ListItem","position":2,"name":"MICARETA DE FEIRA TERMINA SEM CRIME GRAVE CONTRA A VIDA E COM SETE PRESOS PELO RECONHECIMENTO FACIAL"}]},{"@type":"WebSite","@id":"https:\/\/bahiaeconomica.com.br\/wp\/#website","url":"https:\/\/bahiaeconomica.com.br\/wp\/","name":"Bahia Economica","description":"O maior portal de Economia da Bahia","publisher":{"@id":"https:\/\/bahiaeconomica.com.br\/wp\/#organization"},"potentialAction":[{"@type":"SearchAction","target":{"@type":"EntryPoint","urlTemplate":"https:\/\/bahiaeconomica.com.br\/wp\/?s={search_term_string}"},"query-input":"required name=search_term_string"}],"inLanguage":"pt-BR"},{"@type":"Organization","@id":"https:\/\/bahiaeconomica.com.br\/wp\/#organization","name":"Bahia Econ\u00f4mica","url":"https:\/\/bahiaeconomica.com.br\/wp\/","logo":{"@type":"ImageObject","inLanguage":"pt-BR","@id":"https:\/\/bahiaeconomica.com.br\/wp\/#\/schema\/logo\/image\/","url":"https:\/\/bahiaeconomica.com.br\/wp\/wp-content\/uploads\/2020\/12\/cropped-BE.png","contentUrl":"https:\/\/bahiaeconomica.com.br\/wp\/wp-content\/uploads\/2020\/12\/cropped-BE.png","width":512,"height":512,"caption":"Bahia Econ\u00f4mica"},"image":{"@id":"https:\/\/bahiaeconomica.com.br\/wp\/#\/schema\/logo\/image\/"},"sameAs":["https:\/\/www.facebook.com\/bahiaeconomica"]},{"@type":"Person","@id":"https:\/\/bahiaeconomica.com.br\/wp\/#\/schema\/person\/c86d3a3f8960425a0f9d0e5245991f4e","name":"JP","sameAs":["https:\/\/bahiaeconomica.com.br\/wp\/beta\/"],"url":"https:\/\/bahiaeconomica.com.br\/wp\/author\/jp\/"}]}},"views":4,"_links":{"self":[{"href":"https:\/\/bahiaeconomica.com.br\/wp\/wp-json\/wp\/v2\/posts\/731133"}],"collection":[{"href":"https:\/\/bahiaeconomica.com.br\/wp\/wp-json\/wp\/v2\/posts"}],"about":[{"href":"https:\/\/bahiaeconomica.com.br\/wp\/wp-json\/wp\/v2\/types\/post"}],"author":[{"embeddable":true,"href":"https:\/\/bahiaeconomica.com.br\/wp\/wp-json\/wp\/v2\/users\/8"}],"replies":[{"embeddable":true,"href":"https:\/\/bahiaeconomica.com.br\/wp\/wp-json\/wp\/v2\/comments?post=731133"}],"version-history":[{"count":1,"href":"https:\/\/bahiaeconomica.com.br\/wp\/wp-json\/wp\/v2\/posts\/731133\/revisions"}],"predecessor-version":[{"id":731136,"href":"https:\/\/bahiaeconomica.com.br\/wp\/wp-json\/wp\/v2\/posts\/731133\/revisions\/731136"}],"wp:featuredmedia":[{"embeddable":true,"href":"https:\/\/bahiaeconomica.com.br\/wp\/wp-json\/wp\/v2\/media\/731135"}],"wp:attachment":[{"href":"https:\/\/bahiaeconomica.com.br\/wp\/wp-json\/wp\/v2\/media?parent=731133"}],"wp:term":[{"taxonomy":"category","embeddable":true,"href":"https:\/\/bahiaeconomica.com.br\/wp\/wp-json\/wp\/v2\/categories?post=731133"},{"taxonomy":"post_tag","embeddable":true,"href":"https:\/\/bahiaeconomica.com.br\/wp\/wp-json\/wp\/v2\/tags?post=731133"}],"curies":[{"name":"wp","href":"https:\/\/api.w.org\/{rel}","templated":true}]}}