{"id":729850,"date":"2023-04-17T10:07:08","date_gmt":"2023-04-17T13:07:08","guid":{"rendered":"https:\/\/bahiaeconomica.com.br\/wp\/beta\/?p=729850"},"modified":"2023-04-17T10:14:47","modified_gmt":"2023-04-17T13:14:47","slug":"lesionado-ha-dois-meses-neymar-segue-como-brasileiro-com-mais-participacoes-em-gols-na-europa","status":"publish","type":"post","link":"https:\/\/bahiaeconomica.com.br\/wp\/2023\/04\/17\/lesionado-ha-dois-meses-neymar-segue-como-brasileiro-com-mais-participacoes-em-gols-na-europa\/","title":{"rendered":"NEYMAR SEGUE COMO BRASILEIRO COM MAIS PARTICIPA\u00c7\u00d5ES EM GOLS NA EUROPA \u00a0\u00a0"},"content":{"rendered":"<p>O atacante Neymar \u00e9 o jogador brasileiro com mais participa\u00e7\u00f5es em gols nas cinco principais ligas europeias em 2022\/23.<\/p>\n<p><!--more--><\/p>\n<p>Lesionado h\u00e1 dois meses, devido a um problema no tornozelo que necessitou cirurgia, o jogador teve 24 participa\u00e7\u00f5es em gols e o segundo colocado, Gabriel Martinelli do Arsenal teve 19.<\/p>\n<p>A \u00faltima partida de Neymar aconteceu no dia 19 de fevereiro, em vit\u00f3ria por 4 a 3 sobre o Lille, pela 24\u00aa rodada do Campeonato Franc\u00eas. Autor de um gol e uma assist\u00eancia na ocasi\u00e3o, ele deixou o campo de maca, chorando, logo aos cinco minutos do segundo tempo.<\/p>\n<p>Exames constataram les\u00e3o ligamentar, e um procedimento cir\u00fargico foi realizado. O jogador de 31 anos, que j\u00e1 havia machucado o mesmo local na Copa do Mundo, s\u00f3 voltar\u00e1 a atuar em 2023\/24. A previs\u00e3o inicial de retorno foi de quatro meses. Vinicius Junior, do Real Madrid, Gabriel Jesus, do Arsenal, e Firmino, do Liverpool, s\u00e3o os atacantes que fecham o top 5 do ranking de participa\u00e7\u00f5es em gols de brasileiros nas principais ligas.<\/p>\n<p>No Franc\u00eas, Neymar segue como o segundo maior gar\u00e7om contando todos os jogadores da competi\u00e7\u00e3o, atr\u00e1s apenas de Messi, que tem 14 assist\u00eancias. Outro brasileiro aparece na terceira posi\u00e7\u00e3o, com nove: Caio Henrique, do Monaco.<\/p>\n<p>Foto: Foto: Editoria de arte<\/p>\n<p>Fonte: GE<\/p>\n","protected":false},"excerpt":{"rendered":"<p>O atacante Neymar \u00e9 o jogador brasileiro com mais participa\u00e7\u00f5es em gols nas cinco principais ligas europeias em 2022\/23.<\/p>\n","protected":false},"author":8,"featured_media":729851,"comment_status":"closed","ping_status":"closed","sticky":false,"template":"","format":"standard","meta":[],"categories":[3,4486],"tags":[835,52,1882,100],"acf":[],"yoast_head":"<!-- This site is optimized with the Yoast SEO plugin v20.8 - https:\/\/yoast.com\/wordpress\/plugins\/seo\/ -->\n<title>NEYMAR SEGUE COMO BRASILEIRO COM MAIS PARTICIPA\u00c7\u00d5ES EM GOLS NA EUROPA \u00a0\u00a0 - Bahia Economica<\/title>\n<meta name=\"description\" content=\"O atacante Neymar \u00e9 o jogador brasileiro com mais participa\u00e7\u00f5es em gols nas cinco principais ligas europeias em 2022\/23.\" \/>\n<meta name=\"robots\" content=\"index, follow, max-snippet:-1, max-image-preview:large, max-video-preview:-1\" \/>\n<link rel=\"canonical\" href=\"https:\/\/bahiaeconomica.com.br\/wp\/2023\/04\/17\/lesionado-ha-dois-meses-neymar-segue-como-brasileiro-com-mais-participacoes-em-gols-na-europa\/\" \/>\n<meta property=\"og:locale\" content=\"pt_BR\" \/>\n<meta property=\"og:type\" content=\"article\" \/>\n<meta property=\"og:title\" content=\"NEYMAR SEGUE COMO BRASILEIRO COM MAIS PARTICIPA\u00c7\u00d5ES EM GOLS NA EUROPA \u00a0\u00a0 - Bahia Economica\" \/>\n<meta property=\"og:description\" content=\"O atacante Neymar \u00e9 o jogador brasileiro com mais participa\u00e7\u00f5es em gols nas cinco principais ligas europeias em 2022\/23.\" \/>\n<meta property=\"og:url\" content=\"https:\/\/bahiaeconomica.com.br\/wp\/2023\/04\/17\/lesionado-ha-dois-meses-neymar-segue-como-brasileiro-com-mais-participacoes-em-gols-na-europa\/\" \/>\n<meta property=\"og:site_name\" content=\"Bahia Economica\" \/>\n<meta property=\"article:publisher\" content=\"https:\/\/www.facebook.com\/bahiaeconomica\" \/>\n<meta property=\"article:published_time\" content=\"2023-04-17T13:07:08+00:00\" \/>\n<meta property=\"article:modified_time\" content=\"2023-04-17T13:14:47+00:00\" \/>\n<meta property=\"og:image\" content=\"https:\/\/bahiaeconomica.com.br\/wp\/wp-content\/uploads\/2023\/04\/carrossel-brasileiros-ligas.webp\" \/>\n\t<meta property=\"og:image:width\" content=\"984\" \/>\n\t<meta property=\"og:image:height\" content=\"554\" \/>\n\t<meta property=\"og:image:type\" content=\"image\/webp\" \/>\n<meta name=\"author\" content=\"JP\" \/>\n<meta name=\"twitter:card\" content=\"summary_large_image\" \/>\n<meta name=\"twitter:label1\" content=\"Escrito por\" \/>\n\t<meta name=\"twitter:data1\" content=\"JP\" \/>\n\t<meta name=\"twitter:label2\" content=\"Est. tempo de leitura\" \/>\n\t<meta name=\"twitter:data2\" content=\"2 minutos\" \/>\n<script type=\"application\/ld+json\" class=\"yoast-schema-graph\">{\"@context\":\"https:\/\/schema.org\",\"@graph\":[{\"@type\":\"Article\",\"@id\":\"https:\/\/bahiaeconomica.com.br\/wp\/2023\/04\/17\/lesionado-ha-dois-meses-neymar-segue-como-brasileiro-com-mais-participacoes-em-gols-na-europa\/#article\",\"isPartOf\":{\"@id\":\"https:\/\/bahiaeconomica.com.br\/wp\/2023\/04\/17\/lesionado-ha-dois-meses-neymar-segue-como-brasileiro-com-mais-participacoes-em-gols-na-europa\/\"},\"author\":{\"name\":\"JP\",\"@id\":\"https:\/\/bahiaeconomica.com.br\/wp\/#\/schema\/person\/c86d3a3f8960425a0f9d0e5245991f4e\"},\"headline\":\"NEYMAR SEGUE COMO BRASILEIRO COM MAIS PARTICIPA\u00c7\u00d5ES EM GOLS NA EUROPA \u00a0\u00a0\",\"datePublished\":\"2023-04-17T13:07:08+00:00\",\"dateModified\":\"2023-04-17T13:14:47+00:00\",\"mainEntityOfPage\":{\"@id\":\"https:\/\/bahiaeconomica.com.br\/wp\/2023\/04\/17\/lesionado-ha-dois-meses-neymar-segue-como-brasileiro-com-mais-participacoes-em-gols-na-europa\/\"},\"wordCount\":230,\"publisher\":{\"@id\":\"https:\/\/bahiaeconomica.com.br\/wp\/#organization\"},\"keywords\":[\"alta\",\"Brasil\",\"neymar\",\"Pol\u00edtica\"],\"articleSection\":[\"ECONOMIA \/ POL\u00cdTICA\",\"Esporte\"],\"inLanguage\":\"pt-BR\"},{\"@type\":\"WebPage\",\"@id\":\"https:\/\/bahiaeconomica.com.br\/wp\/2023\/04\/17\/lesionado-ha-dois-meses-neymar-segue-como-brasileiro-com-mais-participacoes-em-gols-na-europa\/\",\"url\":\"https:\/\/bahiaeconomica.com.br\/wp\/2023\/04\/17\/lesionado-ha-dois-meses-neymar-segue-como-brasileiro-com-mais-participacoes-em-gols-na-europa\/\",\"name\":\"NEYMAR SEGUE COMO BRASILEIRO COM MAIS PARTICIPA\u00c7\u00d5ES EM GOLS NA EUROPA \u00a0\u00a0 - Bahia Economica\",\"isPartOf\":{\"@id\":\"https:\/\/bahiaeconomica.com.br\/wp\/#website\"},\"datePublished\":\"2023-04-17T13:07:08+00:00\",\"dateModified\":\"2023-04-17T13:14:47+00:00\",\"description\":\"O atacante Neymar \u00e9 o jogador brasileiro com mais participa\u00e7\u00f5es em gols nas cinco principais ligas europeias em 2022\/23.\",\"breadcrumb\":{\"@id\":\"https:\/\/bahiaeconomica.com.br\/wp\/2023\/04\/17\/lesionado-ha-dois-meses-neymar-segue-como-brasileiro-com-mais-participacoes-em-gols-na-europa\/#breadcrumb\"},\"inLanguage\":\"pt-BR\",\"potentialAction\":[{\"@type\":\"ReadAction\",\"target\":[\"https:\/\/bahiaeconomica.com.br\/wp\/2023\/04\/17\/lesionado-ha-dois-meses-neymar-segue-como-brasileiro-com-mais-participacoes-em-gols-na-europa\/\"]}]},{\"@type\":\"BreadcrumbList\",\"@id\":\"https:\/\/bahiaeconomica.com.br\/wp\/2023\/04\/17\/lesionado-ha-dois-meses-neymar-segue-como-brasileiro-com-mais-participacoes-em-gols-na-europa\/#breadcrumb\",\"itemListElement\":[{\"@type\":\"ListItem\",\"position\":1,\"name\":\"In\u00edcio\",\"item\":\"https:\/\/bahiaeconomica.com.br\/wp\/\"},{\"@type\":\"ListItem\",\"position\":2,\"name\":\"NEYMAR SEGUE COMO BRASILEIRO COM MAIS PARTICIPA\u00c7\u00d5ES EM GOLS NA EUROPA \u00a0\u00a0\"}]},{\"@type\":\"WebSite\",\"@id\":\"https:\/\/bahiaeconomica.com.br\/wp\/#website\",\"url\":\"https:\/\/bahiaeconomica.com.br\/wp\/\",\"name\":\"Bahia Economica\",\"description\":\"O maior portal de Economia da Bahia\",\"publisher\":{\"@id\":\"https:\/\/bahiaeconomica.com.br\/wp\/#organization\"},\"potentialAction\":[{\"@type\":\"SearchAction\",\"target\":{\"@type\":\"EntryPoint\",\"urlTemplate\":\"https:\/\/bahiaeconomica.com.br\/wp\/?s={search_term_string}\"},\"query-input\":\"required name=search_term_string\"}],\"inLanguage\":\"pt-BR\"},{\"@type\":\"Organization\",\"@id\":\"https:\/\/bahiaeconomica.com.br\/wp\/#organization\",\"name\":\"Bahia Econ\u00f4mica\",\"url\":\"https:\/\/bahiaeconomica.com.br\/wp\/\",\"logo\":{\"@type\":\"ImageObject\",\"inLanguage\":\"pt-BR\",\"@id\":\"https:\/\/bahiaeconomica.com.br\/wp\/#\/schema\/logo\/image\/\",\"url\":\"https:\/\/bahiaeconomica.com.br\/wp\/wp-content\/uploads\/2020\/12\/cropped-BE.png\",\"contentUrl\":\"https:\/\/bahiaeconomica.com.br\/wp\/wp-content\/uploads\/2020\/12\/cropped-BE.png\",\"width\":512,\"height\":512,\"caption\":\"Bahia Econ\u00f4mica\"},\"image\":{\"@id\":\"https:\/\/bahiaeconomica.com.br\/wp\/#\/schema\/logo\/image\/\"},\"sameAs\":[\"https:\/\/www.facebook.com\/bahiaeconomica\"]},{\"@type\":\"Person\",\"@id\":\"https:\/\/bahiaeconomica.com.br\/wp\/#\/schema\/person\/c86d3a3f8960425a0f9d0e5245991f4e\",\"name\":\"JP\",\"sameAs\":[\"https:\/\/bahiaeconomica.com.br\/wp\/beta\/\"],\"url\":\"https:\/\/bahiaeconomica.com.br\/wp\/author\/jp\/\"}]}<\/script>\n<!-- \/ Yoast SEO plugin. -->","yoast_head_json":{"title":"NEYMAR SEGUE COMO BRASILEIRO COM MAIS PARTICIPA\u00c7\u00d5ES EM GOLS NA EUROPA \u00a0\u00a0 - Bahia Economica","description":"O atacante Neymar \u00e9 o jogador brasileiro com mais participa\u00e7\u00f5es em gols nas cinco principais ligas europeias em 2022\/23.","robots":{"index":"index","follow":"follow","max-snippet":"max-snippet:-1","max-image-preview":"max-image-preview:large","max-video-preview":"max-video-preview:-1"},"canonical":"https:\/\/bahiaeconomica.com.br\/wp\/2023\/04\/17\/lesionado-ha-dois-meses-neymar-segue-como-brasileiro-com-mais-participacoes-em-gols-na-europa\/","og_locale":"pt_BR","og_type":"article","og_title":"NEYMAR SEGUE COMO BRASILEIRO COM MAIS PARTICIPA\u00c7\u00d5ES EM GOLS NA EUROPA \u00a0\u00a0 - Bahia Economica","og_description":"O atacante Neymar \u00e9 o jogador brasileiro com mais participa\u00e7\u00f5es em gols nas cinco principais ligas europeias em 2022\/23.","og_url":"https:\/\/bahiaeconomica.com.br\/wp\/2023\/04\/17\/lesionado-ha-dois-meses-neymar-segue-como-brasileiro-com-mais-participacoes-em-gols-na-europa\/","og_site_name":"Bahia Economica","article_publisher":"https:\/\/www.facebook.com\/bahiaeconomica","article_published_time":"2023-04-17T13:07:08+00:00","article_modified_time":"2023-04-17T13:14:47+00:00","og_image":[{"width":984,"height":554,"url":"https:\/\/bahiaeconomica.com.br\/wp\/wp-content\/uploads\/2023\/04\/carrossel-brasileiros-ligas.webp","type":"image\/webp"}],"author":"JP","twitter_card":"summary_large_image","twitter_misc":{"Escrito por":"JP","Est. tempo de leitura":"2 minutos"},"schema":{"@context":"https:\/\/schema.org","@graph":[{"@type":"Article","@id":"https:\/\/bahiaeconomica.com.br\/wp\/2023\/04\/17\/lesionado-ha-dois-meses-neymar-segue-como-brasileiro-com-mais-participacoes-em-gols-na-europa\/#article","isPartOf":{"@id":"https:\/\/bahiaeconomica.com.br\/wp\/2023\/04\/17\/lesionado-ha-dois-meses-neymar-segue-como-brasileiro-com-mais-participacoes-em-gols-na-europa\/"},"author":{"name":"JP","@id":"https:\/\/bahiaeconomica.com.br\/wp\/#\/schema\/person\/c86d3a3f8960425a0f9d0e5245991f4e"},"headline":"NEYMAR SEGUE COMO BRASILEIRO COM MAIS PARTICIPA\u00c7\u00d5ES EM GOLS NA EUROPA \u00a0\u00a0","datePublished":"2023-04-17T13:07:08+00:00","dateModified":"2023-04-17T13:14:47+00:00","mainEntityOfPage":{"@id":"https:\/\/bahiaeconomica.com.br\/wp\/2023\/04\/17\/lesionado-ha-dois-meses-neymar-segue-como-brasileiro-com-mais-participacoes-em-gols-na-europa\/"},"wordCount":230,"publisher":{"@id":"https:\/\/bahiaeconomica.com.br\/wp\/#organization"},"keywords":["alta","Brasil","neymar","Pol\u00edtica"],"articleSection":["ECONOMIA \/ POL\u00cdTICA","Esporte"],"inLanguage":"pt-BR"},{"@type":"WebPage","@id":"https:\/\/bahiaeconomica.com.br\/wp\/2023\/04\/17\/lesionado-ha-dois-meses-neymar-segue-como-brasileiro-com-mais-participacoes-em-gols-na-europa\/","url":"https:\/\/bahiaeconomica.com.br\/wp\/2023\/04\/17\/lesionado-ha-dois-meses-neymar-segue-como-brasileiro-com-mais-participacoes-em-gols-na-europa\/","name":"NEYMAR SEGUE COMO BRASILEIRO COM MAIS PARTICIPA\u00c7\u00d5ES EM GOLS NA EUROPA \u00a0\u00a0 - Bahia Economica","isPartOf":{"@id":"https:\/\/bahiaeconomica.com.br\/wp\/#website"},"datePublished":"2023-04-17T13:07:08+00:00","dateModified":"2023-04-17T13:14:47+00:00","description":"O atacante Neymar \u00e9 o jogador brasileiro com mais participa\u00e7\u00f5es em gols nas cinco principais ligas europeias em 2022\/23.","breadcrumb":{"@id":"https:\/\/bahiaeconomica.com.br\/wp\/2023\/04\/17\/lesionado-ha-dois-meses-neymar-segue-como-brasileiro-com-mais-participacoes-em-gols-na-europa\/#breadcrumb"},"inLanguage":"pt-BR","potentialAction":[{"@type":"ReadAction","target":["https:\/\/bahiaeconomica.com.br\/wp\/2023\/04\/17\/lesionado-ha-dois-meses-neymar-segue-como-brasileiro-com-mais-participacoes-em-gols-na-europa\/"]}]},{"@type":"BreadcrumbList","@id":"https:\/\/bahiaeconomica.com.br\/wp\/2023\/04\/17\/lesionado-ha-dois-meses-neymar-segue-como-brasileiro-com-mais-participacoes-em-gols-na-europa\/#breadcrumb","itemListElement":[{"@type":"ListItem","position":1,"name":"In\u00edcio","item":"https:\/\/bahiaeconomica.com.br\/wp\/"},{"@type":"ListItem","position":2,"name":"NEYMAR SEGUE COMO BRASILEIRO COM MAIS PARTICIPA\u00c7\u00d5ES EM GOLS NA EUROPA \u00a0\u00a0"}]},{"@type":"WebSite","@id":"https:\/\/bahiaeconomica.com.br\/wp\/#website","url":"https:\/\/bahiaeconomica.com.br\/wp\/","name":"Bahia Economica","description":"O maior portal de Economia da Bahia","publisher":{"@id":"https:\/\/bahiaeconomica.com.br\/wp\/#organization"},"potentialAction":[{"@type":"SearchAction","target":{"@type":"EntryPoint","urlTemplate":"https:\/\/bahiaeconomica.com.br\/wp\/?s={search_term_string}"},"query-input":"required name=search_term_string"}],"inLanguage":"pt-BR"},{"@type":"Organization","@id":"https:\/\/bahiaeconomica.com.br\/wp\/#organization","name":"Bahia Econ\u00f4mica","url":"https:\/\/bahiaeconomica.com.br\/wp\/","logo":{"@type":"ImageObject","inLanguage":"pt-BR","@id":"https:\/\/bahiaeconomica.com.br\/wp\/#\/schema\/logo\/image\/","url":"https:\/\/bahiaeconomica.com.br\/wp\/wp-content\/uploads\/2020\/12\/cropped-BE.png","contentUrl":"https:\/\/bahiaeconomica.com.br\/wp\/wp-content\/uploads\/2020\/12\/cropped-BE.png","width":512,"height":512,"caption":"Bahia Econ\u00f4mica"},"image":{"@id":"https:\/\/bahiaeconomica.com.br\/wp\/#\/schema\/logo\/image\/"},"sameAs":["https:\/\/www.facebook.com\/bahiaeconomica"]},{"@type":"Person","@id":"https:\/\/bahiaeconomica.com.br\/wp\/#\/schema\/person\/c86d3a3f8960425a0f9d0e5245991f4e","name":"JP","sameAs":["https:\/\/bahiaeconomica.com.br\/wp\/beta\/"],"url":"https:\/\/bahiaeconomica.com.br\/wp\/author\/jp\/"}]}},"views":13,"_links":{"self":[{"href":"https:\/\/bahiaeconomica.com.br\/wp\/wp-json\/wp\/v2\/posts\/729850"}],"collection":[{"href":"https:\/\/bahiaeconomica.com.br\/wp\/wp-json\/wp\/v2\/posts"}],"about":[{"href":"https:\/\/bahiaeconomica.com.br\/wp\/wp-json\/wp\/v2\/types\/post"}],"author":[{"embeddable":true,"href":"https:\/\/bahiaeconomica.com.br\/wp\/wp-json\/wp\/v2\/users\/8"}],"replies":[{"embeddable":true,"href":"https:\/\/bahiaeconomica.com.br\/wp\/wp-json\/wp\/v2\/comments?post=729850"}],"version-history":[{"count":2,"href":"https:\/\/bahiaeconomica.com.br\/wp\/wp-json\/wp\/v2\/posts\/729850\/revisions"}],"predecessor-version":[{"id":729863,"href":"https:\/\/bahiaeconomica.com.br\/wp\/wp-json\/wp\/v2\/posts\/729850\/revisions\/729863"}],"wp:featuredmedia":[{"embeddable":true,"href":"https:\/\/bahiaeconomica.com.br\/wp\/wp-json\/wp\/v2\/media\/729851"}],"wp:attachment":[{"href":"https:\/\/bahiaeconomica.com.br\/wp\/wp-json\/wp\/v2\/media?parent=729850"}],"wp:term":[{"taxonomy":"category","embeddable":true,"href":"https:\/\/bahiaeconomica.com.br\/wp\/wp-json\/wp\/v2\/categories?post=729850"},{"taxonomy":"post_tag","embeddable":true,"href":"https:\/\/bahiaeconomica.com.br\/wp\/wp-json\/wp\/v2\/tags?post=729850"}],"curies":[{"name":"wp","href":"https:\/\/api.w.org\/{rel}","templated":true}]}}