{"id":728524,"date":"2023-04-10T12:08:54","date_gmt":"2023-04-10T15:08:54","guid":{"rendered":"https:\/\/bahiaeconomica.com.br\/wp\/beta\/?p=728524"},"modified":"2023-04-10T12:09:26","modified_gmt":"2023-04-10T15:09:26","slug":"prazo-para-justificativa-de-ausencia-no-encceja-acaba-dia-14","status":"publish","type":"post","link":"https:\/\/bahiaeconomica.com.br\/wp\/2023\/04\/10\/prazo-para-justificativa-de-ausencia-no-encceja-acaba-dia-14\/","title":{"rendered":"PRAZO PARA JUSTIFICATIVA DE AUS\u00caNCIA NO ENCCEJA ACABA DIA 14"},"content":{"rendered":"<p>O prazo para apresenta\u00e7\u00e3o de justificativa de aus\u00eancia na edi\u00e7\u00e3o de 2022 do Exame Nacional para Certifica\u00e7\u00e3o de Compet\u00eancias de Jovens e Adultos (Encceja) terminar\u00e1 na pr\u00f3xima sexta-feira (14). A justificativa \u00e9 necess\u00e1ria aos candidatos que desejam participar gratuitamente da edi\u00e7\u00e3o 2023 do exame.<\/p>\n<p><!--more--><\/p>\n<p>Quem n\u00e3o justificar a aus\u00eancia precisar\u00e1 pagar uma taxa de R$ 40 ao Instituto Nacional de Estudos e Pesquisas Educacionais An\u00edsio Teixeira (Inep), \u00f3rg\u00e3o respons\u00e1vel pela prova. A justificativa deve ser acompanhada de documentos com data e assinatura \u00a0que comprovem o motivo da falta ao Encceja 2022.<\/p>\n<p><strong>An\u00e1lise<\/strong><\/p>\n<p>As solicita\u00e7\u00f5es ser\u00e3o analisadas pelo Inep, e o resultado tem divulga\u00e7\u00e3o prevista para a partir de 24 de abril, data em que ter\u00e1 in\u00edcio o prazo para que o candidato apresente recurso. Todo o procedimento \u00e9 realizado por meio do Sistema Encceja. Se a justificativa de aus\u00eancia for aprovada, o participante fica apto a se inscrever de forma gratuita no Encceja 2023, cujas inscri\u00e7\u00f5es dever\u00e3o ser realizadas entre os dias 22 de maio e 2 de junho.<\/p>\n<p>O Encceja \u00e9 aplicado desde 2022 com o objetivo de possibilitar a retomada da trajet\u00f3ria escolar por jovens e adultos que completaram os estudos na idade apropriada. Caso seja aprovado, o participante pode ter acesso a certificados de conclus\u00e3o dos ensinos fundamental e m\u00e9dio.<\/p>\n<p>Fonte: Ag\u00eancia Brasil<br \/>\nFoto: Divulga\u00e7\u00e3o\/MEC<\/p>\n","protected":false},"excerpt":{"rendered":"<p>O prazo para apresenta\u00e7\u00e3o de justificativa de aus\u00eancia na edi\u00e7\u00e3o de 2022 do Exame Nacional para Certifica\u00e7\u00e3o de Compet\u00eancias de Jovens e Adultos (Encceja) terminar\u00e1 na pr\u00f3xima sexta-feira (14). A justificativa \u00e9 necess\u00e1ria aos candidatos que desejam participar gratuitamente da edi\u00e7\u00e3o 2023 do exame.<\/p>\n","protected":false},"author":10,"featured_media":728525,"comment_status":"closed","ping_status":"closed","sticky":false,"template":"","format":"standard","meta":[],"categories":[21],"tags":[10580],"acf":[],"yoast_head":"<!-- This site is optimized with the Yoast SEO plugin v20.8 - https:\/\/yoast.com\/wordpress\/plugins\/seo\/ -->\n<title>PRAZO PARA JUSTIFICATIVA DE AUS\u00caNCIA NO ENCCEJA ACABA DIA 14 - Bahia Economica<\/title>\n<meta name=\"description\" content=\"O maior portal de Economia da Bahia Sa\u00fade \/ Educa\u00e7\u00e3o Bahia Economica\" \/>\n<meta name=\"robots\" content=\"index, follow, max-snippet:-1, max-image-preview:large, max-video-preview:-1\" \/>\n<link rel=\"canonical\" href=\"https:\/\/bahiaeconomica.com.br\/wp\/2023\/04\/10\/prazo-para-justificativa-de-ausencia-no-encceja-acaba-dia-14\/\" \/>\n<meta property=\"og:locale\" content=\"pt_BR\" \/>\n<meta property=\"og:type\" content=\"article\" \/>\n<meta property=\"og:title\" content=\"PRAZO PARA JUSTIFICATIVA DE AUS\u00caNCIA NO ENCCEJA ACABA DIA 14 - Bahia Economica\" \/>\n<meta property=\"og:description\" content=\"O maior portal de Economia da Bahia Sa\u00fade \/ Educa\u00e7\u00e3o Bahia Economica\" \/>\n<meta property=\"og:url\" content=\"https:\/\/bahiaeconomica.com.br\/wp\/2023\/04\/10\/prazo-para-justificativa-de-ausencia-no-encceja-acaba-dia-14\/\" \/>\n<meta property=\"og:site_name\" content=\"Bahia Economica\" \/>\n<meta property=\"article:publisher\" content=\"https:\/\/www.facebook.com\/bahiaeconomica\" \/>\n<meta property=\"article:published_time\" content=\"2023-04-10T15:08:54+00:00\" \/>\n<meta property=\"article:modified_time\" content=\"2023-04-10T15:09:26+00:00\" \/>\n<meta property=\"og:image\" content=\"https:\/\/bahiaeconomica.com.br\/wp\/wp-content\/uploads\/2023\/04\/divugacao-mec.jpeg\" \/>\n\t<meta property=\"og:image:width\" content=\"1170\" \/>\n\t<meta property=\"og:image:height\" content=\"700\" \/>\n\t<meta property=\"og:image:type\" content=\"image\/jpeg\" \/>\n<meta name=\"author\" content=\"NM\" \/>\n<meta name=\"twitter:card\" content=\"summary_large_image\" \/>\n<meta name=\"twitter:label1\" content=\"Escrito por\" \/>\n\t<meta name=\"twitter:data1\" content=\"NM\" \/>\n\t<meta name=\"twitter:label2\" content=\"Est. tempo de leitura\" \/>\n\t<meta name=\"twitter:data2\" content=\"2 minutos\" \/>\n<script type=\"application\/ld+json\" class=\"yoast-schema-graph\">{\"@context\":\"https:\/\/schema.org\",\"@graph\":[{\"@type\":\"Article\",\"@id\":\"https:\/\/bahiaeconomica.com.br\/wp\/2023\/04\/10\/prazo-para-justificativa-de-ausencia-no-encceja-acaba-dia-14\/#article\",\"isPartOf\":{\"@id\":\"https:\/\/bahiaeconomica.com.br\/wp\/2023\/04\/10\/prazo-para-justificativa-de-ausencia-no-encceja-acaba-dia-14\/\"},\"author\":{\"name\":\"NM\",\"@id\":\"https:\/\/bahiaeconomica.com.br\/wp\/#\/schema\/person\/638522c9d72fb94b4c1672ac86537fef\"},\"headline\":\"PRAZO PARA JUSTIFICATIVA DE AUS\u00caNCIA NO ENCCEJA ACABA DIA 14\",\"datePublished\":\"2023-04-10T15:08:54+00:00\",\"dateModified\":\"2023-04-10T15:09:26+00:00\",\"mainEntityOfPage\":{\"@id\":\"https:\/\/bahiaeconomica.com.br\/wp\/2023\/04\/10\/prazo-para-justificativa-de-ausencia-no-encceja-acaba-dia-14\/\"},\"wordCount\":242,\"publisher\":{\"@id\":\"https:\/\/bahiaeconomica.com.br\/wp\/#organization\"},\"keywords\":[\"encceja\"],\"articleSection\":[\"Sa\u00fade \/ Educa\u00e7\u00e3o\"],\"inLanguage\":\"pt-BR\"},{\"@type\":\"WebPage\",\"@id\":\"https:\/\/bahiaeconomica.com.br\/wp\/2023\/04\/10\/prazo-para-justificativa-de-ausencia-no-encceja-acaba-dia-14\/\",\"url\":\"https:\/\/bahiaeconomica.com.br\/wp\/2023\/04\/10\/prazo-para-justificativa-de-ausencia-no-encceja-acaba-dia-14\/\",\"name\":\"PRAZO PARA JUSTIFICATIVA DE AUS\u00caNCIA NO ENCCEJA ACABA DIA 14 - Bahia Economica\",\"isPartOf\":{\"@id\":\"https:\/\/bahiaeconomica.com.br\/wp\/#website\"},\"datePublished\":\"2023-04-10T15:08:54+00:00\",\"dateModified\":\"2023-04-10T15:09:26+00:00\",\"description\":\"O maior portal de Economia da Bahia Sa\u00fade \/ Educa\u00e7\u00e3o Bahia Economica\",\"breadcrumb\":{\"@id\":\"https:\/\/bahiaeconomica.com.br\/wp\/2023\/04\/10\/prazo-para-justificativa-de-ausencia-no-encceja-acaba-dia-14\/#breadcrumb\"},\"inLanguage\":\"pt-BR\",\"potentialAction\":[{\"@type\":\"ReadAction\",\"target\":[\"https:\/\/bahiaeconomica.com.br\/wp\/2023\/04\/10\/prazo-para-justificativa-de-ausencia-no-encceja-acaba-dia-14\/\"]}]},{\"@type\":\"BreadcrumbList\",\"@id\":\"https:\/\/bahiaeconomica.com.br\/wp\/2023\/04\/10\/prazo-para-justificativa-de-ausencia-no-encceja-acaba-dia-14\/#breadcrumb\",\"itemListElement\":[{\"@type\":\"ListItem\",\"position\":1,\"name\":\"In\u00edcio\",\"item\":\"https:\/\/bahiaeconomica.com.br\/wp\/\"},{\"@type\":\"ListItem\",\"position\":2,\"name\":\"PRAZO PARA JUSTIFICATIVA DE AUS\u00caNCIA NO ENCCEJA ACABA DIA 14\"}]},{\"@type\":\"WebSite\",\"@id\":\"https:\/\/bahiaeconomica.com.br\/wp\/#website\",\"url\":\"https:\/\/bahiaeconomica.com.br\/wp\/\",\"name\":\"Bahia Economica\",\"description\":\"O maior portal de Economia da Bahia\",\"publisher\":{\"@id\":\"https:\/\/bahiaeconomica.com.br\/wp\/#organization\"},\"potentialAction\":[{\"@type\":\"SearchAction\",\"target\":{\"@type\":\"EntryPoint\",\"urlTemplate\":\"https:\/\/bahiaeconomica.com.br\/wp\/?s={search_term_string}\"},\"query-input\":\"required name=search_term_string\"}],\"inLanguage\":\"pt-BR\"},{\"@type\":\"Organization\",\"@id\":\"https:\/\/bahiaeconomica.com.br\/wp\/#organization\",\"name\":\"Bahia Econ\u00f4mica\",\"url\":\"https:\/\/bahiaeconomica.com.br\/wp\/\",\"logo\":{\"@type\":\"ImageObject\",\"inLanguage\":\"pt-BR\",\"@id\":\"https:\/\/bahiaeconomica.com.br\/wp\/#\/schema\/logo\/image\/\",\"url\":\"https:\/\/bahiaeconomica.com.br\/wp\/wp-content\/uploads\/2020\/12\/cropped-BE.png\",\"contentUrl\":\"https:\/\/bahiaeconomica.com.br\/wp\/wp-content\/uploads\/2020\/12\/cropped-BE.png\",\"width\":512,\"height\":512,\"caption\":\"Bahia Econ\u00f4mica\"},\"image\":{\"@id\":\"https:\/\/bahiaeconomica.com.br\/wp\/#\/schema\/logo\/image\/\"},\"sameAs\":[\"https:\/\/www.facebook.com\/bahiaeconomica\"]},{\"@type\":\"Person\",\"@id\":\"https:\/\/bahiaeconomica.com.br\/wp\/#\/schema\/person\/638522c9d72fb94b4c1672ac86537fef\",\"name\":\"NM\",\"sameAs\":[\"https:\/\/bahiaeconomica.com.br\/wp\/beta\/\"],\"url\":\"https:\/\/bahiaeconomica.com.br\/wp\/author\/nm\/\"}]}<\/script>\n<!-- \/ Yoast SEO plugin. -->","yoast_head_json":{"title":"PRAZO PARA JUSTIFICATIVA DE AUS\u00caNCIA NO ENCCEJA ACABA DIA 14 - Bahia Economica","description":"O maior portal de Economia da Bahia Sa\u00fade \/ Educa\u00e7\u00e3o Bahia Economica","robots":{"index":"index","follow":"follow","max-snippet":"max-snippet:-1","max-image-preview":"max-image-preview:large","max-video-preview":"max-video-preview:-1"},"canonical":"https:\/\/bahiaeconomica.com.br\/wp\/2023\/04\/10\/prazo-para-justificativa-de-ausencia-no-encceja-acaba-dia-14\/","og_locale":"pt_BR","og_type":"article","og_title":"PRAZO PARA JUSTIFICATIVA DE AUS\u00caNCIA NO ENCCEJA ACABA DIA 14 - Bahia Economica","og_description":"O maior portal de Economia da Bahia Sa\u00fade \/ Educa\u00e7\u00e3o Bahia Economica","og_url":"https:\/\/bahiaeconomica.com.br\/wp\/2023\/04\/10\/prazo-para-justificativa-de-ausencia-no-encceja-acaba-dia-14\/","og_site_name":"Bahia Economica","article_publisher":"https:\/\/www.facebook.com\/bahiaeconomica","article_published_time":"2023-04-10T15:08:54+00:00","article_modified_time":"2023-04-10T15:09:26+00:00","og_image":[{"width":1170,"height":700,"url":"https:\/\/bahiaeconomica.com.br\/wp\/wp-content\/uploads\/2023\/04\/divugacao-mec.jpeg","type":"image\/jpeg"}],"author":"NM","twitter_card":"summary_large_image","twitter_misc":{"Escrito por":"NM","Est. tempo de leitura":"2 minutos"},"schema":{"@context":"https:\/\/schema.org","@graph":[{"@type":"Article","@id":"https:\/\/bahiaeconomica.com.br\/wp\/2023\/04\/10\/prazo-para-justificativa-de-ausencia-no-encceja-acaba-dia-14\/#article","isPartOf":{"@id":"https:\/\/bahiaeconomica.com.br\/wp\/2023\/04\/10\/prazo-para-justificativa-de-ausencia-no-encceja-acaba-dia-14\/"},"author":{"name":"NM","@id":"https:\/\/bahiaeconomica.com.br\/wp\/#\/schema\/person\/638522c9d72fb94b4c1672ac86537fef"},"headline":"PRAZO PARA JUSTIFICATIVA DE AUS\u00caNCIA NO ENCCEJA ACABA DIA 14","datePublished":"2023-04-10T15:08:54+00:00","dateModified":"2023-04-10T15:09:26+00:00","mainEntityOfPage":{"@id":"https:\/\/bahiaeconomica.com.br\/wp\/2023\/04\/10\/prazo-para-justificativa-de-ausencia-no-encceja-acaba-dia-14\/"},"wordCount":242,"publisher":{"@id":"https:\/\/bahiaeconomica.com.br\/wp\/#organization"},"keywords":["encceja"],"articleSection":["Sa\u00fade \/ Educa\u00e7\u00e3o"],"inLanguage":"pt-BR"},{"@type":"WebPage","@id":"https:\/\/bahiaeconomica.com.br\/wp\/2023\/04\/10\/prazo-para-justificativa-de-ausencia-no-encceja-acaba-dia-14\/","url":"https:\/\/bahiaeconomica.com.br\/wp\/2023\/04\/10\/prazo-para-justificativa-de-ausencia-no-encceja-acaba-dia-14\/","name":"PRAZO PARA JUSTIFICATIVA DE AUS\u00caNCIA NO ENCCEJA ACABA DIA 14 - Bahia Economica","isPartOf":{"@id":"https:\/\/bahiaeconomica.com.br\/wp\/#website"},"datePublished":"2023-04-10T15:08:54+00:00","dateModified":"2023-04-10T15:09:26+00:00","description":"O maior portal de Economia da Bahia Sa\u00fade \/ Educa\u00e7\u00e3o Bahia Economica","breadcrumb":{"@id":"https:\/\/bahiaeconomica.com.br\/wp\/2023\/04\/10\/prazo-para-justificativa-de-ausencia-no-encceja-acaba-dia-14\/#breadcrumb"},"inLanguage":"pt-BR","potentialAction":[{"@type":"ReadAction","target":["https:\/\/bahiaeconomica.com.br\/wp\/2023\/04\/10\/prazo-para-justificativa-de-ausencia-no-encceja-acaba-dia-14\/"]}]},{"@type":"BreadcrumbList","@id":"https:\/\/bahiaeconomica.com.br\/wp\/2023\/04\/10\/prazo-para-justificativa-de-ausencia-no-encceja-acaba-dia-14\/#breadcrumb","itemListElement":[{"@type":"ListItem","position":1,"name":"In\u00edcio","item":"https:\/\/bahiaeconomica.com.br\/wp\/"},{"@type":"ListItem","position":2,"name":"PRAZO PARA JUSTIFICATIVA DE AUS\u00caNCIA NO ENCCEJA ACABA DIA 14"}]},{"@type":"WebSite","@id":"https:\/\/bahiaeconomica.com.br\/wp\/#website","url":"https:\/\/bahiaeconomica.com.br\/wp\/","name":"Bahia Economica","description":"O maior portal de Economia da Bahia","publisher":{"@id":"https:\/\/bahiaeconomica.com.br\/wp\/#organization"},"potentialAction":[{"@type":"SearchAction","target":{"@type":"EntryPoint","urlTemplate":"https:\/\/bahiaeconomica.com.br\/wp\/?s={search_term_string}"},"query-input":"required name=search_term_string"}],"inLanguage":"pt-BR"},{"@type":"Organization","@id":"https:\/\/bahiaeconomica.com.br\/wp\/#organization","name":"Bahia Econ\u00f4mica","url":"https:\/\/bahiaeconomica.com.br\/wp\/","logo":{"@type":"ImageObject","inLanguage":"pt-BR","@id":"https:\/\/bahiaeconomica.com.br\/wp\/#\/schema\/logo\/image\/","url":"https:\/\/bahiaeconomica.com.br\/wp\/wp-content\/uploads\/2020\/12\/cropped-BE.png","contentUrl":"https:\/\/bahiaeconomica.com.br\/wp\/wp-content\/uploads\/2020\/12\/cropped-BE.png","width":512,"height":512,"caption":"Bahia Econ\u00f4mica"},"image":{"@id":"https:\/\/bahiaeconomica.com.br\/wp\/#\/schema\/logo\/image\/"},"sameAs":["https:\/\/www.facebook.com\/bahiaeconomica"]},{"@type":"Person","@id":"https:\/\/bahiaeconomica.com.br\/wp\/#\/schema\/person\/638522c9d72fb94b4c1672ac86537fef","name":"NM","sameAs":["https:\/\/bahiaeconomica.com.br\/wp\/beta\/"],"url":"https:\/\/bahiaeconomica.com.br\/wp\/author\/nm\/"}]}},"views":4,"_links":{"self":[{"href":"https:\/\/bahiaeconomica.com.br\/wp\/wp-json\/wp\/v2\/posts\/728524"}],"collection":[{"href":"https:\/\/bahiaeconomica.com.br\/wp\/wp-json\/wp\/v2\/posts"}],"about":[{"href":"https:\/\/bahiaeconomica.com.br\/wp\/wp-json\/wp\/v2\/types\/post"}],"author":[{"embeddable":true,"href":"https:\/\/bahiaeconomica.com.br\/wp\/wp-json\/wp\/v2\/users\/10"}],"replies":[{"embeddable":true,"href":"https:\/\/bahiaeconomica.com.br\/wp\/wp-json\/wp\/v2\/comments?post=728524"}],"version-history":[{"count":1,"href":"https:\/\/bahiaeconomica.com.br\/wp\/wp-json\/wp\/v2\/posts\/728524\/revisions"}],"predecessor-version":[{"id":728526,"href":"https:\/\/bahiaeconomica.com.br\/wp\/wp-json\/wp\/v2\/posts\/728524\/revisions\/728526"}],"wp:featuredmedia":[{"embeddable":true,"href":"https:\/\/bahiaeconomica.com.br\/wp\/wp-json\/wp\/v2\/media\/728525"}],"wp:attachment":[{"href":"https:\/\/bahiaeconomica.com.br\/wp\/wp-json\/wp\/v2\/media?parent=728524"}],"wp:term":[{"taxonomy":"category","embeddable":true,"href":"https:\/\/bahiaeconomica.com.br\/wp\/wp-json\/wp\/v2\/categories?post=728524"},{"taxonomy":"post_tag","embeddable":true,"href":"https:\/\/bahiaeconomica.com.br\/wp\/wp-json\/wp\/v2\/tags?post=728524"}],"curies":[{"name":"wp","href":"https:\/\/api.w.org\/{rel}","templated":true}]}}