{"id":728314,"date":"2023-04-08T18:00:56","date_gmt":"2023-04-08T21:00:56","guid":{"rendered":"https:\/\/bahiaeconomica.com.br\/wp\/beta\/?p=728314"},"modified":"2023-04-08T10:31:20","modified_gmt":"2023-04-08T13:31:20","slug":"prorrogadas-as-inscricoes-para-pos-graduacao-na-ufba","status":"publish","type":"post","link":"https:\/\/bahiaeconomica.com.br\/wp\/2023\/04\/08\/prorrogadas-as-inscricoes-para-pos-graduacao-na-ufba\/","title":{"rendered":"PRORROGADAS AS INSCRI\u00c7\u00d5ES PARA P\u00d3S-GRADUA\u00c7\u00c3O NA UFBA"},"content":{"rendered":"<p>As inscri\u00e7\u00f5es para o curso de p\u00f3s-gradua\u00e7\u00e3o em Empreendedorismo e Gest\u00e3o de Neg\u00f3cios da Escola de Administra\u00e7\u00e3o da (UFBA) foram prorrogadas: os interessados devem se inscrever at\u00e9 dia 14 de abril, atrav\u00e9s do site do certame.<\/p>\n<p><!--more--><\/p>\n<p>O corpo docente do curso conta com empres\u00e1rios, membros de startups, profissionais do ecossistema de empreendedorismo e professores doutores com forma\u00e7\u00e3o nas melhores universidades do pa\u00eds e do mundo (UFBA, USP, New York University, Texas University, Boston University, UFMG, UFRGS, ITA, FGV, Complutense de Madrid, dentre outras).<\/p>\n<p>Segundo o professor Dr. Jo\u00e3o Tude, coordenador do curso, a especializa\u00e7\u00e3o visa aprimorar os conhecimentos de Gest\u00e3o de empreendedores de diversas \u00e1reas (como sa\u00fade, engenharia, direito, gastronomia, entre outros) para conduzir um neg\u00f3cio, utilizando, para isso, metodologias inovadoras e integradas ao ecossistema de empreendedorismo da Bahia. Mais informa\u00e7\u00f5es sobre valor da mensalidade do curso e detalhes sobre o conte\u00fado abordado est\u00e3o dispon\u00edveis no site: http:\/\/www.empreenderufba.com. O prazo de inscri\u00e7\u00f5es para uma das vagas para alunos bolsistas j\u00e1 est\u00e1 encerrado.<\/p>\n<p>Servi\u00e7o<\/p>\n<p>O qu\u00ea: Inscri\u00e7\u00f5es abertas para curso de p\u00f3s-gradua\u00e7\u00e3o em Empreendedorismo e Gest\u00e3o de Neg\u00f3cios da Escola de Administra\u00e7\u00e3o da (UFBA)<\/p>\n<p>Quando: at\u00e9 14 de abril de 2023<\/p>\n<p>Informa\u00e7\u00f5es: http:\/\/www.empreenderufba.com<\/p>\n<p>Instagram: @empreenderufba<\/p>\n<p>Contato: empreenderufba@gmail.com<\/p>\n<p>Whatsapp: +55 71 9.8467-1450<\/p>\n<p>Fonte: Assessoria<\/p>\n<p>Foto: Foto: Reprodu\u00e7\u00e3o\/ TV Bahia<\/p>\n","protected":false},"excerpt":{"rendered":"<p>As inscri\u00e7\u00f5es para o curso de p\u00f3s-gradua\u00e7\u00e3o em Empreendedorismo e Gest\u00e3o de Neg\u00f3cios da Escola de Administra\u00e7\u00e3o da (UFBA) foram prorrogadas: os interessados devem se inscrever at\u00e9 dia 14 de abril, atrav\u00e9s do site do certame.<\/p>\n","protected":false},"author":8,"featured_media":728315,"comment_status":"closed","ping_status":"closed","sticky":false,"template":"","format":"standard","meta":[],"categories":[14,3,21],"tags":[835,52,1086,100,1274],"acf":[],"yoast_head":"<!-- This site is optimized with the Yoast SEO plugin v20.8 - https:\/\/yoast.com\/wordpress\/plugins\/seo\/ -->\n<title>PRORROGADAS AS INSCRI\u00c7\u00d5ES PARA P\u00d3S-GRADUA\u00c7\u00c3O NA UFBA - Bahia Economica<\/title>\n<meta name=\"description\" content=\"As inscri\u00e7\u00f5es para o curso de p\u00f3s-gradua\u00e7\u00e3o em Empreendedorismo e Gest\u00e3o de Neg\u00f3cios da Escola de Administra\u00e7\u00e3o da (UFBA)\" \/>\n<meta name=\"robots\" content=\"index, follow, max-snippet:-1, max-image-preview:large, max-video-preview:-1\" \/>\n<link rel=\"canonical\" href=\"https:\/\/bahiaeconomica.com.br\/wp\/2023\/04\/08\/prorrogadas-as-inscricoes-para-pos-graduacao-na-ufba\/\" \/>\n<meta property=\"og:locale\" content=\"pt_BR\" \/>\n<meta property=\"og:type\" content=\"article\" \/>\n<meta property=\"og:title\" content=\"PRORROGADAS AS INSCRI\u00c7\u00d5ES PARA P\u00d3S-GRADUA\u00c7\u00c3O NA UFBA - Bahia Economica\" \/>\n<meta property=\"og:description\" content=\"As inscri\u00e7\u00f5es para o curso de p\u00f3s-gradua\u00e7\u00e3o em Empreendedorismo e Gest\u00e3o de Neg\u00f3cios da Escola de Administra\u00e7\u00e3o da (UFBA)\" \/>\n<meta property=\"og:url\" content=\"https:\/\/bahiaeconomica.com.br\/wp\/2023\/04\/08\/prorrogadas-as-inscricoes-para-pos-graduacao-na-ufba\/\" \/>\n<meta property=\"og:site_name\" content=\"Bahia Economica\" \/>\n<meta property=\"article:publisher\" content=\"https:\/\/www.facebook.com\/bahiaeconomica\" \/>\n<meta property=\"article:published_time\" content=\"2023-04-08T21:00:56+00:00\" \/>\n<meta property=\"article:modified_time\" content=\"2023-04-08T13:31:20+00:00\" \/>\n<meta property=\"og:image\" content=\"https:\/\/bahiaeconomica.com.br\/wp\/wp-content\/uploads\/2023\/04\/ufba.webp\" \/>\n\t<meta property=\"og:image:width\" content=\"984\" \/>\n\t<meta property=\"og:image:height\" content=\"517\" \/>\n\t<meta property=\"og:image:type\" content=\"image\/webp\" \/>\n<meta name=\"author\" content=\"JP\" \/>\n<meta name=\"twitter:card\" content=\"summary_large_image\" \/>\n<meta name=\"twitter:label1\" content=\"Escrito por\" \/>\n\t<meta name=\"twitter:data1\" content=\"JP\" \/>\n\t<meta name=\"twitter:label2\" content=\"Est. tempo de leitura\" \/>\n\t<meta name=\"twitter:data2\" content=\"2 minutos\" \/>\n<script type=\"application\/ld+json\" class=\"yoast-schema-graph\">{\"@context\":\"https:\/\/schema.org\",\"@graph\":[{\"@type\":\"Article\",\"@id\":\"https:\/\/bahiaeconomica.com.br\/wp\/2023\/04\/08\/prorrogadas-as-inscricoes-para-pos-graduacao-na-ufba\/#article\",\"isPartOf\":{\"@id\":\"https:\/\/bahiaeconomica.com.br\/wp\/2023\/04\/08\/prorrogadas-as-inscricoes-para-pos-graduacao-na-ufba\/\"},\"author\":{\"name\":\"JP\",\"@id\":\"https:\/\/bahiaeconomica.com.br\/wp\/#\/schema\/person\/c86d3a3f8960425a0f9d0e5245991f4e\"},\"headline\":\"PRORROGADAS AS INSCRI\u00c7\u00d5ES PARA P\u00d3S-GRADUA\u00c7\u00c3O NA UFBA\",\"datePublished\":\"2023-04-08T21:00:56+00:00\",\"dateModified\":\"2023-04-08T13:31:20+00:00\",\"mainEntityOfPage\":{\"@id\":\"https:\/\/bahiaeconomica.com.br\/wp\/2023\/04\/08\/prorrogadas-as-inscricoes-para-pos-graduacao-na-ufba\/\"},\"wordCount\":249,\"publisher\":{\"@id\":\"https:\/\/bahiaeconomica.com.br\/wp\/#organization\"},\"keywords\":[\"alta\",\"Brasil\",\"novidade\",\"Pol\u00edtica\",\"ufba\"],\"articleSection\":[\"DESTAQUE DO DIA\",\"ECONOMIA \/ POL\u00cdTICA\",\"Sa\u00fade \/ Educa\u00e7\u00e3o\"],\"inLanguage\":\"pt-BR\"},{\"@type\":\"WebPage\",\"@id\":\"https:\/\/bahiaeconomica.com.br\/wp\/2023\/04\/08\/prorrogadas-as-inscricoes-para-pos-graduacao-na-ufba\/\",\"url\":\"https:\/\/bahiaeconomica.com.br\/wp\/2023\/04\/08\/prorrogadas-as-inscricoes-para-pos-graduacao-na-ufba\/\",\"name\":\"PRORROGADAS AS INSCRI\u00c7\u00d5ES PARA P\u00d3S-GRADUA\u00c7\u00c3O NA UFBA - Bahia Economica\",\"isPartOf\":{\"@id\":\"https:\/\/bahiaeconomica.com.br\/wp\/#website\"},\"datePublished\":\"2023-04-08T21:00:56+00:00\",\"dateModified\":\"2023-04-08T13:31:20+00:00\",\"description\":\"As inscri\u00e7\u00f5es para o curso de p\u00f3s-gradua\u00e7\u00e3o em Empreendedorismo e Gest\u00e3o de Neg\u00f3cios da Escola de Administra\u00e7\u00e3o da (UFBA)\",\"breadcrumb\":{\"@id\":\"https:\/\/bahiaeconomica.com.br\/wp\/2023\/04\/08\/prorrogadas-as-inscricoes-para-pos-graduacao-na-ufba\/#breadcrumb\"},\"inLanguage\":\"pt-BR\",\"potentialAction\":[{\"@type\":\"ReadAction\",\"target\":[\"https:\/\/bahiaeconomica.com.br\/wp\/2023\/04\/08\/prorrogadas-as-inscricoes-para-pos-graduacao-na-ufba\/\"]}]},{\"@type\":\"BreadcrumbList\",\"@id\":\"https:\/\/bahiaeconomica.com.br\/wp\/2023\/04\/08\/prorrogadas-as-inscricoes-para-pos-graduacao-na-ufba\/#breadcrumb\",\"itemListElement\":[{\"@type\":\"ListItem\",\"position\":1,\"name\":\"In\u00edcio\",\"item\":\"https:\/\/bahiaeconomica.com.br\/wp\/\"},{\"@type\":\"ListItem\",\"position\":2,\"name\":\"PRORROGADAS AS INSCRI\u00c7\u00d5ES PARA P\u00d3S-GRADUA\u00c7\u00c3O NA UFBA\"}]},{\"@type\":\"WebSite\",\"@id\":\"https:\/\/bahiaeconomica.com.br\/wp\/#website\",\"url\":\"https:\/\/bahiaeconomica.com.br\/wp\/\",\"name\":\"Bahia Economica\",\"description\":\"O maior portal de Economia da Bahia\",\"publisher\":{\"@id\":\"https:\/\/bahiaeconomica.com.br\/wp\/#organization\"},\"potentialAction\":[{\"@type\":\"SearchAction\",\"target\":{\"@type\":\"EntryPoint\",\"urlTemplate\":\"https:\/\/bahiaeconomica.com.br\/wp\/?s={search_term_string}\"},\"query-input\":\"required name=search_term_string\"}],\"inLanguage\":\"pt-BR\"},{\"@type\":\"Organization\",\"@id\":\"https:\/\/bahiaeconomica.com.br\/wp\/#organization\",\"name\":\"Bahia Econ\u00f4mica\",\"url\":\"https:\/\/bahiaeconomica.com.br\/wp\/\",\"logo\":{\"@type\":\"ImageObject\",\"inLanguage\":\"pt-BR\",\"@id\":\"https:\/\/bahiaeconomica.com.br\/wp\/#\/schema\/logo\/image\/\",\"url\":\"https:\/\/bahiaeconomica.com.br\/wp\/wp-content\/uploads\/2020\/12\/cropped-BE.png\",\"contentUrl\":\"https:\/\/bahiaeconomica.com.br\/wp\/wp-content\/uploads\/2020\/12\/cropped-BE.png\",\"width\":512,\"height\":512,\"caption\":\"Bahia Econ\u00f4mica\"},\"image\":{\"@id\":\"https:\/\/bahiaeconomica.com.br\/wp\/#\/schema\/logo\/image\/\"},\"sameAs\":[\"https:\/\/www.facebook.com\/bahiaeconomica\"]},{\"@type\":\"Person\",\"@id\":\"https:\/\/bahiaeconomica.com.br\/wp\/#\/schema\/person\/c86d3a3f8960425a0f9d0e5245991f4e\",\"name\":\"JP\",\"sameAs\":[\"https:\/\/bahiaeconomica.com.br\/wp\/beta\/\"],\"url\":\"https:\/\/bahiaeconomica.com.br\/wp\/author\/jp\/\"}]}<\/script>\n<!-- \/ Yoast SEO plugin. -->","yoast_head_json":{"title":"PRORROGADAS AS INSCRI\u00c7\u00d5ES PARA P\u00d3S-GRADUA\u00c7\u00c3O NA UFBA - Bahia Economica","description":"As inscri\u00e7\u00f5es para o curso de p\u00f3s-gradua\u00e7\u00e3o em Empreendedorismo e Gest\u00e3o de Neg\u00f3cios da Escola de Administra\u00e7\u00e3o da (UFBA)","robots":{"index":"index","follow":"follow","max-snippet":"max-snippet:-1","max-image-preview":"max-image-preview:large","max-video-preview":"max-video-preview:-1"},"canonical":"https:\/\/bahiaeconomica.com.br\/wp\/2023\/04\/08\/prorrogadas-as-inscricoes-para-pos-graduacao-na-ufba\/","og_locale":"pt_BR","og_type":"article","og_title":"PRORROGADAS AS INSCRI\u00c7\u00d5ES PARA P\u00d3S-GRADUA\u00c7\u00c3O NA UFBA - Bahia Economica","og_description":"As inscri\u00e7\u00f5es para o curso de p\u00f3s-gradua\u00e7\u00e3o em Empreendedorismo e Gest\u00e3o de Neg\u00f3cios da Escola de Administra\u00e7\u00e3o da (UFBA)","og_url":"https:\/\/bahiaeconomica.com.br\/wp\/2023\/04\/08\/prorrogadas-as-inscricoes-para-pos-graduacao-na-ufba\/","og_site_name":"Bahia Economica","article_publisher":"https:\/\/www.facebook.com\/bahiaeconomica","article_published_time":"2023-04-08T21:00:56+00:00","article_modified_time":"2023-04-08T13:31:20+00:00","og_image":[{"width":984,"height":517,"url":"https:\/\/bahiaeconomica.com.br\/wp\/wp-content\/uploads\/2023\/04\/ufba.webp","type":"image\/webp"}],"author":"JP","twitter_card":"summary_large_image","twitter_misc":{"Escrito por":"JP","Est. tempo de leitura":"2 minutos"},"schema":{"@context":"https:\/\/schema.org","@graph":[{"@type":"Article","@id":"https:\/\/bahiaeconomica.com.br\/wp\/2023\/04\/08\/prorrogadas-as-inscricoes-para-pos-graduacao-na-ufba\/#article","isPartOf":{"@id":"https:\/\/bahiaeconomica.com.br\/wp\/2023\/04\/08\/prorrogadas-as-inscricoes-para-pos-graduacao-na-ufba\/"},"author":{"name":"JP","@id":"https:\/\/bahiaeconomica.com.br\/wp\/#\/schema\/person\/c86d3a3f8960425a0f9d0e5245991f4e"},"headline":"PRORROGADAS AS INSCRI\u00c7\u00d5ES PARA P\u00d3S-GRADUA\u00c7\u00c3O NA UFBA","datePublished":"2023-04-08T21:00:56+00:00","dateModified":"2023-04-08T13:31:20+00:00","mainEntityOfPage":{"@id":"https:\/\/bahiaeconomica.com.br\/wp\/2023\/04\/08\/prorrogadas-as-inscricoes-para-pos-graduacao-na-ufba\/"},"wordCount":249,"publisher":{"@id":"https:\/\/bahiaeconomica.com.br\/wp\/#organization"},"keywords":["alta","Brasil","novidade","Pol\u00edtica","ufba"],"articleSection":["DESTAQUE DO DIA","ECONOMIA \/ POL\u00cdTICA","Sa\u00fade \/ Educa\u00e7\u00e3o"],"inLanguage":"pt-BR"},{"@type":"WebPage","@id":"https:\/\/bahiaeconomica.com.br\/wp\/2023\/04\/08\/prorrogadas-as-inscricoes-para-pos-graduacao-na-ufba\/","url":"https:\/\/bahiaeconomica.com.br\/wp\/2023\/04\/08\/prorrogadas-as-inscricoes-para-pos-graduacao-na-ufba\/","name":"PRORROGADAS AS INSCRI\u00c7\u00d5ES PARA P\u00d3S-GRADUA\u00c7\u00c3O NA UFBA - Bahia Economica","isPartOf":{"@id":"https:\/\/bahiaeconomica.com.br\/wp\/#website"},"datePublished":"2023-04-08T21:00:56+00:00","dateModified":"2023-04-08T13:31:20+00:00","description":"As inscri\u00e7\u00f5es para o curso de p\u00f3s-gradua\u00e7\u00e3o em Empreendedorismo e Gest\u00e3o de Neg\u00f3cios da Escola de Administra\u00e7\u00e3o da (UFBA)","breadcrumb":{"@id":"https:\/\/bahiaeconomica.com.br\/wp\/2023\/04\/08\/prorrogadas-as-inscricoes-para-pos-graduacao-na-ufba\/#breadcrumb"},"inLanguage":"pt-BR","potentialAction":[{"@type":"ReadAction","target":["https:\/\/bahiaeconomica.com.br\/wp\/2023\/04\/08\/prorrogadas-as-inscricoes-para-pos-graduacao-na-ufba\/"]}]},{"@type":"BreadcrumbList","@id":"https:\/\/bahiaeconomica.com.br\/wp\/2023\/04\/08\/prorrogadas-as-inscricoes-para-pos-graduacao-na-ufba\/#breadcrumb","itemListElement":[{"@type":"ListItem","position":1,"name":"In\u00edcio","item":"https:\/\/bahiaeconomica.com.br\/wp\/"},{"@type":"ListItem","position":2,"name":"PRORROGADAS AS INSCRI\u00c7\u00d5ES PARA P\u00d3S-GRADUA\u00c7\u00c3O NA UFBA"}]},{"@type":"WebSite","@id":"https:\/\/bahiaeconomica.com.br\/wp\/#website","url":"https:\/\/bahiaeconomica.com.br\/wp\/","name":"Bahia Economica","description":"O maior portal de Economia da Bahia","publisher":{"@id":"https:\/\/bahiaeconomica.com.br\/wp\/#organization"},"potentialAction":[{"@type":"SearchAction","target":{"@type":"EntryPoint","urlTemplate":"https:\/\/bahiaeconomica.com.br\/wp\/?s={search_term_string}"},"query-input":"required name=search_term_string"}],"inLanguage":"pt-BR"},{"@type":"Organization","@id":"https:\/\/bahiaeconomica.com.br\/wp\/#organization","name":"Bahia Econ\u00f4mica","url":"https:\/\/bahiaeconomica.com.br\/wp\/","logo":{"@type":"ImageObject","inLanguage":"pt-BR","@id":"https:\/\/bahiaeconomica.com.br\/wp\/#\/schema\/logo\/image\/","url":"https:\/\/bahiaeconomica.com.br\/wp\/wp-content\/uploads\/2020\/12\/cropped-BE.png","contentUrl":"https:\/\/bahiaeconomica.com.br\/wp\/wp-content\/uploads\/2020\/12\/cropped-BE.png","width":512,"height":512,"caption":"Bahia Econ\u00f4mica"},"image":{"@id":"https:\/\/bahiaeconomica.com.br\/wp\/#\/schema\/logo\/image\/"},"sameAs":["https:\/\/www.facebook.com\/bahiaeconomica"]},{"@type":"Person","@id":"https:\/\/bahiaeconomica.com.br\/wp\/#\/schema\/person\/c86d3a3f8960425a0f9d0e5245991f4e","name":"JP","sameAs":["https:\/\/bahiaeconomica.com.br\/wp\/beta\/"],"url":"https:\/\/bahiaeconomica.com.br\/wp\/author\/jp\/"}]}},"views":2,"_links":{"self":[{"href":"https:\/\/bahiaeconomica.com.br\/wp\/wp-json\/wp\/v2\/posts\/728314"}],"collection":[{"href":"https:\/\/bahiaeconomica.com.br\/wp\/wp-json\/wp\/v2\/posts"}],"about":[{"href":"https:\/\/bahiaeconomica.com.br\/wp\/wp-json\/wp\/v2\/types\/post"}],"author":[{"embeddable":true,"href":"https:\/\/bahiaeconomica.com.br\/wp\/wp-json\/wp\/v2\/users\/8"}],"replies":[{"embeddable":true,"href":"https:\/\/bahiaeconomica.com.br\/wp\/wp-json\/wp\/v2\/comments?post=728314"}],"version-history":[{"count":1,"href":"https:\/\/bahiaeconomica.com.br\/wp\/wp-json\/wp\/v2\/posts\/728314\/revisions"}],"predecessor-version":[{"id":728316,"href":"https:\/\/bahiaeconomica.com.br\/wp\/wp-json\/wp\/v2\/posts\/728314\/revisions\/728316"}],"wp:featuredmedia":[{"embeddable":true,"href":"https:\/\/bahiaeconomica.com.br\/wp\/wp-json\/wp\/v2\/media\/728315"}],"wp:attachment":[{"href":"https:\/\/bahiaeconomica.com.br\/wp\/wp-json\/wp\/v2\/media?parent=728314"}],"wp:term":[{"taxonomy":"category","embeddable":true,"href":"https:\/\/bahiaeconomica.com.br\/wp\/wp-json\/wp\/v2\/categories?post=728314"},{"taxonomy":"post_tag","embeddable":true,"href":"https:\/\/bahiaeconomica.com.br\/wp\/wp-json\/wp\/v2\/tags?post=728314"}],"curies":[{"name":"wp","href":"https:\/\/api.w.org\/{rel}","templated":true}]}}