{"id":727187,"date":"2023-04-03T08:20:29","date_gmt":"2023-04-03T11:20:29","guid":{"rendered":"https:\/\/bahiaeconomica.com.br\/wp\/beta\/?p=727187"},"modified":"2023-04-03T07:52:09","modified_gmt":"2023-04-03T10:52:09","slug":"braskem-lanca-capacitacao-em-tecnologia-para-pessoas-pretas-e-pardas","status":"publish","type":"post","link":"https:\/\/bahiaeconomica.com.br\/wp\/2023\/04\/03\/braskem-lanca-capacitacao-em-tecnologia-para-pessoas-pretas-e-pardas\/","title":{"rendered":"BRASKEM LAN\u00c7A CAPACITA\u00c7\u00c3O PARA PESSOAS PRETAS E PARDAS"},"content":{"rendered":"<p>A petroqu\u00edmica Braskem lan\u00e7ou o programa Be Tech by Braskem, voltado \u00e0 capacita\u00e7\u00e3o profissional e \u00e0 diversidade. A iniciativa \u00e9 gratuita e voltada a pessoas pretas ou pardas, acima de 18 anos e que tenham conclu\u00eddo o ensino m\u00e9dio. Pelo menos metade das vagas s\u00e3o exclusivas para mulheres.<\/p>\n<p><!--more--><\/p>\n<p>Realizado em parceria com a Ada, o treinamento usa o conceito de educabilidade (forma\u00e7\u00e3o profissional aliada \u00e0 empregabilidade). A Ada \u00e9 especializada em capacita\u00e7\u00e3o na \u00e1rea de tecnologia e j\u00e1 formou mais de 7 mil alunos.<\/p>\n<p>\u201cAl\u00e9m de capacitar talentos em Ci\u00eancia de Dados neste programa, a Braskem tem o compromisso de promover a inclus\u00e3o e a diversidade. Entendemos que a\u00e7\u00f5es afirmativas s\u00e3o necess\u00e1rias para impulsionar a empregabilidade na \u00e1rea de tecnologia\u201d, explica Camila Fossati, diretora de Desenvolvimento Organizacional da petroqu\u00edmica. O curso do Be Tech by Braskem acontece de 17 de maio a 8 de novembro de 2023, com aulas presenciais e remotas. H\u00e1 25 vagas.<\/p>\n<p>As inscri\u00e7\u00f5es para o processo seletivo podem ser feitas no site do programa. A sele\u00e7\u00e3o \u00e9 composta de quatro fases: curso online, teste de l\u00f3gica, din\u00e2mica em grupo e coding tank (etapa eliminat\u00f3ria com cinco aulas remotas ao vivo de l\u00f3gica da programa\u00e7\u00e3o que ir\u00e1 avaliar os candidatos na pr\u00e1tica, entre 3 e 9 de maio). Para\u00a0 o CEO e\u00a0 Ada, Felipe Paiva, programas como esse abrem portas para uma nova gera\u00e7\u00e3o de profissionais. \u201cEssa parceria com a Braskem \u00e9 mais uma prova de que existe solu\u00e7\u00e3o para o d\u00e9ficit de profissionais de tecnologia no mercado\u201d.<\/p>\n<p>Foto: Assessoria da Braskem<\/p>\n<p>Fonte: Braskem<\/p>\n","protected":false},"excerpt":{"rendered":"<p>A petroqu\u00edmica Braskem lan\u00e7ou o programa Be Tech by Braskem, voltado \u00e0 capacita\u00e7\u00e3o profissional e \u00e0 diversidade. A iniciativa \u00e9 gratuita e voltada a pessoas pretas ou pardas, acima de 18 anos e que tenham conclu\u00eddo o ensino m\u00e9dio. Pelo menos metade das vagas s\u00e3o exclusivas para mulheres.<\/p>\n","protected":false},"author":8,"featured_media":727188,"comment_status":"closed","ping_status":"closed","sticky":false,"template":"","format":"standard","meta":[],"categories":[14,3,8],"tags":[1794,748,804],"acf":[],"yoast_head":"<!-- This site is optimized with the Yoast SEO plugin v20.8 - https:\/\/yoast.com\/wordpress\/plugins\/seo\/ -->\n<title>BRASKEM LAN\u00c7A CAPACITA\u00c7\u00c3O PARA PESSOAS PRETAS E PARDAS - Bahia Economica<\/title>\n<meta name=\"description\" content=\"A petroqu\u00edmica Braskem lan\u00e7ou o programa Be Tech by Braskem, voltado \u00e0 capacita\u00e7\u00e3o profissional e \u00e0 diversidade. A iniciativa \u00e9 gratuita\" \/>\n<meta name=\"robots\" content=\"index, follow, max-snippet:-1, max-image-preview:large, max-video-preview:-1\" \/>\n<link rel=\"canonical\" href=\"https:\/\/bahiaeconomica.com.br\/wp\/2023\/04\/03\/braskem-lanca-capacitacao-em-tecnologia-para-pessoas-pretas-e-pardas\/\" \/>\n<meta property=\"og:locale\" content=\"pt_BR\" \/>\n<meta property=\"og:type\" content=\"article\" \/>\n<meta property=\"og:title\" content=\"BRASKEM LAN\u00c7A CAPACITA\u00c7\u00c3O PARA PESSOAS PRETAS E PARDAS - Bahia Economica\" \/>\n<meta property=\"og:description\" content=\"A petroqu\u00edmica Braskem lan\u00e7ou o programa Be Tech by Braskem, voltado \u00e0 capacita\u00e7\u00e3o profissional e \u00e0 diversidade. A iniciativa \u00e9 gratuita\" \/>\n<meta property=\"og:url\" content=\"https:\/\/bahiaeconomica.com.br\/wp\/2023\/04\/03\/braskem-lanca-capacitacao-em-tecnologia-para-pessoas-pretas-e-pardas\/\" \/>\n<meta property=\"og:site_name\" content=\"Bahia Economica\" \/>\n<meta property=\"article:publisher\" content=\"https:\/\/www.facebook.com\/bahiaeconomica\" \/>\n<meta property=\"article:published_time\" content=\"2023-04-03T11:20:29+00:00\" \/>\n<meta property=\"article:modified_time\" content=\"2023-04-03T10:52:09+00:00\" \/>\n<meta property=\"og:image\" content=\"https:\/\/bahiaeconomica.com.br\/wp\/wp-content\/uploads\/2023\/04\/Braskem-Camacari-2023.jpg\" \/>\n\t<meta property=\"og:image:width\" content=\"600\" \/>\n\t<meta property=\"og:image:height\" content=\"420\" \/>\n\t<meta property=\"og:image:type\" content=\"image\/jpeg\" \/>\n<meta name=\"author\" content=\"JP\" \/>\n<meta name=\"twitter:card\" content=\"summary_large_image\" \/>\n<meta name=\"twitter:label1\" content=\"Escrito por\" \/>\n\t<meta name=\"twitter:data1\" content=\"JP\" \/>\n\t<meta name=\"twitter:label2\" content=\"Est. tempo de leitura\" \/>\n\t<meta name=\"twitter:data2\" content=\"2 minutos\" \/>\n<script type=\"application\/ld+json\" class=\"yoast-schema-graph\">{\"@context\":\"https:\/\/schema.org\",\"@graph\":[{\"@type\":\"Article\",\"@id\":\"https:\/\/bahiaeconomica.com.br\/wp\/2023\/04\/03\/braskem-lanca-capacitacao-em-tecnologia-para-pessoas-pretas-e-pardas\/#article\",\"isPartOf\":{\"@id\":\"https:\/\/bahiaeconomica.com.br\/wp\/2023\/04\/03\/braskem-lanca-capacitacao-em-tecnologia-para-pessoas-pretas-e-pardas\/\"},\"author\":{\"name\":\"JP\",\"@id\":\"https:\/\/bahiaeconomica.com.br\/wp\/#\/schema\/person\/c86d3a3f8960425a0f9d0e5245991f4e\"},\"headline\":\"BRASKEM LAN\u00c7A CAPACITA\u00c7\u00c3O PARA PESSOAS PRETAS E PARDAS\",\"datePublished\":\"2023-04-03T11:20:29+00:00\",\"dateModified\":\"2023-04-03T10:52:09+00:00\",\"mainEntityOfPage\":{\"@id\":\"https:\/\/bahiaeconomica.com.br\/wp\/2023\/04\/03\/braskem-lanca-capacitacao-em-tecnologia-para-pessoas-pretas-e-pardas\/\"},\"wordCount\":278,\"publisher\":{\"@id\":\"https:\/\/bahiaeconomica.com.br\/wp\/#organization\"},\"keywords\":[\"braskem\",\"capacita\u00e7\u00e3o\",\"tecnologia\"],\"articleSection\":[\"DESTAQUE DO DIA\",\"ECONOMIA \/ POL\u00cdTICA\",\"EMPREGOS \/ CONCURSOS\"],\"inLanguage\":\"pt-BR\"},{\"@type\":\"WebPage\",\"@id\":\"https:\/\/bahiaeconomica.com.br\/wp\/2023\/04\/03\/braskem-lanca-capacitacao-em-tecnologia-para-pessoas-pretas-e-pardas\/\",\"url\":\"https:\/\/bahiaeconomica.com.br\/wp\/2023\/04\/03\/braskem-lanca-capacitacao-em-tecnologia-para-pessoas-pretas-e-pardas\/\",\"name\":\"BRASKEM LAN\u00c7A CAPACITA\u00c7\u00c3O PARA PESSOAS PRETAS E PARDAS - Bahia Economica\",\"isPartOf\":{\"@id\":\"https:\/\/bahiaeconomica.com.br\/wp\/#website\"},\"datePublished\":\"2023-04-03T11:20:29+00:00\",\"dateModified\":\"2023-04-03T10:52:09+00:00\",\"description\":\"A petroqu\u00edmica Braskem lan\u00e7ou o programa Be Tech by Braskem, voltado \u00e0 capacita\u00e7\u00e3o profissional e \u00e0 diversidade. A iniciativa \u00e9 gratuita\",\"breadcrumb\":{\"@id\":\"https:\/\/bahiaeconomica.com.br\/wp\/2023\/04\/03\/braskem-lanca-capacitacao-em-tecnologia-para-pessoas-pretas-e-pardas\/#breadcrumb\"},\"inLanguage\":\"pt-BR\",\"potentialAction\":[{\"@type\":\"ReadAction\",\"target\":[\"https:\/\/bahiaeconomica.com.br\/wp\/2023\/04\/03\/braskem-lanca-capacitacao-em-tecnologia-para-pessoas-pretas-e-pardas\/\"]}]},{\"@type\":\"BreadcrumbList\",\"@id\":\"https:\/\/bahiaeconomica.com.br\/wp\/2023\/04\/03\/braskem-lanca-capacitacao-em-tecnologia-para-pessoas-pretas-e-pardas\/#breadcrumb\",\"itemListElement\":[{\"@type\":\"ListItem\",\"position\":1,\"name\":\"In\u00edcio\",\"item\":\"https:\/\/bahiaeconomica.com.br\/wp\/\"},{\"@type\":\"ListItem\",\"position\":2,\"name\":\"BRASKEM LAN\u00c7A CAPACITA\u00c7\u00c3O PARA PESSOAS PRETAS E PARDAS\"}]},{\"@type\":\"WebSite\",\"@id\":\"https:\/\/bahiaeconomica.com.br\/wp\/#website\",\"url\":\"https:\/\/bahiaeconomica.com.br\/wp\/\",\"name\":\"Bahia Economica\",\"description\":\"O maior portal de Economia da Bahia\",\"publisher\":{\"@id\":\"https:\/\/bahiaeconomica.com.br\/wp\/#organization\"},\"potentialAction\":[{\"@type\":\"SearchAction\",\"target\":{\"@type\":\"EntryPoint\",\"urlTemplate\":\"https:\/\/bahiaeconomica.com.br\/wp\/?s={search_term_string}\"},\"query-input\":\"required name=search_term_string\"}],\"inLanguage\":\"pt-BR\"},{\"@type\":\"Organization\",\"@id\":\"https:\/\/bahiaeconomica.com.br\/wp\/#organization\",\"name\":\"Bahia Econ\u00f4mica\",\"url\":\"https:\/\/bahiaeconomica.com.br\/wp\/\",\"logo\":{\"@type\":\"ImageObject\",\"inLanguage\":\"pt-BR\",\"@id\":\"https:\/\/bahiaeconomica.com.br\/wp\/#\/schema\/logo\/image\/\",\"url\":\"https:\/\/bahiaeconomica.com.br\/wp\/wp-content\/uploads\/2020\/12\/cropped-BE.png\",\"contentUrl\":\"https:\/\/bahiaeconomica.com.br\/wp\/wp-content\/uploads\/2020\/12\/cropped-BE.png\",\"width\":512,\"height\":512,\"caption\":\"Bahia Econ\u00f4mica\"},\"image\":{\"@id\":\"https:\/\/bahiaeconomica.com.br\/wp\/#\/schema\/logo\/image\/\"},\"sameAs\":[\"https:\/\/www.facebook.com\/bahiaeconomica\"]},{\"@type\":\"Person\",\"@id\":\"https:\/\/bahiaeconomica.com.br\/wp\/#\/schema\/person\/c86d3a3f8960425a0f9d0e5245991f4e\",\"name\":\"JP\",\"sameAs\":[\"https:\/\/bahiaeconomica.com.br\/wp\/beta\/\"],\"url\":\"https:\/\/bahiaeconomica.com.br\/wp\/author\/jp\/\"}]}<\/script>\n<!-- \/ Yoast SEO plugin. -->","yoast_head_json":{"title":"BRASKEM LAN\u00c7A CAPACITA\u00c7\u00c3O PARA PESSOAS PRETAS E PARDAS - Bahia Economica","description":"A petroqu\u00edmica Braskem lan\u00e7ou o programa Be Tech by Braskem, voltado \u00e0 capacita\u00e7\u00e3o profissional e \u00e0 diversidade. A iniciativa \u00e9 gratuita","robots":{"index":"index","follow":"follow","max-snippet":"max-snippet:-1","max-image-preview":"max-image-preview:large","max-video-preview":"max-video-preview:-1"},"canonical":"https:\/\/bahiaeconomica.com.br\/wp\/2023\/04\/03\/braskem-lanca-capacitacao-em-tecnologia-para-pessoas-pretas-e-pardas\/","og_locale":"pt_BR","og_type":"article","og_title":"BRASKEM LAN\u00c7A CAPACITA\u00c7\u00c3O PARA PESSOAS PRETAS E PARDAS - Bahia Economica","og_description":"A petroqu\u00edmica Braskem lan\u00e7ou o programa Be Tech by Braskem, voltado \u00e0 capacita\u00e7\u00e3o profissional e \u00e0 diversidade. A iniciativa \u00e9 gratuita","og_url":"https:\/\/bahiaeconomica.com.br\/wp\/2023\/04\/03\/braskem-lanca-capacitacao-em-tecnologia-para-pessoas-pretas-e-pardas\/","og_site_name":"Bahia Economica","article_publisher":"https:\/\/www.facebook.com\/bahiaeconomica","article_published_time":"2023-04-03T11:20:29+00:00","article_modified_time":"2023-04-03T10:52:09+00:00","og_image":[{"width":600,"height":420,"url":"https:\/\/bahiaeconomica.com.br\/wp\/wp-content\/uploads\/2023\/04\/Braskem-Camacari-2023.jpg","type":"image\/jpeg"}],"author":"JP","twitter_card":"summary_large_image","twitter_misc":{"Escrito por":"JP","Est. tempo de leitura":"2 minutos"},"schema":{"@context":"https:\/\/schema.org","@graph":[{"@type":"Article","@id":"https:\/\/bahiaeconomica.com.br\/wp\/2023\/04\/03\/braskem-lanca-capacitacao-em-tecnologia-para-pessoas-pretas-e-pardas\/#article","isPartOf":{"@id":"https:\/\/bahiaeconomica.com.br\/wp\/2023\/04\/03\/braskem-lanca-capacitacao-em-tecnologia-para-pessoas-pretas-e-pardas\/"},"author":{"name":"JP","@id":"https:\/\/bahiaeconomica.com.br\/wp\/#\/schema\/person\/c86d3a3f8960425a0f9d0e5245991f4e"},"headline":"BRASKEM LAN\u00c7A CAPACITA\u00c7\u00c3O PARA PESSOAS PRETAS E PARDAS","datePublished":"2023-04-03T11:20:29+00:00","dateModified":"2023-04-03T10:52:09+00:00","mainEntityOfPage":{"@id":"https:\/\/bahiaeconomica.com.br\/wp\/2023\/04\/03\/braskem-lanca-capacitacao-em-tecnologia-para-pessoas-pretas-e-pardas\/"},"wordCount":278,"publisher":{"@id":"https:\/\/bahiaeconomica.com.br\/wp\/#organization"},"keywords":["braskem","capacita\u00e7\u00e3o","tecnologia"],"articleSection":["DESTAQUE DO DIA","ECONOMIA \/ POL\u00cdTICA","EMPREGOS \/ CONCURSOS"],"inLanguage":"pt-BR"},{"@type":"WebPage","@id":"https:\/\/bahiaeconomica.com.br\/wp\/2023\/04\/03\/braskem-lanca-capacitacao-em-tecnologia-para-pessoas-pretas-e-pardas\/","url":"https:\/\/bahiaeconomica.com.br\/wp\/2023\/04\/03\/braskem-lanca-capacitacao-em-tecnologia-para-pessoas-pretas-e-pardas\/","name":"BRASKEM LAN\u00c7A CAPACITA\u00c7\u00c3O PARA PESSOAS PRETAS E PARDAS - Bahia Economica","isPartOf":{"@id":"https:\/\/bahiaeconomica.com.br\/wp\/#website"},"datePublished":"2023-04-03T11:20:29+00:00","dateModified":"2023-04-03T10:52:09+00:00","description":"A petroqu\u00edmica Braskem lan\u00e7ou o programa Be Tech by Braskem, voltado \u00e0 capacita\u00e7\u00e3o profissional e \u00e0 diversidade. A iniciativa \u00e9 gratuita","breadcrumb":{"@id":"https:\/\/bahiaeconomica.com.br\/wp\/2023\/04\/03\/braskem-lanca-capacitacao-em-tecnologia-para-pessoas-pretas-e-pardas\/#breadcrumb"},"inLanguage":"pt-BR","potentialAction":[{"@type":"ReadAction","target":["https:\/\/bahiaeconomica.com.br\/wp\/2023\/04\/03\/braskem-lanca-capacitacao-em-tecnologia-para-pessoas-pretas-e-pardas\/"]}]},{"@type":"BreadcrumbList","@id":"https:\/\/bahiaeconomica.com.br\/wp\/2023\/04\/03\/braskem-lanca-capacitacao-em-tecnologia-para-pessoas-pretas-e-pardas\/#breadcrumb","itemListElement":[{"@type":"ListItem","position":1,"name":"In\u00edcio","item":"https:\/\/bahiaeconomica.com.br\/wp\/"},{"@type":"ListItem","position":2,"name":"BRASKEM LAN\u00c7A CAPACITA\u00c7\u00c3O PARA PESSOAS PRETAS E PARDAS"}]},{"@type":"WebSite","@id":"https:\/\/bahiaeconomica.com.br\/wp\/#website","url":"https:\/\/bahiaeconomica.com.br\/wp\/","name":"Bahia Economica","description":"O maior portal de Economia da Bahia","publisher":{"@id":"https:\/\/bahiaeconomica.com.br\/wp\/#organization"},"potentialAction":[{"@type":"SearchAction","target":{"@type":"EntryPoint","urlTemplate":"https:\/\/bahiaeconomica.com.br\/wp\/?s={search_term_string}"},"query-input":"required name=search_term_string"}],"inLanguage":"pt-BR"},{"@type":"Organization","@id":"https:\/\/bahiaeconomica.com.br\/wp\/#organization","name":"Bahia Econ\u00f4mica","url":"https:\/\/bahiaeconomica.com.br\/wp\/","logo":{"@type":"ImageObject","inLanguage":"pt-BR","@id":"https:\/\/bahiaeconomica.com.br\/wp\/#\/schema\/logo\/image\/","url":"https:\/\/bahiaeconomica.com.br\/wp\/wp-content\/uploads\/2020\/12\/cropped-BE.png","contentUrl":"https:\/\/bahiaeconomica.com.br\/wp\/wp-content\/uploads\/2020\/12\/cropped-BE.png","width":512,"height":512,"caption":"Bahia Econ\u00f4mica"},"image":{"@id":"https:\/\/bahiaeconomica.com.br\/wp\/#\/schema\/logo\/image\/"},"sameAs":["https:\/\/www.facebook.com\/bahiaeconomica"]},{"@type":"Person","@id":"https:\/\/bahiaeconomica.com.br\/wp\/#\/schema\/person\/c86d3a3f8960425a0f9d0e5245991f4e","name":"JP","sameAs":["https:\/\/bahiaeconomica.com.br\/wp\/beta\/"],"url":"https:\/\/bahiaeconomica.com.br\/wp\/author\/jp\/"}]}},"views":9,"_links":{"self":[{"href":"https:\/\/bahiaeconomica.com.br\/wp\/wp-json\/wp\/v2\/posts\/727187"}],"collection":[{"href":"https:\/\/bahiaeconomica.com.br\/wp\/wp-json\/wp\/v2\/posts"}],"about":[{"href":"https:\/\/bahiaeconomica.com.br\/wp\/wp-json\/wp\/v2\/types\/post"}],"author":[{"embeddable":true,"href":"https:\/\/bahiaeconomica.com.br\/wp\/wp-json\/wp\/v2\/users\/8"}],"replies":[{"embeddable":true,"href":"https:\/\/bahiaeconomica.com.br\/wp\/wp-json\/wp\/v2\/comments?post=727187"}],"version-history":[{"count":2,"href":"https:\/\/bahiaeconomica.com.br\/wp\/wp-json\/wp\/v2\/posts\/727187\/revisions"}],"predecessor-version":[{"id":727194,"href":"https:\/\/bahiaeconomica.com.br\/wp\/wp-json\/wp\/v2\/posts\/727187\/revisions\/727194"}],"wp:featuredmedia":[{"embeddable":true,"href":"https:\/\/bahiaeconomica.com.br\/wp\/wp-json\/wp\/v2\/media\/727188"}],"wp:attachment":[{"href":"https:\/\/bahiaeconomica.com.br\/wp\/wp-json\/wp\/v2\/media?parent=727187"}],"wp:term":[{"taxonomy":"category","embeddable":true,"href":"https:\/\/bahiaeconomica.com.br\/wp\/wp-json\/wp\/v2\/categories?post=727187"},{"taxonomy":"post_tag","embeddable":true,"href":"https:\/\/bahiaeconomica.com.br\/wp\/wp-json\/wp\/v2\/tags?post=727187"}],"curies":[{"name":"wp","href":"https:\/\/api.w.org\/{rel}","templated":true}]}}