{"id":726383,"date":"2023-03-29T12:58:18","date_gmt":"2023-03-29T15:58:18","guid":{"rendered":"https:\/\/bahiaeconomica.com.br\/wp\/beta\/?p=726383"},"modified":"2023-03-29T17:17:10","modified_gmt":"2023-03-29T20:17:10","slug":"em-fevereiro-juros-medios-dos-bancos-sobem-para-442-ao-ano","status":"publish","type":"post","link":"https:\/\/bahiaeconomica.com.br\/wp\/2023\/03\/29\/em-fevereiro-juros-medios-dos-bancos-sobem-para-442-ao-ano\/","title":{"rendered":"EM FEVEREIRO, JUROS M\u00c9DIOS DOS BANCOS SOBEM PARA 44,2% AO ANO"},"content":{"rendered":"<p>A taxa m\u00e9dia de juros das concess\u00f5es de cr\u00e9dito livre teve alta de 7,7 pontos percentuais (pp) nos \u00faltimos 12 meses e chegou a 44,2% ao ano em fevereiro. No m\u00eas, o aumento foi de 0,7 pp, segundo as Estat\u00edsticas Monet\u00e1rias e de Cr\u00e9dito, divulgadas hoje (29), em Bras\u00edlia, pelo Banco Central (BC).<\/p>\n<p><!--more--><\/p>\n<p>Nas novas contrata\u00e7\u00f5es para empresas, a taxa m\u00e9dia do cr\u00e9dito ficou em 24,2% ao ano, queda de 1,1 pp no m\u00eas e alta de 2,7 pp em 12 meses. Nas contrata\u00e7\u00f5es com as fam\u00edlias, a taxa m\u00e9dia de juros alcan\u00e7ou 58,3% ao ano, alta de 1,7 pp no m\u00eas e de 10,2 pp em 12 meses. No cr\u00e9dito livre, os bancos t\u00eam autonomia para emprestar o dinheiro captado no mercado e definir as taxas de juros cobradas dos clientes. J\u00e1 o cr\u00e9dito direcionado, que tem regras definidas pelo governo, \u00e9 destinado basicamente aos setores habitacional, rural, de infraestrutura e ao microcr\u00e9dito.<\/p>\n<p>No caso do cr\u00e9dito direcionado, a taxa para pessoas f\u00edsicas ficou em 10,3% ao ano em fevereiro, com queda de 1 pp em rela\u00e7\u00e3o ao m\u00eas anterior e com alta de 1,8 pp em 12 meses. Para empresas, a taxa caiu 0,2 pp no m\u00eas e teve aumento de 2 pp em 12 meses, indo para 13,2% ao ano. Assim, a taxa m\u00e9dia no cr\u00e9dito direcionado chegou a 11% ao ano, redu\u00e7\u00e3o de 0,8 pp no m\u00eas e alta de 1,8 pp em 12 meses.<\/p>\n<p>O comportamento dos juros banc\u00e1rios m\u00e9dios ocorre em um momento em que a taxa b\u00e1sica de juros da economia, a Selic, est\u00e1 em seu maior n\u00edvel desde janeiro de 2017, em 13,75% ao ano, definida pelo Comit\u00ea de Pol\u00edtica Monet\u00e1ria (Copom). Em mar\u00e7o do ano passado, o BC iniciou um ciclo de aperto monet\u00e1rio, em meio \u00e0 alta dos pre\u00e7os de alimentos, de energia e de combust\u00edveis.<\/p>\n<p>A Selic \u00e9 o principal instrumento usado pelo BC para alcan\u00e7ar a meta de infla\u00e7\u00e3o. Em fevereiro, puxado principalmente pelos reajustes aplicados pelos estabelecimentos de ensino na virada do ano, o \u00cdndice Nacional de Pre\u00e7os ao Consumidor Amplo (IPCA) &#8211; considerada a infla\u00e7\u00e3o oficial do pa\u00eds &#8211; ficou em 0,84%, segundo o Instituto Brasileiro de Geografia e Estat\u00edstica (IBGE). Com o resultado, o IPCA acumula alta 5,6% em 12 meses.<\/p>\n<p>O Banco Central avalia que a alta na Selic tem sido repassada para as taxas finais de diferentes modalidades de cr\u00e9dito e o\u00a0Copom n\u00e3o descarta a possibilidade de novos aumentos caso a infla\u00e7\u00e3o n\u00e3o caia como o esperado. A eleva\u00e7\u00e3o da taxa b\u00e1sica ajuda a controlar a infla\u00e7\u00e3o porque causa reflexos nos pre\u00e7os, j\u00e1 que juros mais altos encarecem o cr\u00e9dito e estimulam a poupan\u00e7a, contendo a demanda aquecida.<\/p>\n<h2>Cart\u00e3o de cr\u00e9dito<\/h2>\n<p>Para pessoas f\u00edsicas, o destaque do m\u00eas foi para o cart\u00e3o de cr\u00e9dito, cujas taxas tiveram alta de 6,5 pp no m\u00eas e 28,2 pp em 12 meses, alcan\u00e7ando 101,4% ao ano.<\/p>\n<p>No cr\u00e9dito rotativo, que \u00e9 aquele tomado pelo consumidor quando paga menos que o valor integral da fatura do cart\u00e3o e dura 30 dias, houve alta de seis pp de janeiro para fevereiro e aumento de 62,2 pp em 12 meses, indo para 417,4% ao ano. Ap\u00f3s os 30 dias, as institui\u00e7\u00f5es financeiras parcelam a d\u00edvida. Nesse caso do cart\u00e3o parcelado, os juros subiram 7,6 pp no m\u00eas e 15,3 pp em 12 meses, indo para 189,6% ao ano.<\/p>\n<p>No cheque especial tamb\u00e9m houve alta de 6,3 pp no m\u00eas e de 4,9 pp em 12 meses, indo para 137,4% ao ano. J\u00e1 a taxa do cr\u00e9dito consignado teve estabilidade no m\u00eas e alta 3,8 pp em 12 meses (26,7%). No caso do cr\u00e9dito pessoal n\u00e3o consignado, os juros subiram 2,4 pp no m\u00eas de fevereiro e 3,3 pp em 12 meses (86,7% ao ano).<\/p>\n<h2>Estabilidade nas contrata\u00e7\u00f5es<\/h2>\n<p>Segundo o Banco Central, a manuten\u00e7\u00e3o dos juros em alta, resultado do aperto monet\u00e1rio, e a pr\u00f3pria desacelera\u00e7\u00e3o da economia a partir do segundo semestre do ano passado, contribu\u00edram para a desacelera\u00e7\u00e3o do cr\u00e9dito banc\u00e1rio. No m\u00eas passado, as concess\u00f5es de cr\u00e9dito ca\u00edram 10,5% para as pessoas f\u00edsicas e 8,1% para empresas.<\/p>\n<p>Em fevereiro, o estoque de todos os empr\u00e9stimos concedidos pelos bancos do Sistema Financeiro Nacional (SFN) ficou em R$ 5,319 trilh\u00f5es, com uma ligeira varia\u00e7\u00e3o negativa de 0,1% em rela\u00e7\u00e3o a janeiro. O resultado refletiu a redu\u00e7\u00e3o de 0,7% no saldo das opera\u00e7\u00f5es de cr\u00e9dito pactuadas com pessoas jur\u00eddicas (R$ 2,081 trilh\u00f5es) e o aumento de 0,4% no de pessoas f\u00edsicas (R$ 3,238 trilh\u00f5es).<\/p>\n<p>Na compara\u00e7\u00e3o interanual, o cr\u00e9dito total cresceu 12,6% em fevereiro, evidenciando desacelera\u00e7\u00e3o ante os 13,8% de 2022. Na mesma base de compara\u00e7\u00e3o, o saldo com as empresas desacelerou para 5,9%, ante 8% em fevereiro de 2022, assim como o volume de cr\u00e9dito \u00e0s fam\u00edlias passou de um crescimento de 17,9% em fevereiro do ano passado para 17,4% no mesmo m\u00eas de 2023.<\/p>\n<p>O cr\u00e9dito ampliado ao setor n\u00e3o financeiro, que \u00e9 o cr\u00e9dito dispon\u00edvel para empresas, fam\u00edlias e governos independentemente da fonte (banc\u00e1rio, mercado de t\u00edtulo ou d\u00edvida externa) alcan\u00e7ou R$ 14,872 trilh\u00f5es, aumentando 0,9% no m\u00eas, por conta principalmente da alta dos t\u00edtulos de d\u00edvida p\u00fablica, que tiveram aumento de 1,4%, bem como da eleva\u00e7\u00e3o de 2,3% dos empr\u00e9stimos externos, impactada pela deprecia\u00e7\u00e3o cambial de 2,1%.<\/p>\n<p>Na compara\u00e7\u00e3o interanual, o cr\u00e9dito ampliado cresceu 9%, prevalecendo com destaque para os aumentos da carteira de empr\u00e9stimos do Sistema Financeiro, 12,8%, dos t\u00edtulos de d\u00edvida privados, 36,7%, e dos empr\u00e9stimos externos, 8,3%.<\/p>\n<h2>Endividamento<\/h2>\n<p>De acordo com o Banco Central, a inadimpl\u00eancia (considerados atrasos acima de 90 dias) tem se mantido est\u00e1vel h\u00e1 bastante tempo, com pequenas oscila\u00e7\u00f5es, e registrou 3,3% em fevereiro. Nas opera\u00e7\u00f5es de cr\u00e9dito livre para pessoas f\u00edsicas, ela est\u00e1 em 6,1% e para pessoas jur\u00eddicas em 2,4%.<\/p>\n<p>O endividamento das fam\u00edlias &#8211; rela\u00e7\u00e3o entre o saldo das d\u00edvidas e a renda acumulada em 12 meses &#8211; ficou em 48,8% em janeiro, com quedas de 0,2% no m\u00eas e de 1% em 12 meses. Com a exclus\u00e3o do financiamento imobili\u00e1rio, que pega um montante consider\u00e1vel da renda, ficou em 31% no primeiro m\u00eas do ano.<\/p>\n<p>J\u00e1 o comprometimento da renda &#8211; rela\u00e7\u00e3o entre o valor m\u00e9dio para pagamento das d\u00edvidas e a renda m\u00e9dia apurada no per\u00edodo &#8211; ficou em 27,1% em janeiro, redu\u00e7\u00e3o de 0,2% na passagem do m\u00eas e aumento de 0,5% em 12 meses.<\/p>\n<p>Esses dois \u00faltimos indicadores s\u00e3o apresentados com uma defasagem maior do m\u00eas de divulga\u00e7\u00e3o, pois o BC usa dados da Pesquisa Nacional por Amostra de Domic\u00edlio (Pnad), do Instituto Brasileiro de Geografia e Estat\u00edstica (IBGE).<\/p>\n<p>Fonte: Andreia Verd\u00e9lio\/Ag\u00eancia Brasil<br \/>\nFoto: Marcello Casal Jr\/Ag\u00eancia Brasil<\/p>\n","protected":false},"excerpt":{"rendered":"<p>A taxa m\u00e9dia de juros das concess\u00f5es de cr\u00e9dito livre teve alta de 7,7 pontos percentuais (pp) nos \u00faltimos 12 meses e chegou a 44,2% ao ano em fevereiro. No m\u00eas, o aumento foi de 0,7 pp, segundo as Estat\u00edsticas Monet\u00e1rias e de Cr\u00e9dito, divulgadas hoje (29), em Bras\u00edlia, pelo Banco Central (BC).<\/p>\n","protected":false},"author":10,"featured_media":726387,"comment_status":"closed","ping_status":"closed","sticky":false,"template":"","format":"standard","meta":[],"categories":[14,3],"tags":[52,213,1157,12120],"acf":[],"yoast_head":"<!-- This site is optimized with the Yoast SEO plugin v20.8 - https:\/\/yoast.com\/wordpress\/plugins\/seo\/ -->\n<title>EM FEVEREIRO, JUROS M\u00c9DIOS DOS BANCOS SOBEM PARA 44,2% AO ANO - Bahia Economica<\/title>\n<meta name=\"description\" content=\"O maior portal de Economia da Bahia DESTAQUE DO DIA, ECONOMIA \/ POL\u00cdTICA Bahia Economica\" \/>\n<meta name=\"robots\" content=\"index, follow, max-snippet:-1, max-image-preview:large, max-video-preview:-1\" \/>\n<link rel=\"canonical\" href=\"https:\/\/bahiaeconomica.com.br\/wp\/2023\/03\/29\/em-fevereiro-juros-medios-dos-bancos-sobem-para-442-ao-ano\/\" \/>\n<meta property=\"og:locale\" content=\"pt_BR\" \/>\n<meta property=\"og:type\" content=\"article\" \/>\n<meta property=\"og:title\" content=\"EM FEVEREIRO, JUROS M\u00c9DIOS DOS BANCOS SOBEM PARA 44,2% AO ANO - Bahia Economica\" \/>\n<meta property=\"og:description\" content=\"O maior portal de Economia da Bahia DESTAQUE DO DIA, ECONOMIA \/ POL\u00cdTICA Bahia Economica\" \/>\n<meta property=\"og:url\" content=\"https:\/\/bahiaeconomica.com.br\/wp\/2023\/03\/29\/em-fevereiro-juros-medios-dos-bancos-sobem-para-442-ao-ano\/\" \/>\n<meta property=\"og:site_name\" content=\"Bahia Economica\" \/>\n<meta property=\"article:publisher\" content=\"https:\/\/www.facebook.com\/bahiaeconomica\" \/>\n<meta property=\"article:published_time\" content=\"2023-03-29T15:58:18+00:00\" \/>\n<meta property=\"article:modified_time\" content=\"2023-03-29T20:17:10+00:00\" \/>\n<meta property=\"og:image\" content=\"https:\/\/bahiaeconomica.com.br\/wp\/wp-content\/uploads\/2023\/03\/juros-medios.jpg\" \/>\n\t<meta property=\"og:image:width\" content=\"1170\" \/>\n\t<meta property=\"og:image:height\" content=\"700\" \/>\n\t<meta property=\"og:image:type\" content=\"image\/jpeg\" \/>\n<meta name=\"author\" content=\"NM\" \/>\n<meta name=\"twitter:card\" content=\"summary_large_image\" \/>\n<meta name=\"twitter:label1\" content=\"Escrito por\" \/>\n\t<meta name=\"twitter:data1\" content=\"NM\" \/>\n\t<meta name=\"twitter:label2\" content=\"Est. tempo de leitura\" \/>\n\t<meta name=\"twitter:data2\" content=\"7 minutos\" \/>\n<script type=\"application\/ld+json\" class=\"yoast-schema-graph\">{\"@context\":\"https:\/\/schema.org\",\"@graph\":[{\"@type\":\"Article\",\"@id\":\"https:\/\/bahiaeconomica.com.br\/wp\/2023\/03\/29\/em-fevereiro-juros-medios-dos-bancos-sobem-para-442-ao-ano\/#article\",\"isPartOf\":{\"@id\":\"https:\/\/bahiaeconomica.com.br\/wp\/2023\/03\/29\/em-fevereiro-juros-medios-dos-bancos-sobem-para-442-ao-ano\/\"},\"author\":{\"name\":\"NM\",\"@id\":\"https:\/\/bahiaeconomica.com.br\/wp\/#\/schema\/person\/638522c9d72fb94b4c1672ac86537fef\"},\"headline\":\"EM FEVEREIRO, JUROS M\u00c9DIOS DOS BANCOS SOBEM PARA 44,2% AO ANO\",\"datePublished\":\"2023-03-29T15:58:18+00:00\",\"dateModified\":\"2023-03-29T20:17:10+00:00\",\"mainEntityOfPage\":{\"@id\":\"https:\/\/bahiaeconomica.com.br\/wp\/2023\/03\/29\/em-fevereiro-juros-medios-dos-bancos-sobem-para-442-ao-ano\/\"},\"wordCount\":1173,\"publisher\":{\"@id\":\"https:\/\/bahiaeconomica.com.br\/wp\/#organization\"},\"keywords\":[\"Brasil\",\"Economia\",\"juros\",\"juros m\u00e9dios dos bancos\"],\"articleSection\":[\"DESTAQUE DO DIA\",\"ECONOMIA \/ POL\u00cdTICA\"],\"inLanguage\":\"pt-BR\"},{\"@type\":\"WebPage\",\"@id\":\"https:\/\/bahiaeconomica.com.br\/wp\/2023\/03\/29\/em-fevereiro-juros-medios-dos-bancos-sobem-para-442-ao-ano\/\",\"url\":\"https:\/\/bahiaeconomica.com.br\/wp\/2023\/03\/29\/em-fevereiro-juros-medios-dos-bancos-sobem-para-442-ao-ano\/\",\"name\":\"EM FEVEREIRO, JUROS M\u00c9DIOS DOS BANCOS SOBEM PARA 44,2% AO ANO - Bahia Economica\",\"isPartOf\":{\"@id\":\"https:\/\/bahiaeconomica.com.br\/wp\/#website\"},\"datePublished\":\"2023-03-29T15:58:18+00:00\",\"dateModified\":\"2023-03-29T20:17:10+00:00\",\"description\":\"O maior portal de Economia da Bahia DESTAQUE DO DIA, ECONOMIA \/ POL\u00cdTICA Bahia Economica\",\"breadcrumb\":{\"@id\":\"https:\/\/bahiaeconomica.com.br\/wp\/2023\/03\/29\/em-fevereiro-juros-medios-dos-bancos-sobem-para-442-ao-ano\/#breadcrumb\"},\"inLanguage\":\"pt-BR\",\"potentialAction\":[{\"@type\":\"ReadAction\",\"target\":[\"https:\/\/bahiaeconomica.com.br\/wp\/2023\/03\/29\/em-fevereiro-juros-medios-dos-bancos-sobem-para-442-ao-ano\/\"]}]},{\"@type\":\"BreadcrumbList\",\"@id\":\"https:\/\/bahiaeconomica.com.br\/wp\/2023\/03\/29\/em-fevereiro-juros-medios-dos-bancos-sobem-para-442-ao-ano\/#breadcrumb\",\"itemListElement\":[{\"@type\":\"ListItem\",\"position\":1,\"name\":\"In\u00edcio\",\"item\":\"https:\/\/bahiaeconomica.com.br\/wp\/\"},{\"@type\":\"ListItem\",\"position\":2,\"name\":\"EM FEVEREIRO, JUROS M\u00c9DIOS DOS BANCOS SOBEM PARA 44,2% AO ANO\"}]},{\"@type\":\"WebSite\",\"@id\":\"https:\/\/bahiaeconomica.com.br\/wp\/#website\",\"url\":\"https:\/\/bahiaeconomica.com.br\/wp\/\",\"name\":\"Bahia Economica\",\"description\":\"O maior portal de Economia da Bahia\",\"publisher\":{\"@id\":\"https:\/\/bahiaeconomica.com.br\/wp\/#organization\"},\"potentialAction\":[{\"@type\":\"SearchAction\",\"target\":{\"@type\":\"EntryPoint\",\"urlTemplate\":\"https:\/\/bahiaeconomica.com.br\/wp\/?s={search_term_string}\"},\"query-input\":\"required name=search_term_string\"}],\"inLanguage\":\"pt-BR\"},{\"@type\":\"Organization\",\"@id\":\"https:\/\/bahiaeconomica.com.br\/wp\/#organization\",\"name\":\"Bahia Econ\u00f4mica\",\"url\":\"https:\/\/bahiaeconomica.com.br\/wp\/\",\"logo\":{\"@type\":\"ImageObject\",\"inLanguage\":\"pt-BR\",\"@id\":\"https:\/\/bahiaeconomica.com.br\/wp\/#\/schema\/logo\/image\/\",\"url\":\"https:\/\/bahiaeconomica.com.br\/wp\/wp-content\/uploads\/2020\/12\/cropped-BE.png\",\"contentUrl\":\"https:\/\/bahiaeconomica.com.br\/wp\/wp-content\/uploads\/2020\/12\/cropped-BE.png\",\"width\":512,\"height\":512,\"caption\":\"Bahia Econ\u00f4mica\"},\"image\":{\"@id\":\"https:\/\/bahiaeconomica.com.br\/wp\/#\/schema\/logo\/image\/\"},\"sameAs\":[\"https:\/\/www.facebook.com\/bahiaeconomica\"]},{\"@type\":\"Person\",\"@id\":\"https:\/\/bahiaeconomica.com.br\/wp\/#\/schema\/person\/638522c9d72fb94b4c1672ac86537fef\",\"name\":\"NM\",\"sameAs\":[\"https:\/\/bahiaeconomica.com.br\/wp\/beta\/\"],\"url\":\"https:\/\/bahiaeconomica.com.br\/wp\/author\/nm\/\"}]}<\/script>\n<!-- \/ Yoast SEO plugin. -->","yoast_head_json":{"title":"EM FEVEREIRO, JUROS M\u00c9DIOS DOS BANCOS SOBEM PARA 44,2% AO ANO - Bahia Economica","description":"O maior portal de Economia da Bahia DESTAQUE DO DIA, ECONOMIA \/ POL\u00cdTICA Bahia Economica","robots":{"index":"index","follow":"follow","max-snippet":"max-snippet:-1","max-image-preview":"max-image-preview:large","max-video-preview":"max-video-preview:-1"},"canonical":"https:\/\/bahiaeconomica.com.br\/wp\/2023\/03\/29\/em-fevereiro-juros-medios-dos-bancos-sobem-para-442-ao-ano\/","og_locale":"pt_BR","og_type":"article","og_title":"EM FEVEREIRO, JUROS M\u00c9DIOS DOS BANCOS SOBEM PARA 44,2% AO ANO - Bahia Economica","og_description":"O maior portal de Economia da Bahia DESTAQUE DO DIA, ECONOMIA \/ POL\u00cdTICA Bahia Economica","og_url":"https:\/\/bahiaeconomica.com.br\/wp\/2023\/03\/29\/em-fevereiro-juros-medios-dos-bancos-sobem-para-442-ao-ano\/","og_site_name":"Bahia Economica","article_publisher":"https:\/\/www.facebook.com\/bahiaeconomica","article_published_time":"2023-03-29T15:58:18+00:00","article_modified_time":"2023-03-29T20:17:10+00:00","og_image":[{"width":1170,"height":700,"url":"https:\/\/bahiaeconomica.com.br\/wp\/wp-content\/uploads\/2023\/03\/juros-medios.jpg","type":"image\/jpeg"}],"author":"NM","twitter_card":"summary_large_image","twitter_misc":{"Escrito por":"NM","Est. tempo de leitura":"7 minutos"},"schema":{"@context":"https:\/\/schema.org","@graph":[{"@type":"Article","@id":"https:\/\/bahiaeconomica.com.br\/wp\/2023\/03\/29\/em-fevereiro-juros-medios-dos-bancos-sobem-para-442-ao-ano\/#article","isPartOf":{"@id":"https:\/\/bahiaeconomica.com.br\/wp\/2023\/03\/29\/em-fevereiro-juros-medios-dos-bancos-sobem-para-442-ao-ano\/"},"author":{"name":"NM","@id":"https:\/\/bahiaeconomica.com.br\/wp\/#\/schema\/person\/638522c9d72fb94b4c1672ac86537fef"},"headline":"EM FEVEREIRO, JUROS M\u00c9DIOS DOS BANCOS SOBEM PARA 44,2% AO ANO","datePublished":"2023-03-29T15:58:18+00:00","dateModified":"2023-03-29T20:17:10+00:00","mainEntityOfPage":{"@id":"https:\/\/bahiaeconomica.com.br\/wp\/2023\/03\/29\/em-fevereiro-juros-medios-dos-bancos-sobem-para-442-ao-ano\/"},"wordCount":1173,"publisher":{"@id":"https:\/\/bahiaeconomica.com.br\/wp\/#organization"},"keywords":["Brasil","Economia","juros","juros m\u00e9dios dos bancos"],"articleSection":["DESTAQUE DO DIA","ECONOMIA \/ POL\u00cdTICA"],"inLanguage":"pt-BR"},{"@type":"WebPage","@id":"https:\/\/bahiaeconomica.com.br\/wp\/2023\/03\/29\/em-fevereiro-juros-medios-dos-bancos-sobem-para-442-ao-ano\/","url":"https:\/\/bahiaeconomica.com.br\/wp\/2023\/03\/29\/em-fevereiro-juros-medios-dos-bancos-sobem-para-442-ao-ano\/","name":"EM FEVEREIRO, JUROS M\u00c9DIOS DOS BANCOS SOBEM PARA 44,2% AO ANO - Bahia Economica","isPartOf":{"@id":"https:\/\/bahiaeconomica.com.br\/wp\/#website"},"datePublished":"2023-03-29T15:58:18+00:00","dateModified":"2023-03-29T20:17:10+00:00","description":"O maior portal de Economia da Bahia DESTAQUE DO DIA, ECONOMIA \/ POL\u00cdTICA Bahia Economica","breadcrumb":{"@id":"https:\/\/bahiaeconomica.com.br\/wp\/2023\/03\/29\/em-fevereiro-juros-medios-dos-bancos-sobem-para-442-ao-ano\/#breadcrumb"},"inLanguage":"pt-BR","potentialAction":[{"@type":"ReadAction","target":["https:\/\/bahiaeconomica.com.br\/wp\/2023\/03\/29\/em-fevereiro-juros-medios-dos-bancos-sobem-para-442-ao-ano\/"]}]},{"@type":"BreadcrumbList","@id":"https:\/\/bahiaeconomica.com.br\/wp\/2023\/03\/29\/em-fevereiro-juros-medios-dos-bancos-sobem-para-442-ao-ano\/#breadcrumb","itemListElement":[{"@type":"ListItem","position":1,"name":"In\u00edcio","item":"https:\/\/bahiaeconomica.com.br\/wp\/"},{"@type":"ListItem","position":2,"name":"EM FEVEREIRO, JUROS M\u00c9DIOS DOS BANCOS SOBEM PARA 44,2% AO ANO"}]},{"@type":"WebSite","@id":"https:\/\/bahiaeconomica.com.br\/wp\/#website","url":"https:\/\/bahiaeconomica.com.br\/wp\/","name":"Bahia Economica","description":"O maior portal de Economia da Bahia","publisher":{"@id":"https:\/\/bahiaeconomica.com.br\/wp\/#organization"},"potentialAction":[{"@type":"SearchAction","target":{"@type":"EntryPoint","urlTemplate":"https:\/\/bahiaeconomica.com.br\/wp\/?s={search_term_string}"},"query-input":"required name=search_term_string"}],"inLanguage":"pt-BR"},{"@type":"Organization","@id":"https:\/\/bahiaeconomica.com.br\/wp\/#organization","name":"Bahia Econ\u00f4mica","url":"https:\/\/bahiaeconomica.com.br\/wp\/","logo":{"@type":"ImageObject","inLanguage":"pt-BR","@id":"https:\/\/bahiaeconomica.com.br\/wp\/#\/schema\/logo\/image\/","url":"https:\/\/bahiaeconomica.com.br\/wp\/wp-content\/uploads\/2020\/12\/cropped-BE.png","contentUrl":"https:\/\/bahiaeconomica.com.br\/wp\/wp-content\/uploads\/2020\/12\/cropped-BE.png","width":512,"height":512,"caption":"Bahia Econ\u00f4mica"},"image":{"@id":"https:\/\/bahiaeconomica.com.br\/wp\/#\/schema\/logo\/image\/"},"sameAs":["https:\/\/www.facebook.com\/bahiaeconomica"]},{"@type":"Person","@id":"https:\/\/bahiaeconomica.com.br\/wp\/#\/schema\/person\/638522c9d72fb94b4c1672ac86537fef","name":"NM","sameAs":["https:\/\/bahiaeconomica.com.br\/wp\/beta\/"],"url":"https:\/\/bahiaeconomica.com.br\/wp\/author\/nm\/"}]}},"views":8,"_links":{"self":[{"href":"https:\/\/bahiaeconomica.com.br\/wp\/wp-json\/wp\/v2\/posts\/726383"}],"collection":[{"href":"https:\/\/bahiaeconomica.com.br\/wp\/wp-json\/wp\/v2\/posts"}],"about":[{"href":"https:\/\/bahiaeconomica.com.br\/wp\/wp-json\/wp\/v2\/types\/post"}],"author":[{"embeddable":true,"href":"https:\/\/bahiaeconomica.com.br\/wp\/wp-json\/wp\/v2\/users\/10"}],"replies":[{"embeddable":true,"href":"https:\/\/bahiaeconomica.com.br\/wp\/wp-json\/wp\/v2\/comments?post=726383"}],"version-history":[{"count":1,"href":"https:\/\/bahiaeconomica.com.br\/wp\/wp-json\/wp\/v2\/posts\/726383\/revisions"}],"predecessor-version":[{"id":726388,"href":"https:\/\/bahiaeconomica.com.br\/wp\/wp-json\/wp\/v2\/posts\/726383\/revisions\/726388"}],"wp:featuredmedia":[{"embeddable":true,"href":"https:\/\/bahiaeconomica.com.br\/wp\/wp-json\/wp\/v2\/media\/726387"}],"wp:attachment":[{"href":"https:\/\/bahiaeconomica.com.br\/wp\/wp-json\/wp\/v2\/media?parent=726383"}],"wp:term":[{"taxonomy":"category","embeddable":true,"href":"https:\/\/bahiaeconomica.com.br\/wp\/wp-json\/wp\/v2\/categories?post=726383"},{"taxonomy":"post_tag","embeddable":true,"href":"https:\/\/bahiaeconomica.com.br\/wp\/wp-json\/wp\/v2\/tags?post=726383"}],"curies":[{"name":"wp","href":"https:\/\/api.w.org\/{rel}","templated":true}]}}