{"id":726364,"date":"2023-03-29T11:42:47","date_gmt":"2023-03-29T14:42:47","guid":{"rendered":"https:\/\/bahiaeconomica.com.br\/wp\/beta\/?p=726364"},"modified":"2023-03-29T11:42:47","modified_gmt":"2023-03-29T14:42:47","slug":"governo-estende-recadastramento-de-armas-ate-3-de-maio","status":"publish","type":"post","link":"https:\/\/bahiaeconomica.com.br\/wp\/2023\/03\/29\/governo-estende-recadastramento-de-armas-ate-3-de-maio\/","title":{"rendered":"GOVERNO ESTENDE RECADASTRAMENTO DE ARMAS AT\u00c9 3 DE MAIO"},"content":{"rendered":"<p>O governo federal prorrogou at\u00e9 3 de maio o prazo de recadastramento de armas no Sistema Nacional de Armas (Sinarm). O decreto foi publicado nesta quarta-feira (29) no\u00a0<a href=\"http:\/\/in.gov.br\/web\/dou\/-\/decreto-n-11.455-de-28-de-marco-de-2023-473383164\" target=\"_blank\" rel=\"noopener\"><em>Di\u00e1rio Oficial da Uni\u00e3o<\/em><\/a>. O prazo come\u00e7ou em 1\u00ba de fevereiro e iria at\u00e9 30 de mar\u00e7o.<\/p>\n<p><!--more--><\/p>\n<p>Em nota t\u00e9cnica, a Secretaria Nacional de Seguran\u00e7a P\u00fablica (Senasp), do Minist\u00e9rio da Justi\u00e7a e Seguran\u00e7a P\u00fablica, justificou que a prorroga\u00e7\u00e3o do prazo tem o prop\u00f3sito de assegurar \u201cmelhor adequa\u00e7\u00e3o da Pol\u00edcia Federal no cumprimento da atividade de recadastramento atribu\u00edda ao \u00f3rg\u00e3o policial\u201d, considerando as dimens\u00f5es continentais do pa\u00eds.<\/p>\n<p>O Sinarm, da Pol\u00edcia Federal (PF), \u00e9 o sistema de registro de armas de uso permitido de civis que concentra dados de armas mantidas por empresas de seguran\u00e7a privada, policiais civis, guardas municipais e pessoas f\u00edsicas com autoriza\u00e7\u00e3o de posse ou porte. J\u00e1 Sistema de Gerenciamento Militar de Armas (Sigma), do Ex\u00e9rcito, registra as armas de uso restrito pertencentes a colecionadores, atiradores e ca\u00e7adores (CAC\u2019s).<\/p>\n<p>Com o recadastramento, todas as armas de uso permitido e de uso restrito devem ser cadastradas no Sinarm, ainda que j\u00e1 registradas em outros sistemas. Ontem (28),\u00a0em audi\u00eancia p\u00fablica na C\u00e2mara dos Deputados, o ministro da Justi\u00e7a e Seguran\u00e7a P\u00fablica, Fl\u00e1vio Dino, afirmou que o processo tem sido t\u00e3o bem sucedido que o n\u00famero de armas recadastradas j\u00e1 \u00e9 maior do que o de armas originalmente cadastradas nos sistemas oficiais.<\/p>\n<p>Dino n\u00e3o chegou a apresentar novos n\u00fameros, mas no \u00faltimo balan\u00e7o, da semana passada,\u00a081% das 762.365 armas de CACs, registradas no Sigma, haviam sido recadastradas na Pol\u00edcia Federal. As mais de 613 mil armas recadastradas superam a meta do governo, que era chegar a 80% de recadastramentos feitos. Os\u00a0propriet\u00e1rios que n\u00e3o desejarem mais manter a\u00a0propriedade de armas\u00a0poder\u00e3o entreg\u00e1-las em um dos postos de coleta da Campanha do Desarmamento, autorizados pelo Minist\u00e9rio da Justi\u00e7a e Seguran\u00e7a P\u00fablica.<\/p>\n<p>Outra mudan\u00e7a trazida no decreto de hoje permite que o diretor-geral da PF estabele\u00e7a procedimentos especiais para a apresenta\u00e7\u00e3o de armamentos, motivados por quest\u00f5es de log\u00edstica e seguran\u00e7a. O novo texto prev\u00ea a possibilidade da exposi\u00e7\u00e3o \u00e0s equipes da PF em local distinto das respectivas delegacias.<\/p>\n<p><strong>Nova pol\u00edtica<\/strong><\/p>\n<p>O recadastramento foi uma determina\u00e7\u00e3o do presidente Luiz In\u00e1cio Lula da Silva, que suspendeu,\u00a0por meio de decreto, os registros para aquisi\u00e7\u00e3o e transfer\u00eancia de armas e de muni\u00e7\u00f5es de uso restrito por CACs. Ap\u00f3s o fim dessa etapa, uma proposta de novo decreto com regras sobre aquisi\u00e7\u00e3o de armas, obten\u00e7\u00e3o de posse ou porte e funcionamento de clubes de tiro ser\u00e1 apresentado pelo governo. Ao determinar a suspens\u00e3o, Lula criou grupo de trabalho para tratar dessa nova regulamenta\u00e7\u00e3o ao Estatuto do Desarmamento.<\/p>\n<p>O decreto desta quarta-feira tamb\u00e9m muda a composi\u00e7\u00e3o do grupo de trabalho, que passar\u00e1 a contar com dois novos integrantes: uma representa\u00e7\u00e3o da Comiss\u00e3o de Seguran\u00e7a P\u00fablica e Combate ao Crime Organizado da C\u00e2mara dos Deputados e uma representa\u00e7\u00e3o da Comiss\u00e3o de Seguran\u00e7a P\u00fablica do Senado Federal. A participa\u00e7\u00e3o no grupo foi solicitada pelos interessados ao ministro Fl\u00e1vio Dino.<\/p>\n<p>Fonte: Andreia Verd\u00e9lio\/Ag\u00eancia Brasil<br \/>\nFoto: Daniel Ramalho\/AFP\/Arquivo<\/p>\n","protected":false},"excerpt":{"rendered":"<p>O governo federal prorrogou at\u00e9 3 de maio o prazo de recadastramento de armas no Sistema Nacional de Armas (Sinarm). O decreto foi publicado nesta quarta-feira (29) no\u00a0Di\u00e1rio Oficial da Uni\u00e3o. O prazo come\u00e7ou em 1\u00ba de fevereiro e iria at\u00e9 30 de mar\u00e7o.<\/p>\n","protected":false},"author":10,"featured_media":726365,"comment_status":"closed","ping_status":"closed","sticky":false,"template":"","format":"standard","meta":[],"categories":[3],"tags":[3575,52,12118],"acf":[],"yoast_head":"<!-- This site is optimized with the Yoast SEO plugin v20.8 - https:\/\/yoast.com\/wordpress\/plugins\/seo\/ -->\n<title>GOVERNO ESTENDE RECADASTRAMENTO DE ARMAS AT\u00c9 3 DE MAIO - Bahia Economica<\/title>\n<meta name=\"description\" content=\"O maior portal de Economia da Bahia ECONOMIA \/ POL\u00cdTICA Bahia Economica\" \/>\n<meta name=\"robots\" content=\"index, follow, max-snippet:-1, max-image-preview:large, max-video-preview:-1\" \/>\n<link rel=\"canonical\" href=\"https:\/\/bahiaeconomica.com.br\/wp\/2023\/03\/29\/governo-estende-recadastramento-de-armas-ate-3-de-maio\/\" \/>\n<meta property=\"og:locale\" content=\"pt_BR\" \/>\n<meta property=\"og:type\" content=\"article\" \/>\n<meta property=\"og:title\" content=\"GOVERNO ESTENDE RECADASTRAMENTO DE ARMAS AT\u00c9 3 DE MAIO - Bahia Economica\" \/>\n<meta property=\"og:description\" content=\"O maior portal de Economia da Bahia ECONOMIA \/ POL\u00cdTICA Bahia Economica\" \/>\n<meta property=\"og:url\" content=\"https:\/\/bahiaeconomica.com.br\/wp\/2023\/03\/29\/governo-estende-recadastramento-de-armas-ate-3-de-maio\/\" \/>\n<meta property=\"og:site_name\" content=\"Bahia Economica\" \/>\n<meta property=\"article:publisher\" content=\"https:\/\/www.facebook.com\/bahiaeconomica\" \/>\n<meta property=\"article:published_time\" content=\"2023-03-29T14:42:47+00:00\" \/>\n<meta property=\"og:image\" content=\"https:\/\/bahiaeconomica.com.br\/wp\/wp-content\/uploads\/2023\/03\/armas-29.03.webp\" \/>\n\t<meta property=\"og:image:width\" content=\"640\" \/>\n\t<meta property=\"og:image:height\" content=\"427\" \/>\n\t<meta property=\"og:image:type\" content=\"image\/webp\" \/>\n<meta name=\"author\" content=\"NM\" \/>\n<meta name=\"twitter:card\" content=\"summary_large_image\" \/>\n<meta name=\"twitter:label1\" content=\"Escrito por\" \/>\n\t<meta name=\"twitter:data1\" content=\"NM\" \/>\n\t<meta name=\"twitter:label2\" content=\"Est. tempo de leitura\" \/>\n\t<meta name=\"twitter:data2\" content=\"3 minutos\" \/>\n<script type=\"application\/ld+json\" class=\"yoast-schema-graph\">{\"@context\":\"https:\/\/schema.org\",\"@graph\":[{\"@type\":\"Article\",\"@id\":\"https:\/\/bahiaeconomica.com.br\/wp\/2023\/03\/29\/governo-estende-recadastramento-de-armas-ate-3-de-maio\/#article\",\"isPartOf\":{\"@id\":\"https:\/\/bahiaeconomica.com.br\/wp\/2023\/03\/29\/governo-estende-recadastramento-de-armas-ate-3-de-maio\/\"},\"author\":{\"name\":\"NM\",\"@id\":\"https:\/\/bahiaeconomica.com.br\/wp\/#\/schema\/person\/638522c9d72fb94b4c1672ac86537fef\"},\"headline\":\"GOVERNO ESTENDE RECADASTRAMENTO DE ARMAS AT\u00c9 3 DE MAIO\",\"datePublished\":\"2023-03-29T14:42:47+00:00\",\"dateModified\":\"2023-03-29T14:42:47+00:00\",\"mainEntityOfPage\":{\"@id\":\"https:\/\/bahiaeconomica.com.br\/wp\/2023\/03\/29\/governo-estende-recadastramento-de-armas-ate-3-de-maio\/\"},\"wordCount\":587,\"publisher\":{\"@id\":\"https:\/\/bahiaeconomica.com.br\/wp\/#organization\"},\"keywords\":[\"armas\",\"Brasil\",\"recadastramento de armas\"],\"articleSection\":[\"ECONOMIA \/ POL\u00cdTICA\"],\"inLanguage\":\"pt-BR\"},{\"@type\":\"WebPage\",\"@id\":\"https:\/\/bahiaeconomica.com.br\/wp\/2023\/03\/29\/governo-estende-recadastramento-de-armas-ate-3-de-maio\/\",\"url\":\"https:\/\/bahiaeconomica.com.br\/wp\/2023\/03\/29\/governo-estende-recadastramento-de-armas-ate-3-de-maio\/\",\"name\":\"GOVERNO ESTENDE RECADASTRAMENTO DE ARMAS AT\u00c9 3 DE MAIO - Bahia Economica\",\"isPartOf\":{\"@id\":\"https:\/\/bahiaeconomica.com.br\/wp\/#website\"},\"datePublished\":\"2023-03-29T14:42:47+00:00\",\"dateModified\":\"2023-03-29T14:42:47+00:00\",\"description\":\"O maior portal de Economia da Bahia ECONOMIA \/ POL\u00cdTICA Bahia Economica\",\"breadcrumb\":{\"@id\":\"https:\/\/bahiaeconomica.com.br\/wp\/2023\/03\/29\/governo-estende-recadastramento-de-armas-ate-3-de-maio\/#breadcrumb\"},\"inLanguage\":\"pt-BR\",\"potentialAction\":[{\"@type\":\"ReadAction\",\"target\":[\"https:\/\/bahiaeconomica.com.br\/wp\/2023\/03\/29\/governo-estende-recadastramento-de-armas-ate-3-de-maio\/\"]}]},{\"@type\":\"BreadcrumbList\",\"@id\":\"https:\/\/bahiaeconomica.com.br\/wp\/2023\/03\/29\/governo-estende-recadastramento-de-armas-ate-3-de-maio\/#breadcrumb\",\"itemListElement\":[{\"@type\":\"ListItem\",\"position\":1,\"name\":\"In\u00edcio\",\"item\":\"https:\/\/bahiaeconomica.com.br\/wp\/\"},{\"@type\":\"ListItem\",\"position\":2,\"name\":\"GOVERNO ESTENDE RECADASTRAMENTO DE ARMAS AT\u00c9 3 DE MAIO\"}]},{\"@type\":\"WebSite\",\"@id\":\"https:\/\/bahiaeconomica.com.br\/wp\/#website\",\"url\":\"https:\/\/bahiaeconomica.com.br\/wp\/\",\"name\":\"Bahia Economica\",\"description\":\"O maior portal de Economia da Bahia\",\"publisher\":{\"@id\":\"https:\/\/bahiaeconomica.com.br\/wp\/#organization\"},\"potentialAction\":[{\"@type\":\"SearchAction\",\"target\":{\"@type\":\"EntryPoint\",\"urlTemplate\":\"https:\/\/bahiaeconomica.com.br\/wp\/?s={search_term_string}\"},\"query-input\":\"required name=search_term_string\"}],\"inLanguage\":\"pt-BR\"},{\"@type\":\"Organization\",\"@id\":\"https:\/\/bahiaeconomica.com.br\/wp\/#organization\",\"name\":\"Bahia Econ\u00f4mica\",\"url\":\"https:\/\/bahiaeconomica.com.br\/wp\/\",\"logo\":{\"@type\":\"ImageObject\",\"inLanguage\":\"pt-BR\",\"@id\":\"https:\/\/bahiaeconomica.com.br\/wp\/#\/schema\/logo\/image\/\",\"url\":\"https:\/\/bahiaeconomica.com.br\/wp\/wp-content\/uploads\/2020\/12\/cropped-BE.png\",\"contentUrl\":\"https:\/\/bahiaeconomica.com.br\/wp\/wp-content\/uploads\/2020\/12\/cropped-BE.png\",\"width\":512,\"height\":512,\"caption\":\"Bahia Econ\u00f4mica\"},\"image\":{\"@id\":\"https:\/\/bahiaeconomica.com.br\/wp\/#\/schema\/logo\/image\/\"},\"sameAs\":[\"https:\/\/www.facebook.com\/bahiaeconomica\"]},{\"@type\":\"Person\",\"@id\":\"https:\/\/bahiaeconomica.com.br\/wp\/#\/schema\/person\/638522c9d72fb94b4c1672ac86537fef\",\"name\":\"NM\",\"sameAs\":[\"https:\/\/bahiaeconomica.com.br\/wp\/beta\/\"],\"url\":\"https:\/\/bahiaeconomica.com.br\/wp\/author\/nm\/\"}]}<\/script>\n<!-- \/ Yoast SEO plugin. -->","yoast_head_json":{"title":"GOVERNO ESTENDE RECADASTRAMENTO DE ARMAS AT\u00c9 3 DE MAIO - Bahia Economica","description":"O maior portal de Economia da Bahia ECONOMIA \/ POL\u00cdTICA Bahia Economica","robots":{"index":"index","follow":"follow","max-snippet":"max-snippet:-1","max-image-preview":"max-image-preview:large","max-video-preview":"max-video-preview:-1"},"canonical":"https:\/\/bahiaeconomica.com.br\/wp\/2023\/03\/29\/governo-estende-recadastramento-de-armas-ate-3-de-maio\/","og_locale":"pt_BR","og_type":"article","og_title":"GOVERNO ESTENDE RECADASTRAMENTO DE ARMAS AT\u00c9 3 DE MAIO - Bahia Economica","og_description":"O maior portal de Economia da Bahia ECONOMIA \/ POL\u00cdTICA Bahia Economica","og_url":"https:\/\/bahiaeconomica.com.br\/wp\/2023\/03\/29\/governo-estende-recadastramento-de-armas-ate-3-de-maio\/","og_site_name":"Bahia Economica","article_publisher":"https:\/\/www.facebook.com\/bahiaeconomica","article_published_time":"2023-03-29T14:42:47+00:00","og_image":[{"width":640,"height":427,"url":"https:\/\/bahiaeconomica.com.br\/wp\/wp-content\/uploads\/2023\/03\/armas-29.03.webp","type":"image\/webp"}],"author":"NM","twitter_card":"summary_large_image","twitter_misc":{"Escrito por":"NM","Est. tempo de leitura":"3 minutos"},"schema":{"@context":"https:\/\/schema.org","@graph":[{"@type":"Article","@id":"https:\/\/bahiaeconomica.com.br\/wp\/2023\/03\/29\/governo-estende-recadastramento-de-armas-ate-3-de-maio\/#article","isPartOf":{"@id":"https:\/\/bahiaeconomica.com.br\/wp\/2023\/03\/29\/governo-estende-recadastramento-de-armas-ate-3-de-maio\/"},"author":{"name":"NM","@id":"https:\/\/bahiaeconomica.com.br\/wp\/#\/schema\/person\/638522c9d72fb94b4c1672ac86537fef"},"headline":"GOVERNO ESTENDE RECADASTRAMENTO DE ARMAS AT\u00c9 3 DE MAIO","datePublished":"2023-03-29T14:42:47+00:00","dateModified":"2023-03-29T14:42:47+00:00","mainEntityOfPage":{"@id":"https:\/\/bahiaeconomica.com.br\/wp\/2023\/03\/29\/governo-estende-recadastramento-de-armas-ate-3-de-maio\/"},"wordCount":587,"publisher":{"@id":"https:\/\/bahiaeconomica.com.br\/wp\/#organization"},"keywords":["armas","Brasil","recadastramento de armas"],"articleSection":["ECONOMIA \/ POL\u00cdTICA"],"inLanguage":"pt-BR"},{"@type":"WebPage","@id":"https:\/\/bahiaeconomica.com.br\/wp\/2023\/03\/29\/governo-estende-recadastramento-de-armas-ate-3-de-maio\/","url":"https:\/\/bahiaeconomica.com.br\/wp\/2023\/03\/29\/governo-estende-recadastramento-de-armas-ate-3-de-maio\/","name":"GOVERNO ESTENDE RECADASTRAMENTO DE ARMAS AT\u00c9 3 DE MAIO - Bahia Economica","isPartOf":{"@id":"https:\/\/bahiaeconomica.com.br\/wp\/#website"},"datePublished":"2023-03-29T14:42:47+00:00","dateModified":"2023-03-29T14:42:47+00:00","description":"O maior portal de Economia da Bahia ECONOMIA \/ POL\u00cdTICA Bahia Economica","breadcrumb":{"@id":"https:\/\/bahiaeconomica.com.br\/wp\/2023\/03\/29\/governo-estende-recadastramento-de-armas-ate-3-de-maio\/#breadcrumb"},"inLanguage":"pt-BR","potentialAction":[{"@type":"ReadAction","target":["https:\/\/bahiaeconomica.com.br\/wp\/2023\/03\/29\/governo-estende-recadastramento-de-armas-ate-3-de-maio\/"]}]},{"@type":"BreadcrumbList","@id":"https:\/\/bahiaeconomica.com.br\/wp\/2023\/03\/29\/governo-estende-recadastramento-de-armas-ate-3-de-maio\/#breadcrumb","itemListElement":[{"@type":"ListItem","position":1,"name":"In\u00edcio","item":"https:\/\/bahiaeconomica.com.br\/wp\/"},{"@type":"ListItem","position":2,"name":"GOVERNO ESTENDE RECADASTRAMENTO DE ARMAS AT\u00c9 3 DE MAIO"}]},{"@type":"WebSite","@id":"https:\/\/bahiaeconomica.com.br\/wp\/#website","url":"https:\/\/bahiaeconomica.com.br\/wp\/","name":"Bahia Economica","description":"O maior portal de Economia da Bahia","publisher":{"@id":"https:\/\/bahiaeconomica.com.br\/wp\/#organization"},"potentialAction":[{"@type":"SearchAction","target":{"@type":"EntryPoint","urlTemplate":"https:\/\/bahiaeconomica.com.br\/wp\/?s={search_term_string}"},"query-input":"required name=search_term_string"}],"inLanguage":"pt-BR"},{"@type":"Organization","@id":"https:\/\/bahiaeconomica.com.br\/wp\/#organization","name":"Bahia Econ\u00f4mica","url":"https:\/\/bahiaeconomica.com.br\/wp\/","logo":{"@type":"ImageObject","inLanguage":"pt-BR","@id":"https:\/\/bahiaeconomica.com.br\/wp\/#\/schema\/logo\/image\/","url":"https:\/\/bahiaeconomica.com.br\/wp\/wp-content\/uploads\/2020\/12\/cropped-BE.png","contentUrl":"https:\/\/bahiaeconomica.com.br\/wp\/wp-content\/uploads\/2020\/12\/cropped-BE.png","width":512,"height":512,"caption":"Bahia Econ\u00f4mica"},"image":{"@id":"https:\/\/bahiaeconomica.com.br\/wp\/#\/schema\/logo\/image\/"},"sameAs":["https:\/\/www.facebook.com\/bahiaeconomica"]},{"@type":"Person","@id":"https:\/\/bahiaeconomica.com.br\/wp\/#\/schema\/person\/638522c9d72fb94b4c1672ac86537fef","name":"NM","sameAs":["https:\/\/bahiaeconomica.com.br\/wp\/beta\/"],"url":"https:\/\/bahiaeconomica.com.br\/wp\/author\/nm\/"}]}},"views":2,"_links":{"self":[{"href":"https:\/\/bahiaeconomica.com.br\/wp\/wp-json\/wp\/v2\/posts\/726364"}],"collection":[{"href":"https:\/\/bahiaeconomica.com.br\/wp\/wp-json\/wp\/v2\/posts"}],"about":[{"href":"https:\/\/bahiaeconomica.com.br\/wp\/wp-json\/wp\/v2\/types\/post"}],"author":[{"embeddable":true,"href":"https:\/\/bahiaeconomica.com.br\/wp\/wp-json\/wp\/v2\/users\/10"}],"replies":[{"embeddable":true,"href":"https:\/\/bahiaeconomica.com.br\/wp\/wp-json\/wp\/v2\/comments?post=726364"}],"version-history":[{"count":1,"href":"https:\/\/bahiaeconomica.com.br\/wp\/wp-json\/wp\/v2\/posts\/726364\/revisions"}],"predecessor-version":[{"id":726366,"href":"https:\/\/bahiaeconomica.com.br\/wp\/wp-json\/wp\/v2\/posts\/726364\/revisions\/726366"}],"wp:featuredmedia":[{"embeddable":true,"href":"https:\/\/bahiaeconomica.com.br\/wp\/wp-json\/wp\/v2\/media\/726365"}],"wp:attachment":[{"href":"https:\/\/bahiaeconomica.com.br\/wp\/wp-json\/wp\/v2\/media?parent=726364"}],"wp:term":[{"taxonomy":"category","embeddable":true,"href":"https:\/\/bahiaeconomica.com.br\/wp\/wp-json\/wp\/v2\/categories?post=726364"},{"taxonomy":"post_tag","embeddable":true,"href":"https:\/\/bahiaeconomica.com.br\/wp\/wp-json\/wp\/v2\/tags?post=726364"}],"curies":[{"name":"wp","href":"https:\/\/api.w.org\/{rel}","templated":true}]}}