{"id":725899,"date":"2023-03-27T15:54:18","date_gmt":"2023-03-27T18:54:18","guid":{"rendered":"https:\/\/bahiaeconomica.com.br\/wp\/beta\/?p=725899"},"modified":"2023-03-27T19:50:25","modified_gmt":"2023-03-27T22:50:25","slug":"governo-sela-acordo-com-feira-para-realizacao-de-micareta","status":"publish","type":"post","link":"https:\/\/bahiaeconomica.com.br\/wp\/2023\/03\/27\/governo-sela-acordo-com-feira-para-realizacao-de-micareta\/","title":{"rendered":"GOVERNO SELA ACORDO COM FEIRA PARA REALIZA\u00c7\u00c3O DE MICARETA"},"content":{"rendered":"<p>Mesmo com o acordo, n\u00e3o haver\u00e1 o funcionamento do Camarote da PM-BA<\/p>\n<p><!--more--><\/p>\n<p>Nesta segunda (27), o Governo da Bahia selou acordo com a Prefeitura de Feira de Santana, para a realiza\u00e7\u00e3o da Micareta de Feira, ap\u00f3s rusgas entre o governador Jer\u00f4nimo Rodrigues (PT) e o prefeito Colbert Martins (MDB).<\/p>\n<p>A Micareta est\u00e1 prevista para acontecer entre os dias 20 e 23 de abril.<\/p>\n<p>Apesar do acordo, excepcionalmente neste ano, n\u00e3o haver\u00e1 o funcionamento do Camarote Espa\u00e7o Folia da Pol\u00edcia Militar da Bahia (PM-BA), algo que foi bastante criticado por Jer\u00f4nimo nas \u00faltimas semanas.<\/p>\n<p>Estiveram presentes na reuni\u00e3o: os secret\u00e1rios estaduais de Rela\u00e7\u00f5es Institucionais e de Cultura, Luiz Caetano e Bruno Monteiro, respectivamente, e o superintendente de Fomento ao Turismo, Diogo Medrado.<\/p>\n<p>&nbsp;<\/p>\n<p>Foto: Secom\/Prefeitura de Feira<\/p>\n","protected":false},"excerpt":{"rendered":"<p>Mesmo com o acordo, n\u00e3o haver\u00e1 o funcionamento do Camarote da PM-BA<\/p>\n","protected":false},"author":7,"featured_media":725905,"comment_status":"closed","ping_status":"closed","sticky":false,"template":"","format":"standard","meta":[],"categories":[14,3],"tags":[85,11874,538,425,4701,11864],"acf":[],"yoast_head":"<!-- This site is optimized with the Yoast SEO plugin v20.8 - https:\/\/yoast.com\/wordpress\/plugins\/seo\/ -->\n<title>GOVERNO SELA ACORDO COM FEIRA PARA REALIZA\u00c7\u00c3O DE MICARETA - Bahia Economica<\/title>\n<meta name=\"description\" content=\"Mesmo com o acordo, n\u00e3o haver\u00e1 o funcionamento do Camarote da PM-BA\" \/>\n<meta name=\"robots\" content=\"index, follow, max-snippet:-1, max-image-preview:large, max-video-preview:-1\" \/>\n<link rel=\"canonical\" href=\"https:\/\/bahiaeconomica.com.br\/wp\/2023\/03\/27\/governo-sela-acordo-com-feira-para-realizacao-de-micareta\/\" \/>\n<meta property=\"og:locale\" content=\"pt_BR\" \/>\n<meta property=\"og:type\" content=\"article\" \/>\n<meta property=\"og:title\" content=\"GOVERNO SELA ACORDO COM FEIRA PARA REALIZA\u00c7\u00c3O DE MICARETA - Bahia Economica\" \/>\n<meta property=\"og:description\" content=\"Mesmo com o acordo, n\u00e3o haver\u00e1 o funcionamento do Camarote da PM-BA\" \/>\n<meta property=\"og:url\" content=\"https:\/\/bahiaeconomica.com.br\/wp\/2023\/03\/27\/governo-sela-acordo-com-feira-para-realizacao-de-micareta\/\" \/>\n<meta property=\"og:site_name\" content=\"Bahia Economica\" \/>\n<meta property=\"article:publisher\" content=\"https:\/\/www.facebook.com\/bahiaeconomica\" \/>\n<meta property=\"article:author\" content=\"https:\/\/www.facebook.com\/taciosapirescaldas\" \/>\n<meta property=\"article:published_time\" content=\"2023-03-27T18:54:18+00:00\" \/>\n<meta property=\"article:modified_time\" content=\"2023-03-27T22:50:25+00:00\" \/>\n<meta property=\"og:image\" content=\"https:\/\/bahiaeconomica.com.br\/wp\/wp-content\/uploads\/2023\/03\/jeronimocolbert.jpg\" \/>\n\t<meta property=\"og:image:width\" content=\"360\" \/>\n\t<meta property=\"og:image:height\" content=\"220\" \/>\n\t<meta property=\"og:image:type\" content=\"image\/jpeg\" \/>\n<meta name=\"author\" content=\"TC\" \/>\n<meta name=\"twitter:card\" content=\"summary_large_image\" \/>\n<meta name=\"twitter:creator\" content=\"@taciocaldas\" \/>\n<meta name=\"twitter:label1\" content=\"Escrito por\" \/>\n\t<meta name=\"twitter:data1\" content=\"TC\" \/>\n\t<meta name=\"twitter:label2\" content=\"Est. tempo de leitura\" \/>\n\t<meta name=\"twitter:data2\" content=\"1 minuto\" \/>\n<script type=\"application\/ld+json\" class=\"yoast-schema-graph\">{\"@context\":\"https:\/\/schema.org\",\"@graph\":[{\"@type\":\"Article\",\"@id\":\"https:\/\/bahiaeconomica.com.br\/wp\/2023\/03\/27\/governo-sela-acordo-com-feira-para-realizacao-de-micareta\/#article\",\"isPartOf\":{\"@id\":\"https:\/\/bahiaeconomica.com.br\/wp\/2023\/03\/27\/governo-sela-acordo-com-feira-para-realizacao-de-micareta\/\"},\"author\":{\"name\":\"TC\",\"@id\":\"https:\/\/bahiaeconomica.com.br\/wp\/#\/schema\/person\/65938f073b6505ca9ee9899a67ae291b\"},\"headline\":\"GOVERNO SELA ACORDO COM FEIRA PARA REALIZA\u00c7\u00c3O DE MICARETA\",\"datePublished\":\"2023-03-27T18:54:18+00:00\",\"dateModified\":\"2023-03-27T22:50:25+00:00\",\"mainEntityOfPage\":{\"@id\":\"https:\/\/bahiaeconomica.com.br\/wp\/2023\/03\/27\/governo-sela-acordo-com-feira-para-realizacao-de-micareta\/\"},\"wordCount\":145,\"publisher\":{\"@id\":\"https:\/\/bahiaeconomica.com.br\/wp\/#organization\"},\"keywords\":[\"Bahia\",\"CAMAROTE DA PM-BA\",\"Colbert Martins\",\"Feira de Santana\",\"jer\u00f4nimo rodrigues\",\"micareta de feira 2023\"],\"articleSection\":[\"DESTAQUE DO DIA\",\"ECONOMIA \/ POL\u00cdTICA\"],\"inLanguage\":\"pt-BR\"},{\"@type\":\"WebPage\",\"@id\":\"https:\/\/bahiaeconomica.com.br\/wp\/2023\/03\/27\/governo-sela-acordo-com-feira-para-realizacao-de-micareta\/\",\"url\":\"https:\/\/bahiaeconomica.com.br\/wp\/2023\/03\/27\/governo-sela-acordo-com-feira-para-realizacao-de-micareta\/\",\"name\":\"GOVERNO SELA ACORDO COM FEIRA PARA REALIZA\u00c7\u00c3O DE MICARETA - Bahia Economica\",\"isPartOf\":{\"@id\":\"https:\/\/bahiaeconomica.com.br\/wp\/#website\"},\"datePublished\":\"2023-03-27T18:54:18+00:00\",\"dateModified\":\"2023-03-27T22:50:25+00:00\",\"description\":\"Mesmo com o acordo, n\u00e3o haver\u00e1 o funcionamento do Camarote da PM-BA\",\"breadcrumb\":{\"@id\":\"https:\/\/bahiaeconomica.com.br\/wp\/2023\/03\/27\/governo-sela-acordo-com-feira-para-realizacao-de-micareta\/#breadcrumb\"},\"inLanguage\":\"pt-BR\",\"potentialAction\":[{\"@type\":\"ReadAction\",\"target\":[\"https:\/\/bahiaeconomica.com.br\/wp\/2023\/03\/27\/governo-sela-acordo-com-feira-para-realizacao-de-micareta\/\"]}]},{\"@type\":\"BreadcrumbList\",\"@id\":\"https:\/\/bahiaeconomica.com.br\/wp\/2023\/03\/27\/governo-sela-acordo-com-feira-para-realizacao-de-micareta\/#breadcrumb\",\"itemListElement\":[{\"@type\":\"ListItem\",\"position\":1,\"name\":\"In\u00edcio\",\"item\":\"https:\/\/bahiaeconomica.com.br\/wp\/\"},{\"@type\":\"ListItem\",\"position\":2,\"name\":\"GOVERNO SELA ACORDO COM FEIRA PARA REALIZA\u00c7\u00c3O DE MICARETA\"}]},{\"@type\":\"WebSite\",\"@id\":\"https:\/\/bahiaeconomica.com.br\/wp\/#website\",\"url\":\"https:\/\/bahiaeconomica.com.br\/wp\/\",\"name\":\"Bahia Economica\",\"description\":\"O maior portal de Economia da Bahia\",\"publisher\":{\"@id\":\"https:\/\/bahiaeconomica.com.br\/wp\/#organization\"},\"potentialAction\":[{\"@type\":\"SearchAction\",\"target\":{\"@type\":\"EntryPoint\",\"urlTemplate\":\"https:\/\/bahiaeconomica.com.br\/wp\/?s={search_term_string}\"},\"query-input\":\"required name=search_term_string\"}],\"inLanguage\":\"pt-BR\"},{\"@type\":\"Organization\",\"@id\":\"https:\/\/bahiaeconomica.com.br\/wp\/#organization\",\"name\":\"Bahia Econ\u00f4mica\",\"url\":\"https:\/\/bahiaeconomica.com.br\/wp\/\",\"logo\":{\"@type\":\"ImageObject\",\"inLanguage\":\"pt-BR\",\"@id\":\"https:\/\/bahiaeconomica.com.br\/wp\/#\/schema\/logo\/image\/\",\"url\":\"https:\/\/bahiaeconomica.com.br\/wp\/wp-content\/uploads\/2020\/12\/cropped-BE.png\",\"contentUrl\":\"https:\/\/bahiaeconomica.com.br\/wp\/wp-content\/uploads\/2020\/12\/cropped-BE.png\",\"width\":512,\"height\":512,\"caption\":\"Bahia Econ\u00f4mica\"},\"image\":{\"@id\":\"https:\/\/bahiaeconomica.com.br\/wp\/#\/schema\/logo\/image\/\"},\"sameAs\":[\"https:\/\/www.facebook.com\/bahiaeconomica\"]},{\"@type\":\"Person\",\"@id\":\"https:\/\/bahiaeconomica.com.br\/wp\/#\/schema\/person\/65938f073b6505ca9ee9899a67ae291b\",\"name\":\"TC\",\"sameAs\":[\"https:\/\/bahiaeconomica.com.br\/wp\/beta\/\",\"https:\/\/www.facebook.com\/taciosapirescaldas\",\"https:\/\/www.instagram.com\/taciocaldas\/\",\"https:\/\/www.linkedin.com\/in\/tcio-caldas\/\",\"https:\/\/twitter.com\/taciocaldas\"],\"url\":\"https:\/\/bahiaeconomica.com.br\/wp\/author\/tc\/\"}]}<\/script>\n<!-- \/ Yoast SEO plugin. -->","yoast_head_json":{"title":"GOVERNO SELA ACORDO COM FEIRA PARA REALIZA\u00c7\u00c3O DE MICARETA - Bahia Economica","description":"Mesmo com o acordo, n\u00e3o haver\u00e1 o funcionamento do Camarote da PM-BA","robots":{"index":"index","follow":"follow","max-snippet":"max-snippet:-1","max-image-preview":"max-image-preview:large","max-video-preview":"max-video-preview:-1"},"canonical":"https:\/\/bahiaeconomica.com.br\/wp\/2023\/03\/27\/governo-sela-acordo-com-feira-para-realizacao-de-micareta\/","og_locale":"pt_BR","og_type":"article","og_title":"GOVERNO SELA ACORDO COM FEIRA PARA REALIZA\u00c7\u00c3O DE MICARETA - Bahia Economica","og_description":"Mesmo com o acordo, n\u00e3o haver\u00e1 o funcionamento do Camarote da PM-BA","og_url":"https:\/\/bahiaeconomica.com.br\/wp\/2023\/03\/27\/governo-sela-acordo-com-feira-para-realizacao-de-micareta\/","og_site_name":"Bahia Economica","article_publisher":"https:\/\/www.facebook.com\/bahiaeconomica","article_author":"https:\/\/www.facebook.com\/taciosapirescaldas","article_published_time":"2023-03-27T18:54:18+00:00","article_modified_time":"2023-03-27T22:50:25+00:00","og_image":[{"width":360,"height":220,"url":"https:\/\/bahiaeconomica.com.br\/wp\/wp-content\/uploads\/2023\/03\/jeronimocolbert.jpg","type":"image\/jpeg"}],"author":"TC","twitter_card":"summary_large_image","twitter_creator":"@taciocaldas","twitter_misc":{"Escrito por":"TC","Est. tempo de leitura":"1 minuto"},"schema":{"@context":"https:\/\/schema.org","@graph":[{"@type":"Article","@id":"https:\/\/bahiaeconomica.com.br\/wp\/2023\/03\/27\/governo-sela-acordo-com-feira-para-realizacao-de-micareta\/#article","isPartOf":{"@id":"https:\/\/bahiaeconomica.com.br\/wp\/2023\/03\/27\/governo-sela-acordo-com-feira-para-realizacao-de-micareta\/"},"author":{"name":"TC","@id":"https:\/\/bahiaeconomica.com.br\/wp\/#\/schema\/person\/65938f073b6505ca9ee9899a67ae291b"},"headline":"GOVERNO SELA ACORDO COM FEIRA PARA REALIZA\u00c7\u00c3O DE MICARETA","datePublished":"2023-03-27T18:54:18+00:00","dateModified":"2023-03-27T22:50:25+00:00","mainEntityOfPage":{"@id":"https:\/\/bahiaeconomica.com.br\/wp\/2023\/03\/27\/governo-sela-acordo-com-feira-para-realizacao-de-micareta\/"},"wordCount":145,"publisher":{"@id":"https:\/\/bahiaeconomica.com.br\/wp\/#organization"},"keywords":["Bahia","CAMAROTE DA PM-BA","Colbert Martins","Feira de Santana","jer\u00f4nimo rodrigues","micareta de feira 2023"],"articleSection":["DESTAQUE DO DIA","ECONOMIA \/ POL\u00cdTICA"],"inLanguage":"pt-BR"},{"@type":"WebPage","@id":"https:\/\/bahiaeconomica.com.br\/wp\/2023\/03\/27\/governo-sela-acordo-com-feira-para-realizacao-de-micareta\/","url":"https:\/\/bahiaeconomica.com.br\/wp\/2023\/03\/27\/governo-sela-acordo-com-feira-para-realizacao-de-micareta\/","name":"GOVERNO SELA ACORDO COM FEIRA PARA REALIZA\u00c7\u00c3O DE MICARETA - Bahia Economica","isPartOf":{"@id":"https:\/\/bahiaeconomica.com.br\/wp\/#website"},"datePublished":"2023-03-27T18:54:18+00:00","dateModified":"2023-03-27T22:50:25+00:00","description":"Mesmo com o acordo, n\u00e3o haver\u00e1 o funcionamento do Camarote da PM-BA","breadcrumb":{"@id":"https:\/\/bahiaeconomica.com.br\/wp\/2023\/03\/27\/governo-sela-acordo-com-feira-para-realizacao-de-micareta\/#breadcrumb"},"inLanguage":"pt-BR","potentialAction":[{"@type":"ReadAction","target":["https:\/\/bahiaeconomica.com.br\/wp\/2023\/03\/27\/governo-sela-acordo-com-feira-para-realizacao-de-micareta\/"]}]},{"@type":"BreadcrumbList","@id":"https:\/\/bahiaeconomica.com.br\/wp\/2023\/03\/27\/governo-sela-acordo-com-feira-para-realizacao-de-micareta\/#breadcrumb","itemListElement":[{"@type":"ListItem","position":1,"name":"In\u00edcio","item":"https:\/\/bahiaeconomica.com.br\/wp\/"},{"@type":"ListItem","position":2,"name":"GOVERNO SELA ACORDO COM FEIRA PARA REALIZA\u00c7\u00c3O DE MICARETA"}]},{"@type":"WebSite","@id":"https:\/\/bahiaeconomica.com.br\/wp\/#website","url":"https:\/\/bahiaeconomica.com.br\/wp\/","name":"Bahia Economica","description":"O maior portal de Economia da Bahia","publisher":{"@id":"https:\/\/bahiaeconomica.com.br\/wp\/#organization"},"potentialAction":[{"@type":"SearchAction","target":{"@type":"EntryPoint","urlTemplate":"https:\/\/bahiaeconomica.com.br\/wp\/?s={search_term_string}"},"query-input":"required name=search_term_string"}],"inLanguage":"pt-BR"},{"@type":"Organization","@id":"https:\/\/bahiaeconomica.com.br\/wp\/#organization","name":"Bahia Econ\u00f4mica","url":"https:\/\/bahiaeconomica.com.br\/wp\/","logo":{"@type":"ImageObject","inLanguage":"pt-BR","@id":"https:\/\/bahiaeconomica.com.br\/wp\/#\/schema\/logo\/image\/","url":"https:\/\/bahiaeconomica.com.br\/wp\/wp-content\/uploads\/2020\/12\/cropped-BE.png","contentUrl":"https:\/\/bahiaeconomica.com.br\/wp\/wp-content\/uploads\/2020\/12\/cropped-BE.png","width":512,"height":512,"caption":"Bahia Econ\u00f4mica"},"image":{"@id":"https:\/\/bahiaeconomica.com.br\/wp\/#\/schema\/logo\/image\/"},"sameAs":["https:\/\/www.facebook.com\/bahiaeconomica"]},{"@type":"Person","@id":"https:\/\/bahiaeconomica.com.br\/wp\/#\/schema\/person\/65938f073b6505ca9ee9899a67ae291b","name":"TC","sameAs":["https:\/\/bahiaeconomica.com.br\/wp\/beta\/","https:\/\/www.facebook.com\/taciosapirescaldas","https:\/\/www.instagram.com\/taciocaldas\/","https:\/\/www.linkedin.com\/in\/tcio-caldas\/","https:\/\/twitter.com\/taciocaldas"],"url":"https:\/\/bahiaeconomica.com.br\/wp\/author\/tc\/"}]}},"views":7,"_links":{"self":[{"href":"https:\/\/bahiaeconomica.com.br\/wp\/wp-json\/wp\/v2\/posts\/725899"}],"collection":[{"href":"https:\/\/bahiaeconomica.com.br\/wp\/wp-json\/wp\/v2\/posts"}],"about":[{"href":"https:\/\/bahiaeconomica.com.br\/wp\/wp-json\/wp\/v2\/types\/post"}],"author":[{"embeddable":true,"href":"https:\/\/bahiaeconomica.com.br\/wp\/wp-json\/wp\/v2\/users\/7"}],"replies":[{"embeddable":true,"href":"https:\/\/bahiaeconomica.com.br\/wp\/wp-json\/wp\/v2\/comments?post=725899"}],"version-history":[{"count":1,"href":"https:\/\/bahiaeconomica.com.br\/wp\/wp-json\/wp\/v2\/posts\/725899\/revisions"}],"predecessor-version":[{"id":725906,"href":"https:\/\/bahiaeconomica.com.br\/wp\/wp-json\/wp\/v2\/posts\/725899\/revisions\/725906"}],"wp:featuredmedia":[{"embeddable":true,"href":"https:\/\/bahiaeconomica.com.br\/wp\/wp-json\/wp\/v2\/media\/725905"}],"wp:attachment":[{"href":"https:\/\/bahiaeconomica.com.br\/wp\/wp-json\/wp\/v2\/media?parent=725899"}],"wp:term":[{"taxonomy":"category","embeddable":true,"href":"https:\/\/bahiaeconomica.com.br\/wp\/wp-json\/wp\/v2\/categories?post=725899"},{"taxonomy":"post_tag","embeddable":true,"href":"https:\/\/bahiaeconomica.com.br\/wp\/wp-json\/wp\/v2\/tags?post=725899"}],"curies":[{"name":"wp","href":"https:\/\/api.w.org\/{rel}","templated":true}]}}