{"id":725580,"date":"2023-03-24T17:14:02","date_gmt":"2023-03-24T20:14:02","guid":{"rendered":"https:\/\/bahiaeconomica.com.br\/wp\/beta\/?p=725580"},"modified":"2023-03-24T17:14:19","modified_gmt":"2023-03-24T20:14:19","slug":"apos-pneumonia-de-lula-jeronimo-tranquiliza-e-garante-viagem-a-china","status":"publish","type":"post","link":"https:\/\/bahiaeconomica.com.br\/wp\/2023\/03\/24\/apos-pneumonia-de-lula-jeronimo-tranquiliza-e-garante-viagem-a-china\/","title":{"rendered":"AP\u00d3S PNEUMONIA DE LULA, JER\u00d4NIMO TRANQUILIZA E GARANTE VIAGEM \u00c0 CHINA"},"content":{"rendered":"<p><span style=\"font-family: 'Arial','sans-serif'; color: black;\">&#8220;Est\u00e1 tudo pronto, a mala est\u00e1 arrumada, passaporte, os projetos&#8221;, disse o governador<\/span><\/p>\n<p><!--more--><\/p>\n<p style=\"vertical-align: baseline;\"><span style=\"font-family: 'Arial','sans-serif'; color: black;\">Mesmo ap\u00f3s o diagn\u00f3stico de pneumonia leve no presidente Lula (PT), o governador Jer\u00f4nimo Rodrigues (PT), garantiu que haver\u00e1 viagem para China e tranquilizou os presentes no lan\u00e7amento do programa Bahia Sem Fome. <\/span><\/p>\n<p style=\"vertical-align: baseline;\"><span style=\"font-family: 'Arial','sans-serif'; color: black;\">O embarque que ocorreria no s\u00e1bado (25), foi adiado para o domingo (26).<\/span><\/p>\n<p style=\"vertical-align: baseline;\"><span style=\"font-family: 'Arial','sans-serif'; color: black;\">&#8220;Est\u00e1 tudo pronto, a mala est\u00e1 arrumada, passaporte, os projetos. [&#8230;] O Lula fez um exame e deu um problema que precisava tratamento ontem, hoje e amanh\u00e3. Espero que d\u00ea tudo certo para que domingo a gente mantenha a data da viagem&#8221;, declarou.<\/span><\/p>\n<p style=\"vertical-align: baseline;\"><span style=\"font-family: 'Arial','sans-serif'; color: black;\">A viagem para o continente asi\u00e1tico ser\u00e1 de extrema import\u00e2ncia para o governo estadual, que busca investimentos para empreendimentos estruturantes e outros investimentos que garantir\u00e3o a gera\u00e7\u00e3o de emprego na Bahia. A ponte Salvador-Itaparica tamb\u00e9m est\u00e1 em pauta.<\/span><\/p>\n<p style=\"vertical-align: baseline;\"><span style=\"font-family: 'Arial','sans-serif'; color: black;\">&#8220;Nossa inten\u00e7\u00e3o \u00e9 levar aqueles tr\u00eas ou quatro projetos que temos interesse, que eu tenho dito, e tentar ver se a gente consegue superar as dificuldades de or\u00e7amento com a ponte&#8221;, explica Jer\u00f4nimo.<\/span><\/p>\n<p style=\"vertical-align: baseline;\"><span style=\"font-family: 'Arial','sans-serif'; color: black;\">Na China, o governador Jer\u00f4nimo Rodrigues conversar\u00e1 com representantes da montadora chinesa BYD, que deve assumir a antiga f\u00e1brica da Ford, em Cama\u00e7ari e faz parte do cons\u00f3rcio que implantar\u00e1 o VLT do Sub\u00farbio de Salvador.<\/span><\/p>\n<p>&nbsp;<\/p>\n<p>Foto: Rafael Martins\/GOV-BA<\/p>\n","protected":false},"excerpt":{"rendered":"<p>&#8220;Est\u00e1 tudo pronto, a mala est\u00e1 arrumada, passaporte, os projetos&#8221;, disse o governador<\/p>\n","protected":false},"author":6,"featured_media":725586,"comment_status":"closed","ping_status":"closed","sticky":false,"template":"","format":"standard","meta":[],"categories":[1],"tags":[85,52,6382,750,2939,4701,182,8373,73],"acf":[],"yoast_head":"<!-- This site is optimized with the Yoast SEO plugin v20.8 - https:\/\/yoast.com\/wordpress\/plugins\/seo\/ -->\n<title>AP\u00d3S PNEUMONIA DE LULA, JER\u00d4NIMO TRANQUILIZA E GARANTE VIAGEM \u00c0 CHINA - Bahia Economica<\/title>\n<meta name=\"description\" content=\"&quot;Est\u00e1 tudo pronto, a mala est\u00e1 arrumada, passaporte, os projetos&quot;, disse o governador\" \/>\n<meta name=\"robots\" content=\"index, follow, max-snippet:-1, max-image-preview:large, max-video-preview:-1\" \/>\n<link rel=\"canonical\" href=\"https:\/\/bahiaeconomica.com.br\/wp\/2023\/03\/24\/apos-pneumonia-de-lula-jeronimo-tranquiliza-e-garante-viagem-a-china\/\" \/>\n<meta property=\"og:locale\" content=\"pt_BR\" \/>\n<meta property=\"og:type\" content=\"article\" \/>\n<meta property=\"og:title\" content=\"AP\u00d3S PNEUMONIA DE LULA, JER\u00d4NIMO TRANQUILIZA E GARANTE VIAGEM \u00c0 CHINA - Bahia Economica\" \/>\n<meta property=\"og:description\" content=\"&quot;Est\u00e1 tudo pronto, a mala est\u00e1 arrumada, passaporte, os projetos&quot;, disse o governador\" \/>\n<meta property=\"og:url\" content=\"https:\/\/bahiaeconomica.com.br\/wp\/2023\/03\/24\/apos-pneumonia-de-lula-jeronimo-tranquiliza-e-garante-viagem-a-china\/\" \/>\n<meta property=\"og:site_name\" content=\"Bahia Economica\" \/>\n<meta property=\"article:publisher\" content=\"https:\/\/www.facebook.com\/bahiaeconomica\" \/>\n<meta property=\"article:published_time\" content=\"2023-03-24T20:14:02+00:00\" \/>\n<meta property=\"article:modified_time\" content=\"2023-03-24T20:14:19+00:00\" \/>\n<meta property=\"og:image\" content=\"https:\/\/bahiaeconomica.com.br\/wp\/wp-content\/uploads\/2023\/03\/52766289207_ad1aeb9e6b_k-360.jpg\" \/>\n\t<meta property=\"og:image:width\" content=\"360\" \/>\n\t<meta property=\"og:image:height\" content=\"220\" \/>\n\t<meta property=\"og:image:type\" content=\"image\/jpeg\" \/>\n<meta name=\"author\" content=\"DS\" \/>\n<meta name=\"twitter:card\" content=\"summary_large_image\" \/>\n<meta name=\"twitter:label1\" content=\"Escrito por\" \/>\n\t<meta name=\"twitter:data1\" content=\"DS\" \/>\n\t<meta name=\"twitter:label2\" content=\"Est. tempo de leitura\" \/>\n\t<meta name=\"twitter:data2\" content=\"2 minutos\" \/>\n<script type=\"application\/ld+json\" class=\"yoast-schema-graph\">{\"@context\":\"https:\/\/schema.org\",\"@graph\":[{\"@type\":\"Article\",\"@id\":\"https:\/\/bahiaeconomica.com.br\/wp\/2023\/03\/24\/apos-pneumonia-de-lula-jeronimo-tranquiliza-e-garante-viagem-a-china\/#article\",\"isPartOf\":{\"@id\":\"https:\/\/bahiaeconomica.com.br\/wp\/2023\/03\/24\/apos-pneumonia-de-lula-jeronimo-tranquiliza-e-garante-viagem-a-china\/\"},\"author\":{\"name\":\"DS\",\"@id\":\"https:\/\/bahiaeconomica.com.br\/wp\/#\/schema\/person\/756f314c5bfa87c7b43a2850854305a1\"},\"headline\":\"AP\u00d3S PNEUMONIA DE LULA, JER\u00d4NIMO TRANQUILIZA E GARANTE VIAGEM \u00c0 CHINA\",\"datePublished\":\"2023-03-24T20:14:02+00:00\",\"dateModified\":\"2023-03-24T20:14:19+00:00\",\"mainEntityOfPage\":{\"@id\":\"https:\/\/bahiaeconomica.com.br\/wp\/2023\/03\/24\/apos-pneumonia-de-lula-jeronimo-tranquiliza-e-garante-viagem-a-china\/\"},\"wordCount\":241,\"publisher\":{\"@id\":\"https:\/\/bahiaeconomica.com.br\/wp\/#organization\"},\"keywords\":[\"Bahia\",\"Brasil\",\"byd\",\"China\",\"ford\",\"jer\u00f4nimo rodrigues\",\"Lula\",\"ponte Salvador-Itaparica\",\"Salvador\"],\"articleSection\":[\"Uncategorized\"],\"inLanguage\":\"pt-BR\"},{\"@type\":\"WebPage\",\"@id\":\"https:\/\/bahiaeconomica.com.br\/wp\/2023\/03\/24\/apos-pneumonia-de-lula-jeronimo-tranquiliza-e-garante-viagem-a-china\/\",\"url\":\"https:\/\/bahiaeconomica.com.br\/wp\/2023\/03\/24\/apos-pneumonia-de-lula-jeronimo-tranquiliza-e-garante-viagem-a-china\/\",\"name\":\"AP\u00d3S PNEUMONIA DE LULA, JER\u00d4NIMO TRANQUILIZA E GARANTE VIAGEM \u00c0 CHINA - Bahia Economica\",\"isPartOf\":{\"@id\":\"https:\/\/bahiaeconomica.com.br\/wp\/#website\"},\"datePublished\":\"2023-03-24T20:14:02+00:00\",\"dateModified\":\"2023-03-24T20:14:19+00:00\",\"description\":\"\\\"Est\u00e1 tudo pronto, a mala est\u00e1 arrumada, passaporte, os projetos\\\", disse o governador\",\"breadcrumb\":{\"@id\":\"https:\/\/bahiaeconomica.com.br\/wp\/2023\/03\/24\/apos-pneumonia-de-lula-jeronimo-tranquiliza-e-garante-viagem-a-china\/#breadcrumb\"},\"inLanguage\":\"pt-BR\",\"potentialAction\":[{\"@type\":\"ReadAction\",\"target\":[\"https:\/\/bahiaeconomica.com.br\/wp\/2023\/03\/24\/apos-pneumonia-de-lula-jeronimo-tranquiliza-e-garante-viagem-a-china\/\"]}]},{\"@type\":\"BreadcrumbList\",\"@id\":\"https:\/\/bahiaeconomica.com.br\/wp\/2023\/03\/24\/apos-pneumonia-de-lula-jeronimo-tranquiliza-e-garante-viagem-a-china\/#breadcrumb\",\"itemListElement\":[{\"@type\":\"ListItem\",\"position\":1,\"name\":\"In\u00edcio\",\"item\":\"https:\/\/bahiaeconomica.com.br\/wp\/\"},{\"@type\":\"ListItem\",\"position\":2,\"name\":\"AP\u00d3S PNEUMONIA DE LULA, JER\u00d4NIMO TRANQUILIZA E GARANTE VIAGEM \u00c0 CHINA\"}]},{\"@type\":\"WebSite\",\"@id\":\"https:\/\/bahiaeconomica.com.br\/wp\/#website\",\"url\":\"https:\/\/bahiaeconomica.com.br\/wp\/\",\"name\":\"Bahia Economica\",\"description\":\"O maior portal de Economia da Bahia\",\"publisher\":{\"@id\":\"https:\/\/bahiaeconomica.com.br\/wp\/#organization\"},\"potentialAction\":[{\"@type\":\"SearchAction\",\"target\":{\"@type\":\"EntryPoint\",\"urlTemplate\":\"https:\/\/bahiaeconomica.com.br\/wp\/?s={search_term_string}\"},\"query-input\":\"required name=search_term_string\"}],\"inLanguage\":\"pt-BR\"},{\"@type\":\"Organization\",\"@id\":\"https:\/\/bahiaeconomica.com.br\/wp\/#organization\",\"name\":\"Bahia Econ\u00f4mica\",\"url\":\"https:\/\/bahiaeconomica.com.br\/wp\/\",\"logo\":{\"@type\":\"ImageObject\",\"inLanguage\":\"pt-BR\",\"@id\":\"https:\/\/bahiaeconomica.com.br\/wp\/#\/schema\/logo\/image\/\",\"url\":\"https:\/\/bahiaeconomica.com.br\/wp\/wp-content\/uploads\/2020\/12\/cropped-BE.png\",\"contentUrl\":\"https:\/\/bahiaeconomica.com.br\/wp\/wp-content\/uploads\/2020\/12\/cropped-BE.png\",\"width\":512,\"height\":512,\"caption\":\"Bahia Econ\u00f4mica\"},\"image\":{\"@id\":\"https:\/\/bahiaeconomica.com.br\/wp\/#\/schema\/logo\/image\/\"},\"sameAs\":[\"https:\/\/www.facebook.com\/bahiaeconomica\"]},{\"@type\":\"Person\",\"@id\":\"https:\/\/bahiaeconomica.com.br\/wp\/#\/schema\/person\/756f314c5bfa87c7b43a2850854305a1\",\"name\":\"DS\",\"sameAs\":[\"https:\/\/bahiaeconomica.com.br\/wp\/beta\/\"],\"url\":\"https:\/\/bahiaeconomica.com.br\/wp\/author\/ds\/\"}]}<\/script>\n<!-- \/ Yoast SEO plugin. -->","yoast_head_json":{"title":"AP\u00d3S PNEUMONIA DE LULA, JER\u00d4NIMO TRANQUILIZA E GARANTE VIAGEM \u00c0 CHINA - Bahia Economica","description":"\"Est\u00e1 tudo pronto, a mala est\u00e1 arrumada, passaporte, os projetos\", disse o governador","robots":{"index":"index","follow":"follow","max-snippet":"max-snippet:-1","max-image-preview":"max-image-preview:large","max-video-preview":"max-video-preview:-1"},"canonical":"https:\/\/bahiaeconomica.com.br\/wp\/2023\/03\/24\/apos-pneumonia-de-lula-jeronimo-tranquiliza-e-garante-viagem-a-china\/","og_locale":"pt_BR","og_type":"article","og_title":"AP\u00d3S PNEUMONIA DE LULA, JER\u00d4NIMO TRANQUILIZA E GARANTE VIAGEM \u00c0 CHINA - Bahia Economica","og_description":"\"Est\u00e1 tudo pronto, a mala est\u00e1 arrumada, passaporte, os projetos\", disse o governador","og_url":"https:\/\/bahiaeconomica.com.br\/wp\/2023\/03\/24\/apos-pneumonia-de-lula-jeronimo-tranquiliza-e-garante-viagem-a-china\/","og_site_name":"Bahia Economica","article_publisher":"https:\/\/www.facebook.com\/bahiaeconomica","article_published_time":"2023-03-24T20:14:02+00:00","article_modified_time":"2023-03-24T20:14:19+00:00","og_image":[{"width":360,"height":220,"url":"https:\/\/bahiaeconomica.com.br\/wp\/wp-content\/uploads\/2023\/03\/52766289207_ad1aeb9e6b_k-360.jpg","type":"image\/jpeg"}],"author":"DS","twitter_card":"summary_large_image","twitter_misc":{"Escrito por":"DS","Est. tempo de leitura":"2 minutos"},"schema":{"@context":"https:\/\/schema.org","@graph":[{"@type":"Article","@id":"https:\/\/bahiaeconomica.com.br\/wp\/2023\/03\/24\/apos-pneumonia-de-lula-jeronimo-tranquiliza-e-garante-viagem-a-china\/#article","isPartOf":{"@id":"https:\/\/bahiaeconomica.com.br\/wp\/2023\/03\/24\/apos-pneumonia-de-lula-jeronimo-tranquiliza-e-garante-viagem-a-china\/"},"author":{"name":"DS","@id":"https:\/\/bahiaeconomica.com.br\/wp\/#\/schema\/person\/756f314c5bfa87c7b43a2850854305a1"},"headline":"AP\u00d3S PNEUMONIA DE LULA, JER\u00d4NIMO TRANQUILIZA E GARANTE VIAGEM \u00c0 CHINA","datePublished":"2023-03-24T20:14:02+00:00","dateModified":"2023-03-24T20:14:19+00:00","mainEntityOfPage":{"@id":"https:\/\/bahiaeconomica.com.br\/wp\/2023\/03\/24\/apos-pneumonia-de-lula-jeronimo-tranquiliza-e-garante-viagem-a-china\/"},"wordCount":241,"publisher":{"@id":"https:\/\/bahiaeconomica.com.br\/wp\/#organization"},"keywords":["Bahia","Brasil","byd","China","ford","jer\u00f4nimo rodrigues","Lula","ponte Salvador-Itaparica","Salvador"],"articleSection":["Uncategorized"],"inLanguage":"pt-BR"},{"@type":"WebPage","@id":"https:\/\/bahiaeconomica.com.br\/wp\/2023\/03\/24\/apos-pneumonia-de-lula-jeronimo-tranquiliza-e-garante-viagem-a-china\/","url":"https:\/\/bahiaeconomica.com.br\/wp\/2023\/03\/24\/apos-pneumonia-de-lula-jeronimo-tranquiliza-e-garante-viagem-a-china\/","name":"AP\u00d3S PNEUMONIA DE LULA, JER\u00d4NIMO TRANQUILIZA E GARANTE VIAGEM \u00c0 CHINA - Bahia Economica","isPartOf":{"@id":"https:\/\/bahiaeconomica.com.br\/wp\/#website"},"datePublished":"2023-03-24T20:14:02+00:00","dateModified":"2023-03-24T20:14:19+00:00","description":"\"Est\u00e1 tudo pronto, a mala est\u00e1 arrumada, passaporte, os projetos\", disse o governador","breadcrumb":{"@id":"https:\/\/bahiaeconomica.com.br\/wp\/2023\/03\/24\/apos-pneumonia-de-lula-jeronimo-tranquiliza-e-garante-viagem-a-china\/#breadcrumb"},"inLanguage":"pt-BR","potentialAction":[{"@type":"ReadAction","target":["https:\/\/bahiaeconomica.com.br\/wp\/2023\/03\/24\/apos-pneumonia-de-lula-jeronimo-tranquiliza-e-garante-viagem-a-china\/"]}]},{"@type":"BreadcrumbList","@id":"https:\/\/bahiaeconomica.com.br\/wp\/2023\/03\/24\/apos-pneumonia-de-lula-jeronimo-tranquiliza-e-garante-viagem-a-china\/#breadcrumb","itemListElement":[{"@type":"ListItem","position":1,"name":"In\u00edcio","item":"https:\/\/bahiaeconomica.com.br\/wp\/"},{"@type":"ListItem","position":2,"name":"AP\u00d3S PNEUMONIA DE LULA, JER\u00d4NIMO TRANQUILIZA E GARANTE VIAGEM \u00c0 CHINA"}]},{"@type":"WebSite","@id":"https:\/\/bahiaeconomica.com.br\/wp\/#website","url":"https:\/\/bahiaeconomica.com.br\/wp\/","name":"Bahia Economica","description":"O maior portal de Economia da Bahia","publisher":{"@id":"https:\/\/bahiaeconomica.com.br\/wp\/#organization"},"potentialAction":[{"@type":"SearchAction","target":{"@type":"EntryPoint","urlTemplate":"https:\/\/bahiaeconomica.com.br\/wp\/?s={search_term_string}"},"query-input":"required name=search_term_string"}],"inLanguage":"pt-BR"},{"@type":"Organization","@id":"https:\/\/bahiaeconomica.com.br\/wp\/#organization","name":"Bahia Econ\u00f4mica","url":"https:\/\/bahiaeconomica.com.br\/wp\/","logo":{"@type":"ImageObject","inLanguage":"pt-BR","@id":"https:\/\/bahiaeconomica.com.br\/wp\/#\/schema\/logo\/image\/","url":"https:\/\/bahiaeconomica.com.br\/wp\/wp-content\/uploads\/2020\/12\/cropped-BE.png","contentUrl":"https:\/\/bahiaeconomica.com.br\/wp\/wp-content\/uploads\/2020\/12\/cropped-BE.png","width":512,"height":512,"caption":"Bahia Econ\u00f4mica"},"image":{"@id":"https:\/\/bahiaeconomica.com.br\/wp\/#\/schema\/logo\/image\/"},"sameAs":["https:\/\/www.facebook.com\/bahiaeconomica"]},{"@type":"Person","@id":"https:\/\/bahiaeconomica.com.br\/wp\/#\/schema\/person\/756f314c5bfa87c7b43a2850854305a1","name":"DS","sameAs":["https:\/\/bahiaeconomica.com.br\/wp\/beta\/"],"url":"https:\/\/bahiaeconomica.com.br\/wp\/author\/ds\/"}]}},"views":3,"_links":{"self":[{"href":"https:\/\/bahiaeconomica.com.br\/wp\/wp-json\/wp\/v2\/posts\/725580"}],"collection":[{"href":"https:\/\/bahiaeconomica.com.br\/wp\/wp-json\/wp\/v2\/posts"}],"about":[{"href":"https:\/\/bahiaeconomica.com.br\/wp\/wp-json\/wp\/v2\/types\/post"}],"author":[{"embeddable":true,"href":"https:\/\/bahiaeconomica.com.br\/wp\/wp-json\/wp\/v2\/users\/6"}],"replies":[{"embeddable":true,"href":"https:\/\/bahiaeconomica.com.br\/wp\/wp-json\/wp\/v2\/comments?post=725580"}],"version-history":[{"count":1,"href":"https:\/\/bahiaeconomica.com.br\/wp\/wp-json\/wp\/v2\/posts\/725580\/revisions"}],"predecessor-version":[{"id":725588,"href":"https:\/\/bahiaeconomica.com.br\/wp\/wp-json\/wp\/v2\/posts\/725580\/revisions\/725588"}],"wp:featuredmedia":[{"embeddable":true,"href":"https:\/\/bahiaeconomica.com.br\/wp\/wp-json\/wp\/v2\/media\/725586"}],"wp:attachment":[{"href":"https:\/\/bahiaeconomica.com.br\/wp\/wp-json\/wp\/v2\/media?parent=725580"}],"wp:term":[{"taxonomy":"category","embeddable":true,"href":"https:\/\/bahiaeconomica.com.br\/wp\/wp-json\/wp\/v2\/categories?post=725580"},{"taxonomy":"post_tag","embeddable":true,"href":"https:\/\/bahiaeconomica.com.br\/wp\/wp-json\/wp\/v2\/tags?post=725580"}],"curies":[{"name":"wp","href":"https:\/\/api.w.org\/{rel}","templated":true}]}}