{"id":724547,"date":"2023-03-21T12:22:29","date_gmt":"2023-03-21T15:22:29","guid":{"rendered":"https:\/\/bahiaeconomica.com.br\/wp\/beta\/?p=724547"},"modified":"2023-03-21T12:22:29","modified_gmt":"2023-03-21T15:22:29","slug":"copom-inicia-segunda-reuniao-do-ano-para-definir-juros-basicos-entenda","status":"publish","type":"post","link":"https:\/\/bahiaeconomica.com.br\/wp\/2023\/03\/21\/copom-inicia-segunda-reuniao-do-ano-para-definir-juros-basicos-entenda\/","title":{"rendered":"COPOM INICIA SEGUNDA REUNI\u00c3O DO ANO PARA DEFINIR JUROS B\u00c1SICOS; ENTENDA"},"content":{"rendered":"<p>O Comit\u00ea de Pol\u00edtica Monet\u00e1ria (Copom) do Banco Central (BC) come\u00e7ou nesta ter\u00e7a-feira (21), em Bras\u00edlia, a segunda reuni\u00e3o do ano para definir a taxa b\u00e1sica de juros, a Selic. O \u00f3rg\u00e3o deve manter o aperto monet\u00e1rio com a manuten\u00e7\u00e3o da Selic em 13,75%, mesmo com as press\u00f5es do governo federal para redu\u00e7\u00e3o da taxa.<\/p>\n<p><!--more--><\/p>\n<p>Em declara\u00e7\u00e3o ap\u00f3s a primeira reuni\u00e3o do Copom, em janeiro, o presidente Luiz In\u00e1cio Lula da Silva afirmou que os juros altos atrapalham os investimentos e que n\u00e3o existe nenhuma justificativa para que a Selic esteja neste momento nesse patamar. J\u00e1 o ministro da Fazenda, Fernando Haddad defendeu uma maior coordena\u00e7\u00e3o entre a pol\u00edtica fiscal e a chamada pol\u00edtica monet\u00e1ria, a cargo do BC, para conter a infla\u00e7\u00e3o.<\/p>\n<p>Embora a taxa b\u00e1sica tenha parado de subir em agosto do ano passado, est\u00e1 no n\u00edvel mais alto desde o in\u00edcio de 2017 e os efeitos de um aperto monet\u00e1rio s\u00e3o sentidos na desacelera\u00e7\u00e3o da economia. Segundo a edi\u00e7\u00e3o mais recente do boletim Focus, pesquisa semanal com analistas de mercado, a taxa b\u00e1sica dever\u00e1 ser mantida em 13,75% ao ano pela quinta vez seguida. A expectativa do mercado financeiro, entretanto, \u00e9 que a Selic encerre o ano em 12,75%. Amanh\u00e3 (22), ao fim do dia, o Copom anunciar\u00e1 a decis\u00e3o.<\/p>\n<p>Na ata da \u00faltima reuni\u00e3o, em janeiro, o \u00f3rg\u00e3o indicou preocupa\u00e7\u00e3o com a deteriora\u00e7\u00e3o das expectativas de infla\u00e7\u00e3o de prazos mais longos e n\u00e3o descartou a possibilidade de novas eleva\u00e7\u00f5es da taxa Selic caso o processo de desinfla\u00e7\u00e3o n\u00e3o transcorra como esperado. O aumento dos gastos p\u00fablicos e as incertezas fiscais tamb\u00e9m poder\u00e3o fazer o Banco Central manter os juros elevados por mais tempo que o inicialmente previsto.<\/p>\n<p>Tamb\u00e9m em declara\u00e7\u00e3o recente, o presidente do BC, Roberto Campos Neto, defendeu a autonomia da institui\u00e7\u00e3o na defini\u00e7\u00e3o da pol\u00edtica monet\u00e1ria e disse que, pensar em uma pol\u00edtica monet\u00e1ria e uma pol\u00edtica fiscal de longo prazo, \u00e9 importante para ter um crescimento econ\u00f4mico sustent\u00e1vel.<\/p>\n<p>Campos avaliou positivamente o pacote de medidas j\u00e1 apresentadas pelo governo e tem boas expectativas em rela\u00e7\u00e3o ao novo arcabou\u00e7o fiscal que ser\u00e1 apresentado pelo Minist\u00e9rio da Fazenda, em substitui\u00e7\u00e3o ao teto de gastos, que limita as despesas do governo \u00e0 infla\u00e7\u00e3o do ano anterior. Depois de quedas nos \u00faltimos meses de 2022, as expectativas de infla\u00e7\u00e3o t\u00eam subido. Embora tenha apresentado uma varia\u00e7\u00e3o negativa no \u00faltimo boletim Focus, a estimativa de infla\u00e7\u00e3o para 2023 est\u00e1 em 5,95%.<\/p>\n<p>Em fevereiro, puxado pelo grupo educa\u00e7\u00e3o, com os reajustes aplicados pelos estabelecimentos de ensino na virada do ano, o IPCA ficou em 0,84%, segundo o Instituto Brasileiro de Geografia e Estat\u00edstica (IBGE). Com o resultado, o indicador acumulou alta de 1,37% no ano e de 5,6% nos \u00faltimos 12 meses, percentual mais baixo do que os 5,77% verificados no per\u00edodo imediatamente anterior.<\/p>\n<p><strong>Taxa Selic<\/strong><\/p>\n<p>A taxa b\u00e1sica de juros \u00e9 usada nas negocia\u00e7\u00f5es de t\u00edtulos p\u00fablicos emitidos pelo Tesouro Nacional no Sistema Especial de Liquida\u00e7\u00e3o e Cust\u00f3dia (Selic) e serve de refer\u00eancia para as demais taxas da economia. Ela \u00e9 o principal instrumento do Banco Central para manter a infla\u00e7\u00e3o sob controle. O BC atua diariamente por meio de opera\u00e7\u00f5es de mercado aberto \u2013 comprando e vendendo t\u00edtulos p\u00fablicos federais \u2013 para manter a taxa de juros pr\u00f3xima do valor definido na reuni\u00e3o.<\/p>\n<p>Quando o Copom aumenta a taxa b\u00e1sica de juros, a finalidade \u00e9 conter a demanda aquecida, e isso causa reflexos nos pre\u00e7os porque os juros mais altos encarecem o cr\u00e9dito e estimulam a poupan\u00e7a. Desse modo, taxas mais altas tamb\u00e9m podem dificultar a expans\u00e3o da economia. Mas, al\u00e9m da Selic, os bancos consideram outros fatores na hora de definir os juros cobrados dos consumidores, como risco de inadimpl\u00eancia, lucro e despesas administrativas.<\/p>\n<p>Ao reduzir a Selic, a tend\u00eancia \u00e9 de que o cr\u00e9dito fique mais barato, com incentivo \u00e0 produ\u00e7\u00e3o e ao consumo, reduzindo o controle da infla\u00e7\u00e3o e estimulando a atividade econ\u00f4mica. O Copom re\u00fane-se a cada 45 dias. No primeiro dia do encontro, s\u00e3o feitas apresenta\u00e7\u00f5es t\u00e9cnicas sobre a evolu\u00e7\u00e3o e as perspectivas das economias brasileira e mundial e o comportamento do mercado financeiro. No segundo dia, os membros do Copom, formado pela diretoria do BC, analisam as possibilidades e definem a Selic.<\/p>\n<p><strong>Meta de infla\u00e7\u00e3o<\/strong><\/p>\n<p>Para 2023, a meta de infla\u00e7\u00e3o que deve ser perseguida pelo BC, definida pelo Conselho Monet\u00e1rio Nacional, \u00e9 de 3,25%, com intervalo de toler\u00e2ncia de 1,5 ponto percentual para cima ou para baixo. Ou seja, o limite inferior \u00e9 1,75% e o superior \u00e9 4,75%. Para 2024 e 2025, as metas s\u00e3o de 3% para os dois anos, com o mesmo intervalo de toler\u00e2ncia.<\/p>\n<p>No \u00faltimo Relat\u00f3rio de Infla\u00e7\u00e3o, divulgado no fim de dezembro pelo Banco Central, a autoridade monet\u00e1ria reconhece a possibilidade do estouro da meta de infla\u00e7\u00e3o neste ano. No documento, a estimativa \u00e9 que o IPCA atingir\u00e1 5% em 2023. O pr\u00f3ximo relat\u00f3rio ser\u00e1 divulgado na semana que vem, no dia 30.<\/p>\n<p>Fonte: Andreia Verd\u00e9lio\/Ag\u00eancia Brasil<br \/>\nFoto: Marcello Casal Jr\/Ag\u00eancia Brasil<\/p>\n","protected":false},"excerpt":{"rendered":"<p>O Comit\u00ea de Pol\u00edtica Monet\u00e1ria (Copom) do Banco Central (BC) come\u00e7ou nesta ter\u00e7a-feira (21), em Bras\u00edlia, a segunda reuni\u00e3o do ano para definir a taxa b\u00e1sica de juros, a Selic. O \u00f3rg\u00e3o deve manter o aperto monet\u00e1rio com a manuten\u00e7\u00e3o da Selic em 13,75%, mesmo com as press\u00f5es do governo federal para redu\u00e7\u00e3o da taxa.<\/p>\n","protected":false},"author":10,"featured_media":724551,"comment_status":"closed","ping_status":"closed","sticky":false,"template":"","format":"standard","meta":[],"categories":[3],"tags":[],"acf":[],"yoast_head":"<!-- This site is optimized with the Yoast SEO plugin v20.8 - https:\/\/yoast.com\/wordpress\/plugins\/seo\/ -->\n<title>COPOM INICIA SEGUNDA REUNI\u00c3O DO ANO PARA DEFINIR JUROS B\u00c1SICOS; ENTENDA - Bahia Economica<\/title>\n<meta name=\"description\" content=\"O maior portal de Economia da Bahia ECONOMIA \/ POL\u00cdTICA Bahia Economica\" \/>\n<meta name=\"robots\" content=\"index, follow, max-snippet:-1, max-image-preview:large, max-video-preview:-1\" \/>\n<link rel=\"canonical\" href=\"https:\/\/bahiaeconomica.com.br\/wp\/2023\/03\/21\/copom-inicia-segunda-reuniao-do-ano-para-definir-juros-basicos-entenda\/\" \/>\n<meta property=\"og:locale\" content=\"pt_BR\" \/>\n<meta property=\"og:type\" content=\"article\" \/>\n<meta property=\"og:title\" content=\"COPOM INICIA SEGUNDA REUNI\u00c3O DO ANO PARA DEFINIR JUROS B\u00c1SICOS; ENTENDA - Bahia Economica\" \/>\n<meta property=\"og:description\" content=\"O maior portal de Economia da Bahia ECONOMIA \/ POL\u00cdTICA Bahia Economica\" \/>\n<meta property=\"og:url\" content=\"https:\/\/bahiaeconomica.com.br\/wp\/2023\/03\/21\/copom-inicia-segunda-reuniao-do-ano-para-definir-juros-basicos-entenda\/\" \/>\n<meta property=\"og:site_name\" content=\"Bahia Economica\" \/>\n<meta property=\"article:publisher\" content=\"https:\/\/www.facebook.com\/bahiaeconomica\" \/>\n<meta property=\"article:published_time\" content=\"2023-03-21T15:22:29+00:00\" \/>\n<meta property=\"og:image\" content=\"https:\/\/bahiaeconomica.com.br\/wp\/wp-content\/uploads\/2023\/03\/marcello-casal.jpg\" \/>\n\t<meta property=\"og:image:width\" content=\"1170\" \/>\n\t<meta property=\"og:image:height\" content=\"700\" \/>\n\t<meta property=\"og:image:type\" content=\"image\/jpeg\" \/>\n<meta name=\"author\" content=\"NM\" \/>\n<meta name=\"twitter:card\" content=\"summary_large_image\" \/>\n<meta name=\"twitter:label1\" content=\"Escrito por\" \/>\n\t<meta name=\"twitter:data1\" content=\"NM\" \/>\n\t<meta name=\"twitter:label2\" content=\"Est. tempo de leitura\" \/>\n\t<meta name=\"twitter:data2\" content=\"5 minutos\" \/>\n<script type=\"application\/ld+json\" class=\"yoast-schema-graph\">{\"@context\":\"https:\/\/schema.org\",\"@graph\":[{\"@type\":\"Article\",\"@id\":\"https:\/\/bahiaeconomica.com.br\/wp\/2023\/03\/21\/copom-inicia-segunda-reuniao-do-ano-para-definir-juros-basicos-entenda\/#article\",\"isPartOf\":{\"@id\":\"https:\/\/bahiaeconomica.com.br\/wp\/2023\/03\/21\/copom-inicia-segunda-reuniao-do-ano-para-definir-juros-basicos-entenda\/\"},\"author\":{\"name\":\"NM\",\"@id\":\"https:\/\/bahiaeconomica.com.br\/wp\/#\/schema\/person\/638522c9d72fb94b4c1672ac86537fef\"},\"headline\":\"COPOM INICIA SEGUNDA REUNI\u00c3O DO ANO PARA DEFINIR JUROS B\u00c1SICOS; ENTENDA\",\"datePublished\":\"2023-03-21T15:22:29+00:00\",\"dateModified\":\"2023-03-21T15:22:29+00:00\",\"mainEntityOfPage\":{\"@id\":\"https:\/\/bahiaeconomica.com.br\/wp\/2023\/03\/21\/copom-inicia-segunda-reuniao-do-ano-para-definir-juros-basicos-entenda\/\"},\"wordCount\":915,\"publisher\":{\"@id\":\"https:\/\/bahiaeconomica.com.br\/wp\/#organization\"},\"articleSection\":[\"ECONOMIA \/ POL\u00cdTICA\"],\"inLanguage\":\"pt-BR\"},{\"@type\":\"WebPage\",\"@id\":\"https:\/\/bahiaeconomica.com.br\/wp\/2023\/03\/21\/copom-inicia-segunda-reuniao-do-ano-para-definir-juros-basicos-entenda\/\",\"url\":\"https:\/\/bahiaeconomica.com.br\/wp\/2023\/03\/21\/copom-inicia-segunda-reuniao-do-ano-para-definir-juros-basicos-entenda\/\",\"name\":\"COPOM INICIA SEGUNDA REUNI\u00c3O DO ANO PARA DEFINIR JUROS B\u00c1SICOS; ENTENDA - Bahia Economica\",\"isPartOf\":{\"@id\":\"https:\/\/bahiaeconomica.com.br\/wp\/#website\"},\"datePublished\":\"2023-03-21T15:22:29+00:00\",\"dateModified\":\"2023-03-21T15:22:29+00:00\",\"description\":\"O maior portal de Economia da Bahia ECONOMIA \/ POL\u00cdTICA Bahia Economica\",\"breadcrumb\":{\"@id\":\"https:\/\/bahiaeconomica.com.br\/wp\/2023\/03\/21\/copom-inicia-segunda-reuniao-do-ano-para-definir-juros-basicos-entenda\/#breadcrumb\"},\"inLanguage\":\"pt-BR\",\"potentialAction\":[{\"@type\":\"ReadAction\",\"target\":[\"https:\/\/bahiaeconomica.com.br\/wp\/2023\/03\/21\/copom-inicia-segunda-reuniao-do-ano-para-definir-juros-basicos-entenda\/\"]}]},{\"@type\":\"BreadcrumbList\",\"@id\":\"https:\/\/bahiaeconomica.com.br\/wp\/2023\/03\/21\/copom-inicia-segunda-reuniao-do-ano-para-definir-juros-basicos-entenda\/#breadcrumb\",\"itemListElement\":[{\"@type\":\"ListItem\",\"position\":1,\"name\":\"In\u00edcio\",\"item\":\"https:\/\/bahiaeconomica.com.br\/wp\/\"},{\"@type\":\"ListItem\",\"position\":2,\"name\":\"COPOM INICIA SEGUNDA REUNI\u00c3O DO ANO PARA DEFINIR JUROS B\u00c1SICOS; ENTENDA\"}]},{\"@type\":\"WebSite\",\"@id\":\"https:\/\/bahiaeconomica.com.br\/wp\/#website\",\"url\":\"https:\/\/bahiaeconomica.com.br\/wp\/\",\"name\":\"Bahia Economica\",\"description\":\"O maior portal de Economia da Bahia\",\"publisher\":{\"@id\":\"https:\/\/bahiaeconomica.com.br\/wp\/#organization\"},\"potentialAction\":[{\"@type\":\"SearchAction\",\"target\":{\"@type\":\"EntryPoint\",\"urlTemplate\":\"https:\/\/bahiaeconomica.com.br\/wp\/?s={search_term_string}\"},\"query-input\":\"required name=search_term_string\"}],\"inLanguage\":\"pt-BR\"},{\"@type\":\"Organization\",\"@id\":\"https:\/\/bahiaeconomica.com.br\/wp\/#organization\",\"name\":\"Bahia Econ\u00f4mica\",\"url\":\"https:\/\/bahiaeconomica.com.br\/wp\/\",\"logo\":{\"@type\":\"ImageObject\",\"inLanguage\":\"pt-BR\",\"@id\":\"https:\/\/bahiaeconomica.com.br\/wp\/#\/schema\/logo\/image\/\",\"url\":\"https:\/\/bahiaeconomica.com.br\/wp\/wp-content\/uploads\/2020\/12\/cropped-BE.png\",\"contentUrl\":\"https:\/\/bahiaeconomica.com.br\/wp\/wp-content\/uploads\/2020\/12\/cropped-BE.png\",\"width\":512,\"height\":512,\"caption\":\"Bahia Econ\u00f4mica\"},\"image\":{\"@id\":\"https:\/\/bahiaeconomica.com.br\/wp\/#\/schema\/logo\/image\/\"},\"sameAs\":[\"https:\/\/www.facebook.com\/bahiaeconomica\"]},{\"@type\":\"Person\",\"@id\":\"https:\/\/bahiaeconomica.com.br\/wp\/#\/schema\/person\/638522c9d72fb94b4c1672ac86537fef\",\"name\":\"NM\",\"sameAs\":[\"https:\/\/bahiaeconomica.com.br\/wp\/beta\/\"],\"url\":\"https:\/\/bahiaeconomica.com.br\/wp\/author\/nm\/\"}]}<\/script>\n<!-- \/ Yoast SEO plugin. -->","yoast_head_json":{"title":"COPOM INICIA SEGUNDA REUNI\u00c3O DO ANO PARA DEFINIR JUROS B\u00c1SICOS; ENTENDA - Bahia Economica","description":"O maior portal de Economia da Bahia ECONOMIA \/ POL\u00cdTICA Bahia Economica","robots":{"index":"index","follow":"follow","max-snippet":"max-snippet:-1","max-image-preview":"max-image-preview:large","max-video-preview":"max-video-preview:-1"},"canonical":"https:\/\/bahiaeconomica.com.br\/wp\/2023\/03\/21\/copom-inicia-segunda-reuniao-do-ano-para-definir-juros-basicos-entenda\/","og_locale":"pt_BR","og_type":"article","og_title":"COPOM INICIA SEGUNDA REUNI\u00c3O DO ANO PARA DEFINIR JUROS B\u00c1SICOS; ENTENDA - Bahia Economica","og_description":"O maior portal de Economia da Bahia ECONOMIA \/ POL\u00cdTICA Bahia Economica","og_url":"https:\/\/bahiaeconomica.com.br\/wp\/2023\/03\/21\/copom-inicia-segunda-reuniao-do-ano-para-definir-juros-basicos-entenda\/","og_site_name":"Bahia Economica","article_publisher":"https:\/\/www.facebook.com\/bahiaeconomica","article_published_time":"2023-03-21T15:22:29+00:00","og_image":[{"width":1170,"height":700,"url":"https:\/\/bahiaeconomica.com.br\/wp\/wp-content\/uploads\/2023\/03\/marcello-casal.jpg","type":"image\/jpeg"}],"author":"NM","twitter_card":"summary_large_image","twitter_misc":{"Escrito por":"NM","Est. tempo de leitura":"5 minutos"},"schema":{"@context":"https:\/\/schema.org","@graph":[{"@type":"Article","@id":"https:\/\/bahiaeconomica.com.br\/wp\/2023\/03\/21\/copom-inicia-segunda-reuniao-do-ano-para-definir-juros-basicos-entenda\/#article","isPartOf":{"@id":"https:\/\/bahiaeconomica.com.br\/wp\/2023\/03\/21\/copom-inicia-segunda-reuniao-do-ano-para-definir-juros-basicos-entenda\/"},"author":{"name":"NM","@id":"https:\/\/bahiaeconomica.com.br\/wp\/#\/schema\/person\/638522c9d72fb94b4c1672ac86537fef"},"headline":"COPOM INICIA SEGUNDA REUNI\u00c3O DO ANO PARA DEFINIR JUROS B\u00c1SICOS; ENTENDA","datePublished":"2023-03-21T15:22:29+00:00","dateModified":"2023-03-21T15:22:29+00:00","mainEntityOfPage":{"@id":"https:\/\/bahiaeconomica.com.br\/wp\/2023\/03\/21\/copom-inicia-segunda-reuniao-do-ano-para-definir-juros-basicos-entenda\/"},"wordCount":915,"publisher":{"@id":"https:\/\/bahiaeconomica.com.br\/wp\/#organization"},"articleSection":["ECONOMIA \/ POL\u00cdTICA"],"inLanguage":"pt-BR"},{"@type":"WebPage","@id":"https:\/\/bahiaeconomica.com.br\/wp\/2023\/03\/21\/copom-inicia-segunda-reuniao-do-ano-para-definir-juros-basicos-entenda\/","url":"https:\/\/bahiaeconomica.com.br\/wp\/2023\/03\/21\/copom-inicia-segunda-reuniao-do-ano-para-definir-juros-basicos-entenda\/","name":"COPOM INICIA SEGUNDA REUNI\u00c3O DO ANO PARA DEFINIR JUROS B\u00c1SICOS; ENTENDA - Bahia Economica","isPartOf":{"@id":"https:\/\/bahiaeconomica.com.br\/wp\/#website"},"datePublished":"2023-03-21T15:22:29+00:00","dateModified":"2023-03-21T15:22:29+00:00","description":"O maior portal de Economia da Bahia ECONOMIA \/ POL\u00cdTICA Bahia Economica","breadcrumb":{"@id":"https:\/\/bahiaeconomica.com.br\/wp\/2023\/03\/21\/copom-inicia-segunda-reuniao-do-ano-para-definir-juros-basicos-entenda\/#breadcrumb"},"inLanguage":"pt-BR","potentialAction":[{"@type":"ReadAction","target":["https:\/\/bahiaeconomica.com.br\/wp\/2023\/03\/21\/copom-inicia-segunda-reuniao-do-ano-para-definir-juros-basicos-entenda\/"]}]},{"@type":"BreadcrumbList","@id":"https:\/\/bahiaeconomica.com.br\/wp\/2023\/03\/21\/copom-inicia-segunda-reuniao-do-ano-para-definir-juros-basicos-entenda\/#breadcrumb","itemListElement":[{"@type":"ListItem","position":1,"name":"In\u00edcio","item":"https:\/\/bahiaeconomica.com.br\/wp\/"},{"@type":"ListItem","position":2,"name":"COPOM INICIA SEGUNDA REUNI\u00c3O DO ANO PARA DEFINIR JUROS B\u00c1SICOS; ENTENDA"}]},{"@type":"WebSite","@id":"https:\/\/bahiaeconomica.com.br\/wp\/#website","url":"https:\/\/bahiaeconomica.com.br\/wp\/","name":"Bahia Economica","description":"O maior portal de Economia da Bahia","publisher":{"@id":"https:\/\/bahiaeconomica.com.br\/wp\/#organization"},"potentialAction":[{"@type":"SearchAction","target":{"@type":"EntryPoint","urlTemplate":"https:\/\/bahiaeconomica.com.br\/wp\/?s={search_term_string}"},"query-input":"required name=search_term_string"}],"inLanguage":"pt-BR"},{"@type":"Organization","@id":"https:\/\/bahiaeconomica.com.br\/wp\/#organization","name":"Bahia Econ\u00f4mica","url":"https:\/\/bahiaeconomica.com.br\/wp\/","logo":{"@type":"ImageObject","inLanguage":"pt-BR","@id":"https:\/\/bahiaeconomica.com.br\/wp\/#\/schema\/logo\/image\/","url":"https:\/\/bahiaeconomica.com.br\/wp\/wp-content\/uploads\/2020\/12\/cropped-BE.png","contentUrl":"https:\/\/bahiaeconomica.com.br\/wp\/wp-content\/uploads\/2020\/12\/cropped-BE.png","width":512,"height":512,"caption":"Bahia Econ\u00f4mica"},"image":{"@id":"https:\/\/bahiaeconomica.com.br\/wp\/#\/schema\/logo\/image\/"},"sameAs":["https:\/\/www.facebook.com\/bahiaeconomica"]},{"@type":"Person","@id":"https:\/\/bahiaeconomica.com.br\/wp\/#\/schema\/person\/638522c9d72fb94b4c1672ac86537fef","name":"NM","sameAs":["https:\/\/bahiaeconomica.com.br\/wp\/beta\/"],"url":"https:\/\/bahiaeconomica.com.br\/wp\/author\/nm\/"}]}},"views":2,"_links":{"self":[{"href":"https:\/\/bahiaeconomica.com.br\/wp\/wp-json\/wp\/v2\/posts\/724547"}],"collection":[{"href":"https:\/\/bahiaeconomica.com.br\/wp\/wp-json\/wp\/v2\/posts"}],"about":[{"href":"https:\/\/bahiaeconomica.com.br\/wp\/wp-json\/wp\/v2\/types\/post"}],"author":[{"embeddable":true,"href":"https:\/\/bahiaeconomica.com.br\/wp\/wp-json\/wp\/v2\/users\/10"}],"replies":[{"embeddable":true,"href":"https:\/\/bahiaeconomica.com.br\/wp\/wp-json\/wp\/v2\/comments?post=724547"}],"version-history":[{"count":1,"href":"https:\/\/bahiaeconomica.com.br\/wp\/wp-json\/wp\/v2\/posts\/724547\/revisions"}],"predecessor-version":[{"id":724552,"href":"https:\/\/bahiaeconomica.com.br\/wp\/wp-json\/wp\/v2\/posts\/724547\/revisions\/724552"}],"wp:featuredmedia":[{"embeddable":true,"href":"https:\/\/bahiaeconomica.com.br\/wp\/wp-json\/wp\/v2\/media\/724551"}],"wp:attachment":[{"href":"https:\/\/bahiaeconomica.com.br\/wp\/wp-json\/wp\/v2\/media?parent=724547"}],"wp:term":[{"taxonomy":"category","embeddable":true,"href":"https:\/\/bahiaeconomica.com.br\/wp\/wp-json\/wp\/v2\/categories?post=724547"},{"taxonomy":"post_tag","embeddable":true,"href":"https:\/\/bahiaeconomica.com.br\/wp\/wp-json\/wp\/v2\/tags?post=724547"}],"curies":[{"name":"wp","href":"https:\/\/api.w.org\/{rel}","templated":true}]}}