{"id":724540,"date":"2023-03-21T11:38:06","date_gmt":"2023-03-21T14:38:06","guid":{"rendered":"https:\/\/bahiaeconomica.com.br\/wp\/beta\/?p=724540"},"modified":"2023-03-21T11:38:06","modified_gmt":"2023-03-21T14:38:06","slug":"festival-de-musica-salvador-canta-acontece-no-domingo-confira","status":"publish","type":"post","link":"https:\/\/bahiaeconomica.com.br\/wp\/2023\/03\/21\/festival-de-musica-salvador-canta-acontece-no-domingo-confira\/","title":{"rendered":"FESTIVAL DE M\u00daSICA SALVADOR CANTA ACONTECE NO DOMINGO; CONFIRA"},"content":{"rendered":"<p>O Teatro do Espa\u00e7o Boca de Brasa de Cajazeiras, situado no Mercado Municipal do bairro, em Cajazeiras X, recebe a primeira edi\u00e7\u00e3o do Festival de M\u00fasica Salvador Canta no pr\u00f3ximo domingo, \u00e0s 19h. O projeto foi contemplado no edital Arte Todo Dia \u2013 Ano VI, da Funda\u00e7\u00e3o Greg\u00f3rio de Mattos (FGM), e idealizado pelos produtores culturais Marcos Dias e Danilo Stael, com o objetivo de dar visibilidade para talentos musicais.<\/p>\n<p><!--more--><\/p>\n<p>Com apresenta\u00e7\u00f5es de 12 int\u00e9rpretes, que foram selecionados pela curadoria do festival em meio a cerca de 70 inscritos, o evento trar\u00e1 uma diversidade de estilos de m\u00fasicas brasileiras, MPB, sertanejo, gospel, rom\u00e2ntica e outros g\u00eaneros. Entre os cantores selecionados est\u00e3o m\u00fasicos experientes e novos talentos da \u00e1rea musical do cen\u00e1rio soteropolitano: Umburana, Cristal Azevedo, Sue Moscoso, Madah Gomes, Dan Alves, Kau\u00e3 Victor, Jully Mota, Alex P\u00ea, Silvia Dias, Emerson Alves, Diego Carmo e Italo Sanches.<\/p>\n<p>Os artistas se apresentar\u00e3o num palco montado com a banda do festival. Os 12 cantores ser\u00e3o avaliados pelo j\u00fari t\u00e9cnico do evento, que decidir\u00e1 pelo Melhor Int\u00e9rprete, a ser premiado com o trof\u00e9u Salvador Canta de Melhor Int\u00e9rprete pelo J\u00fari T\u00e9cnico, formado por Luciano Salvador Bahia, Savannah Lima e Jad Ventura. No mesmo dia, haver\u00e1 tamb\u00e9m uma vota\u00e7\u00e3o presencial e on-line, atrav\u00e9s do site salvadorcanta. com. br e p\u00e1gina @festivalsalvadorcanta no Instagram, onde o p\u00fablico decidir\u00e1 o Melhor Int\u00e9rprete pelo J\u00fari Popular, que ser\u00e1 agraciado com o trof\u00e9u Salvador Canta e pr\u00eamios.<\/p>\n<p>O Festival tamb\u00e9m conta com dois workshops gratuitos, sendo um de Viol\u00e3o, com Tiago Pinto, ocorrido na segunda-feira (20), e outro de Canto, com Kekedy Almeida, na pr\u00f3xima quinta-feira (24), das 9h30 \u00e0s 12h. O projeto tem produ\u00e7\u00e3o da Rede Ubuntu e Aworan e apoio da TVE Bahia, R\u00e1dio Educadora FM e Livraria LDM.<\/p>\n<p>Fonte: Ascom\/FGM<br \/>\nFoto: Montagem Ascom\/FGM <span class=\"v1x_ContentPasted0\">\u00a0<\/span><\/p>\n","protected":false},"excerpt":{"rendered":"<p>O Teatro do Espa\u00e7o Boca de Brasa de Cajazeiras, situado no Mercado Municipal do bairro, em Cajazeiras X, recebe a primeira edi\u00e7\u00e3o do Festival de M\u00fasica Salvador Canta no pr\u00f3ximo domingo, \u00e0s 19h. O projeto foi contemplado no edital Arte Todo Dia \u2013 Ano VI, da Funda\u00e7\u00e3o Greg\u00f3rio de Mattos (FGM), e idealizado pelos produtores [&hellip;]<\/p>\n","protected":false},"author":10,"featured_media":724541,"comment_status":"closed","ping_status":"closed","sticky":false,"template":"","format":"standard","meta":[],"categories":[689],"tags":[],"acf":[],"yoast_head":"<!-- This site is optimized with the Yoast SEO plugin v20.8 - https:\/\/yoast.com\/wordpress\/plugins\/seo\/ -->\n<title>FESTIVAL DE M\u00daSICA SALVADOR CANTA ACONTECE NO DOMINGO; CONFIRA - Bahia Economica<\/title>\n<meta name=\"description\" content=\"O maior portal de Economia da Bahia CULTURA E ARTE Bahia Economica\" \/>\n<meta name=\"robots\" content=\"index, follow, max-snippet:-1, max-image-preview:large, max-video-preview:-1\" \/>\n<link rel=\"canonical\" href=\"https:\/\/bahiaeconomica.com.br\/wp\/2023\/03\/21\/festival-de-musica-salvador-canta-acontece-no-domingo-confira\/\" \/>\n<meta property=\"og:locale\" content=\"pt_BR\" \/>\n<meta property=\"og:type\" content=\"article\" \/>\n<meta property=\"og:title\" content=\"FESTIVAL DE M\u00daSICA SALVADOR CANTA ACONTECE NO DOMINGO; CONFIRA - Bahia Economica\" \/>\n<meta property=\"og:description\" content=\"O maior portal de Economia da Bahia CULTURA E ARTE Bahia Economica\" \/>\n<meta property=\"og:url\" content=\"https:\/\/bahiaeconomica.com.br\/wp\/2023\/03\/21\/festival-de-musica-salvador-canta-acontece-no-domingo-confira\/\" \/>\n<meta property=\"og:site_name\" content=\"Bahia Economica\" \/>\n<meta property=\"article:publisher\" content=\"https:\/\/www.facebook.com\/bahiaeconomica\" \/>\n<meta property=\"article:published_time\" content=\"2023-03-21T14:38:06+00:00\" \/>\n<meta property=\"og:image\" content=\"https:\/\/bahiaeconomica.com.br\/wp\/wp-content\/uploads\/2023\/03\/Selecionados_Salvador_Canta.jpg\" \/>\n\t<meta property=\"og:image:width\" content=\"1260\" \/>\n\t<meta property=\"og:image:height\" content=\"870\" \/>\n\t<meta property=\"og:image:type\" content=\"image\/jpeg\" \/>\n<meta name=\"author\" content=\"NM\" \/>\n<meta name=\"twitter:card\" content=\"summary_large_image\" \/>\n<meta name=\"twitter:label1\" content=\"Escrito por\" \/>\n\t<meta name=\"twitter:data1\" content=\"NM\" \/>\n\t<meta name=\"twitter:label2\" content=\"Est. tempo de leitura\" \/>\n\t<meta name=\"twitter:data2\" content=\"2 minutos\" \/>\n<script type=\"application\/ld+json\" class=\"yoast-schema-graph\">{\"@context\":\"https:\/\/schema.org\",\"@graph\":[{\"@type\":\"Article\",\"@id\":\"https:\/\/bahiaeconomica.com.br\/wp\/2023\/03\/21\/festival-de-musica-salvador-canta-acontece-no-domingo-confira\/#article\",\"isPartOf\":{\"@id\":\"https:\/\/bahiaeconomica.com.br\/wp\/2023\/03\/21\/festival-de-musica-salvador-canta-acontece-no-domingo-confira\/\"},\"author\":{\"name\":\"NM\",\"@id\":\"https:\/\/bahiaeconomica.com.br\/wp\/#\/schema\/person\/638522c9d72fb94b4c1672ac86537fef\"},\"headline\":\"FESTIVAL DE M\u00daSICA SALVADOR CANTA ACONTECE NO DOMINGO; CONFIRA\",\"datePublished\":\"2023-03-21T14:38:06+00:00\",\"dateModified\":\"2023-03-21T14:38:06+00:00\",\"mainEntityOfPage\":{\"@id\":\"https:\/\/bahiaeconomica.com.br\/wp\/2023\/03\/21\/festival-de-musica-salvador-canta-acontece-no-domingo-confira\/\"},\"wordCount\":340,\"publisher\":{\"@id\":\"https:\/\/bahiaeconomica.com.br\/wp\/#organization\"},\"articleSection\":[\"CULTURA E ARTE\"],\"inLanguage\":\"pt-BR\"},{\"@type\":\"WebPage\",\"@id\":\"https:\/\/bahiaeconomica.com.br\/wp\/2023\/03\/21\/festival-de-musica-salvador-canta-acontece-no-domingo-confira\/\",\"url\":\"https:\/\/bahiaeconomica.com.br\/wp\/2023\/03\/21\/festival-de-musica-salvador-canta-acontece-no-domingo-confira\/\",\"name\":\"FESTIVAL DE M\u00daSICA SALVADOR CANTA ACONTECE NO DOMINGO; CONFIRA - Bahia Economica\",\"isPartOf\":{\"@id\":\"https:\/\/bahiaeconomica.com.br\/wp\/#website\"},\"datePublished\":\"2023-03-21T14:38:06+00:00\",\"dateModified\":\"2023-03-21T14:38:06+00:00\",\"description\":\"O maior portal de Economia da Bahia CULTURA E ARTE Bahia Economica\",\"breadcrumb\":{\"@id\":\"https:\/\/bahiaeconomica.com.br\/wp\/2023\/03\/21\/festival-de-musica-salvador-canta-acontece-no-domingo-confira\/#breadcrumb\"},\"inLanguage\":\"pt-BR\",\"potentialAction\":[{\"@type\":\"ReadAction\",\"target\":[\"https:\/\/bahiaeconomica.com.br\/wp\/2023\/03\/21\/festival-de-musica-salvador-canta-acontece-no-domingo-confira\/\"]}]},{\"@type\":\"BreadcrumbList\",\"@id\":\"https:\/\/bahiaeconomica.com.br\/wp\/2023\/03\/21\/festival-de-musica-salvador-canta-acontece-no-domingo-confira\/#breadcrumb\",\"itemListElement\":[{\"@type\":\"ListItem\",\"position\":1,\"name\":\"In\u00edcio\",\"item\":\"https:\/\/bahiaeconomica.com.br\/wp\/\"},{\"@type\":\"ListItem\",\"position\":2,\"name\":\"FESTIVAL DE M\u00daSICA SALVADOR CANTA ACONTECE NO DOMINGO; CONFIRA\"}]},{\"@type\":\"WebSite\",\"@id\":\"https:\/\/bahiaeconomica.com.br\/wp\/#website\",\"url\":\"https:\/\/bahiaeconomica.com.br\/wp\/\",\"name\":\"Bahia Economica\",\"description\":\"O maior portal de Economia da Bahia\",\"publisher\":{\"@id\":\"https:\/\/bahiaeconomica.com.br\/wp\/#organization\"},\"potentialAction\":[{\"@type\":\"SearchAction\",\"target\":{\"@type\":\"EntryPoint\",\"urlTemplate\":\"https:\/\/bahiaeconomica.com.br\/wp\/?s={search_term_string}\"},\"query-input\":\"required name=search_term_string\"}],\"inLanguage\":\"pt-BR\"},{\"@type\":\"Organization\",\"@id\":\"https:\/\/bahiaeconomica.com.br\/wp\/#organization\",\"name\":\"Bahia Econ\u00f4mica\",\"url\":\"https:\/\/bahiaeconomica.com.br\/wp\/\",\"logo\":{\"@type\":\"ImageObject\",\"inLanguage\":\"pt-BR\",\"@id\":\"https:\/\/bahiaeconomica.com.br\/wp\/#\/schema\/logo\/image\/\",\"url\":\"https:\/\/bahiaeconomica.com.br\/wp\/wp-content\/uploads\/2020\/12\/cropped-BE.png\",\"contentUrl\":\"https:\/\/bahiaeconomica.com.br\/wp\/wp-content\/uploads\/2020\/12\/cropped-BE.png\",\"width\":512,\"height\":512,\"caption\":\"Bahia Econ\u00f4mica\"},\"image\":{\"@id\":\"https:\/\/bahiaeconomica.com.br\/wp\/#\/schema\/logo\/image\/\"},\"sameAs\":[\"https:\/\/www.facebook.com\/bahiaeconomica\"]},{\"@type\":\"Person\",\"@id\":\"https:\/\/bahiaeconomica.com.br\/wp\/#\/schema\/person\/638522c9d72fb94b4c1672ac86537fef\",\"name\":\"NM\",\"sameAs\":[\"https:\/\/bahiaeconomica.com.br\/wp\/beta\/\"],\"url\":\"https:\/\/bahiaeconomica.com.br\/wp\/author\/nm\/\"}]}<\/script>\n<!-- \/ Yoast SEO plugin. -->","yoast_head_json":{"title":"FESTIVAL DE M\u00daSICA SALVADOR CANTA ACONTECE NO DOMINGO; CONFIRA - Bahia Economica","description":"O maior portal de Economia da Bahia CULTURA E ARTE Bahia Economica","robots":{"index":"index","follow":"follow","max-snippet":"max-snippet:-1","max-image-preview":"max-image-preview:large","max-video-preview":"max-video-preview:-1"},"canonical":"https:\/\/bahiaeconomica.com.br\/wp\/2023\/03\/21\/festival-de-musica-salvador-canta-acontece-no-domingo-confira\/","og_locale":"pt_BR","og_type":"article","og_title":"FESTIVAL DE M\u00daSICA SALVADOR CANTA ACONTECE NO DOMINGO; CONFIRA - Bahia Economica","og_description":"O maior portal de Economia da Bahia CULTURA E ARTE Bahia Economica","og_url":"https:\/\/bahiaeconomica.com.br\/wp\/2023\/03\/21\/festival-de-musica-salvador-canta-acontece-no-domingo-confira\/","og_site_name":"Bahia Economica","article_publisher":"https:\/\/www.facebook.com\/bahiaeconomica","article_published_time":"2023-03-21T14:38:06+00:00","og_image":[{"width":1260,"height":870,"url":"https:\/\/bahiaeconomica.com.br\/wp\/wp-content\/uploads\/2023\/03\/Selecionados_Salvador_Canta.jpg","type":"image\/jpeg"}],"author":"NM","twitter_card":"summary_large_image","twitter_misc":{"Escrito por":"NM","Est. tempo de leitura":"2 minutos"},"schema":{"@context":"https:\/\/schema.org","@graph":[{"@type":"Article","@id":"https:\/\/bahiaeconomica.com.br\/wp\/2023\/03\/21\/festival-de-musica-salvador-canta-acontece-no-domingo-confira\/#article","isPartOf":{"@id":"https:\/\/bahiaeconomica.com.br\/wp\/2023\/03\/21\/festival-de-musica-salvador-canta-acontece-no-domingo-confira\/"},"author":{"name":"NM","@id":"https:\/\/bahiaeconomica.com.br\/wp\/#\/schema\/person\/638522c9d72fb94b4c1672ac86537fef"},"headline":"FESTIVAL DE M\u00daSICA SALVADOR CANTA ACONTECE NO DOMINGO; CONFIRA","datePublished":"2023-03-21T14:38:06+00:00","dateModified":"2023-03-21T14:38:06+00:00","mainEntityOfPage":{"@id":"https:\/\/bahiaeconomica.com.br\/wp\/2023\/03\/21\/festival-de-musica-salvador-canta-acontece-no-domingo-confira\/"},"wordCount":340,"publisher":{"@id":"https:\/\/bahiaeconomica.com.br\/wp\/#organization"},"articleSection":["CULTURA E ARTE"],"inLanguage":"pt-BR"},{"@type":"WebPage","@id":"https:\/\/bahiaeconomica.com.br\/wp\/2023\/03\/21\/festival-de-musica-salvador-canta-acontece-no-domingo-confira\/","url":"https:\/\/bahiaeconomica.com.br\/wp\/2023\/03\/21\/festival-de-musica-salvador-canta-acontece-no-domingo-confira\/","name":"FESTIVAL DE M\u00daSICA SALVADOR CANTA ACONTECE NO DOMINGO; CONFIRA - Bahia Economica","isPartOf":{"@id":"https:\/\/bahiaeconomica.com.br\/wp\/#website"},"datePublished":"2023-03-21T14:38:06+00:00","dateModified":"2023-03-21T14:38:06+00:00","description":"O maior portal de Economia da Bahia CULTURA E ARTE Bahia Economica","breadcrumb":{"@id":"https:\/\/bahiaeconomica.com.br\/wp\/2023\/03\/21\/festival-de-musica-salvador-canta-acontece-no-domingo-confira\/#breadcrumb"},"inLanguage":"pt-BR","potentialAction":[{"@type":"ReadAction","target":["https:\/\/bahiaeconomica.com.br\/wp\/2023\/03\/21\/festival-de-musica-salvador-canta-acontece-no-domingo-confira\/"]}]},{"@type":"BreadcrumbList","@id":"https:\/\/bahiaeconomica.com.br\/wp\/2023\/03\/21\/festival-de-musica-salvador-canta-acontece-no-domingo-confira\/#breadcrumb","itemListElement":[{"@type":"ListItem","position":1,"name":"In\u00edcio","item":"https:\/\/bahiaeconomica.com.br\/wp\/"},{"@type":"ListItem","position":2,"name":"FESTIVAL DE M\u00daSICA SALVADOR CANTA ACONTECE NO DOMINGO; CONFIRA"}]},{"@type":"WebSite","@id":"https:\/\/bahiaeconomica.com.br\/wp\/#website","url":"https:\/\/bahiaeconomica.com.br\/wp\/","name":"Bahia Economica","description":"O maior portal de Economia da Bahia","publisher":{"@id":"https:\/\/bahiaeconomica.com.br\/wp\/#organization"},"potentialAction":[{"@type":"SearchAction","target":{"@type":"EntryPoint","urlTemplate":"https:\/\/bahiaeconomica.com.br\/wp\/?s={search_term_string}"},"query-input":"required name=search_term_string"}],"inLanguage":"pt-BR"},{"@type":"Organization","@id":"https:\/\/bahiaeconomica.com.br\/wp\/#organization","name":"Bahia Econ\u00f4mica","url":"https:\/\/bahiaeconomica.com.br\/wp\/","logo":{"@type":"ImageObject","inLanguage":"pt-BR","@id":"https:\/\/bahiaeconomica.com.br\/wp\/#\/schema\/logo\/image\/","url":"https:\/\/bahiaeconomica.com.br\/wp\/wp-content\/uploads\/2020\/12\/cropped-BE.png","contentUrl":"https:\/\/bahiaeconomica.com.br\/wp\/wp-content\/uploads\/2020\/12\/cropped-BE.png","width":512,"height":512,"caption":"Bahia Econ\u00f4mica"},"image":{"@id":"https:\/\/bahiaeconomica.com.br\/wp\/#\/schema\/logo\/image\/"},"sameAs":["https:\/\/www.facebook.com\/bahiaeconomica"]},{"@type":"Person","@id":"https:\/\/bahiaeconomica.com.br\/wp\/#\/schema\/person\/638522c9d72fb94b4c1672ac86537fef","name":"NM","sameAs":["https:\/\/bahiaeconomica.com.br\/wp\/beta\/"],"url":"https:\/\/bahiaeconomica.com.br\/wp\/author\/nm\/"}]}},"views":3,"_links":{"self":[{"href":"https:\/\/bahiaeconomica.com.br\/wp\/wp-json\/wp\/v2\/posts\/724540"}],"collection":[{"href":"https:\/\/bahiaeconomica.com.br\/wp\/wp-json\/wp\/v2\/posts"}],"about":[{"href":"https:\/\/bahiaeconomica.com.br\/wp\/wp-json\/wp\/v2\/types\/post"}],"author":[{"embeddable":true,"href":"https:\/\/bahiaeconomica.com.br\/wp\/wp-json\/wp\/v2\/users\/10"}],"replies":[{"embeddable":true,"href":"https:\/\/bahiaeconomica.com.br\/wp\/wp-json\/wp\/v2\/comments?post=724540"}],"version-history":[{"count":1,"href":"https:\/\/bahiaeconomica.com.br\/wp\/wp-json\/wp\/v2\/posts\/724540\/revisions"}],"predecessor-version":[{"id":724542,"href":"https:\/\/bahiaeconomica.com.br\/wp\/wp-json\/wp\/v2\/posts\/724540\/revisions\/724542"}],"wp:featuredmedia":[{"embeddable":true,"href":"https:\/\/bahiaeconomica.com.br\/wp\/wp-json\/wp\/v2\/media\/724541"}],"wp:attachment":[{"href":"https:\/\/bahiaeconomica.com.br\/wp\/wp-json\/wp\/v2\/media?parent=724540"}],"wp:term":[{"taxonomy":"category","embeddable":true,"href":"https:\/\/bahiaeconomica.com.br\/wp\/wp-json\/wp\/v2\/categories?post=724540"},{"taxonomy":"post_tag","embeddable":true,"href":"https:\/\/bahiaeconomica.com.br\/wp\/wp-json\/wp\/v2\/tags?post=724540"}],"curies":[{"name":"wp","href":"https:\/\/api.w.org\/{rel}","templated":true}]}}