{"id":723974,"date":"2023-03-17T15:50:27","date_gmt":"2023-03-17T18:50:27","guid":{"rendered":"https:\/\/bahiaeconomica.com.br\/wp\/beta\/?p=723974"},"modified":"2023-03-17T16:05:23","modified_gmt":"2023-03-17T19:05:23","slug":"jeronimo-foi-convidado-para-comitiva-de-lula-a-china-diz-coluna","status":"publish","type":"post","link":"https:\/\/bahiaeconomica.com.br\/wp\/2023\/03\/17\/jeronimo-foi-convidado-para-comitiva-de-lula-a-china-diz-coluna\/","title":{"rendered":"JER\u00d4NIMO \u00c9 CONVIDADO PARA VIAGEM DE LULA \u00c0 CHINA; DIZ COLUNA"},"content":{"rendered":"<p>Tr\u00eas governadores da regi\u00e3o nordeste, que possuem negocia\u00e7\u00f5es com a China, foram convidados por Lula para viagem oficial, no final deste m\u00eas<\/p>\n<p><!--more--><\/p>\n<p>O presidente Lula (PT) far\u00e1 uma viagem oficial \u00e0 China, no final deste m\u00eas, e pretende levar uma grande comitiva para acompanhar a visita. Desde ent\u00e3o, muitos pol\u00edticos e empres\u00e1rios tem manifestado interesse de participar do evento.<\/p>\n<p>Alguns governadores de Estado foram convidados pelo Presidente da Rep\u00fablica para fazerem parte desta comitiva, como: Elmano de Freitas (PT), governador do Cear\u00e1; Jer\u00f4nimo Rodrigues (PT), da Bahia; e Carlos Brand\u00e3o (PSB), do Maranh\u00e3o.<\/p>\n<p>Os tr\u00eas governadores foram convidados em raz\u00e3o de seus estados serem alvos de poss\u00edveis neg\u00f3cios com a China. Na Bahia, h\u00e1 uma negocia\u00e7\u00e3o para que uma antiga planta da Ford seja vendida para a montadora chinesa BYD. Al\u00e9m disso, existem os tr\u00e2mites para a constru\u00e7\u00e3o da ponte Salvador-Itaparica.<\/p>\n<p>No Maranh\u00e3o, por exemplo, os chineses t\u00eam interesse em uma refinaria. J\u00e1 no Cear\u00e1, a China tem interesses relacionados a parques e\u00f3licos.<\/p>\n<p>De acordo com a coluna de Igor Gadelha, do portal Metr\u00f3poles, outros governadores poder\u00e3o ser convidados para integrar a concorrida comitiva de Lula, que embarcar\u00e1 para Pequim no final da pr\u00f3xima semana.<\/p>\n<p>&nbsp;<\/p>\n<p>&nbsp;<\/p>\n<p>Foto: Ricardo Stuckert\/PT<\/p>\n","protected":false},"excerpt":{"rendered":"<p>Tr\u00eas governadores da regi\u00e3o nordeste, que possuem negocia\u00e7\u00f5es com a China, foram convidados por Lula para viagem oficial, no final deste m\u00eas<\/p>\n","protected":false},"author":6,"featured_media":723975,"comment_status":"closed","ping_status":"closed","sticky":false,"template":"","format":"standard","meta":[],"categories":[14,3],"tags":[85,52,750,4701,182,100],"acf":[],"yoast_head":"<!-- This site is optimized with the Yoast SEO plugin v20.8 - https:\/\/yoast.com\/wordpress\/plugins\/seo\/ -->\n<title>JER\u00d4NIMO \u00c9 CONVIDADO PARA VIAGEM DE LULA \u00c0 CHINA; DIZ COLUNA - Bahia Economica<\/title>\n<meta name=\"description\" content=\"Tr\u00eas governadores da regi\u00e3o nordeste, que possuem negocia\u00e7\u00f5es com a China, foram convidados por Lula para viagem oficial, no final deste m\u00eas\" \/>\n<meta name=\"robots\" content=\"index, follow, max-snippet:-1, max-image-preview:large, max-video-preview:-1\" \/>\n<link rel=\"canonical\" href=\"https:\/\/bahiaeconomica.com.br\/wp\/2023\/03\/17\/jeronimo-foi-convidado-para-comitiva-de-lula-a-china-diz-coluna\/\" \/>\n<meta property=\"og:locale\" content=\"pt_BR\" \/>\n<meta property=\"og:type\" content=\"article\" \/>\n<meta property=\"og:title\" content=\"JER\u00d4NIMO \u00c9 CONVIDADO PARA VIAGEM DE LULA \u00c0 CHINA; DIZ COLUNA - Bahia Economica\" \/>\n<meta property=\"og:description\" content=\"Tr\u00eas governadores da regi\u00e3o nordeste, que possuem negocia\u00e7\u00f5es com a China, foram convidados por Lula para viagem oficial, no final deste m\u00eas\" \/>\n<meta property=\"og:url\" content=\"https:\/\/bahiaeconomica.com.br\/wp\/2023\/03\/17\/jeronimo-foi-convidado-para-comitiva-de-lula-a-china-diz-coluna\/\" \/>\n<meta property=\"og:site_name\" content=\"Bahia Economica\" \/>\n<meta property=\"article:publisher\" content=\"https:\/\/www.facebook.com\/bahiaeconomica\" \/>\n<meta property=\"article:published_time\" content=\"2023-03-17T18:50:27+00:00\" \/>\n<meta property=\"article:modified_time\" content=\"2023-03-17T19:05:23+00:00\" \/>\n<meta property=\"og:image\" content=\"https:\/\/bahiaeconomica.com.br\/wp\/wp-content\/uploads\/2023\/03\/lula-jeronimo.jpeg\" \/>\n\t<meta property=\"og:image:width\" content=\"360\" \/>\n\t<meta property=\"og:image:height\" content=\"220\" \/>\n\t<meta property=\"og:image:type\" content=\"image\/jpeg\" \/>\n<meta name=\"author\" content=\"DS\" \/>\n<meta name=\"twitter:card\" content=\"summary_large_image\" \/>\n<meta name=\"twitter:label1\" content=\"Escrito por\" \/>\n\t<meta name=\"twitter:data1\" content=\"DS\" \/>\n\t<meta name=\"twitter:label2\" content=\"Est. tempo de leitura\" \/>\n\t<meta name=\"twitter:data2\" content=\"2 minutos\" \/>\n<script type=\"application\/ld+json\" class=\"yoast-schema-graph\">{\"@context\":\"https:\/\/schema.org\",\"@graph\":[{\"@type\":\"Article\",\"@id\":\"https:\/\/bahiaeconomica.com.br\/wp\/2023\/03\/17\/jeronimo-foi-convidado-para-comitiva-de-lula-a-china-diz-coluna\/#article\",\"isPartOf\":{\"@id\":\"https:\/\/bahiaeconomica.com.br\/wp\/2023\/03\/17\/jeronimo-foi-convidado-para-comitiva-de-lula-a-china-diz-coluna\/\"},\"author\":{\"name\":\"DS\",\"@id\":\"https:\/\/bahiaeconomica.com.br\/wp\/#\/schema\/person\/756f314c5bfa87c7b43a2850854305a1\"},\"headline\":\"JER\u00d4NIMO \u00c9 CONVIDADO PARA VIAGEM DE LULA \u00c0 CHINA; DIZ COLUNA\",\"datePublished\":\"2023-03-17T18:50:27+00:00\",\"dateModified\":\"2023-03-17T19:05:23+00:00\",\"mainEntityOfPage\":{\"@id\":\"https:\/\/bahiaeconomica.com.br\/wp\/2023\/03\/17\/jeronimo-foi-convidado-para-comitiva-de-lula-a-china-diz-coluna\/\"},\"wordCount\":236,\"publisher\":{\"@id\":\"https:\/\/bahiaeconomica.com.br\/wp\/#organization\"},\"keywords\":[\"Bahia\",\"Brasil\",\"China\",\"jer\u00f4nimo rodrigues\",\"Lula\",\"Pol\u00edtica\"],\"articleSection\":[\"DESTAQUE DO DIA\",\"ECONOMIA \/ POL\u00cdTICA\"],\"inLanguage\":\"pt-BR\"},{\"@type\":\"WebPage\",\"@id\":\"https:\/\/bahiaeconomica.com.br\/wp\/2023\/03\/17\/jeronimo-foi-convidado-para-comitiva-de-lula-a-china-diz-coluna\/\",\"url\":\"https:\/\/bahiaeconomica.com.br\/wp\/2023\/03\/17\/jeronimo-foi-convidado-para-comitiva-de-lula-a-china-diz-coluna\/\",\"name\":\"JER\u00d4NIMO \u00c9 CONVIDADO PARA VIAGEM DE LULA \u00c0 CHINA; DIZ COLUNA - Bahia Economica\",\"isPartOf\":{\"@id\":\"https:\/\/bahiaeconomica.com.br\/wp\/#website\"},\"datePublished\":\"2023-03-17T18:50:27+00:00\",\"dateModified\":\"2023-03-17T19:05:23+00:00\",\"description\":\"Tr\u00eas governadores da regi\u00e3o nordeste, que possuem negocia\u00e7\u00f5es com a China, foram convidados por Lula para viagem oficial, no final deste m\u00eas\",\"breadcrumb\":{\"@id\":\"https:\/\/bahiaeconomica.com.br\/wp\/2023\/03\/17\/jeronimo-foi-convidado-para-comitiva-de-lula-a-china-diz-coluna\/#breadcrumb\"},\"inLanguage\":\"pt-BR\",\"potentialAction\":[{\"@type\":\"ReadAction\",\"target\":[\"https:\/\/bahiaeconomica.com.br\/wp\/2023\/03\/17\/jeronimo-foi-convidado-para-comitiva-de-lula-a-china-diz-coluna\/\"]}]},{\"@type\":\"BreadcrumbList\",\"@id\":\"https:\/\/bahiaeconomica.com.br\/wp\/2023\/03\/17\/jeronimo-foi-convidado-para-comitiva-de-lula-a-china-diz-coluna\/#breadcrumb\",\"itemListElement\":[{\"@type\":\"ListItem\",\"position\":1,\"name\":\"In\u00edcio\",\"item\":\"https:\/\/bahiaeconomica.com.br\/wp\/\"},{\"@type\":\"ListItem\",\"position\":2,\"name\":\"JER\u00d4NIMO \u00c9 CONVIDADO PARA VIAGEM DE LULA \u00c0 CHINA; DIZ COLUNA\"}]},{\"@type\":\"WebSite\",\"@id\":\"https:\/\/bahiaeconomica.com.br\/wp\/#website\",\"url\":\"https:\/\/bahiaeconomica.com.br\/wp\/\",\"name\":\"Bahia Economica\",\"description\":\"O maior portal de Economia da Bahia\",\"publisher\":{\"@id\":\"https:\/\/bahiaeconomica.com.br\/wp\/#organization\"},\"potentialAction\":[{\"@type\":\"SearchAction\",\"target\":{\"@type\":\"EntryPoint\",\"urlTemplate\":\"https:\/\/bahiaeconomica.com.br\/wp\/?s={search_term_string}\"},\"query-input\":\"required name=search_term_string\"}],\"inLanguage\":\"pt-BR\"},{\"@type\":\"Organization\",\"@id\":\"https:\/\/bahiaeconomica.com.br\/wp\/#organization\",\"name\":\"Bahia Econ\u00f4mica\",\"url\":\"https:\/\/bahiaeconomica.com.br\/wp\/\",\"logo\":{\"@type\":\"ImageObject\",\"inLanguage\":\"pt-BR\",\"@id\":\"https:\/\/bahiaeconomica.com.br\/wp\/#\/schema\/logo\/image\/\",\"url\":\"https:\/\/bahiaeconomica.com.br\/wp\/wp-content\/uploads\/2020\/12\/cropped-BE.png\",\"contentUrl\":\"https:\/\/bahiaeconomica.com.br\/wp\/wp-content\/uploads\/2020\/12\/cropped-BE.png\",\"width\":512,\"height\":512,\"caption\":\"Bahia Econ\u00f4mica\"},\"image\":{\"@id\":\"https:\/\/bahiaeconomica.com.br\/wp\/#\/schema\/logo\/image\/\"},\"sameAs\":[\"https:\/\/www.facebook.com\/bahiaeconomica\"]},{\"@type\":\"Person\",\"@id\":\"https:\/\/bahiaeconomica.com.br\/wp\/#\/schema\/person\/756f314c5bfa87c7b43a2850854305a1\",\"name\":\"DS\",\"sameAs\":[\"https:\/\/bahiaeconomica.com.br\/wp\/beta\/\"],\"url\":\"https:\/\/bahiaeconomica.com.br\/wp\/author\/ds\/\"}]}<\/script>\n<!-- \/ Yoast SEO plugin. -->","yoast_head_json":{"title":"JER\u00d4NIMO \u00c9 CONVIDADO PARA VIAGEM DE LULA \u00c0 CHINA; DIZ COLUNA - Bahia Economica","description":"Tr\u00eas governadores da regi\u00e3o nordeste, que possuem negocia\u00e7\u00f5es com a China, foram convidados por Lula para viagem oficial, no final deste m\u00eas","robots":{"index":"index","follow":"follow","max-snippet":"max-snippet:-1","max-image-preview":"max-image-preview:large","max-video-preview":"max-video-preview:-1"},"canonical":"https:\/\/bahiaeconomica.com.br\/wp\/2023\/03\/17\/jeronimo-foi-convidado-para-comitiva-de-lula-a-china-diz-coluna\/","og_locale":"pt_BR","og_type":"article","og_title":"JER\u00d4NIMO \u00c9 CONVIDADO PARA VIAGEM DE LULA \u00c0 CHINA; DIZ COLUNA - Bahia Economica","og_description":"Tr\u00eas governadores da regi\u00e3o nordeste, que possuem negocia\u00e7\u00f5es com a China, foram convidados por Lula para viagem oficial, no final deste m\u00eas","og_url":"https:\/\/bahiaeconomica.com.br\/wp\/2023\/03\/17\/jeronimo-foi-convidado-para-comitiva-de-lula-a-china-diz-coluna\/","og_site_name":"Bahia Economica","article_publisher":"https:\/\/www.facebook.com\/bahiaeconomica","article_published_time":"2023-03-17T18:50:27+00:00","article_modified_time":"2023-03-17T19:05:23+00:00","og_image":[{"width":360,"height":220,"url":"https:\/\/bahiaeconomica.com.br\/wp\/wp-content\/uploads\/2023\/03\/lula-jeronimo.jpeg","type":"image\/jpeg"}],"author":"DS","twitter_card":"summary_large_image","twitter_misc":{"Escrito por":"DS","Est. tempo de leitura":"2 minutos"},"schema":{"@context":"https:\/\/schema.org","@graph":[{"@type":"Article","@id":"https:\/\/bahiaeconomica.com.br\/wp\/2023\/03\/17\/jeronimo-foi-convidado-para-comitiva-de-lula-a-china-diz-coluna\/#article","isPartOf":{"@id":"https:\/\/bahiaeconomica.com.br\/wp\/2023\/03\/17\/jeronimo-foi-convidado-para-comitiva-de-lula-a-china-diz-coluna\/"},"author":{"name":"DS","@id":"https:\/\/bahiaeconomica.com.br\/wp\/#\/schema\/person\/756f314c5bfa87c7b43a2850854305a1"},"headline":"JER\u00d4NIMO \u00c9 CONVIDADO PARA VIAGEM DE LULA \u00c0 CHINA; DIZ COLUNA","datePublished":"2023-03-17T18:50:27+00:00","dateModified":"2023-03-17T19:05:23+00:00","mainEntityOfPage":{"@id":"https:\/\/bahiaeconomica.com.br\/wp\/2023\/03\/17\/jeronimo-foi-convidado-para-comitiva-de-lula-a-china-diz-coluna\/"},"wordCount":236,"publisher":{"@id":"https:\/\/bahiaeconomica.com.br\/wp\/#organization"},"keywords":["Bahia","Brasil","China","jer\u00f4nimo rodrigues","Lula","Pol\u00edtica"],"articleSection":["DESTAQUE DO DIA","ECONOMIA \/ POL\u00cdTICA"],"inLanguage":"pt-BR"},{"@type":"WebPage","@id":"https:\/\/bahiaeconomica.com.br\/wp\/2023\/03\/17\/jeronimo-foi-convidado-para-comitiva-de-lula-a-china-diz-coluna\/","url":"https:\/\/bahiaeconomica.com.br\/wp\/2023\/03\/17\/jeronimo-foi-convidado-para-comitiva-de-lula-a-china-diz-coluna\/","name":"JER\u00d4NIMO \u00c9 CONVIDADO PARA VIAGEM DE LULA \u00c0 CHINA; DIZ COLUNA - Bahia Economica","isPartOf":{"@id":"https:\/\/bahiaeconomica.com.br\/wp\/#website"},"datePublished":"2023-03-17T18:50:27+00:00","dateModified":"2023-03-17T19:05:23+00:00","description":"Tr\u00eas governadores da regi\u00e3o nordeste, que possuem negocia\u00e7\u00f5es com a China, foram convidados por Lula para viagem oficial, no final deste m\u00eas","breadcrumb":{"@id":"https:\/\/bahiaeconomica.com.br\/wp\/2023\/03\/17\/jeronimo-foi-convidado-para-comitiva-de-lula-a-china-diz-coluna\/#breadcrumb"},"inLanguage":"pt-BR","potentialAction":[{"@type":"ReadAction","target":["https:\/\/bahiaeconomica.com.br\/wp\/2023\/03\/17\/jeronimo-foi-convidado-para-comitiva-de-lula-a-china-diz-coluna\/"]}]},{"@type":"BreadcrumbList","@id":"https:\/\/bahiaeconomica.com.br\/wp\/2023\/03\/17\/jeronimo-foi-convidado-para-comitiva-de-lula-a-china-diz-coluna\/#breadcrumb","itemListElement":[{"@type":"ListItem","position":1,"name":"In\u00edcio","item":"https:\/\/bahiaeconomica.com.br\/wp\/"},{"@type":"ListItem","position":2,"name":"JER\u00d4NIMO \u00c9 CONVIDADO PARA VIAGEM DE LULA \u00c0 CHINA; DIZ COLUNA"}]},{"@type":"WebSite","@id":"https:\/\/bahiaeconomica.com.br\/wp\/#website","url":"https:\/\/bahiaeconomica.com.br\/wp\/","name":"Bahia Economica","description":"O maior portal de Economia da Bahia","publisher":{"@id":"https:\/\/bahiaeconomica.com.br\/wp\/#organization"},"potentialAction":[{"@type":"SearchAction","target":{"@type":"EntryPoint","urlTemplate":"https:\/\/bahiaeconomica.com.br\/wp\/?s={search_term_string}"},"query-input":"required name=search_term_string"}],"inLanguage":"pt-BR"},{"@type":"Organization","@id":"https:\/\/bahiaeconomica.com.br\/wp\/#organization","name":"Bahia Econ\u00f4mica","url":"https:\/\/bahiaeconomica.com.br\/wp\/","logo":{"@type":"ImageObject","inLanguage":"pt-BR","@id":"https:\/\/bahiaeconomica.com.br\/wp\/#\/schema\/logo\/image\/","url":"https:\/\/bahiaeconomica.com.br\/wp\/wp-content\/uploads\/2020\/12\/cropped-BE.png","contentUrl":"https:\/\/bahiaeconomica.com.br\/wp\/wp-content\/uploads\/2020\/12\/cropped-BE.png","width":512,"height":512,"caption":"Bahia Econ\u00f4mica"},"image":{"@id":"https:\/\/bahiaeconomica.com.br\/wp\/#\/schema\/logo\/image\/"},"sameAs":["https:\/\/www.facebook.com\/bahiaeconomica"]},{"@type":"Person","@id":"https:\/\/bahiaeconomica.com.br\/wp\/#\/schema\/person\/756f314c5bfa87c7b43a2850854305a1","name":"DS","sameAs":["https:\/\/bahiaeconomica.com.br\/wp\/beta\/"],"url":"https:\/\/bahiaeconomica.com.br\/wp\/author\/ds\/"}]}},"views":9,"_links":{"self":[{"href":"https:\/\/bahiaeconomica.com.br\/wp\/wp-json\/wp\/v2\/posts\/723974"}],"collection":[{"href":"https:\/\/bahiaeconomica.com.br\/wp\/wp-json\/wp\/v2\/posts"}],"about":[{"href":"https:\/\/bahiaeconomica.com.br\/wp\/wp-json\/wp\/v2\/types\/post"}],"author":[{"embeddable":true,"href":"https:\/\/bahiaeconomica.com.br\/wp\/wp-json\/wp\/v2\/users\/6"}],"replies":[{"embeddable":true,"href":"https:\/\/bahiaeconomica.com.br\/wp\/wp-json\/wp\/v2\/comments?post=723974"}],"version-history":[{"count":3,"href":"https:\/\/bahiaeconomica.com.br\/wp\/wp-json\/wp\/v2\/posts\/723974\/revisions"}],"predecessor-version":[{"id":723981,"href":"https:\/\/bahiaeconomica.com.br\/wp\/wp-json\/wp\/v2\/posts\/723974\/revisions\/723981"}],"wp:featuredmedia":[{"embeddable":true,"href":"https:\/\/bahiaeconomica.com.br\/wp\/wp-json\/wp\/v2\/media\/723975"}],"wp:attachment":[{"href":"https:\/\/bahiaeconomica.com.br\/wp\/wp-json\/wp\/v2\/media?parent=723974"}],"wp:term":[{"taxonomy":"category","embeddable":true,"href":"https:\/\/bahiaeconomica.com.br\/wp\/wp-json\/wp\/v2\/categories?post=723974"},{"taxonomy":"post_tag","embeddable":true,"href":"https:\/\/bahiaeconomica.com.br\/wp\/wp-json\/wp\/v2\/tags?post=723974"}],"curies":[{"name":"wp","href":"https:\/\/api.w.org\/{rel}","templated":true}]}}