{"id":723757,"date":"2023-03-16T18:55:31","date_gmt":"2023-03-16T21:55:31","guid":{"rendered":"https:\/\/bahiaeconomica.com.br\/wp\/beta\/?p=723757"},"modified":"2023-03-16T19:13:58","modified_gmt":"2023-03-16T22:13:58","slug":"recem-nascida-raptada-foi-localizada-em-juazeiro-nesta-quarta-15","status":"publish","type":"post","link":"https:\/\/bahiaeconomica.com.br\/wp\/2023\/03\/16\/recem-nascida-raptada-foi-localizada-em-juazeiro-nesta-quarta-15\/","title":{"rendered":"REC\u00c9M-NASCIDA RAPTADA FOI LOCALIZADA EM JUAZEIRO"},"content":{"rendered":"<p><span style=\"font-weight: 400;\">\u00a0O ato foi realizado pela 73\u00aa Companhia Independente da Pol\u00edcia Militar (CIPM), em Juazeiro. A crian\u00e7a se encontra em seguran\u00e7a e foi devolvida para \u00e1 respons\u00e1vel<\/span><!--more--><\/p>\n<p><span style=\"font-weight: 400;\">\u00a0Segundo o subcomandante da unidade, o capit\u00e3o Al\u00e9cio Albuquerque, a equipe de pol\u00edcia foi procurada pela m\u00e3e do bebe, a senhora relatou ter sido surpreendida com socos vindo de uma agressora, durante seu caminho para o terminal de transporte coletivo. Em conclus\u00e3o, a v\u00edtima caiu e teve o beb\u00ea sequestrado.<\/span><\/p>\n<p>&nbsp;<\/p>\n<p><span style=\"font-weight: 400;\">\u00a0Durante rondas pela regi\u00e3o,\u00a0 a pol\u00edcia local achou a criminosa com a crian\u00e7a no colo, ela estava localizada em frente ao Hospital da Mulher, a criminosa foi apreendida enquanto solicitava um autom\u00f3vel por aplicativo. Ela logo foi reconhecida pela v\u00edtima e instantaneamente direcionada para \u00e0 17\u00aa Coordenadoria Regional de Pol\u00edcia do Interior.<\/span><\/p>\n<p>&nbsp;<\/p>\n<p><span style=\"font-weight: 400;\">\u00a0A criminosa que realizou o ato estaria ligada a outro crime, segundo a delegada L\u00edgia S\u00e1, titular da Coorpin, realizado na sexta-feira, 10 de mar\u00e7o, em Juazeiro. Ela teria pedido para uma transexual raptar uma crian\u00e7a, a ultima por si realizou o rapto. As duas pessoas ligadas no crime permanecem presas e ir\u00e3o seguir para uma audi\u00eancia de cust\u00f3dia.<\/span><\/p>\n<p>Foto: Divulga\u00e7\u00e3o<\/p>\n<p>Autor: Bruno Alves<\/p>\n","protected":false},"excerpt":{"rendered":"<p>\u00a0O ato foi realizado pela 73\u00aa Companhia Independente da Pol\u00edcia Militar (CIPM), em Juazeiro. A crian\u00e7a se encontra em seguran\u00e7a e foi devolvida para \u00e1 respons\u00e1vel<\/p>\n","protected":false},"author":12,"featured_media":723758,"comment_status":"closed","ping_status":"closed","sticky":false,"template":"","format":"standard","meta":[],"categories":[14,5],"tags":[3064,4139,656,992,455,9888,11794],"acf":[],"yoast_head":"<!-- This site is optimized with the Yoast SEO plugin v20.8 - https:\/\/yoast.com\/wordpress\/plugins\/seo\/ -->\n<title>REC\u00c9M-NASCIDA RAPTADA FOI LOCALIZADA EM JUAZEIRO - Bahia Economica<\/title>\n<meta name=\"description\" content=\"O ato foi realizado pela Pol\u00edcia Militar, em Juazeiro. A crian\u00e7a est\u00e1 em seguran\u00e7a, e foi devolvida \u00e0 sua respectiva respons\u00e1vel.\" \/>\n<meta name=\"robots\" content=\"index, follow, max-snippet:-1, max-image-preview:large, max-video-preview:-1\" \/>\n<link rel=\"canonical\" href=\"https:\/\/bahiaeconomica.com.br\/wp\/2023\/03\/16\/recem-nascida-raptada-foi-localizada-em-juazeiro-nesta-quarta-15\/\" \/>\n<meta property=\"og:locale\" content=\"pt_BR\" \/>\n<meta property=\"og:type\" content=\"article\" \/>\n<meta property=\"og:title\" content=\"REC\u00c9M-NASCIDA RAPTADA FOI LOCALIZADA EM JUAZEIRO - Bahia Economica\" \/>\n<meta property=\"og:description\" content=\"O ato foi realizado pela Pol\u00edcia Militar, em Juazeiro. A crian\u00e7a est\u00e1 em seguran\u00e7a, e foi devolvida \u00e0 sua respectiva respons\u00e1vel.\" \/>\n<meta property=\"og:url\" content=\"https:\/\/bahiaeconomica.com.br\/wp\/2023\/03\/16\/recem-nascida-raptada-foi-localizada-em-juazeiro-nesta-quarta-15\/\" \/>\n<meta property=\"og:site_name\" content=\"Bahia Economica\" \/>\n<meta property=\"article:publisher\" content=\"https:\/\/www.facebook.com\/bahiaeconomica\" \/>\n<meta property=\"article:published_time\" content=\"2023-03-16T21:55:31+00:00\" \/>\n<meta property=\"article:modified_time\" content=\"2023-03-16T22:13:58+00:00\" \/>\n<meta property=\"og:image\" content=\"https:\/\/bahiaeconomica.com.br\/wp\/wp-content\/uploads\/2023\/03\/policia360.jpg\" \/>\n\t<meta property=\"og:image:width\" content=\"360\" \/>\n\t<meta property=\"og:image:height\" content=\"220\" \/>\n\t<meta property=\"og:image:type\" content=\"image\/jpeg\" \/>\n<meta name=\"author\" content=\"BA\" \/>\n<meta name=\"twitter:card\" content=\"summary_large_image\" \/>\n<meta name=\"twitter:label1\" content=\"Escrito por\" \/>\n\t<meta name=\"twitter:data1\" content=\"BA\" \/>\n\t<meta name=\"twitter:label2\" content=\"Est. tempo de leitura\" \/>\n\t<meta name=\"twitter:data2\" content=\"2 minutos\" \/>\n<script type=\"application\/ld+json\" class=\"yoast-schema-graph\">{\"@context\":\"https:\/\/schema.org\",\"@graph\":[{\"@type\":\"Article\",\"@id\":\"https:\/\/bahiaeconomica.com.br\/wp\/2023\/03\/16\/recem-nascida-raptada-foi-localizada-em-juazeiro-nesta-quarta-15\/#article\",\"isPartOf\":{\"@id\":\"https:\/\/bahiaeconomica.com.br\/wp\/2023\/03\/16\/recem-nascida-raptada-foi-localizada-em-juazeiro-nesta-quarta-15\/\"},\"author\":{\"name\":\"BA\",\"@id\":\"https:\/\/bahiaeconomica.com.br\/wp\/#\/schema\/person\/5a4570b96ef393d09329ca6448199c3e\"},\"headline\":\"REC\u00c9M-NASCIDA RAPTADA FOI LOCALIZADA EM JUAZEIRO\",\"datePublished\":\"2023-03-16T21:55:31+00:00\",\"dateModified\":\"2023-03-16T22:13:58+00:00\",\"mainEntityOfPage\":{\"@id\":\"https:\/\/bahiaeconomica.com.br\/wp\/2023\/03\/16\/recem-nascida-raptada-foi-localizada-em-juazeiro-nesta-quarta-15\/\"},\"wordCount\":219,\"publisher\":{\"@id\":\"https:\/\/bahiaeconomica.com.br\/wp\/#organization\"},\"keywords\":[\"10 maiores municipios\",\"Comunidade\",\"Juazeiro\",\"policia\",\"Pol\u00edcia Civil da Bahia\",\"prefeitura de juazeiro\",\"sequestro\"],\"articleSection\":[\"DESTAQUE DO DIA\",\"MUNIC\u00cdPIOS\"],\"inLanguage\":\"pt-BR\"},{\"@type\":\"WebPage\",\"@id\":\"https:\/\/bahiaeconomica.com.br\/wp\/2023\/03\/16\/recem-nascida-raptada-foi-localizada-em-juazeiro-nesta-quarta-15\/\",\"url\":\"https:\/\/bahiaeconomica.com.br\/wp\/2023\/03\/16\/recem-nascida-raptada-foi-localizada-em-juazeiro-nesta-quarta-15\/\",\"name\":\"REC\u00c9M-NASCIDA RAPTADA FOI LOCALIZADA EM JUAZEIRO - Bahia Economica\",\"isPartOf\":{\"@id\":\"https:\/\/bahiaeconomica.com.br\/wp\/#website\"},\"datePublished\":\"2023-03-16T21:55:31+00:00\",\"dateModified\":\"2023-03-16T22:13:58+00:00\",\"description\":\"O ato foi realizado pela Pol\u00edcia Militar, em Juazeiro. A crian\u00e7a est\u00e1 em seguran\u00e7a, e foi devolvida \u00e0 sua respectiva respons\u00e1vel.\",\"breadcrumb\":{\"@id\":\"https:\/\/bahiaeconomica.com.br\/wp\/2023\/03\/16\/recem-nascida-raptada-foi-localizada-em-juazeiro-nesta-quarta-15\/#breadcrumb\"},\"inLanguage\":\"pt-BR\",\"potentialAction\":[{\"@type\":\"ReadAction\",\"target\":[\"https:\/\/bahiaeconomica.com.br\/wp\/2023\/03\/16\/recem-nascida-raptada-foi-localizada-em-juazeiro-nesta-quarta-15\/\"]}]},{\"@type\":\"BreadcrumbList\",\"@id\":\"https:\/\/bahiaeconomica.com.br\/wp\/2023\/03\/16\/recem-nascida-raptada-foi-localizada-em-juazeiro-nesta-quarta-15\/#breadcrumb\",\"itemListElement\":[{\"@type\":\"ListItem\",\"position\":1,\"name\":\"In\u00edcio\",\"item\":\"https:\/\/bahiaeconomica.com.br\/wp\/\"},{\"@type\":\"ListItem\",\"position\":2,\"name\":\"REC\u00c9M-NASCIDA RAPTADA FOI LOCALIZADA EM JUAZEIRO\"}]},{\"@type\":\"WebSite\",\"@id\":\"https:\/\/bahiaeconomica.com.br\/wp\/#website\",\"url\":\"https:\/\/bahiaeconomica.com.br\/wp\/\",\"name\":\"Bahia Economica\",\"description\":\"O maior portal de Economia da Bahia\",\"publisher\":{\"@id\":\"https:\/\/bahiaeconomica.com.br\/wp\/#organization\"},\"potentialAction\":[{\"@type\":\"SearchAction\",\"target\":{\"@type\":\"EntryPoint\",\"urlTemplate\":\"https:\/\/bahiaeconomica.com.br\/wp\/?s={search_term_string}\"},\"query-input\":\"required name=search_term_string\"}],\"inLanguage\":\"pt-BR\"},{\"@type\":\"Organization\",\"@id\":\"https:\/\/bahiaeconomica.com.br\/wp\/#organization\",\"name\":\"Bahia Econ\u00f4mica\",\"url\":\"https:\/\/bahiaeconomica.com.br\/wp\/\",\"logo\":{\"@type\":\"ImageObject\",\"inLanguage\":\"pt-BR\",\"@id\":\"https:\/\/bahiaeconomica.com.br\/wp\/#\/schema\/logo\/image\/\",\"url\":\"https:\/\/bahiaeconomica.com.br\/wp\/wp-content\/uploads\/2020\/12\/cropped-BE.png\",\"contentUrl\":\"https:\/\/bahiaeconomica.com.br\/wp\/wp-content\/uploads\/2020\/12\/cropped-BE.png\",\"width\":512,\"height\":512,\"caption\":\"Bahia Econ\u00f4mica\"},\"image\":{\"@id\":\"https:\/\/bahiaeconomica.com.br\/wp\/#\/schema\/logo\/image\/\"},\"sameAs\":[\"https:\/\/www.facebook.com\/bahiaeconomica\"]},{\"@type\":\"Person\",\"@id\":\"https:\/\/bahiaeconomica.com.br\/wp\/#\/schema\/person\/5a4570b96ef393d09329ca6448199c3e\",\"name\":\"BA\",\"sameAs\":[\"https:\/\/bahiaeconomica.com.br\/wp\/beta\/\"],\"url\":\"https:\/\/bahiaeconomica.com.br\/wp\/author\/bruno-alves\/\"}]}<\/script>\n<!-- \/ Yoast SEO plugin. -->","yoast_head_json":{"title":"REC\u00c9M-NASCIDA RAPTADA FOI LOCALIZADA EM JUAZEIRO - Bahia Economica","description":"O ato foi realizado pela Pol\u00edcia Militar, em Juazeiro. A crian\u00e7a est\u00e1 em seguran\u00e7a, e foi devolvida \u00e0 sua respectiva respons\u00e1vel.","robots":{"index":"index","follow":"follow","max-snippet":"max-snippet:-1","max-image-preview":"max-image-preview:large","max-video-preview":"max-video-preview:-1"},"canonical":"https:\/\/bahiaeconomica.com.br\/wp\/2023\/03\/16\/recem-nascida-raptada-foi-localizada-em-juazeiro-nesta-quarta-15\/","og_locale":"pt_BR","og_type":"article","og_title":"REC\u00c9M-NASCIDA RAPTADA FOI LOCALIZADA EM JUAZEIRO - Bahia Economica","og_description":"O ato foi realizado pela Pol\u00edcia Militar, em Juazeiro. A crian\u00e7a est\u00e1 em seguran\u00e7a, e foi devolvida \u00e0 sua respectiva respons\u00e1vel.","og_url":"https:\/\/bahiaeconomica.com.br\/wp\/2023\/03\/16\/recem-nascida-raptada-foi-localizada-em-juazeiro-nesta-quarta-15\/","og_site_name":"Bahia Economica","article_publisher":"https:\/\/www.facebook.com\/bahiaeconomica","article_published_time":"2023-03-16T21:55:31+00:00","article_modified_time":"2023-03-16T22:13:58+00:00","og_image":[{"width":360,"height":220,"url":"https:\/\/bahiaeconomica.com.br\/wp\/wp-content\/uploads\/2023\/03\/policia360.jpg","type":"image\/jpeg"}],"author":"BA","twitter_card":"summary_large_image","twitter_misc":{"Escrito por":"BA","Est. tempo de leitura":"2 minutos"},"schema":{"@context":"https:\/\/schema.org","@graph":[{"@type":"Article","@id":"https:\/\/bahiaeconomica.com.br\/wp\/2023\/03\/16\/recem-nascida-raptada-foi-localizada-em-juazeiro-nesta-quarta-15\/#article","isPartOf":{"@id":"https:\/\/bahiaeconomica.com.br\/wp\/2023\/03\/16\/recem-nascida-raptada-foi-localizada-em-juazeiro-nesta-quarta-15\/"},"author":{"name":"BA","@id":"https:\/\/bahiaeconomica.com.br\/wp\/#\/schema\/person\/5a4570b96ef393d09329ca6448199c3e"},"headline":"REC\u00c9M-NASCIDA RAPTADA FOI LOCALIZADA EM JUAZEIRO","datePublished":"2023-03-16T21:55:31+00:00","dateModified":"2023-03-16T22:13:58+00:00","mainEntityOfPage":{"@id":"https:\/\/bahiaeconomica.com.br\/wp\/2023\/03\/16\/recem-nascida-raptada-foi-localizada-em-juazeiro-nesta-quarta-15\/"},"wordCount":219,"publisher":{"@id":"https:\/\/bahiaeconomica.com.br\/wp\/#organization"},"keywords":["10 maiores municipios","Comunidade","Juazeiro","policia","Pol\u00edcia Civil da Bahia","prefeitura de juazeiro","sequestro"],"articleSection":["DESTAQUE DO DIA","MUNIC\u00cdPIOS"],"inLanguage":"pt-BR"},{"@type":"WebPage","@id":"https:\/\/bahiaeconomica.com.br\/wp\/2023\/03\/16\/recem-nascida-raptada-foi-localizada-em-juazeiro-nesta-quarta-15\/","url":"https:\/\/bahiaeconomica.com.br\/wp\/2023\/03\/16\/recem-nascida-raptada-foi-localizada-em-juazeiro-nesta-quarta-15\/","name":"REC\u00c9M-NASCIDA RAPTADA FOI LOCALIZADA EM JUAZEIRO - Bahia Economica","isPartOf":{"@id":"https:\/\/bahiaeconomica.com.br\/wp\/#website"},"datePublished":"2023-03-16T21:55:31+00:00","dateModified":"2023-03-16T22:13:58+00:00","description":"O ato foi realizado pela Pol\u00edcia Militar, em Juazeiro. A crian\u00e7a est\u00e1 em seguran\u00e7a, e foi devolvida \u00e0 sua respectiva respons\u00e1vel.","breadcrumb":{"@id":"https:\/\/bahiaeconomica.com.br\/wp\/2023\/03\/16\/recem-nascida-raptada-foi-localizada-em-juazeiro-nesta-quarta-15\/#breadcrumb"},"inLanguage":"pt-BR","potentialAction":[{"@type":"ReadAction","target":["https:\/\/bahiaeconomica.com.br\/wp\/2023\/03\/16\/recem-nascida-raptada-foi-localizada-em-juazeiro-nesta-quarta-15\/"]}]},{"@type":"BreadcrumbList","@id":"https:\/\/bahiaeconomica.com.br\/wp\/2023\/03\/16\/recem-nascida-raptada-foi-localizada-em-juazeiro-nesta-quarta-15\/#breadcrumb","itemListElement":[{"@type":"ListItem","position":1,"name":"In\u00edcio","item":"https:\/\/bahiaeconomica.com.br\/wp\/"},{"@type":"ListItem","position":2,"name":"REC\u00c9M-NASCIDA RAPTADA FOI LOCALIZADA EM JUAZEIRO"}]},{"@type":"WebSite","@id":"https:\/\/bahiaeconomica.com.br\/wp\/#website","url":"https:\/\/bahiaeconomica.com.br\/wp\/","name":"Bahia Economica","description":"O maior portal de Economia da Bahia","publisher":{"@id":"https:\/\/bahiaeconomica.com.br\/wp\/#organization"},"potentialAction":[{"@type":"SearchAction","target":{"@type":"EntryPoint","urlTemplate":"https:\/\/bahiaeconomica.com.br\/wp\/?s={search_term_string}"},"query-input":"required name=search_term_string"}],"inLanguage":"pt-BR"},{"@type":"Organization","@id":"https:\/\/bahiaeconomica.com.br\/wp\/#organization","name":"Bahia Econ\u00f4mica","url":"https:\/\/bahiaeconomica.com.br\/wp\/","logo":{"@type":"ImageObject","inLanguage":"pt-BR","@id":"https:\/\/bahiaeconomica.com.br\/wp\/#\/schema\/logo\/image\/","url":"https:\/\/bahiaeconomica.com.br\/wp\/wp-content\/uploads\/2020\/12\/cropped-BE.png","contentUrl":"https:\/\/bahiaeconomica.com.br\/wp\/wp-content\/uploads\/2020\/12\/cropped-BE.png","width":512,"height":512,"caption":"Bahia Econ\u00f4mica"},"image":{"@id":"https:\/\/bahiaeconomica.com.br\/wp\/#\/schema\/logo\/image\/"},"sameAs":["https:\/\/www.facebook.com\/bahiaeconomica"]},{"@type":"Person","@id":"https:\/\/bahiaeconomica.com.br\/wp\/#\/schema\/person\/5a4570b96ef393d09329ca6448199c3e","name":"BA","sameAs":["https:\/\/bahiaeconomica.com.br\/wp\/beta\/"],"url":"https:\/\/bahiaeconomica.com.br\/wp\/author\/bruno-alves\/"}]}},"views":3,"_links":{"self":[{"href":"https:\/\/bahiaeconomica.com.br\/wp\/wp-json\/wp\/v2\/posts\/723757"}],"collection":[{"href":"https:\/\/bahiaeconomica.com.br\/wp\/wp-json\/wp\/v2\/posts"}],"about":[{"href":"https:\/\/bahiaeconomica.com.br\/wp\/wp-json\/wp\/v2\/types\/post"}],"author":[{"embeddable":true,"href":"https:\/\/bahiaeconomica.com.br\/wp\/wp-json\/wp\/v2\/users\/12"}],"replies":[{"embeddable":true,"href":"https:\/\/bahiaeconomica.com.br\/wp\/wp-json\/wp\/v2\/comments?post=723757"}],"version-history":[{"count":2,"href":"https:\/\/bahiaeconomica.com.br\/wp\/wp-json\/wp\/v2\/posts\/723757\/revisions"}],"predecessor-version":[{"id":723770,"href":"https:\/\/bahiaeconomica.com.br\/wp\/wp-json\/wp\/v2\/posts\/723757\/revisions\/723770"}],"wp:featuredmedia":[{"embeddable":true,"href":"https:\/\/bahiaeconomica.com.br\/wp\/wp-json\/wp\/v2\/media\/723758"}],"wp:attachment":[{"href":"https:\/\/bahiaeconomica.com.br\/wp\/wp-json\/wp\/v2\/media?parent=723757"}],"wp:term":[{"taxonomy":"category","embeddable":true,"href":"https:\/\/bahiaeconomica.com.br\/wp\/wp-json\/wp\/v2\/categories?post=723757"},{"taxonomy":"post_tag","embeddable":true,"href":"https:\/\/bahiaeconomica.com.br\/wp\/wp-json\/wp\/v2\/tags?post=723757"}],"curies":[{"name":"wp","href":"https:\/\/api.w.org\/{rel}","templated":true}]}}