{"id":723506,"date":"2023-03-16T09:00:09","date_gmt":"2023-03-16T12:00:09","guid":{"rendered":"https:\/\/bahiaeconomica.com.br\/wp\/beta\/?p=723506"},"modified":"2023-03-16T09:09:38","modified_gmt":"2023-03-16T12:09:38","slug":"confira-os-postos-de-vacinacao-contra-covid-19-nesta-quinta-16","status":"publish","type":"post","link":"https:\/\/bahiaeconomica.com.br\/wp\/2023\/03\/16\/confira-os-postos-de-vacinacao-contra-covid-19-nesta-quinta-16\/","title":{"rendered":"CONFIRA OS POSTOS DE VACINA\u00c7\u00c3O CONTRA COVID-19 NESTA QUINTA (16)"},"content":{"rendered":"<p>A Prefeitura de Salvador segue com a vacina\u00e7\u00e3o contra a Covid-19 nesta quinta-feira (16), das 8h \u00e0s 16h, em diversos pontos da cidade. <!--more-->Recebem a vacina bivalente os idosos a partir de 60 anos, os imunocomprometidos, quilombolas, as pessoas assistidas em institui\u00e7\u00f5es de longa perman\u00eancia com 12 anos ou mais e os respectivos trabalhadores destes Centros de Acolhimento. O imunizante traz uma prote\u00e7\u00e3o dupla contra a Covid, pois al\u00e9m do v\u00edrus original, tamb\u00e9m protege contra a variante \u00d4micron.<\/p>\n<p>A vacina\u00e7\u00e3o dos quilombolas ser\u00e1 feita nas ilhas, conforme planejamento local. As pessoas residentes em abrigos e trabalhadores da sa\u00fade receber\u00e3o o imunizante nas institui\u00e7\u00f5es \u00e0s quais fazem parte.<\/p>\n<p>Pessoas imunocomprometidas que n\u00e3o iniciaram ou que n\u00e3o completaram o esquema prim\u00e1rio (b\u00e1sico) com as tr\u00eas doses da vacina monovalente, est\u00e3o aptas para receber uma dose do imunizante bivalente ap\u00f3s a segunda dose. Ela poder\u00e1 ser utilizada para completar o esquema prim\u00e1rio ap\u00f3s o intervalo m\u00ednimo de oito semanas da segunda dose monovalente. J\u00e1 a dose de refor\u00e7o poder\u00e1 ser realizada tamb\u00e9m com a bivalente, com o intervalo m\u00ednimo de quatro meses da \u00faltima dose bivalente.<\/p>\n<p>DEMAIS P\u00daBLICOS<\/p>\n<p>A estrat\u00e9gia de vacina\u00e7\u00e3o contempla ainda as crian\u00e7as de seis meses a 4 anos, 11 meses e 29 dias com ou sem comorbidades. O refor\u00e7o da Pfizer Pedi\u00e1trica para menores de 5 a 11 anos tamb\u00e9m estar\u00e1 dispon\u00edvel para quem tiver nome na lista da Secretaria Municipal de Sa\u00fade (SMS). A imuniza\u00e7\u00e3o do p\u00fablico infantil ser\u00e1 realizada mediante apresenta\u00e7\u00e3o do documento de identifica\u00e7\u00e3o da crian\u00e7a e dos pais e\/ou respons\u00e1veis, carteira de vacina\u00e7\u00e3o, cart\u00e3o SUS e confirma\u00e7\u00e3o do nome na lista no site da SMS.<\/p>\n<p>Al\u00e9m disso, a estrat\u00e9gia segue com a aplica\u00e7\u00e3o da 1\u00aa, 2\u00aa, 3\u00aa e 4\u00aa dose da vacina contra a Covid-19 para pessoas com 18 anos ou mais, em esquema \u201cLiberou Geral\u201d. O \u00fanico requisito \u00e9 ter o Cart\u00e3o SUS vinculado a algum munic\u00edpio do estado da Bahia.<\/p>\n<p>O interessado deve apresentar, obrigatoriamente, originais e c\u00f3pias do cart\u00e3o de vacina ou carteira nacional de vacina\u00e7\u00e3o digital (ConectSUS atualizado), documento de identifica\u00e7\u00e3o com foto e comprovante de resid\u00eancia do munic\u00edpio do Estado da Bahia. Os demais grupos que n\u00e3o est\u00e3o inclu\u00eddos na estrat\u00e9gia \u2018Liberou Geral\u2019 devem residir em Salvador e ter o nome na lista do site da Secretaria Municipal da Sa\u00fade.<\/p>\n<p>A imuniza\u00e7\u00e3o tamb\u00e9m segue para os indiv\u00edduos com 18 anos ou mais vacinados com a Janssen no esquema prim\u00e1rio. Os indiv\u00edduos entre 18 e 39 anos que receberam como esquema prim\u00e1rio a vacina Janssen (Dose \u00danica) est\u00e3o orientados a receber um segundo refor\u00e7o e aqueles de 40 anos e mais est\u00e3o orientados a receber um terceiro refor\u00e7o.<\/p>\n<p>APRAZAMENTOS DESTA QUINTA (16):<\/p>\n<p>2\u00aa DOSE \u2013 PFIZER BABY: CRIAN\u00c7AS DE 6 MESES A 4 ANOS COM OU SEM COMORBIDADES QUE TOMARAM A 1\u00aa DOSE AT\u00c9 O DIA 15\/2\/2023<\/p>\n<p>2\u00aa DOSE \u2013 JANSSEN: PESSOAS QUE TOMARAM A 1\u00aa DOSE\/DOSE \u00daNICA DA JANSSEN AT\u00c9 A DATA DE 15\/1\/2023<\/p>\n<p>2\u00aa DOSE \u2013 OXFORD: APRAZADOS AT\u00c9 12\/4\/2023<\/p>\n<p>2\u00aa DOSE \u2013 PFIZER: PESSOAS COM 12 ANOS OU MAIS APRAZADAS AT\u00c9 12\/4\/2023 \u2013 LIBEROU GERAL<\/p>\n<p>2\u00aa DOSE: GESTANTES E PU\u00c9RPERAS APRAZADAS AT\u00c9 12\/4\/2023<\/p>\n<p>2\u00aa DOSE \u2013 CORONAVAC: CRIAN\u00c7AS DE 3 E 4 ANOS QUE TOMARAM A PRIMEIRA DOSE AT\u00c9 O DIA 11\/2\/2023<\/p>\n<p>3\u00aa DOSE \u2013 PFIZER PEDI\u00c1TRICA: CRIAN\u00c7AS DE 5 A 11 ANOS COM OU SEM COMORBIDADES QUE TOMARAM A 2\u00aa DOSE AT\u00c9 O DIA 16\/10\/2022<\/p>\n<p>3\u00aa DOSE: ADOLESCENTES DE 12 A 17 ANOS QUE TOMARAM A 2\u00aa DOSE AT\u00c9 O DIA 16\/11\/2022<\/p>\n<p>3\u00aa DOSE: PESSOAS COM 18 ANOS OU MAIS QUE TOMARAM A 2\u00aa DOSE AT\u00c9 O DIA 16\/11\/2022 \u2013 LIBEROU GERAL<\/p>\n<p>3\u00aa DOSE \u2013 PFIZER BIVALENTE: IMUNOSSUPRIMIDOS COM 12 ANOS OU MAIS QUE TOMARAM A 2\u00aa DOSE AT\u00c9 O DIA 18\/1\/2023<\/p>\n<p>3\u00aa DOSE: GESTANTES E PU\u00c9RPERAS QUE TOMARAM A 2\u00aa DOSE AT\u00c9 O DIA 16\/10\/2022<\/p>\n<p>3\u00aa DOSE (2\u00ba REFOR\u00c7O): PESSOAS ENTRE 18 E 39 ANOS QUE FIZERAM ESQUEMA PRIM\u00c1RIO COM JANSSEN AT\u00c9 16\/11\/2022<\/p>\n<p>4\u00aa DOSE (3\u00ba REFOR\u00c7O): PESSOAS COM 40 ANOS OU MAIS QUE FIZERAM O ESQUEMA PRIM\u00c1RIO COM JANSSEN AT\u00c9 16\/11\/2022<\/p>\n<p>4\u00aa DOSE: PESSOAS COM 18 ANOS OU MAIS QUE TOMARAM A 3\u00aa DOSE AT\u00c9 O DIA 16\/11\/2022 \u2013 LIBEROU GERAL<\/p>\n<p>REFOR\u00c7O PFIZER BIVALENTE: IDOSOS DE 60 ANOS OU MAIS QUE TOMARAM A 4\u00aa DOSE AT\u00c9 O DIA 16\/11\/2022<\/p>\n<p>POSTOS:<\/p>\n<p>1\u00aa DOSE \u2013 CORONAVAC PEDI\u00c1TRICA: CRIAN\u00c7AS DE 3 E 4 ANOS (INCLUINDO IMUNOSSUPRIMIDAS)<\/p>\n<p>Postos fixos: USF Lealdina Barros (Vale da Muri\u00e7oca), CSU Pernambu\u00e9s, USF Curralinho, UBS Sergio Arouca (Paripe), USF Bom Jesus dos Passos, USF Paramana e USF Ilha de Mar\u00e9.<\/p>\n<p>2\u00aa DOSE \u2013 CORONAVAC PEDI\u00c1TRICA: CRIAN\u00c7AS DE 3 E 4 ANOS (INCLUINDO IMUNOSSUPRIMIDAS)<\/p>\n<p>Postos fixos: USF Lealdina Barros (Vale da Muri\u00e7oca) , USF Curralinho, CSU Pernambu\u00e9s, USF Mussurunga I, UBS Cosme de Farias, UBS Sergio Arouca (Paripe), USF Bom Jesus dos Passos, USF Paramana e USF Ilha de Mar\u00e9.<\/p>\n<p>1\u00aa E 2\u00aa DOSES \u2013 PFIZER PEDI\u00c1TRICA: CRIAN\u00c7AS DE 5 A 11 ANOS COM OU SEM COMORBIDADES<\/p>\n<p>Postos fixos: USF Lealdina Barros (Vale da Muri\u00e7oca) , CSU Pernambu\u00e9s, USF Curralinho, UBS Sergio Arouca (Paripe), USF Bom Jesus dos Passos, USF Paramana e USF Ilha de Mar\u00e9.<\/p>\n<p>1\u00aa E 2\u00aa DOSES \u2013 PFIZER BABY: CRIAN\u00c7AS DE 6 MESES A 4 ANOS COM OU SEM COMORBIDADES<\/p>\n<p>Postos fixos: USF Garcia, UBS Manoel Vitorino (Brotas), UBS Virg\u00edlio de Carvalho (Bonfim), USF Jo\u00e3o Roma Filho (Jardim Nova Esperan\u00e7a), USF Curralinho, CSU Pernambu\u00e9s, USF Cajazeiras IV, UBS Jos\u00e9 Mariane, UBS Sergio Arouca (Paripe), USF Bom Jesus dos Passos, USF Paramana e USF Ilha de Mar\u00e9.<\/p>\n<p>REFOR\u00c7O DA PFIZER PEDI\u00c1TRICA PARA CRIAN\u00c7AS DE 5 A 11 ANOS COM\/SEM COMORBIDADES<\/p>\n<p>Postos fixos: USF Lealdina Barros (Vale da Muri\u00e7oca) , CSU Pernambu\u00e9s, USF Curralinho, USF Jo\u00e3o Roma Filho, UBS Jos\u00e9 Mariane, USF Cajazeiras V, USF Capelinha, UBS S\u00e9rgio Arouca, USF Bom Jesus dos Passos, USF Paramana e USF Ilha de Mar\u00e9.<\/p>\n<p>2\u00aa DOSE \u2013 CORONAVAC: PESSOAS COM 18 ANOS OU MAIS<\/p>\n<p>Postos fixos: USF Lealdina Barros (Vale da Muri\u00e7oca) , USF Curralinho, CSU Pernambu\u00e9s, USF Mussurunga I, UBS Cosme de Farias e UBS S\u00e9rgio Arouca (Paripe).<\/p>\n<p>VACINA\u00c7\u00c3O ADULTO \u2013 1\u00aa, 2\u00aa, 3\u00aa E 4\u00aa DOSES (EXCETO 2\u00aa DOSE CORONAVAC)<\/p>\n<p>Drive-thrus: 5\u00ba Centro de Sa\u00fade (Barris) e Atakad\u00e3o Atakarejo (Fazenda Coutos).<\/p>\n<p>Pontos fixos: Home Center Ferreira Costa (8h \u00e0s 16h) e Shopping Bela Vista (9h \u00e0s 16h).<\/p>\n<p>Postos fixos: 5\u00ba Centro de Sa\u00fade (Barris), USF Menino Joel, USF Alto das Pombas, USF Lealdina Barros (Vale da Muri\u00e7oca), UBS Santa Cruz (das 8h \u00e0s 14h30), USF Federa\u00e7\u00e3o, USF Sabino Silva (Nordeste de Amaralina), USF Imbu\u00ed, USF Curralinho, USF M\u00e1rio Andr\u00e9a (Sete Portas), USF Santa Luzia (Engenho Velho de Brotas), USF Vale do Matatu, USF Resgate, USF Calabet\u00e3o, USF Sussuarana I, USF Nova Sussuarana, USF Cajazeiras X, USF Boca da Mata, USF Yolanda Pires, USF Cajazeiras V, USF Cajazeiras XI, USF Jardim das Mangabeiras, UBS Ramiro de Azevedo (Campo da P\u00f3lvora), USF Terreiro de Jesus, UBS Ministro Alkimin (Massaranduba), USF Joanes Leste, USF Joanes Centro Oeste, USF Alto do Coqueirinho, USF KM 17, UBS Eduardo Mamede (Mussurunga), USF Parque S\u00e3o Crist\u00f3v\u00e3o, USF Cora\u00e7\u00e3o de Maria, USF Aristides Maltez, USF Ceasa I e II, USF Jardim Campo Verde, USF Itapu\u00e3, USF Jardim das Margaridas, UBS Orlando Imbassahy (Bairro da Paz), USF Vila Verde, USF S\u00e3o Crist\u00f3v\u00e3o, USF Mussurunga I, UBS S\u00e3o Crist\u00f3v\u00e3o, USF Nova Esperan\u00e7a, USF IAPI, USF San Martin I, USF San Martim III, UBS Cecy Andrade (Castelo Branco), USF S\u00e3o Marcos I, USF Nova Bras\u00edlia, USF Dom Avelar, UBS Vale dos Lagos, USF Piraj\u00e1, USF Boa Vista do S\u00e3o Caetano, USF Alto do Peru, USF Recanto da Lagoa II, USF San Martim II, USF Antonio Lazzarotto (Plataforma), USF Alto do Cabrito, UBS P\u00e9ricles Laranjeiras (Fazenda Grande do Retiro), USF Vista Alegre, USF Alto de Coutos II, USF Plataforma, USF Tubar\u00e3o, USF Alto do Cruzeiro, USF Nova Constituinte, USF Congo, USF Fazenda Coutos III, UBS Periperi, USF Bom Jesus dos Passos, USF Paramana e USF Ilha de Mar\u00e9.<\/p>\n<p>VACINA\u00c7\u00c3O BIVALENTE \u2013 IDOSOS COM 60 ANOS OU MAIS E IMUNOCOMPROMETIDOS<\/p>\n<p>Drive-thrus: 5\u00ba Centro de Sa\u00fade (Barris), Atakad\u00e3o Atakarejo (Fazenda Coutos) e Vila Militar (Dendezeiros).<\/p>\n<p>Pontos volantes: Atacad\u00e3o Atakarejo (S\u00e3o Caetano \u2013 9h \u00e0s 16h), Fazend\u00e3o Material de Constru\u00e7\u00e3o (R\u00f3tula da Feirinha de Cajazeiras X \u2013 9h \u00e0s 16h), Shopping Ponto Alto (S\u00e3o Marcos \u2013 9h \u00e0s 16h), Home Center Ferreira Costa (Paralela \u2013 8h \u00e0s 16h), Prefeitura-Bairro Itapu\u00e3 | Medm\u00f3vel (8h \u00e0s 16h), Shopping Bela Vista, Shopping da Bahia e Shopping Barra (9h \u00e0s 16h).<\/p>\n<p>Postos fixos: 5\u00ba Centro de Sa\u00fade (Barris), USF Federa\u00e7\u00e3o, USF Sabino Silva (Nordeste de Amaralina), USF Imbu\u00ed, USF Pitua\u00e7u, USF M\u00e1rio Andr\u00e9a (Sete Portas), USF Santa Luzia (Engenho Velho de Brotas), USF Vale do Matatu, USF Calabet\u00e3o, USF Resgate, USF Arraial do Retiro, USF Cajazeiras X, UBS Nelson Piauhy, USF Boca da Mata, USF Cajazeiras V, USF Yolanda Pires, USF Cajazeiras XI, USF Jardim das Mangabeiras, UBS Ramiro de Azevedo (Campo da P\u00f3lvora), USF Terreiro de Jesus, UBS Ministro Alkimin (Massaranduba), UBS Virg\u00edlio de Carvalho, UBS Eduardo Mamede (Mussurunga), USF Itapu\u00e3, UBS S\u00e3o Crist\u00f3v\u00e3o, UBS Orlando Imbassahy, UBS Maria Concei\u00e7\u00e3o Imbassahy, USF San Martim III, UBS Cecy Andrade (Castelo Branco), USF S\u00e3o Marcos I, UBS Vale dos Lagos, USF Nova Bras\u00edlia, USF Boa Vista do S\u00e3o Caetano, USF Antonio Lazzarotto (Plataforma), USF Piraj\u00e1, UBS P\u00e9ricles Laranjeiras, USF Alto do Peru, USF Recanto da Lagoa, USF Teot\u00f4nio Vilela II, USF Itacaranha, USF Plataforma, USF Tubar\u00e3o, UBS Periperi, USF Bom Jesus dos Passos, USF Paramana e USF Ilha de Mar\u00e9.<\/p>\n<p>Foto: Igor Santos\/Secom-PMS<\/p>\n<p>Fonte: Secretaria de Sa\u00fade<\/p>\n","protected":false},"excerpt":{"rendered":"<p>A Prefeitura de Salvador segue com a vacina\u00e7\u00e3o contra a Covid-19 nesta quinta-feira (16), das 8h \u00e0s 16h, em diversos pontos da cidade.<\/p>\n","protected":false},"author":8,"featured_media":723508,"comment_status":"closed","ping_status":"closed","sticky":false,"template":"","format":"standard","meta":[],"categories":[3,21],"tags":[52,1175,100],"acf":[],"yoast_head":"<!-- This site is optimized with the Yoast SEO plugin v20.8 - https:\/\/yoast.com\/wordpress\/plugins\/seo\/ -->\n<title>CONFIRA OS POSTOS DE VACINA\u00c7\u00c3O CONTRA COVID-19 NESTA QUINTA (16) - Bahia Economica<\/title>\n<meta name=\"description\" content=\"A Prefeitura de Salvador segue com a vacina\u00e7\u00e3o contra a Covid-19 nesta quinta-feira (16), das 8h \u00e0s 16h, em diversos pontos da cidade.\" \/>\n<meta name=\"robots\" content=\"index, follow, max-snippet:-1, max-image-preview:large, max-video-preview:-1\" \/>\n<link rel=\"canonical\" href=\"https:\/\/bahiaeconomica.com.br\/wp\/2023\/03\/16\/confira-os-postos-de-vacinacao-contra-covid-19-nesta-quinta-16\/\" \/>\n<meta property=\"og:locale\" content=\"pt_BR\" \/>\n<meta property=\"og:type\" content=\"article\" \/>\n<meta property=\"og:title\" content=\"CONFIRA OS POSTOS DE VACINA\u00c7\u00c3O CONTRA COVID-19 NESTA QUINTA (16) - Bahia Economica\" \/>\n<meta property=\"og:description\" content=\"A Prefeitura de Salvador segue com a vacina\u00e7\u00e3o contra a Covid-19 nesta quinta-feira (16), das 8h \u00e0s 16h, em diversos pontos da cidade.\" \/>\n<meta property=\"og:url\" content=\"https:\/\/bahiaeconomica.com.br\/wp\/2023\/03\/16\/confira-os-postos-de-vacinacao-contra-covid-19-nesta-quinta-16\/\" \/>\n<meta property=\"og:site_name\" content=\"Bahia Economica\" \/>\n<meta property=\"article:publisher\" content=\"https:\/\/www.facebook.com\/bahiaeconomica\" \/>\n<meta property=\"article:published_time\" content=\"2023-03-16T12:00:09+00:00\" \/>\n<meta property=\"article:modified_time\" content=\"2023-03-16T12:09:38+00:00\" \/>\n<meta property=\"og:image\" content=\"https:\/\/bahiaeconomica.com.br\/wp\/wp-content\/uploads\/2023\/03\/vacinacao-Covid-19-Salvador360.jpg\" \/>\n\t<meta property=\"og:image:width\" content=\"360\" \/>\n\t<meta property=\"og:image:height\" content=\"220\" \/>\n\t<meta property=\"og:image:type\" content=\"image\/jpeg\" \/>\n<meta name=\"author\" content=\"JP\" \/>\n<meta name=\"twitter:card\" content=\"summary_large_image\" \/>\n<meta name=\"twitter:label1\" content=\"Escrito por\" \/>\n\t<meta name=\"twitter:data1\" content=\"JP\" \/>\n\t<meta name=\"twitter:label2\" content=\"Est. tempo de leitura\" \/>\n\t<meta name=\"twitter:data2\" content=\"9 minutos\" \/>\n<script type=\"application\/ld+json\" class=\"yoast-schema-graph\">{\"@context\":\"https:\/\/schema.org\",\"@graph\":[{\"@type\":\"Article\",\"@id\":\"https:\/\/bahiaeconomica.com.br\/wp\/2023\/03\/16\/confira-os-postos-de-vacinacao-contra-covid-19-nesta-quinta-16\/#article\",\"isPartOf\":{\"@id\":\"https:\/\/bahiaeconomica.com.br\/wp\/2023\/03\/16\/confira-os-postos-de-vacinacao-contra-covid-19-nesta-quinta-16\/\"},\"author\":{\"name\":\"JP\",\"@id\":\"https:\/\/bahiaeconomica.com.br\/wp\/#\/schema\/person\/c86d3a3f8960425a0f9d0e5245991f4e\"},\"headline\":\"CONFIRA OS POSTOS DE VACINA\u00c7\u00c3O CONTRA COVID-19 NESTA QUINTA (16)\",\"datePublished\":\"2023-03-16T12:00:09+00:00\",\"dateModified\":\"2023-03-16T12:09:38+00:00\",\"mainEntityOfPage\":{\"@id\":\"https:\/\/bahiaeconomica.com.br\/wp\/2023\/03\/16\/confira-os-postos-de-vacinacao-contra-covid-19-nesta-quinta-16\/\"},\"wordCount\":1608,\"publisher\":{\"@id\":\"https:\/\/bahiaeconomica.com.br\/wp\/#organization\"},\"keywords\":[\"Brasil\",\"crescimento\",\"Pol\u00edtica\"],\"articleSection\":[\"ECONOMIA \/ POL\u00cdTICA\",\"Sa\u00fade \/ Educa\u00e7\u00e3o\"],\"inLanguage\":\"pt-BR\"},{\"@type\":\"WebPage\",\"@id\":\"https:\/\/bahiaeconomica.com.br\/wp\/2023\/03\/16\/confira-os-postos-de-vacinacao-contra-covid-19-nesta-quinta-16\/\",\"url\":\"https:\/\/bahiaeconomica.com.br\/wp\/2023\/03\/16\/confira-os-postos-de-vacinacao-contra-covid-19-nesta-quinta-16\/\",\"name\":\"CONFIRA OS POSTOS DE VACINA\u00c7\u00c3O CONTRA COVID-19 NESTA QUINTA (16) - Bahia Economica\",\"isPartOf\":{\"@id\":\"https:\/\/bahiaeconomica.com.br\/wp\/#website\"},\"datePublished\":\"2023-03-16T12:00:09+00:00\",\"dateModified\":\"2023-03-16T12:09:38+00:00\",\"description\":\"A Prefeitura de Salvador segue com a vacina\u00e7\u00e3o contra a Covid-19 nesta quinta-feira (16), das 8h \u00e0s 16h, em diversos pontos da cidade.\",\"breadcrumb\":{\"@id\":\"https:\/\/bahiaeconomica.com.br\/wp\/2023\/03\/16\/confira-os-postos-de-vacinacao-contra-covid-19-nesta-quinta-16\/#breadcrumb\"},\"inLanguage\":\"pt-BR\",\"potentialAction\":[{\"@type\":\"ReadAction\",\"target\":[\"https:\/\/bahiaeconomica.com.br\/wp\/2023\/03\/16\/confira-os-postos-de-vacinacao-contra-covid-19-nesta-quinta-16\/\"]}]},{\"@type\":\"BreadcrumbList\",\"@id\":\"https:\/\/bahiaeconomica.com.br\/wp\/2023\/03\/16\/confira-os-postos-de-vacinacao-contra-covid-19-nesta-quinta-16\/#breadcrumb\",\"itemListElement\":[{\"@type\":\"ListItem\",\"position\":1,\"name\":\"In\u00edcio\",\"item\":\"https:\/\/bahiaeconomica.com.br\/wp\/\"},{\"@type\":\"ListItem\",\"position\":2,\"name\":\"CONFIRA OS POSTOS DE VACINA\u00c7\u00c3O CONTRA COVID-19 NESTA QUINTA (16)\"}]},{\"@type\":\"WebSite\",\"@id\":\"https:\/\/bahiaeconomica.com.br\/wp\/#website\",\"url\":\"https:\/\/bahiaeconomica.com.br\/wp\/\",\"name\":\"Bahia Economica\",\"description\":\"O maior portal de Economia da Bahia\",\"publisher\":{\"@id\":\"https:\/\/bahiaeconomica.com.br\/wp\/#organization\"},\"potentialAction\":[{\"@type\":\"SearchAction\",\"target\":{\"@type\":\"EntryPoint\",\"urlTemplate\":\"https:\/\/bahiaeconomica.com.br\/wp\/?s={search_term_string}\"},\"query-input\":\"required name=search_term_string\"}],\"inLanguage\":\"pt-BR\"},{\"@type\":\"Organization\",\"@id\":\"https:\/\/bahiaeconomica.com.br\/wp\/#organization\",\"name\":\"Bahia Econ\u00f4mica\",\"url\":\"https:\/\/bahiaeconomica.com.br\/wp\/\",\"logo\":{\"@type\":\"ImageObject\",\"inLanguage\":\"pt-BR\",\"@id\":\"https:\/\/bahiaeconomica.com.br\/wp\/#\/schema\/logo\/image\/\",\"url\":\"https:\/\/bahiaeconomica.com.br\/wp\/wp-content\/uploads\/2020\/12\/cropped-BE.png\",\"contentUrl\":\"https:\/\/bahiaeconomica.com.br\/wp\/wp-content\/uploads\/2020\/12\/cropped-BE.png\",\"width\":512,\"height\":512,\"caption\":\"Bahia Econ\u00f4mica\"},\"image\":{\"@id\":\"https:\/\/bahiaeconomica.com.br\/wp\/#\/schema\/logo\/image\/\"},\"sameAs\":[\"https:\/\/www.facebook.com\/bahiaeconomica\"]},{\"@type\":\"Person\",\"@id\":\"https:\/\/bahiaeconomica.com.br\/wp\/#\/schema\/person\/c86d3a3f8960425a0f9d0e5245991f4e\",\"name\":\"JP\",\"sameAs\":[\"https:\/\/bahiaeconomica.com.br\/wp\/beta\/\"],\"url\":\"https:\/\/bahiaeconomica.com.br\/wp\/author\/jp\/\"}]}<\/script>\n<!-- \/ Yoast SEO plugin. -->","yoast_head_json":{"title":"CONFIRA OS POSTOS DE VACINA\u00c7\u00c3O CONTRA COVID-19 NESTA QUINTA (16) - Bahia Economica","description":"A Prefeitura de Salvador segue com a vacina\u00e7\u00e3o contra a Covid-19 nesta quinta-feira (16), das 8h \u00e0s 16h, em diversos pontos da cidade.","robots":{"index":"index","follow":"follow","max-snippet":"max-snippet:-1","max-image-preview":"max-image-preview:large","max-video-preview":"max-video-preview:-1"},"canonical":"https:\/\/bahiaeconomica.com.br\/wp\/2023\/03\/16\/confira-os-postos-de-vacinacao-contra-covid-19-nesta-quinta-16\/","og_locale":"pt_BR","og_type":"article","og_title":"CONFIRA OS POSTOS DE VACINA\u00c7\u00c3O CONTRA COVID-19 NESTA QUINTA (16) - Bahia Economica","og_description":"A Prefeitura de Salvador segue com a vacina\u00e7\u00e3o contra a Covid-19 nesta quinta-feira (16), das 8h \u00e0s 16h, em diversos pontos da cidade.","og_url":"https:\/\/bahiaeconomica.com.br\/wp\/2023\/03\/16\/confira-os-postos-de-vacinacao-contra-covid-19-nesta-quinta-16\/","og_site_name":"Bahia Economica","article_publisher":"https:\/\/www.facebook.com\/bahiaeconomica","article_published_time":"2023-03-16T12:00:09+00:00","article_modified_time":"2023-03-16T12:09:38+00:00","og_image":[{"width":360,"height":220,"url":"https:\/\/bahiaeconomica.com.br\/wp\/wp-content\/uploads\/2023\/03\/vacinacao-Covid-19-Salvador360.jpg","type":"image\/jpeg"}],"author":"JP","twitter_card":"summary_large_image","twitter_misc":{"Escrito por":"JP","Est. tempo de leitura":"9 minutos"},"schema":{"@context":"https:\/\/schema.org","@graph":[{"@type":"Article","@id":"https:\/\/bahiaeconomica.com.br\/wp\/2023\/03\/16\/confira-os-postos-de-vacinacao-contra-covid-19-nesta-quinta-16\/#article","isPartOf":{"@id":"https:\/\/bahiaeconomica.com.br\/wp\/2023\/03\/16\/confira-os-postos-de-vacinacao-contra-covid-19-nesta-quinta-16\/"},"author":{"name":"JP","@id":"https:\/\/bahiaeconomica.com.br\/wp\/#\/schema\/person\/c86d3a3f8960425a0f9d0e5245991f4e"},"headline":"CONFIRA OS POSTOS DE VACINA\u00c7\u00c3O CONTRA COVID-19 NESTA QUINTA (16)","datePublished":"2023-03-16T12:00:09+00:00","dateModified":"2023-03-16T12:09:38+00:00","mainEntityOfPage":{"@id":"https:\/\/bahiaeconomica.com.br\/wp\/2023\/03\/16\/confira-os-postos-de-vacinacao-contra-covid-19-nesta-quinta-16\/"},"wordCount":1608,"publisher":{"@id":"https:\/\/bahiaeconomica.com.br\/wp\/#organization"},"keywords":["Brasil","crescimento","Pol\u00edtica"],"articleSection":["ECONOMIA \/ POL\u00cdTICA","Sa\u00fade \/ Educa\u00e7\u00e3o"],"inLanguage":"pt-BR"},{"@type":"WebPage","@id":"https:\/\/bahiaeconomica.com.br\/wp\/2023\/03\/16\/confira-os-postos-de-vacinacao-contra-covid-19-nesta-quinta-16\/","url":"https:\/\/bahiaeconomica.com.br\/wp\/2023\/03\/16\/confira-os-postos-de-vacinacao-contra-covid-19-nesta-quinta-16\/","name":"CONFIRA OS POSTOS DE VACINA\u00c7\u00c3O CONTRA COVID-19 NESTA QUINTA (16) - Bahia Economica","isPartOf":{"@id":"https:\/\/bahiaeconomica.com.br\/wp\/#website"},"datePublished":"2023-03-16T12:00:09+00:00","dateModified":"2023-03-16T12:09:38+00:00","description":"A Prefeitura de Salvador segue com a vacina\u00e7\u00e3o contra a Covid-19 nesta quinta-feira (16), das 8h \u00e0s 16h, em diversos pontos da cidade.","breadcrumb":{"@id":"https:\/\/bahiaeconomica.com.br\/wp\/2023\/03\/16\/confira-os-postos-de-vacinacao-contra-covid-19-nesta-quinta-16\/#breadcrumb"},"inLanguage":"pt-BR","potentialAction":[{"@type":"ReadAction","target":["https:\/\/bahiaeconomica.com.br\/wp\/2023\/03\/16\/confira-os-postos-de-vacinacao-contra-covid-19-nesta-quinta-16\/"]}]},{"@type":"BreadcrumbList","@id":"https:\/\/bahiaeconomica.com.br\/wp\/2023\/03\/16\/confira-os-postos-de-vacinacao-contra-covid-19-nesta-quinta-16\/#breadcrumb","itemListElement":[{"@type":"ListItem","position":1,"name":"In\u00edcio","item":"https:\/\/bahiaeconomica.com.br\/wp\/"},{"@type":"ListItem","position":2,"name":"CONFIRA OS POSTOS DE VACINA\u00c7\u00c3O CONTRA COVID-19 NESTA QUINTA (16)"}]},{"@type":"WebSite","@id":"https:\/\/bahiaeconomica.com.br\/wp\/#website","url":"https:\/\/bahiaeconomica.com.br\/wp\/","name":"Bahia Economica","description":"O maior portal de Economia da Bahia","publisher":{"@id":"https:\/\/bahiaeconomica.com.br\/wp\/#organization"},"potentialAction":[{"@type":"SearchAction","target":{"@type":"EntryPoint","urlTemplate":"https:\/\/bahiaeconomica.com.br\/wp\/?s={search_term_string}"},"query-input":"required name=search_term_string"}],"inLanguage":"pt-BR"},{"@type":"Organization","@id":"https:\/\/bahiaeconomica.com.br\/wp\/#organization","name":"Bahia Econ\u00f4mica","url":"https:\/\/bahiaeconomica.com.br\/wp\/","logo":{"@type":"ImageObject","inLanguage":"pt-BR","@id":"https:\/\/bahiaeconomica.com.br\/wp\/#\/schema\/logo\/image\/","url":"https:\/\/bahiaeconomica.com.br\/wp\/wp-content\/uploads\/2020\/12\/cropped-BE.png","contentUrl":"https:\/\/bahiaeconomica.com.br\/wp\/wp-content\/uploads\/2020\/12\/cropped-BE.png","width":512,"height":512,"caption":"Bahia Econ\u00f4mica"},"image":{"@id":"https:\/\/bahiaeconomica.com.br\/wp\/#\/schema\/logo\/image\/"},"sameAs":["https:\/\/www.facebook.com\/bahiaeconomica"]},{"@type":"Person","@id":"https:\/\/bahiaeconomica.com.br\/wp\/#\/schema\/person\/c86d3a3f8960425a0f9d0e5245991f4e","name":"JP","sameAs":["https:\/\/bahiaeconomica.com.br\/wp\/beta\/"],"url":"https:\/\/bahiaeconomica.com.br\/wp\/author\/jp\/"}]}},"views":3,"_links":{"self":[{"href":"https:\/\/bahiaeconomica.com.br\/wp\/wp-json\/wp\/v2\/posts\/723506"}],"collection":[{"href":"https:\/\/bahiaeconomica.com.br\/wp\/wp-json\/wp\/v2\/posts"}],"about":[{"href":"https:\/\/bahiaeconomica.com.br\/wp\/wp-json\/wp\/v2\/types\/post"}],"author":[{"embeddable":true,"href":"https:\/\/bahiaeconomica.com.br\/wp\/wp-json\/wp\/v2\/users\/8"}],"replies":[{"embeddable":true,"href":"https:\/\/bahiaeconomica.com.br\/wp\/wp-json\/wp\/v2\/comments?post=723506"}],"version-history":[{"count":1,"href":"https:\/\/bahiaeconomica.com.br\/wp\/wp-json\/wp\/v2\/posts\/723506\/revisions"}],"predecessor-version":[{"id":723509,"href":"https:\/\/bahiaeconomica.com.br\/wp\/wp-json\/wp\/v2\/posts\/723506\/revisions\/723509"}],"wp:featuredmedia":[{"embeddable":true,"href":"https:\/\/bahiaeconomica.com.br\/wp\/wp-json\/wp\/v2\/media\/723508"}],"wp:attachment":[{"href":"https:\/\/bahiaeconomica.com.br\/wp\/wp-json\/wp\/v2\/media?parent=723506"}],"wp:term":[{"taxonomy":"category","embeddable":true,"href":"https:\/\/bahiaeconomica.com.br\/wp\/wp-json\/wp\/v2\/categories?post=723506"},{"taxonomy":"post_tag","embeddable":true,"href":"https:\/\/bahiaeconomica.com.br\/wp\/wp-json\/wp\/v2\/tags?post=723506"}],"curies":[{"name":"wp","href":"https:\/\/api.w.org\/{rel}","templated":true}]}}