{"id":723386,"date":"2023-03-15T16:59:14","date_gmt":"2023-03-15T19:59:14","guid":{"rendered":"https:\/\/bahiaeconomica.com.br\/wp\/beta\/?p=723386"},"modified":"2023-03-15T16:59:14","modified_gmt":"2023-03-15T19:59:14","slug":"bruno-reis-quer-audiencia-com-jeronimo-e-fala-sobre-encontro-com-rui","status":"publish","type":"post","link":"https:\/\/bahiaeconomica.com.br\/wp\/2023\/03\/15\/bruno-reis-quer-audiencia-com-jeronimo-e-fala-sobre-encontro-com-rui\/","title":{"rendered":"BRUNO REIS QUER AUDI\u00caNCIA COM JER\u00d4NIMO E FALA SOBRE ENCONTRO COM RUI"},"content":{"rendered":"<p>Bruno confessou que j\u00e1 solicitou uma audi\u00eancia com o gestor estadual e aguarda o agendamento da conversa<\/p>\n<p><!--more--><\/p>\n<p>O prefeito de Salvador, Bruno Reis (UB) revelou a possibilidade de uma audi\u00eancia com o governador da Bahia, Jer\u00f4nimo Rodrigues (PT).<\/p>\n<p>Nesta quarta, Bruno confessou que j\u00e1 solicitou uma audi\u00eancia com o gestor estadual e aguarda o agendamento da conversa.<\/p>\n<p>\u201cSolicitei uma audi\u00eancia com o governador, logo antes do Carnaval, estou aguardando ele marcar para que a gente possa discutir e debater essas ideias\u201d, pontuou.<\/p>\n<p>O prefeito da capital baiana tamb\u00e9m falou sobre o encontro que teve com o atual ministro-chefe da Casa Civil e ex-governador da Bahia, Rui Costa (PT), nessa ter\u00e7a (14). Segundo Bruno, a pauta do encontro foi o transporte p\u00fablico.<\/p>\n<p>\u201cEu tive a oportunidade de, na minha ida para Bras\u00edlia, viajar ao lado do ministro da Casa Civil, Rui Costa. Conversamos. Passei para ele uma s\u00e9rie de coisas que penso em rela\u00e7\u00e3o aos transportes p\u00fablicos, at\u00e9 que possa ser uma pol\u00edtica federal\u201d.<\/p>\n<p>E completa:<\/p>\n<p>\u201cO que n\u00f3s, prefeitos, queremos \u00e9 que tenha um marco regulat\u00f3rio para o transporte p\u00fablico. [\u2026] Precisamos ter um programa espec\u00edfico para os transportes p\u00fablicos, onde as tr\u00eas esferas de Poder, tivessem as suas responsabilidades e atribui\u00e7\u00f5es e fizessem o aporte dos recursos necess\u00e1rios\u201d, afirmou.<\/p>\n<p>&nbsp;<\/p>\n<p>&nbsp;<\/p>\n<p>Foto: Valter Pontes\/SECOM<\/p>\n","protected":false},"excerpt":{"rendered":"<p>Bruno confessou que j\u00e1 solicitou uma audi\u00eancia com o gestor estadual e aguarda o agendamento da conversa<\/p>\n","protected":false},"author":6,"featured_media":723389,"comment_status":"closed","ping_status":"closed","sticky":false,"template":"","format":"standard","meta":[],"categories":[3],"tags":[85,166,1544,100,107,73,3372],"acf":[],"yoast_head":"<!-- This site is optimized with the Yoast SEO plugin v20.8 - https:\/\/yoast.com\/wordpress\/plugins\/seo\/ -->\n<title>BRUNO REIS QUER AUDI\u00caNCIA COM JER\u00d4NIMO E FALA SOBRE ENCONTRO COM RUI - Bahia Economica<\/title>\n<meta name=\"description\" content=\"Bruno confessou que j\u00e1 solicitou uma audi\u00eancia com o gestor estadual e aguarda o agendamento da conversa\" \/>\n<meta name=\"robots\" content=\"index, follow, max-snippet:-1, max-image-preview:large, max-video-preview:-1\" \/>\n<link rel=\"canonical\" href=\"https:\/\/bahiaeconomica.com.br\/wp\/2023\/03\/15\/bruno-reis-quer-audiencia-com-jeronimo-e-fala-sobre-encontro-com-rui\/\" \/>\n<meta property=\"og:locale\" content=\"pt_BR\" \/>\n<meta property=\"og:type\" content=\"article\" \/>\n<meta property=\"og:title\" content=\"BRUNO REIS QUER AUDI\u00caNCIA COM JER\u00d4NIMO E FALA SOBRE ENCONTRO COM RUI - Bahia Economica\" \/>\n<meta property=\"og:description\" content=\"Bruno confessou que j\u00e1 solicitou uma audi\u00eancia com o gestor estadual e aguarda o agendamento da conversa\" \/>\n<meta property=\"og:url\" content=\"https:\/\/bahiaeconomica.com.br\/wp\/2023\/03\/15\/bruno-reis-quer-audiencia-com-jeronimo-e-fala-sobre-encontro-com-rui\/\" \/>\n<meta property=\"og:site_name\" content=\"Bahia Economica\" \/>\n<meta property=\"article:publisher\" content=\"https:\/\/www.facebook.com\/bahiaeconomica\" \/>\n<meta property=\"article:published_time\" content=\"2023-03-15T19:59:14+00:00\" \/>\n<meta property=\"og:image\" content=\"https:\/\/bahiaeconomica.com.br\/wp\/wp-content\/uploads\/2023\/03\/15_03_2023_Prefeito_Bruno_Reis_Lancamento_programacao_aniversario_Salvador_Foto_Valter_Pontes_Secom_PMS-2-1024x683-1.jpg\" \/>\n\t<meta property=\"og:image:width\" content=\"360\" \/>\n\t<meta property=\"og:image:height\" content=\"220\" \/>\n\t<meta property=\"og:image:type\" content=\"image\/jpeg\" \/>\n<meta name=\"author\" content=\"DS\" \/>\n<meta name=\"twitter:card\" content=\"summary_large_image\" \/>\n<meta name=\"twitter:label1\" content=\"Escrito por\" \/>\n\t<meta name=\"twitter:data1\" content=\"DS\" \/>\n\t<meta name=\"twitter:label2\" content=\"Est. tempo de leitura\" \/>\n\t<meta name=\"twitter:data2\" content=\"2 minutos\" \/>\n<script type=\"application\/ld+json\" class=\"yoast-schema-graph\">{\"@context\":\"https:\/\/schema.org\",\"@graph\":[{\"@type\":\"Article\",\"@id\":\"https:\/\/bahiaeconomica.com.br\/wp\/2023\/03\/15\/bruno-reis-quer-audiencia-com-jeronimo-e-fala-sobre-encontro-com-rui\/#article\",\"isPartOf\":{\"@id\":\"https:\/\/bahiaeconomica.com.br\/wp\/2023\/03\/15\/bruno-reis-quer-audiencia-com-jeronimo-e-fala-sobre-encontro-com-rui\/\"},\"author\":{\"name\":\"DS\",\"@id\":\"https:\/\/bahiaeconomica.com.br\/wp\/#\/schema\/person\/756f314c5bfa87c7b43a2850854305a1\"},\"headline\":\"BRUNO REIS QUER AUDI\u00caNCIA COM JER\u00d4NIMO E FALA SOBRE ENCONTRO COM RUI\",\"datePublished\":\"2023-03-15T19:59:14+00:00\",\"dateModified\":\"2023-03-15T19:59:14+00:00\",\"mainEntityOfPage\":{\"@id\":\"https:\/\/bahiaeconomica.com.br\/wp\/2023\/03\/15\/bruno-reis-quer-audiencia-com-jeronimo-e-fala-sobre-encontro-com-rui\/\"},\"wordCount\":248,\"publisher\":{\"@id\":\"https:\/\/bahiaeconomica.com.br\/wp\/#organization\"},\"keywords\":[\"Bahia\",\"Bruno Reis\",\"jeronimo\",\"Pol\u00edtica\",\"Rui Costa\",\"Salvador\",\"transporte p\u00fablico\"],\"articleSection\":[\"ECONOMIA \/ POL\u00cdTICA\"],\"inLanguage\":\"pt-BR\"},{\"@type\":\"WebPage\",\"@id\":\"https:\/\/bahiaeconomica.com.br\/wp\/2023\/03\/15\/bruno-reis-quer-audiencia-com-jeronimo-e-fala-sobre-encontro-com-rui\/\",\"url\":\"https:\/\/bahiaeconomica.com.br\/wp\/2023\/03\/15\/bruno-reis-quer-audiencia-com-jeronimo-e-fala-sobre-encontro-com-rui\/\",\"name\":\"BRUNO REIS QUER AUDI\u00caNCIA COM JER\u00d4NIMO E FALA SOBRE ENCONTRO COM RUI - Bahia Economica\",\"isPartOf\":{\"@id\":\"https:\/\/bahiaeconomica.com.br\/wp\/#website\"},\"datePublished\":\"2023-03-15T19:59:14+00:00\",\"dateModified\":\"2023-03-15T19:59:14+00:00\",\"description\":\"Bruno confessou que j\u00e1 solicitou uma audi\u00eancia com o gestor estadual e aguarda o agendamento da conversa\",\"breadcrumb\":{\"@id\":\"https:\/\/bahiaeconomica.com.br\/wp\/2023\/03\/15\/bruno-reis-quer-audiencia-com-jeronimo-e-fala-sobre-encontro-com-rui\/#breadcrumb\"},\"inLanguage\":\"pt-BR\",\"potentialAction\":[{\"@type\":\"ReadAction\",\"target\":[\"https:\/\/bahiaeconomica.com.br\/wp\/2023\/03\/15\/bruno-reis-quer-audiencia-com-jeronimo-e-fala-sobre-encontro-com-rui\/\"]}]},{\"@type\":\"BreadcrumbList\",\"@id\":\"https:\/\/bahiaeconomica.com.br\/wp\/2023\/03\/15\/bruno-reis-quer-audiencia-com-jeronimo-e-fala-sobre-encontro-com-rui\/#breadcrumb\",\"itemListElement\":[{\"@type\":\"ListItem\",\"position\":1,\"name\":\"In\u00edcio\",\"item\":\"https:\/\/bahiaeconomica.com.br\/wp\/\"},{\"@type\":\"ListItem\",\"position\":2,\"name\":\"BRUNO REIS QUER AUDI\u00caNCIA COM JER\u00d4NIMO E FALA SOBRE ENCONTRO COM RUI\"}]},{\"@type\":\"WebSite\",\"@id\":\"https:\/\/bahiaeconomica.com.br\/wp\/#website\",\"url\":\"https:\/\/bahiaeconomica.com.br\/wp\/\",\"name\":\"Bahia Economica\",\"description\":\"O maior portal de Economia da Bahia\",\"publisher\":{\"@id\":\"https:\/\/bahiaeconomica.com.br\/wp\/#organization\"},\"potentialAction\":[{\"@type\":\"SearchAction\",\"target\":{\"@type\":\"EntryPoint\",\"urlTemplate\":\"https:\/\/bahiaeconomica.com.br\/wp\/?s={search_term_string}\"},\"query-input\":\"required name=search_term_string\"}],\"inLanguage\":\"pt-BR\"},{\"@type\":\"Organization\",\"@id\":\"https:\/\/bahiaeconomica.com.br\/wp\/#organization\",\"name\":\"Bahia Econ\u00f4mica\",\"url\":\"https:\/\/bahiaeconomica.com.br\/wp\/\",\"logo\":{\"@type\":\"ImageObject\",\"inLanguage\":\"pt-BR\",\"@id\":\"https:\/\/bahiaeconomica.com.br\/wp\/#\/schema\/logo\/image\/\",\"url\":\"https:\/\/bahiaeconomica.com.br\/wp\/wp-content\/uploads\/2020\/12\/cropped-BE.png\",\"contentUrl\":\"https:\/\/bahiaeconomica.com.br\/wp\/wp-content\/uploads\/2020\/12\/cropped-BE.png\",\"width\":512,\"height\":512,\"caption\":\"Bahia Econ\u00f4mica\"},\"image\":{\"@id\":\"https:\/\/bahiaeconomica.com.br\/wp\/#\/schema\/logo\/image\/\"},\"sameAs\":[\"https:\/\/www.facebook.com\/bahiaeconomica\"]},{\"@type\":\"Person\",\"@id\":\"https:\/\/bahiaeconomica.com.br\/wp\/#\/schema\/person\/756f314c5bfa87c7b43a2850854305a1\",\"name\":\"DS\",\"sameAs\":[\"https:\/\/bahiaeconomica.com.br\/wp\/beta\/\"],\"url\":\"https:\/\/bahiaeconomica.com.br\/wp\/author\/ds\/\"}]}<\/script>\n<!-- \/ Yoast SEO plugin. -->","yoast_head_json":{"title":"BRUNO REIS QUER AUDI\u00caNCIA COM JER\u00d4NIMO E FALA SOBRE ENCONTRO COM RUI - Bahia Economica","description":"Bruno confessou que j\u00e1 solicitou uma audi\u00eancia com o gestor estadual e aguarda o agendamento da conversa","robots":{"index":"index","follow":"follow","max-snippet":"max-snippet:-1","max-image-preview":"max-image-preview:large","max-video-preview":"max-video-preview:-1"},"canonical":"https:\/\/bahiaeconomica.com.br\/wp\/2023\/03\/15\/bruno-reis-quer-audiencia-com-jeronimo-e-fala-sobre-encontro-com-rui\/","og_locale":"pt_BR","og_type":"article","og_title":"BRUNO REIS QUER AUDI\u00caNCIA COM JER\u00d4NIMO E FALA SOBRE ENCONTRO COM RUI - Bahia Economica","og_description":"Bruno confessou que j\u00e1 solicitou uma audi\u00eancia com o gestor estadual e aguarda o agendamento da conversa","og_url":"https:\/\/bahiaeconomica.com.br\/wp\/2023\/03\/15\/bruno-reis-quer-audiencia-com-jeronimo-e-fala-sobre-encontro-com-rui\/","og_site_name":"Bahia Economica","article_publisher":"https:\/\/www.facebook.com\/bahiaeconomica","article_published_time":"2023-03-15T19:59:14+00:00","og_image":[{"width":360,"height":220,"url":"https:\/\/bahiaeconomica.com.br\/wp\/wp-content\/uploads\/2023\/03\/15_03_2023_Prefeito_Bruno_Reis_Lancamento_programacao_aniversario_Salvador_Foto_Valter_Pontes_Secom_PMS-2-1024x683-1.jpg","type":"image\/jpeg"}],"author":"DS","twitter_card":"summary_large_image","twitter_misc":{"Escrito por":"DS","Est. tempo de leitura":"2 minutos"},"schema":{"@context":"https:\/\/schema.org","@graph":[{"@type":"Article","@id":"https:\/\/bahiaeconomica.com.br\/wp\/2023\/03\/15\/bruno-reis-quer-audiencia-com-jeronimo-e-fala-sobre-encontro-com-rui\/#article","isPartOf":{"@id":"https:\/\/bahiaeconomica.com.br\/wp\/2023\/03\/15\/bruno-reis-quer-audiencia-com-jeronimo-e-fala-sobre-encontro-com-rui\/"},"author":{"name":"DS","@id":"https:\/\/bahiaeconomica.com.br\/wp\/#\/schema\/person\/756f314c5bfa87c7b43a2850854305a1"},"headline":"BRUNO REIS QUER AUDI\u00caNCIA COM JER\u00d4NIMO E FALA SOBRE ENCONTRO COM RUI","datePublished":"2023-03-15T19:59:14+00:00","dateModified":"2023-03-15T19:59:14+00:00","mainEntityOfPage":{"@id":"https:\/\/bahiaeconomica.com.br\/wp\/2023\/03\/15\/bruno-reis-quer-audiencia-com-jeronimo-e-fala-sobre-encontro-com-rui\/"},"wordCount":248,"publisher":{"@id":"https:\/\/bahiaeconomica.com.br\/wp\/#organization"},"keywords":["Bahia","Bruno Reis","jeronimo","Pol\u00edtica","Rui Costa","Salvador","transporte p\u00fablico"],"articleSection":["ECONOMIA \/ POL\u00cdTICA"],"inLanguage":"pt-BR"},{"@type":"WebPage","@id":"https:\/\/bahiaeconomica.com.br\/wp\/2023\/03\/15\/bruno-reis-quer-audiencia-com-jeronimo-e-fala-sobre-encontro-com-rui\/","url":"https:\/\/bahiaeconomica.com.br\/wp\/2023\/03\/15\/bruno-reis-quer-audiencia-com-jeronimo-e-fala-sobre-encontro-com-rui\/","name":"BRUNO REIS QUER AUDI\u00caNCIA COM JER\u00d4NIMO E FALA SOBRE ENCONTRO COM RUI - Bahia Economica","isPartOf":{"@id":"https:\/\/bahiaeconomica.com.br\/wp\/#website"},"datePublished":"2023-03-15T19:59:14+00:00","dateModified":"2023-03-15T19:59:14+00:00","description":"Bruno confessou que j\u00e1 solicitou uma audi\u00eancia com o gestor estadual e aguarda o agendamento da conversa","breadcrumb":{"@id":"https:\/\/bahiaeconomica.com.br\/wp\/2023\/03\/15\/bruno-reis-quer-audiencia-com-jeronimo-e-fala-sobre-encontro-com-rui\/#breadcrumb"},"inLanguage":"pt-BR","potentialAction":[{"@type":"ReadAction","target":["https:\/\/bahiaeconomica.com.br\/wp\/2023\/03\/15\/bruno-reis-quer-audiencia-com-jeronimo-e-fala-sobre-encontro-com-rui\/"]}]},{"@type":"BreadcrumbList","@id":"https:\/\/bahiaeconomica.com.br\/wp\/2023\/03\/15\/bruno-reis-quer-audiencia-com-jeronimo-e-fala-sobre-encontro-com-rui\/#breadcrumb","itemListElement":[{"@type":"ListItem","position":1,"name":"In\u00edcio","item":"https:\/\/bahiaeconomica.com.br\/wp\/"},{"@type":"ListItem","position":2,"name":"BRUNO REIS QUER AUDI\u00caNCIA COM JER\u00d4NIMO E FALA SOBRE ENCONTRO COM RUI"}]},{"@type":"WebSite","@id":"https:\/\/bahiaeconomica.com.br\/wp\/#website","url":"https:\/\/bahiaeconomica.com.br\/wp\/","name":"Bahia Economica","description":"O maior portal de Economia da Bahia","publisher":{"@id":"https:\/\/bahiaeconomica.com.br\/wp\/#organization"},"potentialAction":[{"@type":"SearchAction","target":{"@type":"EntryPoint","urlTemplate":"https:\/\/bahiaeconomica.com.br\/wp\/?s={search_term_string}"},"query-input":"required name=search_term_string"}],"inLanguage":"pt-BR"},{"@type":"Organization","@id":"https:\/\/bahiaeconomica.com.br\/wp\/#organization","name":"Bahia Econ\u00f4mica","url":"https:\/\/bahiaeconomica.com.br\/wp\/","logo":{"@type":"ImageObject","inLanguage":"pt-BR","@id":"https:\/\/bahiaeconomica.com.br\/wp\/#\/schema\/logo\/image\/","url":"https:\/\/bahiaeconomica.com.br\/wp\/wp-content\/uploads\/2020\/12\/cropped-BE.png","contentUrl":"https:\/\/bahiaeconomica.com.br\/wp\/wp-content\/uploads\/2020\/12\/cropped-BE.png","width":512,"height":512,"caption":"Bahia Econ\u00f4mica"},"image":{"@id":"https:\/\/bahiaeconomica.com.br\/wp\/#\/schema\/logo\/image\/"},"sameAs":["https:\/\/www.facebook.com\/bahiaeconomica"]},{"@type":"Person","@id":"https:\/\/bahiaeconomica.com.br\/wp\/#\/schema\/person\/756f314c5bfa87c7b43a2850854305a1","name":"DS","sameAs":["https:\/\/bahiaeconomica.com.br\/wp\/beta\/"],"url":"https:\/\/bahiaeconomica.com.br\/wp\/author\/ds\/"}]}},"views":2,"_links":{"self":[{"href":"https:\/\/bahiaeconomica.com.br\/wp\/wp-json\/wp\/v2\/posts\/723386"}],"collection":[{"href":"https:\/\/bahiaeconomica.com.br\/wp\/wp-json\/wp\/v2\/posts"}],"about":[{"href":"https:\/\/bahiaeconomica.com.br\/wp\/wp-json\/wp\/v2\/types\/post"}],"author":[{"embeddable":true,"href":"https:\/\/bahiaeconomica.com.br\/wp\/wp-json\/wp\/v2\/users\/6"}],"replies":[{"embeddable":true,"href":"https:\/\/bahiaeconomica.com.br\/wp\/wp-json\/wp\/v2\/comments?post=723386"}],"version-history":[{"count":1,"href":"https:\/\/bahiaeconomica.com.br\/wp\/wp-json\/wp\/v2\/posts\/723386\/revisions"}],"predecessor-version":[{"id":723390,"href":"https:\/\/bahiaeconomica.com.br\/wp\/wp-json\/wp\/v2\/posts\/723386\/revisions\/723390"}],"wp:featuredmedia":[{"embeddable":true,"href":"https:\/\/bahiaeconomica.com.br\/wp\/wp-json\/wp\/v2\/media\/723389"}],"wp:attachment":[{"href":"https:\/\/bahiaeconomica.com.br\/wp\/wp-json\/wp\/v2\/media?parent=723386"}],"wp:term":[{"taxonomy":"category","embeddable":true,"href":"https:\/\/bahiaeconomica.com.br\/wp\/wp-json\/wp\/v2\/categories?post=723386"},{"taxonomy":"post_tag","embeddable":true,"href":"https:\/\/bahiaeconomica.com.br\/wp\/wp-json\/wp\/v2\/tags?post=723386"}],"curies":[{"name":"wp","href":"https:\/\/api.w.org\/{rel}","templated":true}]}}