{"id":721907,"date":"2023-03-09T07:38:59","date_gmt":"2023-03-09T10:38:59","guid":{"rendered":"https:\/\/bahiaeconomica.com.br\/wp\/beta\/?p=721907"},"modified":"2023-03-09T07:39:02","modified_gmt":"2023-03-09T10:39:02","slug":"deputados-vao-pedir-cassacao-de-nikolas-ferreira-entenda","status":"publish","type":"post","link":"https:\/\/bahiaeconomica.com.br\/wp\/2023\/03\/09\/deputados-vao-pedir-cassacao-de-nikolas-ferreira-entenda\/","title":{"rendered":"DEPUTADOS V\u00c3O PEDIR CASSA\u00c7\u00c3O DE NIKOLAS FERREIRA. ENTENDA"},"content":{"rendered":"\n<p>As falas de ataque as mulheres proferidas pelo deputado mineiro Nikolas Ferreira (PL- MG) no dia internacional da mulher fez v\u00e1rios deputados federais anunciaram que pretendem entrar com pedido de cassa\u00e7\u00e3o do mandato do deputado no Conselho de \u00c9tica. <\/p>\n\n\n\n<!--more-->\n\n\n\n<p>Na tribuna, o deputado vestiu uma peruca amarela e disse que \u201cse sentia uma mulher\u201d no Dia Internacional da Mulher e que \u201cas mulheres est\u00e3o perdendo seu espa\u00e7o para homens que se sentem mulheres\u201d.<\/p>\n\n\n\n<p>A deputada Tabata Amaral (PSB-SP) disse que ela, ao lado da bancada do partido, ir\u00e1 apresentar pedido de cassa\u00e7\u00e3o do mandato de Nikolas Ferreira pelo crime de transfobia. \u201cEstamos falando de um homem, no Dia Internacional das Mulheres, tirou nosso tempo de fala para trazer uma fala preconceituosa, criminosa, absurda e nojenta. A transfobia ultrapassada a liberdade de discurso, que \u00e9 garantida pela imunidade parlamentar. Transfobia \u00e9 crime no Brasil\u201d, disse a deputada, ao chamar o deputado de \u201cmoleque\u201d.<\/p>\n\n\n\n<p>A bancada do PSOL informou que ir\u00e1 ingressar com uma not\u00edcia-crime no Supremo Tribunal Federal (STF) para que o deputado seja responsabilizado pelo crime de transfobia. \u201cNenhuma transfobia ter\u00e1 palco. E nenhuma transfobia passar\u00e1 sem respostas pol\u00edticas e jur\u00eddicas \u00e0 altura. Transfobia \u00e9 crime\u201d, disse a deputada Erika Hilton (PSOL-SP). Erika Hilton e Duda Salabert (PDT-MG) s\u00e3o as primeiras deputadas federais transexuais do pa\u00eds.<\/p>\n\n\n\n<p>Nas redes sociais, o presidente da C\u00e2mara dos Deputados, Arthur Lira (PP-AL), criticou a atitude do deputado Nikolas Ferreira. \u201cO Plen\u00e1rio da C\u00e2mara dos Deputados n\u00e3o \u00e9 palco para exibicionismo e muito menos discursos preconceituosos. N\u00e3o admitirei o desrespeito contra ningu\u00e9m. O deputado Nikolas Ferreira merece minha reprimenda p\u00fablica por sua atitude no dia de hoje. A todas e todos que se sentiram ofendidas e ofendidos, minha solidariedade\u201d, disse Lira.<\/p>\n\n\n\n<p>Vestindo uma peruca amarela, Nikolas Ferreira discursou na tribuna e afirmou que as mulheres t\u00eam perdido espa\u00e7o, citando esporte e concursos de beleza, para \u201chomens que se sentem mulheres\u201d. &nbsp;\u201cHoje, Dia Internacional das Mulheres, a esquerda disse que eu n\u00e3o poderia falar, porque n\u00e3o estava no meu local de fala. Eu solucionei o problema aqui [neste momento, o deputado coloca a peruca]. Hoje, eu me sinto mulher, deputada Nikole\u201d, disse.&nbsp; \u201cAs mulheres est\u00e3o perdendo seu espa\u00e7o para homens que se sentem mulheres. Para voc\u00eas terem ideia do perigo de tudo isso, eles est\u00e3o querendo colocar uma imposi\u00e7\u00e3o de uma realidade que n\u00e3o \u00e9 realidade\u201d, afirmou.<\/p>\n\n\n\n<p>Depois, o deputado Nikolas Ferreira retirou a peruca e disse que \u201cas mulheres n\u00e3o devem nada ao feminismo. Pelo contr\u00e1rio, o feminismo que exalta mulheres que nada fizeram pelas mulheres. [&#8230;] Mulheres retomem sua feminilidade, tenham filhos, amem a maternidade, formem a sua fam\u00edlia, porque dessa forma voc\u00eas colocar\u00e3o luz no mundo e ser\u00e3o, com certeza, mulheres valorosas\u201d.<\/p>\n\n\n\n<p>Transfobia<\/p>\n\n\n\n<p>Desde 2019, a transfobia \u00e9 considerada crime no pa\u00eds. O Brasil \u00e9 o pa\u00eds que mais mata pessoas transexuais e travestis no mundo, pelo 14\u00ba ano consecutivo. A expectativa de vida de transexuais no pa\u00eds \u00e9 de 35 anos, menos da metade da m\u00e9dia geral (77 anos).<\/p>\n\n\n\n<p>(Reprodu\u00e7\u00e3o)<\/p>\n\n\n\n<p>Fonte: Correio\/ Youtube<\/p>\n","protected":false},"excerpt":{"rendered":"<p>As falas de ataque as mulheres proferidas pelo deputado mineiro Nikolas Ferreira (PL- MG) no dia internacional da mulher fez v\u00e1rios deputados federais anunciaram que pretendem entrar com pedido de cassa\u00e7\u00e3o do mandato do deputado no Conselho de \u00c9tica.<\/p>\n","protected":false},"author":8,"featured_media":721909,"comment_status":"closed","ping_status":"closed","sticky":false,"template":"","format":"standard","meta":[],"categories":[14,3],"tags":[835,52,11624,11625,8476],"acf":[],"yoast_head":"<!-- This site is optimized with the Yoast SEO plugin v20.8 - https:\/\/yoast.com\/wordpress\/plugins\/seo\/ -->\n<title>DEPUTADOS V\u00c3O PEDIR CASSA\u00c7\u00c3O DE NIKOLAS FERREIRA. ENTENDA - Bahia Economica<\/title>\n<meta name=\"description\" content=\"As falas de ataque as mulheres proferidas pelo deputado mineiro Nikolas Ferreira (PL- MG) no dia internacional da mulher fez v\u00e1rios deputados\" \/>\n<meta name=\"robots\" content=\"index, follow, max-snippet:-1, max-image-preview:large, max-video-preview:-1\" \/>\n<link rel=\"canonical\" href=\"https:\/\/bahiaeconomica.com.br\/wp\/2023\/03\/09\/deputados-vao-pedir-cassacao-de-nikolas-ferreira-entenda\/\" \/>\n<meta property=\"og:locale\" content=\"pt_BR\" \/>\n<meta property=\"og:type\" content=\"article\" \/>\n<meta property=\"og:title\" content=\"DEPUTADOS V\u00c3O PEDIR CASSA\u00c7\u00c3O DE NIKOLAS FERREIRA. ENTENDA - Bahia Economica\" \/>\n<meta property=\"og:description\" content=\"As falas de ataque as mulheres proferidas pelo deputado mineiro Nikolas Ferreira (PL- MG) no dia internacional da mulher fez v\u00e1rios deputados\" \/>\n<meta property=\"og:url\" content=\"https:\/\/bahiaeconomica.com.br\/wp\/2023\/03\/09\/deputados-vao-pedir-cassacao-de-nikolas-ferreira-entenda\/\" \/>\n<meta property=\"og:site_name\" content=\"Bahia Economica\" \/>\n<meta property=\"article:publisher\" content=\"https:\/\/www.facebook.com\/bahiaeconomica\" \/>\n<meta property=\"article:published_time\" content=\"2023-03-09T10:38:59+00:00\" \/>\n<meta property=\"article:modified_time\" content=\"2023-03-09T10:39:02+00:00\" \/>\n<meta property=\"og:image\" content=\"https:\/\/bahiaeconomica.com.br\/wp\/wp-content\/uploads\/2023\/03\/csm_nivk_19221a52bf.jpg\" \/>\n\t<meta property=\"og:image:width\" content=\"940\" \/>\n\t<meta property=\"og:image:height\" content=\"627\" \/>\n\t<meta property=\"og:image:type\" content=\"image\/jpeg\" \/>\n<meta name=\"author\" content=\"JP\" \/>\n<meta name=\"twitter:card\" content=\"summary_large_image\" \/>\n<meta name=\"twitter:label1\" content=\"Escrito por\" \/>\n\t<meta name=\"twitter:data1\" content=\"JP\" \/>\n\t<meta name=\"twitter:label2\" content=\"Est. tempo de leitura\" \/>\n\t<meta name=\"twitter:data2\" content=\"3 minutos\" \/>\n<script type=\"application\/ld+json\" class=\"yoast-schema-graph\">{\"@context\":\"https:\/\/schema.org\",\"@graph\":[{\"@type\":\"Article\",\"@id\":\"https:\/\/bahiaeconomica.com.br\/wp\/2023\/03\/09\/deputados-vao-pedir-cassacao-de-nikolas-ferreira-entenda\/#article\",\"isPartOf\":{\"@id\":\"https:\/\/bahiaeconomica.com.br\/wp\/2023\/03\/09\/deputados-vao-pedir-cassacao-de-nikolas-ferreira-entenda\/\"},\"author\":{\"name\":\"JP\",\"@id\":\"https:\/\/bahiaeconomica.com.br\/wp\/#\/schema\/person\/c86d3a3f8960425a0f9d0e5245991f4e\"},\"headline\":\"DEPUTADOS V\u00c3O PEDIR CASSA\u00c7\u00c3O DE NIKOLAS FERREIRA. ENTENDA\",\"datePublished\":\"2023-03-09T10:38:59+00:00\",\"dateModified\":\"2023-03-09T10:39:02+00:00\",\"mainEntityOfPage\":{\"@id\":\"https:\/\/bahiaeconomica.com.br\/wp\/2023\/03\/09\/deputados-vao-pedir-cassacao-de-nikolas-ferreira-entenda\/\"},\"wordCount\":537,\"publisher\":{\"@id\":\"https:\/\/bahiaeconomica.com.br\/wp\/#organization\"},\"keywords\":[\"alta\",\"Brasil\",\"cassacao\",\"falas\",\"politica\"],\"articleSection\":[\"DESTAQUE DO DIA\",\"ECONOMIA \/ POL\u00cdTICA\"],\"inLanguage\":\"pt-BR\"},{\"@type\":\"WebPage\",\"@id\":\"https:\/\/bahiaeconomica.com.br\/wp\/2023\/03\/09\/deputados-vao-pedir-cassacao-de-nikolas-ferreira-entenda\/\",\"url\":\"https:\/\/bahiaeconomica.com.br\/wp\/2023\/03\/09\/deputados-vao-pedir-cassacao-de-nikolas-ferreira-entenda\/\",\"name\":\"DEPUTADOS V\u00c3O PEDIR CASSA\u00c7\u00c3O DE NIKOLAS FERREIRA. ENTENDA - Bahia Economica\",\"isPartOf\":{\"@id\":\"https:\/\/bahiaeconomica.com.br\/wp\/#website\"},\"datePublished\":\"2023-03-09T10:38:59+00:00\",\"dateModified\":\"2023-03-09T10:39:02+00:00\",\"description\":\"As falas de ataque as mulheres proferidas pelo deputado mineiro Nikolas Ferreira (PL- MG) no dia internacional da mulher fez v\u00e1rios deputados\",\"breadcrumb\":{\"@id\":\"https:\/\/bahiaeconomica.com.br\/wp\/2023\/03\/09\/deputados-vao-pedir-cassacao-de-nikolas-ferreira-entenda\/#breadcrumb\"},\"inLanguage\":\"pt-BR\",\"potentialAction\":[{\"@type\":\"ReadAction\",\"target\":[\"https:\/\/bahiaeconomica.com.br\/wp\/2023\/03\/09\/deputados-vao-pedir-cassacao-de-nikolas-ferreira-entenda\/\"]}]},{\"@type\":\"BreadcrumbList\",\"@id\":\"https:\/\/bahiaeconomica.com.br\/wp\/2023\/03\/09\/deputados-vao-pedir-cassacao-de-nikolas-ferreira-entenda\/#breadcrumb\",\"itemListElement\":[{\"@type\":\"ListItem\",\"position\":1,\"name\":\"In\u00edcio\",\"item\":\"https:\/\/bahiaeconomica.com.br\/wp\/\"},{\"@type\":\"ListItem\",\"position\":2,\"name\":\"DEPUTADOS V\u00c3O PEDIR CASSA\u00c7\u00c3O DE NIKOLAS FERREIRA. ENTENDA\"}]},{\"@type\":\"WebSite\",\"@id\":\"https:\/\/bahiaeconomica.com.br\/wp\/#website\",\"url\":\"https:\/\/bahiaeconomica.com.br\/wp\/\",\"name\":\"Bahia Economica\",\"description\":\"O maior portal de Economia da Bahia\",\"publisher\":{\"@id\":\"https:\/\/bahiaeconomica.com.br\/wp\/#organization\"},\"potentialAction\":[{\"@type\":\"SearchAction\",\"target\":{\"@type\":\"EntryPoint\",\"urlTemplate\":\"https:\/\/bahiaeconomica.com.br\/wp\/?s={search_term_string}\"},\"query-input\":\"required name=search_term_string\"}],\"inLanguage\":\"pt-BR\"},{\"@type\":\"Organization\",\"@id\":\"https:\/\/bahiaeconomica.com.br\/wp\/#organization\",\"name\":\"Bahia Econ\u00f4mica\",\"url\":\"https:\/\/bahiaeconomica.com.br\/wp\/\",\"logo\":{\"@type\":\"ImageObject\",\"inLanguage\":\"pt-BR\",\"@id\":\"https:\/\/bahiaeconomica.com.br\/wp\/#\/schema\/logo\/image\/\",\"url\":\"https:\/\/bahiaeconomica.com.br\/wp\/wp-content\/uploads\/2020\/12\/cropped-BE.png\",\"contentUrl\":\"https:\/\/bahiaeconomica.com.br\/wp\/wp-content\/uploads\/2020\/12\/cropped-BE.png\",\"width\":512,\"height\":512,\"caption\":\"Bahia Econ\u00f4mica\"},\"image\":{\"@id\":\"https:\/\/bahiaeconomica.com.br\/wp\/#\/schema\/logo\/image\/\"},\"sameAs\":[\"https:\/\/www.facebook.com\/bahiaeconomica\"]},{\"@type\":\"Person\",\"@id\":\"https:\/\/bahiaeconomica.com.br\/wp\/#\/schema\/person\/c86d3a3f8960425a0f9d0e5245991f4e\",\"name\":\"JP\",\"sameAs\":[\"https:\/\/bahiaeconomica.com.br\/wp\/beta\/\"],\"url\":\"https:\/\/bahiaeconomica.com.br\/wp\/author\/jp\/\"}]}<\/script>\n<!-- \/ Yoast SEO plugin. -->","yoast_head_json":{"title":"DEPUTADOS V\u00c3O PEDIR CASSA\u00c7\u00c3O DE NIKOLAS FERREIRA. ENTENDA - Bahia Economica","description":"As falas de ataque as mulheres proferidas pelo deputado mineiro Nikolas Ferreira (PL- MG) no dia internacional da mulher fez v\u00e1rios deputados","robots":{"index":"index","follow":"follow","max-snippet":"max-snippet:-1","max-image-preview":"max-image-preview:large","max-video-preview":"max-video-preview:-1"},"canonical":"https:\/\/bahiaeconomica.com.br\/wp\/2023\/03\/09\/deputados-vao-pedir-cassacao-de-nikolas-ferreira-entenda\/","og_locale":"pt_BR","og_type":"article","og_title":"DEPUTADOS V\u00c3O PEDIR CASSA\u00c7\u00c3O DE NIKOLAS FERREIRA. ENTENDA - Bahia Economica","og_description":"As falas de ataque as mulheres proferidas pelo deputado mineiro Nikolas Ferreira (PL- MG) no dia internacional da mulher fez v\u00e1rios deputados","og_url":"https:\/\/bahiaeconomica.com.br\/wp\/2023\/03\/09\/deputados-vao-pedir-cassacao-de-nikolas-ferreira-entenda\/","og_site_name":"Bahia Economica","article_publisher":"https:\/\/www.facebook.com\/bahiaeconomica","article_published_time":"2023-03-09T10:38:59+00:00","article_modified_time":"2023-03-09T10:39:02+00:00","og_image":[{"width":940,"height":627,"url":"https:\/\/bahiaeconomica.com.br\/wp\/wp-content\/uploads\/2023\/03\/csm_nivk_19221a52bf.jpg","type":"image\/jpeg"}],"author":"JP","twitter_card":"summary_large_image","twitter_misc":{"Escrito por":"JP","Est. tempo de leitura":"3 minutos"},"schema":{"@context":"https:\/\/schema.org","@graph":[{"@type":"Article","@id":"https:\/\/bahiaeconomica.com.br\/wp\/2023\/03\/09\/deputados-vao-pedir-cassacao-de-nikolas-ferreira-entenda\/#article","isPartOf":{"@id":"https:\/\/bahiaeconomica.com.br\/wp\/2023\/03\/09\/deputados-vao-pedir-cassacao-de-nikolas-ferreira-entenda\/"},"author":{"name":"JP","@id":"https:\/\/bahiaeconomica.com.br\/wp\/#\/schema\/person\/c86d3a3f8960425a0f9d0e5245991f4e"},"headline":"DEPUTADOS V\u00c3O PEDIR CASSA\u00c7\u00c3O DE NIKOLAS FERREIRA. ENTENDA","datePublished":"2023-03-09T10:38:59+00:00","dateModified":"2023-03-09T10:39:02+00:00","mainEntityOfPage":{"@id":"https:\/\/bahiaeconomica.com.br\/wp\/2023\/03\/09\/deputados-vao-pedir-cassacao-de-nikolas-ferreira-entenda\/"},"wordCount":537,"publisher":{"@id":"https:\/\/bahiaeconomica.com.br\/wp\/#organization"},"keywords":["alta","Brasil","cassacao","falas","politica"],"articleSection":["DESTAQUE DO DIA","ECONOMIA \/ POL\u00cdTICA"],"inLanguage":"pt-BR"},{"@type":"WebPage","@id":"https:\/\/bahiaeconomica.com.br\/wp\/2023\/03\/09\/deputados-vao-pedir-cassacao-de-nikolas-ferreira-entenda\/","url":"https:\/\/bahiaeconomica.com.br\/wp\/2023\/03\/09\/deputados-vao-pedir-cassacao-de-nikolas-ferreira-entenda\/","name":"DEPUTADOS V\u00c3O PEDIR CASSA\u00c7\u00c3O DE NIKOLAS FERREIRA. ENTENDA - Bahia Economica","isPartOf":{"@id":"https:\/\/bahiaeconomica.com.br\/wp\/#website"},"datePublished":"2023-03-09T10:38:59+00:00","dateModified":"2023-03-09T10:39:02+00:00","description":"As falas de ataque as mulheres proferidas pelo deputado mineiro Nikolas Ferreira (PL- MG) no dia internacional da mulher fez v\u00e1rios deputados","breadcrumb":{"@id":"https:\/\/bahiaeconomica.com.br\/wp\/2023\/03\/09\/deputados-vao-pedir-cassacao-de-nikolas-ferreira-entenda\/#breadcrumb"},"inLanguage":"pt-BR","potentialAction":[{"@type":"ReadAction","target":["https:\/\/bahiaeconomica.com.br\/wp\/2023\/03\/09\/deputados-vao-pedir-cassacao-de-nikolas-ferreira-entenda\/"]}]},{"@type":"BreadcrumbList","@id":"https:\/\/bahiaeconomica.com.br\/wp\/2023\/03\/09\/deputados-vao-pedir-cassacao-de-nikolas-ferreira-entenda\/#breadcrumb","itemListElement":[{"@type":"ListItem","position":1,"name":"In\u00edcio","item":"https:\/\/bahiaeconomica.com.br\/wp\/"},{"@type":"ListItem","position":2,"name":"DEPUTADOS V\u00c3O PEDIR CASSA\u00c7\u00c3O DE NIKOLAS FERREIRA. ENTENDA"}]},{"@type":"WebSite","@id":"https:\/\/bahiaeconomica.com.br\/wp\/#website","url":"https:\/\/bahiaeconomica.com.br\/wp\/","name":"Bahia Economica","description":"O maior portal de Economia da Bahia","publisher":{"@id":"https:\/\/bahiaeconomica.com.br\/wp\/#organization"},"potentialAction":[{"@type":"SearchAction","target":{"@type":"EntryPoint","urlTemplate":"https:\/\/bahiaeconomica.com.br\/wp\/?s={search_term_string}"},"query-input":"required name=search_term_string"}],"inLanguage":"pt-BR"},{"@type":"Organization","@id":"https:\/\/bahiaeconomica.com.br\/wp\/#organization","name":"Bahia Econ\u00f4mica","url":"https:\/\/bahiaeconomica.com.br\/wp\/","logo":{"@type":"ImageObject","inLanguage":"pt-BR","@id":"https:\/\/bahiaeconomica.com.br\/wp\/#\/schema\/logo\/image\/","url":"https:\/\/bahiaeconomica.com.br\/wp\/wp-content\/uploads\/2020\/12\/cropped-BE.png","contentUrl":"https:\/\/bahiaeconomica.com.br\/wp\/wp-content\/uploads\/2020\/12\/cropped-BE.png","width":512,"height":512,"caption":"Bahia Econ\u00f4mica"},"image":{"@id":"https:\/\/bahiaeconomica.com.br\/wp\/#\/schema\/logo\/image\/"},"sameAs":["https:\/\/www.facebook.com\/bahiaeconomica"]},{"@type":"Person","@id":"https:\/\/bahiaeconomica.com.br\/wp\/#\/schema\/person\/c86d3a3f8960425a0f9d0e5245991f4e","name":"JP","sameAs":["https:\/\/bahiaeconomica.com.br\/wp\/beta\/"],"url":"https:\/\/bahiaeconomica.com.br\/wp\/author\/jp\/"}]}},"views":4,"_links":{"self":[{"href":"https:\/\/bahiaeconomica.com.br\/wp\/wp-json\/wp\/v2\/posts\/721907"}],"collection":[{"href":"https:\/\/bahiaeconomica.com.br\/wp\/wp-json\/wp\/v2\/posts"}],"about":[{"href":"https:\/\/bahiaeconomica.com.br\/wp\/wp-json\/wp\/v2\/types\/post"}],"author":[{"embeddable":true,"href":"https:\/\/bahiaeconomica.com.br\/wp\/wp-json\/wp\/v2\/users\/8"}],"replies":[{"embeddable":true,"href":"https:\/\/bahiaeconomica.com.br\/wp\/wp-json\/wp\/v2\/comments?post=721907"}],"version-history":[{"count":1,"href":"https:\/\/bahiaeconomica.com.br\/wp\/wp-json\/wp\/v2\/posts\/721907\/revisions"}],"predecessor-version":[{"id":721910,"href":"https:\/\/bahiaeconomica.com.br\/wp\/wp-json\/wp\/v2\/posts\/721907\/revisions\/721910"}],"wp:featuredmedia":[{"embeddable":true,"href":"https:\/\/bahiaeconomica.com.br\/wp\/wp-json\/wp\/v2\/media\/721909"}],"wp:attachment":[{"href":"https:\/\/bahiaeconomica.com.br\/wp\/wp-json\/wp\/v2\/media?parent=721907"}],"wp:term":[{"taxonomy":"category","embeddable":true,"href":"https:\/\/bahiaeconomica.com.br\/wp\/wp-json\/wp\/v2\/categories?post=721907"},{"taxonomy":"post_tag","embeddable":true,"href":"https:\/\/bahiaeconomica.com.br\/wp\/wp-json\/wp\/v2\/tags?post=721907"}],"curies":[{"name":"wp","href":"https:\/\/api.w.org\/{rel}","templated":true}]}}