{"id":721636,"date":"2023-03-08T09:20:03","date_gmt":"2023-03-08T12:20:03","guid":{"rendered":"https:\/\/bahiaeconomica.com.br\/wp\/beta\/?p=721636"},"modified":"2023-03-08T11:04:15","modified_gmt":"2023-03-08T14:04:15","slug":"ministra-das-mulheres-pede-respeito-as-brasileiras","status":"publish","type":"post","link":"https:\/\/bahiaeconomica.com.br\/wp\/2023\/03\/08\/ministra-das-mulheres-pede-respeito-as-brasileiras\/","title":{"rendered":"MINISTRA DAS MULHERES PEDE RESPEITO \u00c0S BRASILEIRAS"},"content":{"rendered":"\n<p>A ministra das Mulheres, Cida Gon\u00e7alves, fez um pronunciamento, em rede nacional, por ocasi\u00e3o do Dia Internacional das Mulheres, a ser celebrado hoje (8). <\/p>\n\n\n\n<!--more-->\n\n\n\n<p>Em seu discurso, a ela anunciou algumas medidas do governo contra a viol\u00eancia e a desigualdade sofridas pelas mulheres e pediu respeito a elas em todos os espa\u00e7os que ocupam, seja na escola, na comunidade e, principalmente, dentro de casa.<\/p>\n\n\n\n<p>\u201cEm pleno 2023, n\u00e3o \u00e9 admiss\u00edvel que o pa\u00eds registre um feminic\u00eddio a cada sete horas e um estupro a cada 10 minutos. Isso tem que parar\u201d, disse Cida Gon\u00e7alves. Para atender as mulheres v\u00edtimas de viol\u00eancia de g\u00eanero, ela anunciou a reativa\u00e7\u00e3o da Central de Atendimento \u00e0 Mulher (Ligue 180). A liga\u00e7\u00e3o ser\u00e1 gratuita e vai funcionar 24 horas por dia.<\/p>\n\n\n\n<p>Segundo a ministra, outro programa que ser\u00e1 retomado \u00e9 o \u201cMulher Viver sem Viol\u00eancia\u201d, com a implementa\u00e7\u00e3o de 40 Casas da Mulher Brasileira e servi\u00e7os de atendimento e acolhimento. \u201cEssas casas ser\u00e3o um porto seguro para as mulheres justamente na hora em que elas mais precisam de cuidado e prote\u00e7\u00e3o. L\u00e1, elas poder\u00e3o contar com assist\u00eancia psicossocial, sa\u00fade, seguran\u00e7a p\u00fablica e acesso \u00e0 Justi\u00e7a\u201d.<\/p>\n\n\n\n<p>Na \u00e1rea da seguran\u00e7a p\u00fablica, ser\u00e3o distribu\u00eddas 270 viaturas para o patrulhamento garantidor da Lei Maria da Penha e para as delegacias especializadas de todos os estados brasileiros. Em seu pronunciamento, Cida Gon\u00e7alves destacou ainda a apresenta\u00e7\u00e3o de um projeto de lei ao Congresso Nacional para proibir a discrimina\u00e7\u00e3o salarial contra as mulheres.<\/p>\n\n\n\n<p>\u201cHoje, trabalhadoras que exercem a mesma fun\u00e7\u00e3o que os homens recebem sal\u00e1rios 30% menores. Se o trabalho \u00e9 igual, o sal\u00e1rio tem que ser igual\u201d, criticou. Nesse contexto, a ministra lembrou a assinatura de um decreto, pelo presidente Lula, que determina a toda empresa contratada pela administra\u00e7\u00e3o p\u00fablica federal a reservar 8% de suas vagas para trabalhadoras v\u00edtimas de viol\u00eancia.<\/p>\n\n\n\n<p>A ministra destacou ainda que, pela primeira vez na hist\u00f3ria, o Brasil ter\u00e1 mulheres no comando dos principais bancos p\u00fablicos do pa\u00eds: Tarciana Medeiros, \u00e0 frente do Banco do Brasil, e Rita Serrano, na Caixa Econ\u00f4mica Federal. Al\u00e9m disso, 11 minist\u00e9rios s\u00e3o chefiados por mulheres em Bras\u00edlia e, pela primeira vez, existe um minist\u00e9rio inteiramente dedicado \u00e0s mulheres.<\/p>\n\n\n\n<p>Rep\u00f3rter da Ag\u00eancia Brasil \u2013 Bras\u00edlia<\/p>\n\n\n\n<p>Foto: Lula Marques Ag\u00eancia Brasil<\/p>\n","protected":false},"excerpt":{"rendered":"<p>A ministra das Mulheres, Cida Gon\u00e7alves, fez um pronunciamento, em rede nacional, por ocasi\u00e3o do Dia Internacional das Mulheres, a ser celebrado hoje (8).<\/p>\n","protected":false},"author":8,"featured_media":721637,"comment_status":"closed","ping_status":"closed","sticky":false,"template":"","format":"standard","meta":[],"categories":[14,3],"tags":[835,52,182,4042,1663],"acf":[],"yoast_head":"<!-- This site is optimized with the Yoast SEO plugin v20.8 - https:\/\/yoast.com\/wordpress\/plugins\/seo\/ -->\n<title>MINISTRA DAS MULHERES PEDE RESPEITO \u00c0S BRASILEIRAS - Bahia Economica<\/title>\n<meta name=\"description\" content=\"A ministra das Mulheres, Cida Gon\u00e7alves, fez um pronunciamento, em rede nacional, por ocasi\u00e3o do Dia Internacional das Mulheres, a ser celebr\" \/>\n<meta name=\"robots\" content=\"index, follow, max-snippet:-1, max-image-preview:large, max-video-preview:-1\" \/>\n<link rel=\"canonical\" href=\"https:\/\/bahiaeconomica.com.br\/wp\/2023\/03\/08\/ministra-das-mulheres-pede-respeito-as-brasileiras\/\" \/>\n<meta property=\"og:locale\" content=\"pt_BR\" \/>\n<meta property=\"og:type\" content=\"article\" \/>\n<meta property=\"og:title\" content=\"MINISTRA DAS MULHERES PEDE RESPEITO \u00c0S BRASILEIRAS - Bahia Economica\" \/>\n<meta property=\"og:description\" content=\"A ministra das Mulheres, Cida Gon\u00e7alves, fez um pronunciamento, em rede nacional, por ocasi\u00e3o do Dia Internacional das Mulheres, a ser celebr\" \/>\n<meta property=\"og:url\" content=\"https:\/\/bahiaeconomica.com.br\/wp\/2023\/03\/08\/ministra-das-mulheres-pede-respeito-as-brasileiras\/\" \/>\n<meta property=\"og:site_name\" content=\"Bahia Economica\" \/>\n<meta property=\"article:publisher\" content=\"https:\/\/www.facebook.com\/bahiaeconomica\" \/>\n<meta property=\"article:published_time\" content=\"2023-03-08T12:20:03+00:00\" \/>\n<meta property=\"article:modified_time\" content=\"2023-03-08T14:04:15+00:00\" \/>\n<meta property=\"og:image\" content=\"https:\/\/bahiaeconomica.com.br\/wp\/wp-content\/uploads\/2023\/03\/papo_de_respeito-4.jpg\" \/>\n\t<meta property=\"og:image:width\" content=\"1170\" \/>\n\t<meta property=\"og:image:height\" content=\"700\" \/>\n\t<meta property=\"og:image:type\" content=\"image\/jpeg\" \/>\n<meta name=\"author\" content=\"JP\" \/>\n<meta name=\"twitter:card\" content=\"summary_large_image\" \/>\n<meta name=\"twitter:label1\" content=\"Escrito por\" \/>\n\t<meta name=\"twitter:data1\" content=\"JP\" \/>\n\t<meta name=\"twitter:label2\" content=\"Est. tempo de leitura\" \/>\n\t<meta name=\"twitter:data2\" content=\"3 minutos\" \/>\n<script type=\"application\/ld+json\" class=\"yoast-schema-graph\">{\"@context\":\"https:\/\/schema.org\",\"@graph\":[{\"@type\":\"Article\",\"@id\":\"https:\/\/bahiaeconomica.com.br\/wp\/2023\/03\/08\/ministra-das-mulheres-pede-respeito-as-brasileiras\/#article\",\"isPartOf\":{\"@id\":\"https:\/\/bahiaeconomica.com.br\/wp\/2023\/03\/08\/ministra-das-mulheres-pede-respeito-as-brasileiras\/\"},\"author\":{\"name\":\"JP\",\"@id\":\"https:\/\/bahiaeconomica.com.br\/wp\/#\/schema\/person\/c86d3a3f8960425a0f9d0e5245991f4e\"},\"headline\":\"MINISTRA DAS MULHERES PEDE RESPEITO \u00c0S BRASILEIRAS\",\"datePublished\":\"2023-03-08T12:20:03+00:00\",\"dateModified\":\"2023-03-08T14:04:15+00:00\",\"mainEntityOfPage\":{\"@id\":\"https:\/\/bahiaeconomica.com.br\/wp\/2023\/03\/08\/ministra-das-mulheres-pede-respeito-as-brasileiras\/\"},\"wordCount\":414,\"publisher\":{\"@id\":\"https:\/\/bahiaeconomica.com.br\/wp\/#organization\"},\"keywords\":[\"alta\",\"Brasil\",\"Lula\",\"ministra\",\"mulheres\"],\"articleSection\":[\"DESTAQUE DO DIA\",\"ECONOMIA \/ POL\u00cdTICA\"],\"inLanguage\":\"pt-BR\"},{\"@type\":\"WebPage\",\"@id\":\"https:\/\/bahiaeconomica.com.br\/wp\/2023\/03\/08\/ministra-das-mulheres-pede-respeito-as-brasileiras\/\",\"url\":\"https:\/\/bahiaeconomica.com.br\/wp\/2023\/03\/08\/ministra-das-mulheres-pede-respeito-as-brasileiras\/\",\"name\":\"MINISTRA DAS MULHERES PEDE RESPEITO \u00c0S BRASILEIRAS - Bahia Economica\",\"isPartOf\":{\"@id\":\"https:\/\/bahiaeconomica.com.br\/wp\/#website\"},\"datePublished\":\"2023-03-08T12:20:03+00:00\",\"dateModified\":\"2023-03-08T14:04:15+00:00\",\"description\":\"A ministra das Mulheres, Cida Gon\u00e7alves, fez um pronunciamento, em rede nacional, por ocasi\u00e3o do Dia Internacional das Mulheres, a ser celebr\",\"breadcrumb\":{\"@id\":\"https:\/\/bahiaeconomica.com.br\/wp\/2023\/03\/08\/ministra-das-mulheres-pede-respeito-as-brasileiras\/#breadcrumb\"},\"inLanguage\":\"pt-BR\",\"potentialAction\":[{\"@type\":\"ReadAction\",\"target\":[\"https:\/\/bahiaeconomica.com.br\/wp\/2023\/03\/08\/ministra-das-mulheres-pede-respeito-as-brasileiras\/\"]}]},{\"@type\":\"BreadcrumbList\",\"@id\":\"https:\/\/bahiaeconomica.com.br\/wp\/2023\/03\/08\/ministra-das-mulheres-pede-respeito-as-brasileiras\/#breadcrumb\",\"itemListElement\":[{\"@type\":\"ListItem\",\"position\":1,\"name\":\"In\u00edcio\",\"item\":\"https:\/\/bahiaeconomica.com.br\/wp\/\"},{\"@type\":\"ListItem\",\"position\":2,\"name\":\"MINISTRA DAS MULHERES PEDE RESPEITO \u00c0S BRASILEIRAS\"}]},{\"@type\":\"WebSite\",\"@id\":\"https:\/\/bahiaeconomica.com.br\/wp\/#website\",\"url\":\"https:\/\/bahiaeconomica.com.br\/wp\/\",\"name\":\"Bahia Economica\",\"description\":\"O maior portal de Economia da Bahia\",\"publisher\":{\"@id\":\"https:\/\/bahiaeconomica.com.br\/wp\/#organization\"},\"potentialAction\":[{\"@type\":\"SearchAction\",\"target\":{\"@type\":\"EntryPoint\",\"urlTemplate\":\"https:\/\/bahiaeconomica.com.br\/wp\/?s={search_term_string}\"},\"query-input\":\"required name=search_term_string\"}],\"inLanguage\":\"pt-BR\"},{\"@type\":\"Organization\",\"@id\":\"https:\/\/bahiaeconomica.com.br\/wp\/#organization\",\"name\":\"Bahia Econ\u00f4mica\",\"url\":\"https:\/\/bahiaeconomica.com.br\/wp\/\",\"logo\":{\"@type\":\"ImageObject\",\"inLanguage\":\"pt-BR\",\"@id\":\"https:\/\/bahiaeconomica.com.br\/wp\/#\/schema\/logo\/image\/\",\"url\":\"https:\/\/bahiaeconomica.com.br\/wp\/wp-content\/uploads\/2020\/12\/cropped-BE.png\",\"contentUrl\":\"https:\/\/bahiaeconomica.com.br\/wp\/wp-content\/uploads\/2020\/12\/cropped-BE.png\",\"width\":512,\"height\":512,\"caption\":\"Bahia Econ\u00f4mica\"},\"image\":{\"@id\":\"https:\/\/bahiaeconomica.com.br\/wp\/#\/schema\/logo\/image\/\"},\"sameAs\":[\"https:\/\/www.facebook.com\/bahiaeconomica\"]},{\"@type\":\"Person\",\"@id\":\"https:\/\/bahiaeconomica.com.br\/wp\/#\/schema\/person\/c86d3a3f8960425a0f9d0e5245991f4e\",\"name\":\"JP\",\"sameAs\":[\"https:\/\/bahiaeconomica.com.br\/wp\/beta\/\"],\"url\":\"https:\/\/bahiaeconomica.com.br\/wp\/author\/jp\/\"}]}<\/script>\n<!-- \/ Yoast SEO plugin. -->","yoast_head_json":{"title":"MINISTRA DAS MULHERES PEDE RESPEITO \u00c0S BRASILEIRAS - Bahia Economica","description":"A ministra das Mulheres, Cida Gon\u00e7alves, fez um pronunciamento, em rede nacional, por ocasi\u00e3o do Dia Internacional das Mulheres, a ser celebr","robots":{"index":"index","follow":"follow","max-snippet":"max-snippet:-1","max-image-preview":"max-image-preview:large","max-video-preview":"max-video-preview:-1"},"canonical":"https:\/\/bahiaeconomica.com.br\/wp\/2023\/03\/08\/ministra-das-mulheres-pede-respeito-as-brasileiras\/","og_locale":"pt_BR","og_type":"article","og_title":"MINISTRA DAS MULHERES PEDE RESPEITO \u00c0S BRASILEIRAS - Bahia Economica","og_description":"A ministra das Mulheres, Cida Gon\u00e7alves, fez um pronunciamento, em rede nacional, por ocasi\u00e3o do Dia Internacional das Mulheres, a ser celebr","og_url":"https:\/\/bahiaeconomica.com.br\/wp\/2023\/03\/08\/ministra-das-mulheres-pede-respeito-as-brasileiras\/","og_site_name":"Bahia Economica","article_publisher":"https:\/\/www.facebook.com\/bahiaeconomica","article_published_time":"2023-03-08T12:20:03+00:00","article_modified_time":"2023-03-08T14:04:15+00:00","og_image":[{"width":1170,"height":700,"url":"https:\/\/bahiaeconomica.com.br\/wp\/wp-content\/uploads\/2023\/03\/papo_de_respeito-4.jpg","type":"image\/jpeg"}],"author":"JP","twitter_card":"summary_large_image","twitter_misc":{"Escrito por":"JP","Est. tempo de leitura":"3 minutos"},"schema":{"@context":"https:\/\/schema.org","@graph":[{"@type":"Article","@id":"https:\/\/bahiaeconomica.com.br\/wp\/2023\/03\/08\/ministra-das-mulheres-pede-respeito-as-brasileiras\/#article","isPartOf":{"@id":"https:\/\/bahiaeconomica.com.br\/wp\/2023\/03\/08\/ministra-das-mulheres-pede-respeito-as-brasileiras\/"},"author":{"name":"JP","@id":"https:\/\/bahiaeconomica.com.br\/wp\/#\/schema\/person\/c86d3a3f8960425a0f9d0e5245991f4e"},"headline":"MINISTRA DAS MULHERES PEDE RESPEITO \u00c0S BRASILEIRAS","datePublished":"2023-03-08T12:20:03+00:00","dateModified":"2023-03-08T14:04:15+00:00","mainEntityOfPage":{"@id":"https:\/\/bahiaeconomica.com.br\/wp\/2023\/03\/08\/ministra-das-mulheres-pede-respeito-as-brasileiras\/"},"wordCount":414,"publisher":{"@id":"https:\/\/bahiaeconomica.com.br\/wp\/#organization"},"keywords":["alta","Brasil","Lula","ministra","mulheres"],"articleSection":["DESTAQUE DO DIA","ECONOMIA \/ POL\u00cdTICA"],"inLanguage":"pt-BR"},{"@type":"WebPage","@id":"https:\/\/bahiaeconomica.com.br\/wp\/2023\/03\/08\/ministra-das-mulheres-pede-respeito-as-brasileiras\/","url":"https:\/\/bahiaeconomica.com.br\/wp\/2023\/03\/08\/ministra-das-mulheres-pede-respeito-as-brasileiras\/","name":"MINISTRA DAS MULHERES PEDE RESPEITO \u00c0S BRASILEIRAS - Bahia Economica","isPartOf":{"@id":"https:\/\/bahiaeconomica.com.br\/wp\/#website"},"datePublished":"2023-03-08T12:20:03+00:00","dateModified":"2023-03-08T14:04:15+00:00","description":"A ministra das Mulheres, Cida Gon\u00e7alves, fez um pronunciamento, em rede nacional, por ocasi\u00e3o do Dia Internacional das Mulheres, a ser celebr","breadcrumb":{"@id":"https:\/\/bahiaeconomica.com.br\/wp\/2023\/03\/08\/ministra-das-mulheres-pede-respeito-as-brasileiras\/#breadcrumb"},"inLanguage":"pt-BR","potentialAction":[{"@type":"ReadAction","target":["https:\/\/bahiaeconomica.com.br\/wp\/2023\/03\/08\/ministra-das-mulheres-pede-respeito-as-brasileiras\/"]}]},{"@type":"BreadcrumbList","@id":"https:\/\/bahiaeconomica.com.br\/wp\/2023\/03\/08\/ministra-das-mulheres-pede-respeito-as-brasileiras\/#breadcrumb","itemListElement":[{"@type":"ListItem","position":1,"name":"In\u00edcio","item":"https:\/\/bahiaeconomica.com.br\/wp\/"},{"@type":"ListItem","position":2,"name":"MINISTRA DAS MULHERES PEDE RESPEITO \u00c0S BRASILEIRAS"}]},{"@type":"WebSite","@id":"https:\/\/bahiaeconomica.com.br\/wp\/#website","url":"https:\/\/bahiaeconomica.com.br\/wp\/","name":"Bahia Economica","description":"O maior portal de Economia da Bahia","publisher":{"@id":"https:\/\/bahiaeconomica.com.br\/wp\/#organization"},"potentialAction":[{"@type":"SearchAction","target":{"@type":"EntryPoint","urlTemplate":"https:\/\/bahiaeconomica.com.br\/wp\/?s={search_term_string}"},"query-input":"required name=search_term_string"}],"inLanguage":"pt-BR"},{"@type":"Organization","@id":"https:\/\/bahiaeconomica.com.br\/wp\/#organization","name":"Bahia Econ\u00f4mica","url":"https:\/\/bahiaeconomica.com.br\/wp\/","logo":{"@type":"ImageObject","inLanguage":"pt-BR","@id":"https:\/\/bahiaeconomica.com.br\/wp\/#\/schema\/logo\/image\/","url":"https:\/\/bahiaeconomica.com.br\/wp\/wp-content\/uploads\/2020\/12\/cropped-BE.png","contentUrl":"https:\/\/bahiaeconomica.com.br\/wp\/wp-content\/uploads\/2020\/12\/cropped-BE.png","width":512,"height":512,"caption":"Bahia Econ\u00f4mica"},"image":{"@id":"https:\/\/bahiaeconomica.com.br\/wp\/#\/schema\/logo\/image\/"},"sameAs":["https:\/\/www.facebook.com\/bahiaeconomica"]},{"@type":"Person","@id":"https:\/\/bahiaeconomica.com.br\/wp\/#\/schema\/person\/c86d3a3f8960425a0f9d0e5245991f4e","name":"JP","sameAs":["https:\/\/bahiaeconomica.com.br\/wp\/beta\/"],"url":"https:\/\/bahiaeconomica.com.br\/wp\/author\/jp\/"}]}},"views":2,"_links":{"self":[{"href":"https:\/\/bahiaeconomica.com.br\/wp\/wp-json\/wp\/v2\/posts\/721636"}],"collection":[{"href":"https:\/\/bahiaeconomica.com.br\/wp\/wp-json\/wp\/v2\/posts"}],"about":[{"href":"https:\/\/bahiaeconomica.com.br\/wp\/wp-json\/wp\/v2\/types\/post"}],"author":[{"embeddable":true,"href":"https:\/\/bahiaeconomica.com.br\/wp\/wp-json\/wp\/v2\/users\/8"}],"replies":[{"embeddable":true,"href":"https:\/\/bahiaeconomica.com.br\/wp\/wp-json\/wp\/v2\/comments?post=721636"}],"version-history":[{"count":1,"href":"https:\/\/bahiaeconomica.com.br\/wp\/wp-json\/wp\/v2\/posts\/721636\/revisions"}],"predecessor-version":[{"id":721638,"href":"https:\/\/bahiaeconomica.com.br\/wp\/wp-json\/wp\/v2\/posts\/721636\/revisions\/721638"}],"wp:featuredmedia":[{"embeddable":true,"href":"https:\/\/bahiaeconomica.com.br\/wp\/wp-json\/wp\/v2\/media\/721637"}],"wp:attachment":[{"href":"https:\/\/bahiaeconomica.com.br\/wp\/wp-json\/wp\/v2\/media?parent=721636"}],"wp:term":[{"taxonomy":"category","embeddable":true,"href":"https:\/\/bahiaeconomica.com.br\/wp\/wp-json\/wp\/v2\/categories?post=721636"},{"taxonomy":"post_tag","embeddable":true,"href":"https:\/\/bahiaeconomica.com.br\/wp\/wp-json\/wp\/v2\/tags?post=721636"}],"curies":[{"name":"wp","href":"https:\/\/api.w.org\/{rel}","templated":true}]}}