{"id":720539,"date":"2023-03-02T18:21:43","date_gmt":"2023-03-02T21:21:43","guid":{"rendered":"https:\/\/bahiaeconomica.com.br\/wp\/beta\/?p=720539"},"modified":"2023-03-02T18:21:46","modified_gmt":"2023-03-02T21:21:46","slug":"empresario-adalberto-coelho-morre-em-salvador","status":"publish","type":"post","link":"https:\/\/bahiaeconomica.com.br\/wp\/2023\/03\/02\/empresario-adalberto-coelho-morre-em-salvador\/","title":{"rendered":"EMPRES\u00c1RIO ADALBERTO COELHO MORRE EM SALVADOR"},"content":{"rendered":"\n<p>Coelho foi vice-presidente da Federa\u00e7\u00e3o das Ind\u00fastrias do Estado da Bahia (Fieb), entre os anos de 1974 e 1989<\/p>\n\n\n\n<!--more-->\n\n\n\n<p>Morreu em Salvador, o empres\u00e1rio Adalberto Coelho, nesta quinta (02). Destaque no ramo de neg\u00f3cios, Coelho foi vice-presidente da Federa\u00e7\u00e3o das Ind\u00fastrias do Estado da Bahia (Fieb), entre os anos de 1974 e 1989.<\/p>\n\n\n\n<p>Natural de Petrolina, em Pernambuco, Adalberto empreendeu em diversos segmentos na Bahia, construindo uma trajet\u00f3ria bem sucedida na \u00e1rea empresarial.<\/p>\n\n\n\n<p>A Fieb emitiu uma nota de pesar pela morte. &#8220;A FIEB se solidariza com os filhos, Osvaldo e Augusto, familiares e amigos de Adalberto Coelho&#8221;.<\/p>\n\n\n\n<p>Ele exerceu cargos nas diretorias do Sindicato das Ind\u00fastrias de Fibras Vegetais no Estado da Bahia \u2013 Sindifibras, Sindicato da Ind\u00fastria da Extra\u00e7\u00e3o de \u00d3leos Vegetais e Animais e de Produtos de Cacau e Balas no Estado da Bahia \u2013 Sincaol e Sindicato da Ind\u00fastria de Minera\u00e7\u00e3o de Calc\u00e1rio, Cal e Gesso do Estado da Bahia \u2013 Sindical.<\/p>\n\n\n\n<p>O empres\u00e1rio contribuiu tamb\u00e9m para a CNI participando, ao longo da sua vida, de Conselhos, dentre os quais o Coinfra \u2013 Conselho de Infraestrutura.<\/p>\n\n\n\n<p>Ele era vi\u00favo de Ivete Sampaio de Souza Coelho. Adalberto deixa os filhos Osvaldo e Augusto. A cerim\u00f4nia de crema\u00e7\u00e3o aconteceu \u00e0s 16h, no cemit\u00e9rio Jardim da Saudade, em Salvador.<\/p>\n\n\n\n<p><\/p>\n\n\n\n<p><\/p>\n\n\n\n<p>Foto: Divulga\u00e7\u00e3o\/Fieb<\/p>\n","protected":false},"excerpt":{"rendered":"<p>Coelho foi vice-presidente da Federa\u00e7\u00e3o das Ind\u00fastrias do Estado da Bahia (Fieb), entre os anos de 1974 e 1989<\/p>\n","protected":false},"author":6,"featured_media":720540,"comment_status":"closed","ping_status":"closed","sticky":false,"template":"","format":"standard","meta":[],"categories":[14,3],"tags":[11477,85,668,73],"acf":[],"yoast_head":"<!-- This site is optimized with the Yoast SEO plugin v20.8 - https:\/\/yoast.com\/wordpress\/plugins\/seo\/ -->\n<title>EMPRES\u00c1RIO ADALBERTO COELHO MORRE EM SALVADOR - Bahia Economica<\/title>\n<meta name=\"description\" content=\"Coelho foi vice-presidente da Federa\u00e7\u00e3o das Ind\u00fastrias do Estado da Bahia (Fieb), entre os anos de 1974 e 1989\" \/>\n<meta name=\"robots\" content=\"index, follow, max-snippet:-1, max-image-preview:large, max-video-preview:-1\" \/>\n<link rel=\"canonical\" href=\"https:\/\/bahiaeconomica.com.br\/wp\/2023\/03\/02\/empresario-adalberto-coelho-morre-em-salvador\/\" \/>\n<meta property=\"og:locale\" content=\"pt_BR\" \/>\n<meta property=\"og:type\" content=\"article\" \/>\n<meta property=\"og:title\" content=\"EMPRES\u00c1RIO ADALBERTO COELHO MORRE EM SALVADOR - Bahia Economica\" \/>\n<meta property=\"og:description\" content=\"Coelho foi vice-presidente da Federa\u00e7\u00e3o das Ind\u00fastrias do Estado da Bahia (Fieb), entre os anos de 1974 e 1989\" \/>\n<meta property=\"og:url\" content=\"https:\/\/bahiaeconomica.com.br\/wp\/2023\/03\/02\/empresario-adalberto-coelho-morre-em-salvador\/\" \/>\n<meta property=\"og:site_name\" content=\"Bahia Economica\" \/>\n<meta property=\"article:publisher\" content=\"https:\/\/www.facebook.com\/bahiaeconomica\" \/>\n<meta property=\"article:published_time\" content=\"2023-03-02T21:21:43+00:00\" \/>\n<meta property=\"article:modified_time\" content=\"2023-03-02T21:21:46+00:00\" \/>\n<meta property=\"og:image\" content=\"https:\/\/bahiaeconomica.com.br\/wp\/wp-content\/uploads\/2023\/03\/csm_adalberto-coelho_40aad8cfe1.jpg\" \/>\n\t<meta property=\"og:image:width\" content=\"360\" \/>\n\t<meta property=\"og:image:height\" content=\"220\" \/>\n\t<meta property=\"og:image:type\" content=\"image\/jpeg\" \/>\n<meta name=\"author\" content=\"DS\" \/>\n<meta name=\"twitter:card\" content=\"summary_large_image\" \/>\n<meta name=\"twitter:label1\" content=\"Escrito por\" \/>\n\t<meta name=\"twitter:data1\" content=\"DS\" \/>\n\t<meta name=\"twitter:label2\" content=\"Est. tempo de leitura\" \/>\n\t<meta name=\"twitter:data2\" content=\"2 minutos\" \/>\n<script type=\"application\/ld+json\" class=\"yoast-schema-graph\">{\"@context\":\"https:\/\/schema.org\",\"@graph\":[{\"@type\":\"Article\",\"@id\":\"https:\/\/bahiaeconomica.com.br\/wp\/2023\/03\/02\/empresario-adalberto-coelho-morre-em-salvador\/#article\",\"isPartOf\":{\"@id\":\"https:\/\/bahiaeconomica.com.br\/wp\/2023\/03\/02\/empresario-adalberto-coelho-morre-em-salvador\/\"},\"author\":{\"name\":\"DS\",\"@id\":\"https:\/\/bahiaeconomica.com.br\/wp\/#\/schema\/person\/756f314c5bfa87c7b43a2850854305a1\"},\"headline\":\"EMPRES\u00c1RIO ADALBERTO COELHO MORRE EM SALVADOR\",\"datePublished\":\"2023-03-02T21:21:43+00:00\",\"dateModified\":\"2023-03-02T21:21:46+00:00\",\"mainEntityOfPage\":{\"@id\":\"https:\/\/bahiaeconomica.com.br\/wp\/2023\/03\/02\/empresario-adalberto-coelho-morre-em-salvador\/\"},\"wordCount\":231,\"publisher\":{\"@id\":\"https:\/\/bahiaeconomica.com.br\/wp\/#organization\"},\"keywords\":[\"ADALBERTO COELHO\",\"Bahia\",\"FIEB\",\"Salvador\"],\"articleSection\":[\"DESTAQUE DO DIA\",\"ECONOMIA \/ POL\u00cdTICA\"],\"inLanguage\":\"pt-BR\"},{\"@type\":\"WebPage\",\"@id\":\"https:\/\/bahiaeconomica.com.br\/wp\/2023\/03\/02\/empresario-adalberto-coelho-morre-em-salvador\/\",\"url\":\"https:\/\/bahiaeconomica.com.br\/wp\/2023\/03\/02\/empresario-adalberto-coelho-morre-em-salvador\/\",\"name\":\"EMPRES\u00c1RIO ADALBERTO COELHO MORRE EM SALVADOR - Bahia Economica\",\"isPartOf\":{\"@id\":\"https:\/\/bahiaeconomica.com.br\/wp\/#website\"},\"datePublished\":\"2023-03-02T21:21:43+00:00\",\"dateModified\":\"2023-03-02T21:21:46+00:00\",\"description\":\"Coelho foi vice-presidente da Federa\u00e7\u00e3o das Ind\u00fastrias do Estado da Bahia (Fieb), entre os anos de 1974 e 1989\",\"breadcrumb\":{\"@id\":\"https:\/\/bahiaeconomica.com.br\/wp\/2023\/03\/02\/empresario-adalberto-coelho-morre-em-salvador\/#breadcrumb\"},\"inLanguage\":\"pt-BR\",\"potentialAction\":[{\"@type\":\"ReadAction\",\"target\":[\"https:\/\/bahiaeconomica.com.br\/wp\/2023\/03\/02\/empresario-adalberto-coelho-morre-em-salvador\/\"]}]},{\"@type\":\"BreadcrumbList\",\"@id\":\"https:\/\/bahiaeconomica.com.br\/wp\/2023\/03\/02\/empresario-adalberto-coelho-morre-em-salvador\/#breadcrumb\",\"itemListElement\":[{\"@type\":\"ListItem\",\"position\":1,\"name\":\"In\u00edcio\",\"item\":\"https:\/\/bahiaeconomica.com.br\/wp\/\"},{\"@type\":\"ListItem\",\"position\":2,\"name\":\"EMPRES\u00c1RIO ADALBERTO COELHO MORRE EM SALVADOR\"}]},{\"@type\":\"WebSite\",\"@id\":\"https:\/\/bahiaeconomica.com.br\/wp\/#website\",\"url\":\"https:\/\/bahiaeconomica.com.br\/wp\/\",\"name\":\"Bahia Economica\",\"description\":\"O maior portal de Economia da Bahia\",\"publisher\":{\"@id\":\"https:\/\/bahiaeconomica.com.br\/wp\/#organization\"},\"potentialAction\":[{\"@type\":\"SearchAction\",\"target\":{\"@type\":\"EntryPoint\",\"urlTemplate\":\"https:\/\/bahiaeconomica.com.br\/wp\/?s={search_term_string}\"},\"query-input\":\"required name=search_term_string\"}],\"inLanguage\":\"pt-BR\"},{\"@type\":\"Organization\",\"@id\":\"https:\/\/bahiaeconomica.com.br\/wp\/#organization\",\"name\":\"Bahia Econ\u00f4mica\",\"url\":\"https:\/\/bahiaeconomica.com.br\/wp\/\",\"logo\":{\"@type\":\"ImageObject\",\"inLanguage\":\"pt-BR\",\"@id\":\"https:\/\/bahiaeconomica.com.br\/wp\/#\/schema\/logo\/image\/\",\"url\":\"https:\/\/bahiaeconomica.com.br\/wp\/wp-content\/uploads\/2020\/12\/cropped-BE.png\",\"contentUrl\":\"https:\/\/bahiaeconomica.com.br\/wp\/wp-content\/uploads\/2020\/12\/cropped-BE.png\",\"width\":512,\"height\":512,\"caption\":\"Bahia Econ\u00f4mica\"},\"image\":{\"@id\":\"https:\/\/bahiaeconomica.com.br\/wp\/#\/schema\/logo\/image\/\"},\"sameAs\":[\"https:\/\/www.facebook.com\/bahiaeconomica\"]},{\"@type\":\"Person\",\"@id\":\"https:\/\/bahiaeconomica.com.br\/wp\/#\/schema\/person\/756f314c5bfa87c7b43a2850854305a1\",\"name\":\"DS\",\"sameAs\":[\"https:\/\/bahiaeconomica.com.br\/wp\/beta\/\"],\"url\":\"https:\/\/bahiaeconomica.com.br\/wp\/author\/ds\/\"}]}<\/script>\n<!-- \/ Yoast SEO plugin. -->","yoast_head_json":{"title":"EMPRES\u00c1RIO ADALBERTO COELHO MORRE EM SALVADOR - Bahia Economica","description":"Coelho foi vice-presidente da Federa\u00e7\u00e3o das Ind\u00fastrias do Estado da Bahia (Fieb), entre os anos de 1974 e 1989","robots":{"index":"index","follow":"follow","max-snippet":"max-snippet:-1","max-image-preview":"max-image-preview:large","max-video-preview":"max-video-preview:-1"},"canonical":"https:\/\/bahiaeconomica.com.br\/wp\/2023\/03\/02\/empresario-adalberto-coelho-morre-em-salvador\/","og_locale":"pt_BR","og_type":"article","og_title":"EMPRES\u00c1RIO ADALBERTO COELHO MORRE EM SALVADOR - Bahia Economica","og_description":"Coelho foi vice-presidente da Federa\u00e7\u00e3o das Ind\u00fastrias do Estado da Bahia (Fieb), entre os anos de 1974 e 1989","og_url":"https:\/\/bahiaeconomica.com.br\/wp\/2023\/03\/02\/empresario-adalberto-coelho-morre-em-salvador\/","og_site_name":"Bahia Economica","article_publisher":"https:\/\/www.facebook.com\/bahiaeconomica","article_published_time":"2023-03-02T21:21:43+00:00","article_modified_time":"2023-03-02T21:21:46+00:00","og_image":[{"width":360,"height":220,"url":"https:\/\/bahiaeconomica.com.br\/wp\/wp-content\/uploads\/2023\/03\/csm_adalberto-coelho_40aad8cfe1.jpg","type":"image\/jpeg"}],"author":"DS","twitter_card":"summary_large_image","twitter_misc":{"Escrito por":"DS","Est. tempo de leitura":"2 minutos"},"schema":{"@context":"https:\/\/schema.org","@graph":[{"@type":"Article","@id":"https:\/\/bahiaeconomica.com.br\/wp\/2023\/03\/02\/empresario-adalberto-coelho-morre-em-salvador\/#article","isPartOf":{"@id":"https:\/\/bahiaeconomica.com.br\/wp\/2023\/03\/02\/empresario-adalberto-coelho-morre-em-salvador\/"},"author":{"name":"DS","@id":"https:\/\/bahiaeconomica.com.br\/wp\/#\/schema\/person\/756f314c5bfa87c7b43a2850854305a1"},"headline":"EMPRES\u00c1RIO ADALBERTO COELHO MORRE EM SALVADOR","datePublished":"2023-03-02T21:21:43+00:00","dateModified":"2023-03-02T21:21:46+00:00","mainEntityOfPage":{"@id":"https:\/\/bahiaeconomica.com.br\/wp\/2023\/03\/02\/empresario-adalberto-coelho-morre-em-salvador\/"},"wordCount":231,"publisher":{"@id":"https:\/\/bahiaeconomica.com.br\/wp\/#organization"},"keywords":["ADALBERTO COELHO","Bahia","FIEB","Salvador"],"articleSection":["DESTAQUE DO DIA","ECONOMIA \/ POL\u00cdTICA"],"inLanguage":"pt-BR"},{"@type":"WebPage","@id":"https:\/\/bahiaeconomica.com.br\/wp\/2023\/03\/02\/empresario-adalberto-coelho-morre-em-salvador\/","url":"https:\/\/bahiaeconomica.com.br\/wp\/2023\/03\/02\/empresario-adalberto-coelho-morre-em-salvador\/","name":"EMPRES\u00c1RIO ADALBERTO COELHO MORRE EM SALVADOR - Bahia Economica","isPartOf":{"@id":"https:\/\/bahiaeconomica.com.br\/wp\/#website"},"datePublished":"2023-03-02T21:21:43+00:00","dateModified":"2023-03-02T21:21:46+00:00","description":"Coelho foi vice-presidente da Federa\u00e7\u00e3o das Ind\u00fastrias do Estado da Bahia (Fieb), entre os anos de 1974 e 1989","breadcrumb":{"@id":"https:\/\/bahiaeconomica.com.br\/wp\/2023\/03\/02\/empresario-adalberto-coelho-morre-em-salvador\/#breadcrumb"},"inLanguage":"pt-BR","potentialAction":[{"@type":"ReadAction","target":["https:\/\/bahiaeconomica.com.br\/wp\/2023\/03\/02\/empresario-adalberto-coelho-morre-em-salvador\/"]}]},{"@type":"BreadcrumbList","@id":"https:\/\/bahiaeconomica.com.br\/wp\/2023\/03\/02\/empresario-adalberto-coelho-morre-em-salvador\/#breadcrumb","itemListElement":[{"@type":"ListItem","position":1,"name":"In\u00edcio","item":"https:\/\/bahiaeconomica.com.br\/wp\/"},{"@type":"ListItem","position":2,"name":"EMPRES\u00c1RIO ADALBERTO COELHO MORRE EM SALVADOR"}]},{"@type":"WebSite","@id":"https:\/\/bahiaeconomica.com.br\/wp\/#website","url":"https:\/\/bahiaeconomica.com.br\/wp\/","name":"Bahia Economica","description":"O maior portal de Economia da Bahia","publisher":{"@id":"https:\/\/bahiaeconomica.com.br\/wp\/#organization"},"potentialAction":[{"@type":"SearchAction","target":{"@type":"EntryPoint","urlTemplate":"https:\/\/bahiaeconomica.com.br\/wp\/?s={search_term_string}"},"query-input":"required name=search_term_string"}],"inLanguage":"pt-BR"},{"@type":"Organization","@id":"https:\/\/bahiaeconomica.com.br\/wp\/#organization","name":"Bahia Econ\u00f4mica","url":"https:\/\/bahiaeconomica.com.br\/wp\/","logo":{"@type":"ImageObject","inLanguage":"pt-BR","@id":"https:\/\/bahiaeconomica.com.br\/wp\/#\/schema\/logo\/image\/","url":"https:\/\/bahiaeconomica.com.br\/wp\/wp-content\/uploads\/2020\/12\/cropped-BE.png","contentUrl":"https:\/\/bahiaeconomica.com.br\/wp\/wp-content\/uploads\/2020\/12\/cropped-BE.png","width":512,"height":512,"caption":"Bahia Econ\u00f4mica"},"image":{"@id":"https:\/\/bahiaeconomica.com.br\/wp\/#\/schema\/logo\/image\/"},"sameAs":["https:\/\/www.facebook.com\/bahiaeconomica"]},{"@type":"Person","@id":"https:\/\/bahiaeconomica.com.br\/wp\/#\/schema\/person\/756f314c5bfa87c7b43a2850854305a1","name":"DS","sameAs":["https:\/\/bahiaeconomica.com.br\/wp\/beta\/"],"url":"https:\/\/bahiaeconomica.com.br\/wp\/author\/ds\/"}]}},"views":6,"_links":{"self":[{"href":"https:\/\/bahiaeconomica.com.br\/wp\/wp-json\/wp\/v2\/posts\/720539"}],"collection":[{"href":"https:\/\/bahiaeconomica.com.br\/wp\/wp-json\/wp\/v2\/posts"}],"about":[{"href":"https:\/\/bahiaeconomica.com.br\/wp\/wp-json\/wp\/v2\/types\/post"}],"author":[{"embeddable":true,"href":"https:\/\/bahiaeconomica.com.br\/wp\/wp-json\/wp\/v2\/users\/6"}],"replies":[{"embeddable":true,"href":"https:\/\/bahiaeconomica.com.br\/wp\/wp-json\/wp\/v2\/comments?post=720539"}],"version-history":[{"count":1,"href":"https:\/\/bahiaeconomica.com.br\/wp\/wp-json\/wp\/v2\/posts\/720539\/revisions"}],"predecessor-version":[{"id":720541,"href":"https:\/\/bahiaeconomica.com.br\/wp\/wp-json\/wp\/v2\/posts\/720539\/revisions\/720541"}],"wp:featuredmedia":[{"embeddable":true,"href":"https:\/\/bahiaeconomica.com.br\/wp\/wp-json\/wp\/v2\/media\/720540"}],"wp:attachment":[{"href":"https:\/\/bahiaeconomica.com.br\/wp\/wp-json\/wp\/v2\/media?parent=720539"}],"wp:term":[{"taxonomy":"category","embeddable":true,"href":"https:\/\/bahiaeconomica.com.br\/wp\/wp-json\/wp\/v2\/categories?post=720539"},{"taxonomy":"post_tag","embeddable":true,"href":"https:\/\/bahiaeconomica.com.br\/wp\/wp-json\/wp\/v2\/tags?post=720539"}],"curies":[{"name":"wp","href":"https:\/\/api.w.org\/{rel}","templated":true}]}}