{"id":719894,"date":"2023-02-28T19:30:00","date_gmt":"2023-02-28T22:30:00","guid":{"rendered":"https:\/\/bahiaeconomica.com.br\/wp\/beta\/?p=719894"},"modified":"2023-02-28T19:13:59","modified_gmt":"2023-02-28T22:13:59","slug":"entenda-as-novas-mudancas-no-preco-da-gasolina-e-do-etanol","status":"publish","type":"post","link":"https:\/\/bahiaeconomica.com.br\/wp\/2023\/02\/28\/entenda-as-novas-mudancas-no-preco-da-gasolina-e-do-etanol\/","title":{"rendered":"ENTENDA AS NOVAS MUDAN\u00c7AS NO PRE\u00c7O DA GASOLINA E DO ETANOL"},"content":{"rendered":"\n<p>Ministro Haddad anunciou os novos valores em impostos que ser\u00e3o cobrados na gasolina e no etanol, que tiveram valores reduzidos nesta ter\u00e7a. Mudan\u00e7as ser\u00e3o v\u00e1lidas a partir desta quarta (1\u00ba)<\/p>\n\n\n\n<!--more-->\n\n\n\n<p>A partir desta quarta (1\u00ba), a gasolina ser\u00e1 reonarada (imposto) em R$ 0,47 e o etanol em R$ 0,02. Os novos valores dos tributos federais foram anunciados na tarde desta ter\u00e7a (28), pelo ministro da Fazenda, Fernando Haddad (PT).<\/p>\n\n\n\n<p>A justificativa foi a de que o governo n\u00e3o podia seguir na armadilha eleitoreira deixada por Bolsonaro (PL): retirar a cobran\u00e7a de tributos que financiam programas sociais, educa\u00e7\u00e3o e sa\u00fade e, ao mesmo tempo, aumentar a distribui\u00e7\u00e3o de dividendos da estatal.<\/p>\n\n\n\n<p>Apesar dos novos valores dos impostos, a Petrobras reduziu a gasolina em R$ 0,13 por litro, ou seja, o impacto final a ser sentido pelo consumidor ser\u00e1 de R$ 0,34 para a gasolina.<\/p>\n\n\n\n<p>A coletiva contou com a presen\u00e7a do ministro de Minas e Energia, Alexandre Silveira. Na ocasi\u00e3o, Haddad explicou que, para preservar a arrecada\u00e7\u00e3o, o governo federal vai criar um imposto sobre a exporta\u00e7\u00e3o de petr\u00f3leo cru, que durar\u00e1 4 meses.<\/p>\n\n\n\n<p>Sobre a redu\u00e7\u00e3o dos combust\u00edveis, o pre\u00e7o m\u00e9dio de venda de gasolina A para as distribuidoras passar\u00e1 de R$ 3,31 para R$ 3,18 por litro \u2014 uma redu\u00e7\u00e3o de R$ 0,13 por litro (ou queda de 3,92%).<\/p>\n\n\n\n<p>J\u00e1 para o diesel A, o pre\u00e7o m\u00e9dio de venda da Petrobras para as distribuidoras passar\u00e1 de R$ 4,10 para R$ 4,02 por litro, o que representa uma redu\u00e7\u00e3o de R$ 0,08 por litro (-1,95%).<\/p>\n\n\n\n<p>De acordo com a Petrobras, essas redu\u00e7\u00f5es t\u00eam o objetivo de buscar o equil\u00edbrio dos pre\u00e7os com os mercados nacional e internacional, &#8220;atrav\u00e9s de uma converg\u00eancia gradual&#8221;. As mudan\u00e7as, segundo a companhia, contemplam as &#8220;principais alternativas de suprimentos&#8221; dos clientes da Petrobras e a &#8220;participa\u00e7\u00e3o de mercado necess\u00e1ria para a otimiza\u00e7\u00e3o dos ativos&#8221;.<\/p>\n\n\n\n<p><\/p>\n\n\n\n<p><\/p>\n\n\n\n<p>Foto: Divulga\u00e7\u00e3o\/Petrobras<\/p>\n","protected":false},"excerpt":{"rendered":"<p>Ministro Haddad anunciou os novos valores em impostos que ser\u00e3o cobrados na gasolina e no etanol, que tiveram valores reduzidos nesta ter\u00e7a. Mudan\u00e7as ser\u00e3o v\u00e1lidas a partir desta quarta (1\u00ba)<\/p>\n","protected":false},"author":6,"featured_media":719895,"comment_status":"closed","ping_status":"closed","sticky":false,"template":"","format":"standard","meta":[],"categories":[3],"tags":[85,52,2781,998,233,2785,5178,182,73],"acf":[],"yoast_head":"<!-- This site is optimized with the Yoast SEO plugin v20.8 - https:\/\/yoast.com\/wordpress\/plugins\/seo\/ -->\n<title>ENTENDA AS NOVAS MUDAN\u00c7AS NO PRE\u00c7O DA GASOLINA E DO ETANOL - Bahia Economica<\/title>\n<meta name=\"description\" content=\"Ministro Haddad anunciou os novos valores em impostos que ser\u00e3o cobrados na gasolina e no etanol, que tiveram valores reduzidos nesta ter\u00e7a. Mudan\u00e7as ser\u00e3o v\u00e1lidas a partir desta quarta (1\u00ba)\" \/>\n<meta name=\"robots\" content=\"index, follow, max-snippet:-1, max-image-preview:large, max-video-preview:-1\" \/>\n<link rel=\"canonical\" href=\"https:\/\/bahiaeconomica.com.br\/wp\/2023\/02\/28\/entenda-as-novas-mudancas-no-preco-da-gasolina-e-do-etanol\/\" \/>\n<meta property=\"og:locale\" content=\"pt_BR\" \/>\n<meta property=\"og:type\" content=\"article\" \/>\n<meta property=\"og:title\" content=\"ENTENDA AS NOVAS MUDAN\u00c7AS NO PRE\u00c7O DA GASOLINA E DO ETANOL - Bahia Economica\" \/>\n<meta property=\"og:description\" content=\"Ministro Haddad anunciou os novos valores em impostos que ser\u00e3o cobrados na gasolina e no etanol, que tiveram valores reduzidos nesta ter\u00e7a. Mudan\u00e7as ser\u00e3o v\u00e1lidas a partir desta quarta (1\u00ba)\" \/>\n<meta property=\"og:url\" content=\"https:\/\/bahiaeconomica.com.br\/wp\/2023\/02\/28\/entenda-as-novas-mudancas-no-preco-da-gasolina-e-do-etanol\/\" \/>\n<meta property=\"og:site_name\" content=\"Bahia Economica\" \/>\n<meta property=\"article:publisher\" content=\"https:\/\/www.facebook.com\/bahiaeconomica\" \/>\n<meta property=\"article:published_time\" content=\"2023-02-28T22:30:00+00:00\" \/>\n<meta property=\"article:modified_time\" content=\"2023-02-28T22:13:59+00:00\" \/>\n<meta property=\"og:image\" content=\"https:\/\/bahiaeconomica.com.br\/wp\/wp-content\/uploads\/2023\/02\/thumbnail-image004.jpg\" \/>\n\t<meta property=\"og:image:width\" content=\"360\" \/>\n\t<meta property=\"og:image:height\" content=\"220\" \/>\n\t<meta property=\"og:image:type\" content=\"image\/jpeg\" \/>\n<meta name=\"author\" content=\"DS\" \/>\n<meta name=\"twitter:card\" content=\"summary_large_image\" \/>\n<meta name=\"twitter:label1\" content=\"Escrito por\" \/>\n\t<meta name=\"twitter:data1\" content=\"DS\" \/>\n\t<meta name=\"twitter:label2\" content=\"Est. tempo de leitura\" \/>\n\t<meta name=\"twitter:data2\" content=\"2 minutos\" \/>\n<script type=\"application\/ld+json\" class=\"yoast-schema-graph\">{\"@context\":\"https:\/\/schema.org\",\"@graph\":[{\"@type\":\"Article\",\"@id\":\"https:\/\/bahiaeconomica.com.br\/wp\/2023\/02\/28\/entenda-as-novas-mudancas-no-preco-da-gasolina-e-do-etanol\/#article\",\"isPartOf\":{\"@id\":\"https:\/\/bahiaeconomica.com.br\/wp\/2023\/02\/28\/entenda-as-novas-mudancas-no-preco-da-gasolina-e-do-etanol\/\"},\"author\":{\"name\":\"DS\",\"@id\":\"https:\/\/bahiaeconomica.com.br\/wp\/#\/schema\/person\/756f314c5bfa87c7b43a2850854305a1\"},\"headline\":\"ENTENDA AS NOVAS MUDAN\u00c7AS NO PRE\u00c7O DA GASOLINA E DO ETANOL\",\"datePublished\":\"2023-02-28T22:30:00+00:00\",\"dateModified\":\"2023-02-28T22:13:59+00:00\",\"mainEntityOfPage\":{\"@id\":\"https:\/\/bahiaeconomica.com.br\/wp\/2023\/02\/28\/entenda-as-novas-mudancas-no-preco-da-gasolina-e-do-etanol\/\"},\"wordCount\":343,\"publisher\":{\"@id\":\"https:\/\/bahiaeconomica.com.br\/wp\/#organization\"},\"keywords\":[\"Bahia\",\"Brasil\",\"etanol\",\"gasolina\",\"Governo\",\"Haddad\",\"impostos\",\"Lula\",\"Salvador\"],\"articleSection\":[\"ECONOMIA \/ POL\u00cdTICA\"],\"inLanguage\":\"pt-BR\"},{\"@type\":\"WebPage\",\"@id\":\"https:\/\/bahiaeconomica.com.br\/wp\/2023\/02\/28\/entenda-as-novas-mudancas-no-preco-da-gasolina-e-do-etanol\/\",\"url\":\"https:\/\/bahiaeconomica.com.br\/wp\/2023\/02\/28\/entenda-as-novas-mudancas-no-preco-da-gasolina-e-do-etanol\/\",\"name\":\"ENTENDA AS NOVAS MUDAN\u00c7AS NO PRE\u00c7O DA GASOLINA E DO ETANOL - Bahia Economica\",\"isPartOf\":{\"@id\":\"https:\/\/bahiaeconomica.com.br\/wp\/#website\"},\"datePublished\":\"2023-02-28T22:30:00+00:00\",\"dateModified\":\"2023-02-28T22:13:59+00:00\",\"description\":\"Ministro Haddad anunciou os novos valores em impostos que ser\u00e3o cobrados na gasolina e no etanol, que tiveram valores reduzidos nesta ter\u00e7a. Mudan\u00e7as ser\u00e3o v\u00e1lidas a partir desta quarta (1\u00ba)\",\"breadcrumb\":{\"@id\":\"https:\/\/bahiaeconomica.com.br\/wp\/2023\/02\/28\/entenda-as-novas-mudancas-no-preco-da-gasolina-e-do-etanol\/#breadcrumb\"},\"inLanguage\":\"pt-BR\",\"potentialAction\":[{\"@type\":\"ReadAction\",\"target\":[\"https:\/\/bahiaeconomica.com.br\/wp\/2023\/02\/28\/entenda-as-novas-mudancas-no-preco-da-gasolina-e-do-etanol\/\"]}]},{\"@type\":\"BreadcrumbList\",\"@id\":\"https:\/\/bahiaeconomica.com.br\/wp\/2023\/02\/28\/entenda-as-novas-mudancas-no-preco-da-gasolina-e-do-etanol\/#breadcrumb\",\"itemListElement\":[{\"@type\":\"ListItem\",\"position\":1,\"name\":\"In\u00edcio\",\"item\":\"https:\/\/bahiaeconomica.com.br\/wp\/\"},{\"@type\":\"ListItem\",\"position\":2,\"name\":\"ENTENDA AS NOVAS MUDAN\u00c7AS NO PRE\u00c7O DA GASOLINA E DO ETANOL\"}]},{\"@type\":\"WebSite\",\"@id\":\"https:\/\/bahiaeconomica.com.br\/wp\/#website\",\"url\":\"https:\/\/bahiaeconomica.com.br\/wp\/\",\"name\":\"Bahia Economica\",\"description\":\"O maior portal de Economia da Bahia\",\"publisher\":{\"@id\":\"https:\/\/bahiaeconomica.com.br\/wp\/#organization\"},\"potentialAction\":[{\"@type\":\"SearchAction\",\"target\":{\"@type\":\"EntryPoint\",\"urlTemplate\":\"https:\/\/bahiaeconomica.com.br\/wp\/?s={search_term_string}\"},\"query-input\":\"required name=search_term_string\"}],\"inLanguage\":\"pt-BR\"},{\"@type\":\"Organization\",\"@id\":\"https:\/\/bahiaeconomica.com.br\/wp\/#organization\",\"name\":\"Bahia Econ\u00f4mica\",\"url\":\"https:\/\/bahiaeconomica.com.br\/wp\/\",\"logo\":{\"@type\":\"ImageObject\",\"inLanguage\":\"pt-BR\",\"@id\":\"https:\/\/bahiaeconomica.com.br\/wp\/#\/schema\/logo\/image\/\",\"url\":\"https:\/\/bahiaeconomica.com.br\/wp\/wp-content\/uploads\/2020\/12\/cropped-BE.png\",\"contentUrl\":\"https:\/\/bahiaeconomica.com.br\/wp\/wp-content\/uploads\/2020\/12\/cropped-BE.png\",\"width\":512,\"height\":512,\"caption\":\"Bahia Econ\u00f4mica\"},\"image\":{\"@id\":\"https:\/\/bahiaeconomica.com.br\/wp\/#\/schema\/logo\/image\/\"},\"sameAs\":[\"https:\/\/www.facebook.com\/bahiaeconomica\"]},{\"@type\":\"Person\",\"@id\":\"https:\/\/bahiaeconomica.com.br\/wp\/#\/schema\/person\/756f314c5bfa87c7b43a2850854305a1\",\"name\":\"DS\",\"sameAs\":[\"https:\/\/bahiaeconomica.com.br\/wp\/beta\/\"],\"url\":\"https:\/\/bahiaeconomica.com.br\/wp\/author\/ds\/\"}]}<\/script>\n<!-- \/ Yoast SEO plugin. -->","yoast_head_json":{"title":"ENTENDA AS NOVAS MUDAN\u00c7AS NO PRE\u00c7O DA GASOLINA E DO ETANOL - Bahia Economica","description":"Ministro Haddad anunciou os novos valores em impostos que ser\u00e3o cobrados na gasolina e no etanol, que tiveram valores reduzidos nesta ter\u00e7a. Mudan\u00e7as ser\u00e3o v\u00e1lidas a partir desta quarta (1\u00ba)","robots":{"index":"index","follow":"follow","max-snippet":"max-snippet:-1","max-image-preview":"max-image-preview:large","max-video-preview":"max-video-preview:-1"},"canonical":"https:\/\/bahiaeconomica.com.br\/wp\/2023\/02\/28\/entenda-as-novas-mudancas-no-preco-da-gasolina-e-do-etanol\/","og_locale":"pt_BR","og_type":"article","og_title":"ENTENDA AS NOVAS MUDAN\u00c7AS NO PRE\u00c7O DA GASOLINA E DO ETANOL - Bahia Economica","og_description":"Ministro Haddad anunciou os novos valores em impostos que ser\u00e3o cobrados na gasolina e no etanol, que tiveram valores reduzidos nesta ter\u00e7a. Mudan\u00e7as ser\u00e3o v\u00e1lidas a partir desta quarta (1\u00ba)","og_url":"https:\/\/bahiaeconomica.com.br\/wp\/2023\/02\/28\/entenda-as-novas-mudancas-no-preco-da-gasolina-e-do-etanol\/","og_site_name":"Bahia Economica","article_publisher":"https:\/\/www.facebook.com\/bahiaeconomica","article_published_time":"2023-02-28T22:30:00+00:00","article_modified_time":"2023-02-28T22:13:59+00:00","og_image":[{"width":360,"height":220,"url":"https:\/\/bahiaeconomica.com.br\/wp\/wp-content\/uploads\/2023\/02\/thumbnail-image004.jpg","type":"image\/jpeg"}],"author":"DS","twitter_card":"summary_large_image","twitter_misc":{"Escrito por":"DS","Est. tempo de leitura":"2 minutos"},"schema":{"@context":"https:\/\/schema.org","@graph":[{"@type":"Article","@id":"https:\/\/bahiaeconomica.com.br\/wp\/2023\/02\/28\/entenda-as-novas-mudancas-no-preco-da-gasolina-e-do-etanol\/#article","isPartOf":{"@id":"https:\/\/bahiaeconomica.com.br\/wp\/2023\/02\/28\/entenda-as-novas-mudancas-no-preco-da-gasolina-e-do-etanol\/"},"author":{"name":"DS","@id":"https:\/\/bahiaeconomica.com.br\/wp\/#\/schema\/person\/756f314c5bfa87c7b43a2850854305a1"},"headline":"ENTENDA AS NOVAS MUDAN\u00c7AS NO PRE\u00c7O DA GASOLINA E DO ETANOL","datePublished":"2023-02-28T22:30:00+00:00","dateModified":"2023-02-28T22:13:59+00:00","mainEntityOfPage":{"@id":"https:\/\/bahiaeconomica.com.br\/wp\/2023\/02\/28\/entenda-as-novas-mudancas-no-preco-da-gasolina-e-do-etanol\/"},"wordCount":343,"publisher":{"@id":"https:\/\/bahiaeconomica.com.br\/wp\/#organization"},"keywords":["Bahia","Brasil","etanol","gasolina","Governo","Haddad","impostos","Lula","Salvador"],"articleSection":["ECONOMIA \/ POL\u00cdTICA"],"inLanguage":"pt-BR"},{"@type":"WebPage","@id":"https:\/\/bahiaeconomica.com.br\/wp\/2023\/02\/28\/entenda-as-novas-mudancas-no-preco-da-gasolina-e-do-etanol\/","url":"https:\/\/bahiaeconomica.com.br\/wp\/2023\/02\/28\/entenda-as-novas-mudancas-no-preco-da-gasolina-e-do-etanol\/","name":"ENTENDA AS NOVAS MUDAN\u00c7AS NO PRE\u00c7O DA GASOLINA E DO ETANOL - Bahia Economica","isPartOf":{"@id":"https:\/\/bahiaeconomica.com.br\/wp\/#website"},"datePublished":"2023-02-28T22:30:00+00:00","dateModified":"2023-02-28T22:13:59+00:00","description":"Ministro Haddad anunciou os novos valores em impostos que ser\u00e3o cobrados na gasolina e no etanol, que tiveram valores reduzidos nesta ter\u00e7a. Mudan\u00e7as ser\u00e3o v\u00e1lidas a partir desta quarta (1\u00ba)","breadcrumb":{"@id":"https:\/\/bahiaeconomica.com.br\/wp\/2023\/02\/28\/entenda-as-novas-mudancas-no-preco-da-gasolina-e-do-etanol\/#breadcrumb"},"inLanguage":"pt-BR","potentialAction":[{"@type":"ReadAction","target":["https:\/\/bahiaeconomica.com.br\/wp\/2023\/02\/28\/entenda-as-novas-mudancas-no-preco-da-gasolina-e-do-etanol\/"]}]},{"@type":"BreadcrumbList","@id":"https:\/\/bahiaeconomica.com.br\/wp\/2023\/02\/28\/entenda-as-novas-mudancas-no-preco-da-gasolina-e-do-etanol\/#breadcrumb","itemListElement":[{"@type":"ListItem","position":1,"name":"In\u00edcio","item":"https:\/\/bahiaeconomica.com.br\/wp\/"},{"@type":"ListItem","position":2,"name":"ENTENDA AS NOVAS MUDAN\u00c7AS NO PRE\u00c7O DA GASOLINA E DO ETANOL"}]},{"@type":"WebSite","@id":"https:\/\/bahiaeconomica.com.br\/wp\/#website","url":"https:\/\/bahiaeconomica.com.br\/wp\/","name":"Bahia Economica","description":"O maior portal de Economia da Bahia","publisher":{"@id":"https:\/\/bahiaeconomica.com.br\/wp\/#organization"},"potentialAction":[{"@type":"SearchAction","target":{"@type":"EntryPoint","urlTemplate":"https:\/\/bahiaeconomica.com.br\/wp\/?s={search_term_string}"},"query-input":"required name=search_term_string"}],"inLanguage":"pt-BR"},{"@type":"Organization","@id":"https:\/\/bahiaeconomica.com.br\/wp\/#organization","name":"Bahia Econ\u00f4mica","url":"https:\/\/bahiaeconomica.com.br\/wp\/","logo":{"@type":"ImageObject","inLanguage":"pt-BR","@id":"https:\/\/bahiaeconomica.com.br\/wp\/#\/schema\/logo\/image\/","url":"https:\/\/bahiaeconomica.com.br\/wp\/wp-content\/uploads\/2020\/12\/cropped-BE.png","contentUrl":"https:\/\/bahiaeconomica.com.br\/wp\/wp-content\/uploads\/2020\/12\/cropped-BE.png","width":512,"height":512,"caption":"Bahia Econ\u00f4mica"},"image":{"@id":"https:\/\/bahiaeconomica.com.br\/wp\/#\/schema\/logo\/image\/"},"sameAs":["https:\/\/www.facebook.com\/bahiaeconomica"]},{"@type":"Person","@id":"https:\/\/bahiaeconomica.com.br\/wp\/#\/schema\/person\/756f314c5bfa87c7b43a2850854305a1","name":"DS","sameAs":["https:\/\/bahiaeconomica.com.br\/wp\/beta\/"],"url":"https:\/\/bahiaeconomica.com.br\/wp\/author\/ds\/"}]}},"views":0,"_links":{"self":[{"href":"https:\/\/bahiaeconomica.com.br\/wp\/wp-json\/wp\/v2\/posts\/719894"}],"collection":[{"href":"https:\/\/bahiaeconomica.com.br\/wp\/wp-json\/wp\/v2\/posts"}],"about":[{"href":"https:\/\/bahiaeconomica.com.br\/wp\/wp-json\/wp\/v2\/types\/post"}],"author":[{"embeddable":true,"href":"https:\/\/bahiaeconomica.com.br\/wp\/wp-json\/wp\/v2\/users\/6"}],"replies":[{"embeddable":true,"href":"https:\/\/bahiaeconomica.com.br\/wp\/wp-json\/wp\/v2\/comments?post=719894"}],"version-history":[{"count":1,"href":"https:\/\/bahiaeconomica.com.br\/wp\/wp-json\/wp\/v2\/posts\/719894\/revisions"}],"predecessor-version":[{"id":719896,"href":"https:\/\/bahiaeconomica.com.br\/wp\/wp-json\/wp\/v2\/posts\/719894\/revisions\/719896"}],"wp:featuredmedia":[{"embeddable":true,"href":"https:\/\/bahiaeconomica.com.br\/wp\/wp-json\/wp\/v2\/media\/719895"}],"wp:attachment":[{"href":"https:\/\/bahiaeconomica.com.br\/wp\/wp-json\/wp\/v2\/media?parent=719894"}],"wp:term":[{"taxonomy":"category","embeddable":true,"href":"https:\/\/bahiaeconomica.com.br\/wp\/wp-json\/wp\/v2\/categories?post=719894"},{"taxonomy":"post_tag","embeddable":true,"href":"https:\/\/bahiaeconomica.com.br\/wp\/wp-json\/wp\/v2\/tags?post=719894"}],"curies":[{"name":"wp","href":"https:\/\/api.w.org\/{rel}","templated":true}]}}