{"id":718151,"date":"2023-02-17T09:40:59","date_gmt":"2023-02-17T12:40:59","guid":{"rendered":"https:\/\/bahiaeconomica.com.br\/wp\/beta\/?p=718151"},"modified":"2023-02-17T09:41:02","modified_gmt":"2023-02-17T12:41:02","slug":"vale-luz-inaugura-um-novo-ponto-de-coleta-em-alagoinhas","status":"publish","type":"post","link":"https:\/\/bahiaeconomica.com.br\/wp\/2023\/02\/17\/vale-luz-inaugura-um-novo-ponto-de-coleta-em-alagoinhas\/","title":{"rendered":"VALE LUZ INAUGURA UM NOVO PONTO DE COLETA EM ALAGOINHAS"},"content":{"rendered":"\n<p>Com a inaugura\u00e7\u00e3o no munic\u00edpio, ser\u00e3o ao todo dez pontos fixos do Vale Luz em cidades baianas.<\/p>\n\n\n\n<!--more-->\n\n\n\n<p>Em evento realizado na manh\u00e3 da quinta-feira (16), no Centro de Abastecimento em Alagoinhas, a Neoenergia Coelba entregou mais um novo espa\u00e7o de coleta do Vale Luz \u2013 que oferece descontos na conta de energia na troca por materiais recicl\u00e1veis. A iniciativa \u00e9 fruto de uma parceria celebrada entre a distribuidora e a Prefeitura Municipal da cidade, que construiu e disponibilizou o espa\u00e7o para a operacionaliza\u00e7\u00e3o do projeto. O funcionamento do ecoponto ser\u00e1 de segunda a sexta-feira, das 08h \u00e0s 16h30 (com intervalo das 12h \u00e0s 13h) e aos s\u00e1bados o atendimento ser\u00e1 realizado a partir das 8h at\u00e9 \u00e0s 15h30.<\/p>\n\n\n\n<p>Os descontos com os res\u00edduos aceitos pelo Vale Luz s\u00e3o obtidos mediante peso e valor unit\u00e1rio de cada material. Para participar, basta o cliente separar os res\u00edduos aceitos pelo projeto, que devem estar limpos e secos, informar o c\u00f3digo do cliente (identificado no canto superior direito da conta de energia), que a equipe de atendimento seguir\u00e1 com a pesagem e lan\u00e7amento dos descontos, que ocorrer\u00e1 em at\u00e9 60 dias na conta de energia informada pela cliente.<\/p>\n\n\n\n<p>Al\u00e9m da troca de res\u00edduos s\u00f3lidos por descontos na fatura, tamb\u00e9m, \u00e9 poss\u00edvel realizar a substitui\u00e7\u00e3o de latas de alum\u00ednio ou garrafas pet pelas &#8220;Merrecas&#8221; \u2013 uma moeda fict\u00edcia criada pela Neoenergia Coelba que pode ser revertida em desconto na conta de luz e\/ou l\u00e2mpadas LED. <strong>Apenas neste m\u00eas, o Ecoponto em Alagoinhas contar\u00e1 com uma op\u00e7\u00e3o especial, em que 10 latinhas m\u00e9dias de alum\u00ednio ou 20 garrafas PET, render\u00e1 um real de desconto na conta<\/strong>. Para os pr\u00f3ximos meses o valor da Merreca seguir\u00e1 a cota\u00e7\u00e3o praticada pela ind\u00fastria de reciclagem, que pode variar mensalmente. <\/p>\n\n\n\n<p>Incentivado pelo desconto na fatura de energia, o cliente realiza o descarte correto do material com o Vale Luz, ajuda o meio ambiente, cooperativas e empresas de reciclagem parceiras do projeto, a exemplo da Camapet, Coopmarc, Novelis e Revida. <strong>S\u00e3o aceitos materiais como papel\u00e3o, papel de escrit\u00f3rio, jornais, garrafas PET, sacos pl\u00e1sticos, embalagens de produtos de limpeza, garrafas de vidro, latas de refrigerantes e de outros produtos aliment\u00edcios e embalagens Tetra Pak. <\/strong>Pode ser entregue tamb\u00e9m \u00f3leo de cozinha, que dever\u00e1 estar filtrado e dentro de uma garrafa PET transparente, e o vidro. Al\u00e9m disso, o projeto recebe res\u00edduo eletr\u00f4nico, incluindo televis\u00e3o (exceto tubo), celular, teclado, entre outros.<\/p>\n\n\n\n<p>Foto: Divulga\u00e7\u00e3o\/Neoenergia Coelba<\/p>\n","protected":false},"excerpt":{"rendered":"<p>Com a inaugura\u00e7\u00e3o no munic\u00edpio, ser\u00e3o ao todo dez pontos fixos do Vale Luz em cidades baianas.<\/p>\n","protected":false},"author":10,"featured_media":718152,"comment_status":"closed","ping_status":"closed","sticky":false,"template":"","format":"standard","meta":[],"categories":[3],"tags":[1709,85,11158],"acf":[],"yoast_head":"<!-- This site is optimized with the Yoast SEO plugin v20.8 - https:\/\/yoast.com\/wordpress\/plugins\/seo\/ -->\n<title>VALE LUZ INAUGURA UM NOVO PONTO DE COLETA EM ALAGOINHAS - Bahia Economica<\/title>\n<meta name=\"description\" content=\"O maior portal de Economia da Bahia ECONOMIA \/ POL\u00cdTICA Bahia Economica\" \/>\n<meta name=\"robots\" content=\"index, follow, max-snippet:-1, max-image-preview:large, max-video-preview:-1\" \/>\n<link rel=\"canonical\" href=\"https:\/\/bahiaeconomica.com.br\/wp\/2023\/02\/17\/vale-luz-inaugura-um-novo-ponto-de-coleta-em-alagoinhas\/\" \/>\n<meta property=\"og:locale\" content=\"pt_BR\" \/>\n<meta property=\"og:type\" content=\"article\" \/>\n<meta property=\"og:title\" content=\"VALE LUZ INAUGURA UM NOVO PONTO DE COLETA EM ALAGOINHAS - Bahia Economica\" \/>\n<meta property=\"og:description\" content=\"O maior portal de Economia da Bahia ECONOMIA \/ POL\u00cdTICA Bahia Economica\" \/>\n<meta property=\"og:url\" content=\"https:\/\/bahiaeconomica.com.br\/wp\/2023\/02\/17\/vale-luz-inaugura-um-novo-ponto-de-coleta-em-alagoinhas\/\" \/>\n<meta property=\"og:site_name\" content=\"Bahia Economica\" \/>\n<meta property=\"article:publisher\" content=\"https:\/\/www.facebook.com\/bahiaeconomica\" \/>\n<meta property=\"article:published_time\" content=\"2023-02-17T12:40:59+00:00\" \/>\n<meta property=\"article:modified_time\" content=\"2023-02-17T12:41:02+00:00\" \/>\n<meta property=\"og:image\" content=\"https:\/\/bahiaeconomica.com.br\/wp\/wp-content\/uploads\/2023\/02\/divulgacao-coelba.jpg\" \/>\n\t<meta property=\"og:image:width\" content=\"1271\" \/>\n\t<meta property=\"og:image:height\" content=\"1160\" \/>\n\t<meta property=\"og:image:type\" content=\"image\/jpeg\" \/>\n<meta name=\"author\" content=\"NM\" \/>\n<meta name=\"twitter:card\" content=\"summary_large_image\" \/>\n<meta name=\"twitter:label1\" content=\"Escrito por\" \/>\n\t<meta name=\"twitter:data1\" content=\"NM\" \/>\n\t<meta name=\"twitter:label2\" content=\"Est. tempo de leitura\" \/>\n\t<meta name=\"twitter:data2\" content=\"3 minutos\" \/>\n<script type=\"application\/ld+json\" class=\"yoast-schema-graph\">{\"@context\":\"https:\/\/schema.org\",\"@graph\":[{\"@type\":\"Article\",\"@id\":\"https:\/\/bahiaeconomica.com.br\/wp\/2023\/02\/17\/vale-luz-inaugura-um-novo-ponto-de-coleta-em-alagoinhas\/#article\",\"isPartOf\":{\"@id\":\"https:\/\/bahiaeconomica.com.br\/wp\/2023\/02\/17\/vale-luz-inaugura-um-novo-ponto-de-coleta-em-alagoinhas\/\"},\"author\":{\"name\":\"NM\",\"@id\":\"https:\/\/bahiaeconomica.com.br\/wp\/#\/schema\/person\/638522c9d72fb94b4c1672ac86537fef\"},\"headline\":\"VALE LUZ INAUGURA UM NOVO PONTO DE COLETA EM ALAGOINHAS\",\"datePublished\":\"2023-02-17T12:40:59+00:00\",\"dateModified\":\"2023-02-17T12:41:02+00:00\",\"mainEntityOfPage\":{\"@id\":\"https:\/\/bahiaeconomica.com.br\/wp\/2023\/02\/17\/vale-luz-inaugura-um-novo-ponto-de-coleta-em-alagoinhas\/\"},\"wordCount\":446,\"publisher\":{\"@id\":\"https:\/\/bahiaeconomica.com.br\/wp\/#organization\"},\"keywords\":[\"alagoinhas\",\"Bahia\",\"neoenergia colba\"],\"articleSection\":[\"ECONOMIA \/ POL\u00cdTICA\"],\"inLanguage\":\"pt-BR\"},{\"@type\":\"WebPage\",\"@id\":\"https:\/\/bahiaeconomica.com.br\/wp\/2023\/02\/17\/vale-luz-inaugura-um-novo-ponto-de-coleta-em-alagoinhas\/\",\"url\":\"https:\/\/bahiaeconomica.com.br\/wp\/2023\/02\/17\/vale-luz-inaugura-um-novo-ponto-de-coleta-em-alagoinhas\/\",\"name\":\"VALE LUZ INAUGURA UM NOVO PONTO DE COLETA EM ALAGOINHAS - Bahia Economica\",\"isPartOf\":{\"@id\":\"https:\/\/bahiaeconomica.com.br\/wp\/#website\"},\"datePublished\":\"2023-02-17T12:40:59+00:00\",\"dateModified\":\"2023-02-17T12:41:02+00:00\",\"description\":\"O maior portal de Economia da Bahia ECONOMIA \/ POL\u00cdTICA Bahia Economica\",\"breadcrumb\":{\"@id\":\"https:\/\/bahiaeconomica.com.br\/wp\/2023\/02\/17\/vale-luz-inaugura-um-novo-ponto-de-coleta-em-alagoinhas\/#breadcrumb\"},\"inLanguage\":\"pt-BR\",\"potentialAction\":[{\"@type\":\"ReadAction\",\"target\":[\"https:\/\/bahiaeconomica.com.br\/wp\/2023\/02\/17\/vale-luz-inaugura-um-novo-ponto-de-coleta-em-alagoinhas\/\"]}]},{\"@type\":\"BreadcrumbList\",\"@id\":\"https:\/\/bahiaeconomica.com.br\/wp\/2023\/02\/17\/vale-luz-inaugura-um-novo-ponto-de-coleta-em-alagoinhas\/#breadcrumb\",\"itemListElement\":[{\"@type\":\"ListItem\",\"position\":1,\"name\":\"In\u00edcio\",\"item\":\"https:\/\/bahiaeconomica.com.br\/wp\/\"},{\"@type\":\"ListItem\",\"position\":2,\"name\":\"VALE LUZ INAUGURA UM NOVO PONTO DE COLETA EM ALAGOINHAS\"}]},{\"@type\":\"WebSite\",\"@id\":\"https:\/\/bahiaeconomica.com.br\/wp\/#website\",\"url\":\"https:\/\/bahiaeconomica.com.br\/wp\/\",\"name\":\"Bahia Economica\",\"description\":\"O maior portal de Economia da Bahia\",\"publisher\":{\"@id\":\"https:\/\/bahiaeconomica.com.br\/wp\/#organization\"},\"potentialAction\":[{\"@type\":\"SearchAction\",\"target\":{\"@type\":\"EntryPoint\",\"urlTemplate\":\"https:\/\/bahiaeconomica.com.br\/wp\/?s={search_term_string}\"},\"query-input\":\"required name=search_term_string\"}],\"inLanguage\":\"pt-BR\"},{\"@type\":\"Organization\",\"@id\":\"https:\/\/bahiaeconomica.com.br\/wp\/#organization\",\"name\":\"Bahia Econ\u00f4mica\",\"url\":\"https:\/\/bahiaeconomica.com.br\/wp\/\",\"logo\":{\"@type\":\"ImageObject\",\"inLanguage\":\"pt-BR\",\"@id\":\"https:\/\/bahiaeconomica.com.br\/wp\/#\/schema\/logo\/image\/\",\"url\":\"https:\/\/bahiaeconomica.com.br\/wp\/wp-content\/uploads\/2020\/12\/cropped-BE.png\",\"contentUrl\":\"https:\/\/bahiaeconomica.com.br\/wp\/wp-content\/uploads\/2020\/12\/cropped-BE.png\",\"width\":512,\"height\":512,\"caption\":\"Bahia Econ\u00f4mica\"},\"image\":{\"@id\":\"https:\/\/bahiaeconomica.com.br\/wp\/#\/schema\/logo\/image\/\"},\"sameAs\":[\"https:\/\/www.facebook.com\/bahiaeconomica\"]},{\"@type\":\"Person\",\"@id\":\"https:\/\/bahiaeconomica.com.br\/wp\/#\/schema\/person\/638522c9d72fb94b4c1672ac86537fef\",\"name\":\"NM\",\"sameAs\":[\"https:\/\/bahiaeconomica.com.br\/wp\/beta\/\"],\"url\":\"https:\/\/bahiaeconomica.com.br\/wp\/author\/nm\/\"}]}<\/script>\n<!-- \/ Yoast SEO plugin. -->","yoast_head_json":{"title":"VALE LUZ INAUGURA UM NOVO PONTO DE COLETA EM ALAGOINHAS - Bahia Economica","description":"O maior portal de Economia da Bahia ECONOMIA \/ POL\u00cdTICA Bahia Economica","robots":{"index":"index","follow":"follow","max-snippet":"max-snippet:-1","max-image-preview":"max-image-preview:large","max-video-preview":"max-video-preview:-1"},"canonical":"https:\/\/bahiaeconomica.com.br\/wp\/2023\/02\/17\/vale-luz-inaugura-um-novo-ponto-de-coleta-em-alagoinhas\/","og_locale":"pt_BR","og_type":"article","og_title":"VALE LUZ INAUGURA UM NOVO PONTO DE COLETA EM ALAGOINHAS - Bahia Economica","og_description":"O maior portal de Economia da Bahia ECONOMIA \/ POL\u00cdTICA Bahia Economica","og_url":"https:\/\/bahiaeconomica.com.br\/wp\/2023\/02\/17\/vale-luz-inaugura-um-novo-ponto-de-coleta-em-alagoinhas\/","og_site_name":"Bahia Economica","article_publisher":"https:\/\/www.facebook.com\/bahiaeconomica","article_published_time":"2023-02-17T12:40:59+00:00","article_modified_time":"2023-02-17T12:41:02+00:00","og_image":[{"width":1271,"height":1160,"url":"https:\/\/bahiaeconomica.com.br\/wp\/wp-content\/uploads\/2023\/02\/divulgacao-coelba.jpg","type":"image\/jpeg"}],"author":"NM","twitter_card":"summary_large_image","twitter_misc":{"Escrito por":"NM","Est. tempo de leitura":"3 minutos"},"schema":{"@context":"https:\/\/schema.org","@graph":[{"@type":"Article","@id":"https:\/\/bahiaeconomica.com.br\/wp\/2023\/02\/17\/vale-luz-inaugura-um-novo-ponto-de-coleta-em-alagoinhas\/#article","isPartOf":{"@id":"https:\/\/bahiaeconomica.com.br\/wp\/2023\/02\/17\/vale-luz-inaugura-um-novo-ponto-de-coleta-em-alagoinhas\/"},"author":{"name":"NM","@id":"https:\/\/bahiaeconomica.com.br\/wp\/#\/schema\/person\/638522c9d72fb94b4c1672ac86537fef"},"headline":"VALE LUZ INAUGURA UM NOVO PONTO DE COLETA EM ALAGOINHAS","datePublished":"2023-02-17T12:40:59+00:00","dateModified":"2023-02-17T12:41:02+00:00","mainEntityOfPage":{"@id":"https:\/\/bahiaeconomica.com.br\/wp\/2023\/02\/17\/vale-luz-inaugura-um-novo-ponto-de-coleta-em-alagoinhas\/"},"wordCount":446,"publisher":{"@id":"https:\/\/bahiaeconomica.com.br\/wp\/#organization"},"keywords":["alagoinhas","Bahia","neoenergia colba"],"articleSection":["ECONOMIA \/ POL\u00cdTICA"],"inLanguage":"pt-BR"},{"@type":"WebPage","@id":"https:\/\/bahiaeconomica.com.br\/wp\/2023\/02\/17\/vale-luz-inaugura-um-novo-ponto-de-coleta-em-alagoinhas\/","url":"https:\/\/bahiaeconomica.com.br\/wp\/2023\/02\/17\/vale-luz-inaugura-um-novo-ponto-de-coleta-em-alagoinhas\/","name":"VALE LUZ INAUGURA UM NOVO PONTO DE COLETA EM ALAGOINHAS - Bahia Economica","isPartOf":{"@id":"https:\/\/bahiaeconomica.com.br\/wp\/#website"},"datePublished":"2023-02-17T12:40:59+00:00","dateModified":"2023-02-17T12:41:02+00:00","description":"O maior portal de Economia da Bahia ECONOMIA \/ POL\u00cdTICA Bahia Economica","breadcrumb":{"@id":"https:\/\/bahiaeconomica.com.br\/wp\/2023\/02\/17\/vale-luz-inaugura-um-novo-ponto-de-coleta-em-alagoinhas\/#breadcrumb"},"inLanguage":"pt-BR","potentialAction":[{"@type":"ReadAction","target":["https:\/\/bahiaeconomica.com.br\/wp\/2023\/02\/17\/vale-luz-inaugura-um-novo-ponto-de-coleta-em-alagoinhas\/"]}]},{"@type":"BreadcrumbList","@id":"https:\/\/bahiaeconomica.com.br\/wp\/2023\/02\/17\/vale-luz-inaugura-um-novo-ponto-de-coleta-em-alagoinhas\/#breadcrumb","itemListElement":[{"@type":"ListItem","position":1,"name":"In\u00edcio","item":"https:\/\/bahiaeconomica.com.br\/wp\/"},{"@type":"ListItem","position":2,"name":"VALE LUZ INAUGURA UM NOVO PONTO DE COLETA EM ALAGOINHAS"}]},{"@type":"WebSite","@id":"https:\/\/bahiaeconomica.com.br\/wp\/#website","url":"https:\/\/bahiaeconomica.com.br\/wp\/","name":"Bahia Economica","description":"O maior portal de Economia da Bahia","publisher":{"@id":"https:\/\/bahiaeconomica.com.br\/wp\/#organization"},"potentialAction":[{"@type":"SearchAction","target":{"@type":"EntryPoint","urlTemplate":"https:\/\/bahiaeconomica.com.br\/wp\/?s={search_term_string}"},"query-input":"required name=search_term_string"}],"inLanguage":"pt-BR"},{"@type":"Organization","@id":"https:\/\/bahiaeconomica.com.br\/wp\/#organization","name":"Bahia Econ\u00f4mica","url":"https:\/\/bahiaeconomica.com.br\/wp\/","logo":{"@type":"ImageObject","inLanguage":"pt-BR","@id":"https:\/\/bahiaeconomica.com.br\/wp\/#\/schema\/logo\/image\/","url":"https:\/\/bahiaeconomica.com.br\/wp\/wp-content\/uploads\/2020\/12\/cropped-BE.png","contentUrl":"https:\/\/bahiaeconomica.com.br\/wp\/wp-content\/uploads\/2020\/12\/cropped-BE.png","width":512,"height":512,"caption":"Bahia Econ\u00f4mica"},"image":{"@id":"https:\/\/bahiaeconomica.com.br\/wp\/#\/schema\/logo\/image\/"},"sameAs":["https:\/\/www.facebook.com\/bahiaeconomica"]},{"@type":"Person","@id":"https:\/\/bahiaeconomica.com.br\/wp\/#\/schema\/person\/638522c9d72fb94b4c1672ac86537fef","name":"NM","sameAs":["https:\/\/bahiaeconomica.com.br\/wp\/beta\/"],"url":"https:\/\/bahiaeconomica.com.br\/wp\/author\/nm\/"}]}},"views":30,"_links":{"self":[{"href":"https:\/\/bahiaeconomica.com.br\/wp\/wp-json\/wp\/v2\/posts\/718151"}],"collection":[{"href":"https:\/\/bahiaeconomica.com.br\/wp\/wp-json\/wp\/v2\/posts"}],"about":[{"href":"https:\/\/bahiaeconomica.com.br\/wp\/wp-json\/wp\/v2\/types\/post"}],"author":[{"embeddable":true,"href":"https:\/\/bahiaeconomica.com.br\/wp\/wp-json\/wp\/v2\/users\/10"}],"replies":[{"embeddable":true,"href":"https:\/\/bahiaeconomica.com.br\/wp\/wp-json\/wp\/v2\/comments?post=718151"}],"version-history":[{"count":1,"href":"https:\/\/bahiaeconomica.com.br\/wp\/wp-json\/wp\/v2\/posts\/718151\/revisions"}],"predecessor-version":[{"id":718153,"href":"https:\/\/bahiaeconomica.com.br\/wp\/wp-json\/wp\/v2\/posts\/718151\/revisions\/718153"}],"wp:featuredmedia":[{"embeddable":true,"href":"https:\/\/bahiaeconomica.com.br\/wp\/wp-json\/wp\/v2\/media\/718152"}],"wp:attachment":[{"href":"https:\/\/bahiaeconomica.com.br\/wp\/wp-json\/wp\/v2\/media?parent=718151"}],"wp:term":[{"taxonomy":"category","embeddable":true,"href":"https:\/\/bahiaeconomica.com.br\/wp\/wp-json\/wp\/v2\/categories?post=718151"},{"taxonomy":"post_tag","embeddable":true,"href":"https:\/\/bahiaeconomica.com.br\/wp\/wp-json\/wp\/v2\/tags?post=718151"}],"curies":[{"name":"wp","href":"https:\/\/api.w.org\/{rel}","templated":true}]}}