{"id":717703,"date":"2023-02-15T13:20:00","date_gmt":"2023-02-15T16:20:00","guid":{"rendered":"https:\/\/bahiaeconomica.com.br\/wp\/beta\/?p=717703"},"modified":"2023-02-15T13:44:28","modified_gmt":"2023-02-15T16:44:28","slug":"haddad-destaca-arrecadacao-maior-e-critica-reacao-do-bc-a-ruidos","status":"publish","type":"post","link":"https:\/\/bahiaeconomica.com.br\/wp\/2023\/02\/15\/haddad-destaca-arrecadacao-maior-e-critica-reacao-do-bc-a-ruidos\/","title":{"rendered":"HADDAD DESTACA ARRECADA\u00c7\u00c3O MAIOR E CRITICA BC"},"content":{"rendered":"\n<p>O ministro da Fazenda, Fernando Haddad, disse ainda hoje que a receita do governo em janeiro ficou R$ 19 bilh\u00f5es acima do previsto, sendo R$ 6 bilh\u00f5es de dividendos da Petrobras que deveriam <\/p>\n\n\n\n<!--more-->\n\n\n\n<p>ter distribu\u00eddo em dezembro. \u201cMas foram R$ 13 bilh\u00f5es a mais\u201d, destacou, observando que h\u00e1 espa\u00e7o para melhora das receitas do governo. Segundo ele, h\u00e1 mudan\u00e7as que beneficiam a arrecada\u00e7\u00e3o, como as mudan\u00e7as no Conselho de Recursos Fiscais, o Carf, a reonera\u00e7\u00e3o de combust\u00edveis, que dever\u00e1 ter uma decis\u00e3o neste m\u00eas, e a revis\u00e3o dos gastos do governo, o que deve levar o pa\u00eds a um d\u00e9ficit prim\u00e1rio de 1% do PIB neste ano. \u201cSe continuarmos nessa toada, que tem anualidade, se for nessa toada, a cada m\u00eas, vai-se projetando um cen\u00e1rio melhor\u201d, afirmou. <\/p>\n\n\n\n<p>Ele destacou, por\u00e9m, que n\u00e3o existe em lugar do mundo que se olha apenas para a autoridade fiscal. O ministro criticou ainda o Banco Central, afirmando que \u201clamenta que a autoridade monet\u00e1ria se deixa levar por ru\u00eddo, quando tem de ir por fundamento, tem de ir pelo real, e n\u00e3o pode se deixar levar pelo estresse moment\u00e2neo\u201d. Em seguida, ele citou o caso da Americanas, que \u201cprovocou um tombo de 0,5% do PIB, e estamos esperando at\u00e9 agora um pronunciamento\u201d. <\/p>\n\n\n\n<p>Segundo Haddad, o caso s\u00f3 veio \u00e0 tona \u201cpor causa da taxa de juros, se n\u00e3o podia rolar aquela bagun\u00e7a por mais 4, 5 anos\u201d. Ele citou o impacto em outras empresas, afirmando que \u201cfoi uma fraude, mas daqui dois ou tr\u00eas meses, aquele que trabalhou direitinho, ser\u00e1 que vai suportar isso?\u201d. Por isso, disse, tem de haver combina\u00e7\u00e3o das pol\u00edticas. Ele acrescentou que \u201ctodo dia se conversa, Fazenda e BC, n\u00e3o tem como n\u00e3o se falar\u201d e que \u201centendo que \u00e9 ru\u00eddo, o nervosismo toma conta, tem muitos recursos envolvidos, mas n\u00e3o vejo motivo para se preocupar com isso neste momento\u201d, afirmou. \u201cPrecisamos nos preocupar com os problemas reais, que podemos solucionar\u201d.<\/p>\n\n\n\n<p>As informa\u00e7\u00f5es s\u00e3o do governo federal  <\/p>\n\n\n\n<p>Foto: Washington Costa\/MF<\/p>\n","protected":false},"excerpt":{"rendered":"<p>O ministro da Fazenda, Fernando Haddad, disse ainda hoje que a receita do governo em janeiro ficou R$ 19 bilh\u00f5es acima do previsto, sendo R$ 6 bilh\u00f5es de dividendos da Petrobras que deveriam<\/p>\n","protected":false},"author":8,"featured_media":717705,"comment_status":"closed","ping_status":"closed","sticky":false,"template":"","format":"standard","meta":[],"categories":[14,3],"tags":[52,7563,2785,100],"acf":[],"yoast_head":"<!-- This site is optimized with the Yoast SEO plugin v20.8 - https:\/\/yoast.com\/wordpress\/plugins\/seo\/ -->\n<title>HADDAD DESTACA ARRECADA\u00c7\u00c3O MAIOR E CRITICA BC - Bahia Economica<\/title>\n<meta name=\"description\" content=\"O ministro da Fazenda, Fernando Haddad, disse ainda hoje que a receita do governo em janeiro ficou R$ 19 bilh\u00f5es acima do previsto\" \/>\n<meta name=\"robots\" content=\"index, follow, max-snippet:-1, max-image-preview:large, max-video-preview:-1\" \/>\n<link rel=\"canonical\" href=\"https:\/\/bahiaeconomica.com.br\/wp\/2023\/02\/15\/haddad-destaca-arrecadacao-maior-e-critica-reacao-do-bc-a-ruidos\/\" \/>\n<meta property=\"og:locale\" content=\"pt_BR\" \/>\n<meta property=\"og:type\" content=\"article\" \/>\n<meta property=\"og:title\" content=\"HADDAD DESTACA ARRECADA\u00c7\u00c3O MAIOR E CRITICA BC - Bahia Economica\" \/>\n<meta property=\"og:description\" content=\"O ministro da Fazenda, Fernando Haddad, disse ainda hoje que a receita do governo em janeiro ficou R$ 19 bilh\u00f5es acima do previsto\" \/>\n<meta property=\"og:url\" content=\"https:\/\/bahiaeconomica.com.br\/wp\/2023\/02\/15\/haddad-destaca-arrecadacao-maior-e-critica-reacao-do-bc-a-ruidos\/\" \/>\n<meta property=\"og:site_name\" content=\"Bahia Economica\" \/>\n<meta property=\"article:publisher\" content=\"https:\/\/www.facebook.com\/bahiaeconomica\" \/>\n<meta property=\"article:published_time\" content=\"2023-02-15T16:20:00+00:00\" \/>\n<meta property=\"article:modified_time\" content=\"2023-02-15T16:44:28+00:00\" \/>\n<meta property=\"og:image\" content=\"https:\/\/bahiaeconomica.com.br\/wp\/wp-content\/uploads\/2023\/02\/fernando_haddad_ministro_fazenda_18.webp\" \/>\n\t<meta property=\"og:image:width\" content=\"876\" \/>\n\t<meta property=\"og:image:height\" content=\"484\" \/>\n\t<meta property=\"og:image:type\" content=\"image\/webp\" \/>\n<meta name=\"author\" content=\"JP\" \/>\n<meta name=\"twitter:card\" content=\"summary_large_image\" \/>\n<meta name=\"twitter:label1\" content=\"Escrito por\" \/>\n\t<meta name=\"twitter:data1\" content=\"JP\" \/>\n\t<meta name=\"twitter:label2\" content=\"Est. tempo de leitura\" \/>\n\t<meta name=\"twitter:data2\" content=\"2 minutos\" \/>\n<script type=\"application\/ld+json\" class=\"yoast-schema-graph\">{\"@context\":\"https:\/\/schema.org\",\"@graph\":[{\"@type\":\"Article\",\"@id\":\"https:\/\/bahiaeconomica.com.br\/wp\/2023\/02\/15\/haddad-destaca-arrecadacao-maior-e-critica-reacao-do-bc-a-ruidos\/#article\",\"isPartOf\":{\"@id\":\"https:\/\/bahiaeconomica.com.br\/wp\/2023\/02\/15\/haddad-destaca-arrecadacao-maior-e-critica-reacao-do-bc-a-ruidos\/\"},\"author\":{\"name\":\"JP\",\"@id\":\"https:\/\/bahiaeconomica.com.br\/wp\/#\/schema\/person\/c86d3a3f8960425a0f9d0e5245991f4e\"},\"headline\":\"HADDAD DESTACA ARRECADA\u00c7\u00c3O MAIOR E CRITICA BC\",\"datePublished\":\"2023-02-15T16:20:00+00:00\",\"dateModified\":\"2023-02-15T16:44:28+00:00\",\"mainEntityOfPage\":{\"@id\":\"https:\/\/bahiaeconomica.com.br\/wp\/2023\/02\/15\/haddad-destaca-arrecadacao-maior-e-critica-reacao-do-bc-a-ruidos\/\"},\"wordCount\":364,\"publisher\":{\"@id\":\"https:\/\/bahiaeconomica.com.br\/wp\/#organization\"},\"keywords\":[\"Brasil\",\"fernando\",\"Haddad\",\"Pol\u00edtica\"],\"articleSection\":[\"DESTAQUE DO DIA\",\"ECONOMIA \/ POL\u00cdTICA\"],\"inLanguage\":\"pt-BR\"},{\"@type\":\"WebPage\",\"@id\":\"https:\/\/bahiaeconomica.com.br\/wp\/2023\/02\/15\/haddad-destaca-arrecadacao-maior-e-critica-reacao-do-bc-a-ruidos\/\",\"url\":\"https:\/\/bahiaeconomica.com.br\/wp\/2023\/02\/15\/haddad-destaca-arrecadacao-maior-e-critica-reacao-do-bc-a-ruidos\/\",\"name\":\"HADDAD DESTACA ARRECADA\u00c7\u00c3O MAIOR E CRITICA BC - Bahia Economica\",\"isPartOf\":{\"@id\":\"https:\/\/bahiaeconomica.com.br\/wp\/#website\"},\"datePublished\":\"2023-02-15T16:20:00+00:00\",\"dateModified\":\"2023-02-15T16:44:28+00:00\",\"description\":\"O ministro da Fazenda, Fernando Haddad, disse ainda hoje que a receita do governo em janeiro ficou R$ 19 bilh\u00f5es acima do previsto\",\"breadcrumb\":{\"@id\":\"https:\/\/bahiaeconomica.com.br\/wp\/2023\/02\/15\/haddad-destaca-arrecadacao-maior-e-critica-reacao-do-bc-a-ruidos\/#breadcrumb\"},\"inLanguage\":\"pt-BR\",\"potentialAction\":[{\"@type\":\"ReadAction\",\"target\":[\"https:\/\/bahiaeconomica.com.br\/wp\/2023\/02\/15\/haddad-destaca-arrecadacao-maior-e-critica-reacao-do-bc-a-ruidos\/\"]}]},{\"@type\":\"BreadcrumbList\",\"@id\":\"https:\/\/bahiaeconomica.com.br\/wp\/2023\/02\/15\/haddad-destaca-arrecadacao-maior-e-critica-reacao-do-bc-a-ruidos\/#breadcrumb\",\"itemListElement\":[{\"@type\":\"ListItem\",\"position\":1,\"name\":\"In\u00edcio\",\"item\":\"https:\/\/bahiaeconomica.com.br\/wp\/\"},{\"@type\":\"ListItem\",\"position\":2,\"name\":\"HADDAD DESTACA ARRECADA\u00c7\u00c3O MAIOR E CRITICA BC\"}]},{\"@type\":\"WebSite\",\"@id\":\"https:\/\/bahiaeconomica.com.br\/wp\/#website\",\"url\":\"https:\/\/bahiaeconomica.com.br\/wp\/\",\"name\":\"Bahia Economica\",\"description\":\"O maior portal de Economia da Bahia\",\"publisher\":{\"@id\":\"https:\/\/bahiaeconomica.com.br\/wp\/#organization\"},\"potentialAction\":[{\"@type\":\"SearchAction\",\"target\":{\"@type\":\"EntryPoint\",\"urlTemplate\":\"https:\/\/bahiaeconomica.com.br\/wp\/?s={search_term_string}\"},\"query-input\":\"required name=search_term_string\"}],\"inLanguage\":\"pt-BR\"},{\"@type\":\"Organization\",\"@id\":\"https:\/\/bahiaeconomica.com.br\/wp\/#organization\",\"name\":\"Bahia Econ\u00f4mica\",\"url\":\"https:\/\/bahiaeconomica.com.br\/wp\/\",\"logo\":{\"@type\":\"ImageObject\",\"inLanguage\":\"pt-BR\",\"@id\":\"https:\/\/bahiaeconomica.com.br\/wp\/#\/schema\/logo\/image\/\",\"url\":\"https:\/\/bahiaeconomica.com.br\/wp\/wp-content\/uploads\/2020\/12\/cropped-BE.png\",\"contentUrl\":\"https:\/\/bahiaeconomica.com.br\/wp\/wp-content\/uploads\/2020\/12\/cropped-BE.png\",\"width\":512,\"height\":512,\"caption\":\"Bahia Econ\u00f4mica\"},\"image\":{\"@id\":\"https:\/\/bahiaeconomica.com.br\/wp\/#\/schema\/logo\/image\/\"},\"sameAs\":[\"https:\/\/www.facebook.com\/bahiaeconomica\"]},{\"@type\":\"Person\",\"@id\":\"https:\/\/bahiaeconomica.com.br\/wp\/#\/schema\/person\/c86d3a3f8960425a0f9d0e5245991f4e\",\"name\":\"JP\",\"sameAs\":[\"https:\/\/bahiaeconomica.com.br\/wp\/beta\/\"],\"url\":\"https:\/\/bahiaeconomica.com.br\/wp\/author\/jp\/\"}]}<\/script>\n<!-- \/ Yoast SEO plugin. -->","yoast_head_json":{"title":"HADDAD DESTACA ARRECADA\u00c7\u00c3O MAIOR E CRITICA BC - Bahia Economica","description":"O ministro da Fazenda, Fernando Haddad, disse ainda hoje que a receita do governo em janeiro ficou R$ 19 bilh\u00f5es acima do previsto","robots":{"index":"index","follow":"follow","max-snippet":"max-snippet:-1","max-image-preview":"max-image-preview:large","max-video-preview":"max-video-preview:-1"},"canonical":"https:\/\/bahiaeconomica.com.br\/wp\/2023\/02\/15\/haddad-destaca-arrecadacao-maior-e-critica-reacao-do-bc-a-ruidos\/","og_locale":"pt_BR","og_type":"article","og_title":"HADDAD DESTACA ARRECADA\u00c7\u00c3O MAIOR E CRITICA BC - Bahia Economica","og_description":"O ministro da Fazenda, Fernando Haddad, disse ainda hoje que a receita do governo em janeiro ficou R$ 19 bilh\u00f5es acima do previsto","og_url":"https:\/\/bahiaeconomica.com.br\/wp\/2023\/02\/15\/haddad-destaca-arrecadacao-maior-e-critica-reacao-do-bc-a-ruidos\/","og_site_name":"Bahia Economica","article_publisher":"https:\/\/www.facebook.com\/bahiaeconomica","article_published_time":"2023-02-15T16:20:00+00:00","article_modified_time":"2023-02-15T16:44:28+00:00","og_image":[{"width":876,"height":484,"url":"https:\/\/bahiaeconomica.com.br\/wp\/wp-content\/uploads\/2023\/02\/fernando_haddad_ministro_fazenda_18.webp","type":"image\/webp"}],"author":"JP","twitter_card":"summary_large_image","twitter_misc":{"Escrito por":"JP","Est. tempo de leitura":"2 minutos"},"schema":{"@context":"https:\/\/schema.org","@graph":[{"@type":"Article","@id":"https:\/\/bahiaeconomica.com.br\/wp\/2023\/02\/15\/haddad-destaca-arrecadacao-maior-e-critica-reacao-do-bc-a-ruidos\/#article","isPartOf":{"@id":"https:\/\/bahiaeconomica.com.br\/wp\/2023\/02\/15\/haddad-destaca-arrecadacao-maior-e-critica-reacao-do-bc-a-ruidos\/"},"author":{"name":"JP","@id":"https:\/\/bahiaeconomica.com.br\/wp\/#\/schema\/person\/c86d3a3f8960425a0f9d0e5245991f4e"},"headline":"HADDAD DESTACA ARRECADA\u00c7\u00c3O MAIOR E CRITICA BC","datePublished":"2023-02-15T16:20:00+00:00","dateModified":"2023-02-15T16:44:28+00:00","mainEntityOfPage":{"@id":"https:\/\/bahiaeconomica.com.br\/wp\/2023\/02\/15\/haddad-destaca-arrecadacao-maior-e-critica-reacao-do-bc-a-ruidos\/"},"wordCount":364,"publisher":{"@id":"https:\/\/bahiaeconomica.com.br\/wp\/#organization"},"keywords":["Brasil","fernando","Haddad","Pol\u00edtica"],"articleSection":["DESTAQUE DO DIA","ECONOMIA \/ POL\u00cdTICA"],"inLanguage":"pt-BR"},{"@type":"WebPage","@id":"https:\/\/bahiaeconomica.com.br\/wp\/2023\/02\/15\/haddad-destaca-arrecadacao-maior-e-critica-reacao-do-bc-a-ruidos\/","url":"https:\/\/bahiaeconomica.com.br\/wp\/2023\/02\/15\/haddad-destaca-arrecadacao-maior-e-critica-reacao-do-bc-a-ruidos\/","name":"HADDAD DESTACA ARRECADA\u00c7\u00c3O MAIOR E CRITICA BC - Bahia Economica","isPartOf":{"@id":"https:\/\/bahiaeconomica.com.br\/wp\/#website"},"datePublished":"2023-02-15T16:20:00+00:00","dateModified":"2023-02-15T16:44:28+00:00","description":"O ministro da Fazenda, Fernando Haddad, disse ainda hoje que a receita do governo em janeiro ficou R$ 19 bilh\u00f5es acima do previsto","breadcrumb":{"@id":"https:\/\/bahiaeconomica.com.br\/wp\/2023\/02\/15\/haddad-destaca-arrecadacao-maior-e-critica-reacao-do-bc-a-ruidos\/#breadcrumb"},"inLanguage":"pt-BR","potentialAction":[{"@type":"ReadAction","target":["https:\/\/bahiaeconomica.com.br\/wp\/2023\/02\/15\/haddad-destaca-arrecadacao-maior-e-critica-reacao-do-bc-a-ruidos\/"]}]},{"@type":"BreadcrumbList","@id":"https:\/\/bahiaeconomica.com.br\/wp\/2023\/02\/15\/haddad-destaca-arrecadacao-maior-e-critica-reacao-do-bc-a-ruidos\/#breadcrumb","itemListElement":[{"@type":"ListItem","position":1,"name":"In\u00edcio","item":"https:\/\/bahiaeconomica.com.br\/wp\/"},{"@type":"ListItem","position":2,"name":"HADDAD DESTACA ARRECADA\u00c7\u00c3O MAIOR E CRITICA BC"}]},{"@type":"WebSite","@id":"https:\/\/bahiaeconomica.com.br\/wp\/#website","url":"https:\/\/bahiaeconomica.com.br\/wp\/","name":"Bahia Economica","description":"O maior portal de Economia da Bahia","publisher":{"@id":"https:\/\/bahiaeconomica.com.br\/wp\/#organization"},"potentialAction":[{"@type":"SearchAction","target":{"@type":"EntryPoint","urlTemplate":"https:\/\/bahiaeconomica.com.br\/wp\/?s={search_term_string}"},"query-input":"required name=search_term_string"}],"inLanguage":"pt-BR"},{"@type":"Organization","@id":"https:\/\/bahiaeconomica.com.br\/wp\/#organization","name":"Bahia Econ\u00f4mica","url":"https:\/\/bahiaeconomica.com.br\/wp\/","logo":{"@type":"ImageObject","inLanguage":"pt-BR","@id":"https:\/\/bahiaeconomica.com.br\/wp\/#\/schema\/logo\/image\/","url":"https:\/\/bahiaeconomica.com.br\/wp\/wp-content\/uploads\/2020\/12\/cropped-BE.png","contentUrl":"https:\/\/bahiaeconomica.com.br\/wp\/wp-content\/uploads\/2020\/12\/cropped-BE.png","width":512,"height":512,"caption":"Bahia Econ\u00f4mica"},"image":{"@id":"https:\/\/bahiaeconomica.com.br\/wp\/#\/schema\/logo\/image\/"},"sameAs":["https:\/\/www.facebook.com\/bahiaeconomica"]},{"@type":"Person","@id":"https:\/\/bahiaeconomica.com.br\/wp\/#\/schema\/person\/c86d3a3f8960425a0f9d0e5245991f4e","name":"JP","sameAs":["https:\/\/bahiaeconomica.com.br\/wp\/beta\/"],"url":"https:\/\/bahiaeconomica.com.br\/wp\/author\/jp\/"}]}},"views":2,"_links":{"self":[{"href":"https:\/\/bahiaeconomica.com.br\/wp\/wp-json\/wp\/v2\/posts\/717703"}],"collection":[{"href":"https:\/\/bahiaeconomica.com.br\/wp\/wp-json\/wp\/v2\/posts"}],"about":[{"href":"https:\/\/bahiaeconomica.com.br\/wp\/wp-json\/wp\/v2\/types\/post"}],"author":[{"embeddable":true,"href":"https:\/\/bahiaeconomica.com.br\/wp\/wp-json\/wp\/v2\/users\/8"}],"replies":[{"embeddable":true,"href":"https:\/\/bahiaeconomica.com.br\/wp\/wp-json\/wp\/v2\/comments?post=717703"}],"version-history":[{"count":2,"href":"https:\/\/bahiaeconomica.com.br\/wp\/wp-json\/wp\/v2\/posts\/717703\/revisions"}],"predecessor-version":[{"id":717732,"href":"https:\/\/bahiaeconomica.com.br\/wp\/wp-json\/wp\/v2\/posts\/717703\/revisions\/717732"}],"wp:featuredmedia":[{"embeddable":true,"href":"https:\/\/bahiaeconomica.com.br\/wp\/wp-json\/wp\/v2\/media\/717705"}],"wp:attachment":[{"href":"https:\/\/bahiaeconomica.com.br\/wp\/wp-json\/wp\/v2\/media?parent=717703"}],"wp:term":[{"taxonomy":"category","embeddable":true,"href":"https:\/\/bahiaeconomica.com.br\/wp\/wp-json\/wp\/v2\/categories?post=717703"},{"taxonomy":"post_tag","embeddable":true,"href":"https:\/\/bahiaeconomica.com.br\/wp\/wp-json\/wp\/v2\/tags?post=717703"}],"curies":[{"name":"wp","href":"https:\/\/api.w.org\/{rel}","templated":true}]}}