{"id":716581,"date":"2023-02-09T18:43:37","date_gmt":"2023-02-09T21:43:37","guid":{"rendered":"https:\/\/bahiaeconomica.com.br\/wp\/beta\/?p=716581"},"modified":"2023-02-09T18:43:44","modified_gmt":"2023-02-09T21:43:44","slug":"carnaval-da-bahia-homenageara-moraes-moreira-e-outros-artistas","status":"publish","type":"post","link":"https:\/\/bahiaeconomica.com.br\/wp\/2023\/02\/09\/carnaval-da-bahia-homenageara-moraes-moreira-e-outros-artistas\/","title":{"rendered":"CARNAVAL DA BAHIA HOMENAGEAR\u00c1 MORAES MOREIRA E OUTROS ARTISTAS"},"content":{"rendered":"\n<p>Informa\u00e7\u00e3o foi divulgada nessa quarta (08), durante evento de divulga\u00e7\u00e3o da programa\u00e7\u00e3o do carnaval do Governo do Estado, em Salvador<\/p>\n\n\n\n<!--more-->\n\n\n\n<p><em>Por: Douglas Santana Ferreira<\/em><\/p>\n\n\n\n<p>O Carnaval da Bahia ser\u00e1 em homenagem ao cantor Moraes Moreira, primeiro cantor de trio el\u00e9trico, que faleceu em 2020 e era presen\u00e7a certa na folia momesca.<\/p>\n\n\n\n<p>De acordo com o governo do Estado, em an\u00fancio oficial feita na quarta-feira (08), a homenagem a Moraes estar\u00e1 nas pe\u00e7as gr\u00e1ficas do governo. Os trios el\u00e9tricos e palcos do governo ter\u00e3o estampados o rosto do cantor, no primeiro carnaval desde o seu falecimento.<\/p>\n\n\n\n<p>&#8220;Temos diversos motivos para escolher Moraes e um dele foi a perda desse artista. Ele era baiano e foi o primeiro que cantou em cima de um trio, demarcando o espa\u00e7o da nossa cultura carnavalesca&#8221;, disse o governador Jer\u00f4nimo Rodrigues (PT).<\/p>\n\n\n\n<p>Al\u00e9m do Novo Baiano, Moraes Moreira, outros artistas baianos que morreram entre 2020 e 2022 tamb\u00e9m ser\u00e3o homenageados. Entre eles, est\u00e3o: Gal Costa, Letieres Leite, Riach\u00e3o e Zelito Miranda.<\/p>\n\n\n\n<p><\/p>\n\n\n\n<p><\/p>\n\n\n\n<p><\/p>\n\n\n\n<p>Foto: Redes Sociais\/Reprodu\u00e7\u00e3o\/g1 bahia<\/p>\n","protected":false},"excerpt":{"rendered":"<p>Informa\u00e7\u00e3o foi divulgada nessa quarta (08), durante evento de divulga\u00e7\u00e3o da programa\u00e7\u00e3o do carnaval do Governo do Estado, em Salvador<\/p>\n","protected":false},"author":6,"featured_media":716582,"comment_status":"closed","ping_status":"closed","sticky":false,"template":"","format":"standard","meta":[],"categories":[14,3],"tags":[85,7268,233,4701,10996,100,73],"acf":[],"yoast_head":"<!-- This site is optimized with the Yoast SEO plugin v20.8 - https:\/\/yoast.com\/wordpress\/plugins\/seo\/ -->\n<title>CARNAVAL DA BAHIA HOMENAGEAR\u00c1 MORAES MOREIRA E OUTROS ARTISTAS - Bahia Economica<\/title>\n<meta name=\"description\" content=\"Informa\u00e7\u00e3o foi divulgada nessa quarta (08), durante evento de divulga\u00e7\u00e3o da programa\u00e7\u00e3o do carnaval do Governo do Estado, em Salvador\" \/>\n<meta name=\"robots\" content=\"index, follow, max-snippet:-1, max-image-preview:large, max-video-preview:-1\" \/>\n<link rel=\"canonical\" href=\"https:\/\/bahiaeconomica.com.br\/wp\/2023\/02\/09\/carnaval-da-bahia-homenageara-moraes-moreira-e-outros-artistas\/\" \/>\n<meta property=\"og:locale\" content=\"pt_BR\" \/>\n<meta property=\"og:type\" content=\"article\" \/>\n<meta property=\"og:title\" content=\"CARNAVAL DA BAHIA HOMENAGEAR\u00c1 MORAES MOREIRA E OUTROS ARTISTAS - Bahia Economica\" \/>\n<meta property=\"og:description\" content=\"Informa\u00e7\u00e3o foi divulgada nessa quarta (08), durante evento de divulga\u00e7\u00e3o da programa\u00e7\u00e3o do carnaval do Governo do Estado, em Salvador\" \/>\n<meta property=\"og:url\" content=\"https:\/\/bahiaeconomica.com.br\/wp\/2023\/02\/09\/carnaval-da-bahia-homenageara-moraes-moreira-e-outros-artistas\/\" \/>\n<meta property=\"og:site_name\" content=\"Bahia Economica\" \/>\n<meta property=\"article:publisher\" content=\"https:\/\/www.facebook.com\/bahiaeconomica\" \/>\n<meta property=\"article:published_time\" content=\"2023-02-09T21:43:37+00:00\" \/>\n<meta property=\"article:modified_time\" content=\"2023-02-09T21:43:44+00:00\" \/>\n<meta property=\"og:image\" content=\"https:\/\/bahiaeconomica.com.br\/wp\/wp-content\/uploads\/2023\/02\/baleia-4-.jpg\" \/>\n\t<meta property=\"og:image:width\" content=\"360\" \/>\n\t<meta property=\"og:image:height\" content=\"220\" \/>\n\t<meta property=\"og:image:type\" content=\"image\/jpeg\" \/>\n<meta name=\"author\" content=\"DS\" \/>\n<meta name=\"twitter:card\" content=\"summary_large_image\" \/>\n<meta name=\"twitter:label1\" content=\"Escrito por\" \/>\n\t<meta name=\"twitter:data1\" content=\"DS\" \/>\n\t<meta name=\"twitter:label2\" content=\"Est. tempo de leitura\" \/>\n\t<meta name=\"twitter:data2\" content=\"1 minuto\" \/>\n<script type=\"application\/ld+json\" class=\"yoast-schema-graph\">{\"@context\":\"https:\/\/schema.org\",\"@graph\":[{\"@type\":\"Article\",\"@id\":\"https:\/\/bahiaeconomica.com.br\/wp\/2023\/02\/09\/carnaval-da-bahia-homenageara-moraes-moreira-e-outros-artistas\/#article\",\"isPartOf\":{\"@id\":\"https:\/\/bahiaeconomica.com.br\/wp\/2023\/02\/09\/carnaval-da-bahia-homenageara-moraes-moreira-e-outros-artistas\/\"},\"author\":{\"name\":\"DS\",\"@id\":\"https:\/\/bahiaeconomica.com.br\/wp\/#\/schema\/person\/756f314c5bfa87c7b43a2850854305a1\"},\"headline\":\"CARNAVAL DA BAHIA HOMENAGEAR\u00c1 MORAES MOREIRA E OUTROS ARTISTAS\",\"datePublished\":\"2023-02-09T21:43:37+00:00\",\"dateModified\":\"2023-02-09T21:43:44+00:00\",\"mainEntityOfPage\":{\"@id\":\"https:\/\/bahiaeconomica.com.br\/wp\/2023\/02\/09\/carnaval-da-bahia-homenageara-moraes-moreira-e-outros-artistas\/\"},\"wordCount\":193,\"publisher\":{\"@id\":\"https:\/\/bahiaeconomica.com.br\/wp\/#organization\"},\"keywords\":[\"Bahia\",\"Carnaval de 2023\",\"Governo\",\"jer\u00f4nimo rodrigues\",\"Moraes Moreira\",\"Pol\u00edtica\",\"Salvador\"],\"articleSection\":[\"DESTAQUE DO DIA\",\"ECONOMIA \/ POL\u00cdTICA\"],\"inLanguage\":\"pt-BR\"},{\"@type\":\"WebPage\",\"@id\":\"https:\/\/bahiaeconomica.com.br\/wp\/2023\/02\/09\/carnaval-da-bahia-homenageara-moraes-moreira-e-outros-artistas\/\",\"url\":\"https:\/\/bahiaeconomica.com.br\/wp\/2023\/02\/09\/carnaval-da-bahia-homenageara-moraes-moreira-e-outros-artistas\/\",\"name\":\"CARNAVAL DA BAHIA HOMENAGEAR\u00c1 MORAES MOREIRA E OUTROS ARTISTAS - Bahia Economica\",\"isPartOf\":{\"@id\":\"https:\/\/bahiaeconomica.com.br\/wp\/#website\"},\"datePublished\":\"2023-02-09T21:43:37+00:00\",\"dateModified\":\"2023-02-09T21:43:44+00:00\",\"description\":\"Informa\u00e7\u00e3o foi divulgada nessa quarta (08), durante evento de divulga\u00e7\u00e3o da programa\u00e7\u00e3o do carnaval do Governo do Estado, em Salvador\",\"breadcrumb\":{\"@id\":\"https:\/\/bahiaeconomica.com.br\/wp\/2023\/02\/09\/carnaval-da-bahia-homenageara-moraes-moreira-e-outros-artistas\/#breadcrumb\"},\"inLanguage\":\"pt-BR\",\"potentialAction\":[{\"@type\":\"ReadAction\",\"target\":[\"https:\/\/bahiaeconomica.com.br\/wp\/2023\/02\/09\/carnaval-da-bahia-homenageara-moraes-moreira-e-outros-artistas\/\"]}]},{\"@type\":\"BreadcrumbList\",\"@id\":\"https:\/\/bahiaeconomica.com.br\/wp\/2023\/02\/09\/carnaval-da-bahia-homenageara-moraes-moreira-e-outros-artistas\/#breadcrumb\",\"itemListElement\":[{\"@type\":\"ListItem\",\"position\":1,\"name\":\"In\u00edcio\",\"item\":\"https:\/\/bahiaeconomica.com.br\/wp\/\"},{\"@type\":\"ListItem\",\"position\":2,\"name\":\"CARNAVAL DA BAHIA HOMENAGEAR\u00c1 MORAES MOREIRA E OUTROS ARTISTAS\"}]},{\"@type\":\"WebSite\",\"@id\":\"https:\/\/bahiaeconomica.com.br\/wp\/#website\",\"url\":\"https:\/\/bahiaeconomica.com.br\/wp\/\",\"name\":\"Bahia Economica\",\"description\":\"O maior portal de Economia da Bahia\",\"publisher\":{\"@id\":\"https:\/\/bahiaeconomica.com.br\/wp\/#organization\"},\"potentialAction\":[{\"@type\":\"SearchAction\",\"target\":{\"@type\":\"EntryPoint\",\"urlTemplate\":\"https:\/\/bahiaeconomica.com.br\/wp\/?s={search_term_string}\"},\"query-input\":\"required name=search_term_string\"}],\"inLanguage\":\"pt-BR\"},{\"@type\":\"Organization\",\"@id\":\"https:\/\/bahiaeconomica.com.br\/wp\/#organization\",\"name\":\"Bahia Econ\u00f4mica\",\"url\":\"https:\/\/bahiaeconomica.com.br\/wp\/\",\"logo\":{\"@type\":\"ImageObject\",\"inLanguage\":\"pt-BR\",\"@id\":\"https:\/\/bahiaeconomica.com.br\/wp\/#\/schema\/logo\/image\/\",\"url\":\"https:\/\/bahiaeconomica.com.br\/wp\/wp-content\/uploads\/2020\/12\/cropped-BE.png\",\"contentUrl\":\"https:\/\/bahiaeconomica.com.br\/wp\/wp-content\/uploads\/2020\/12\/cropped-BE.png\",\"width\":512,\"height\":512,\"caption\":\"Bahia Econ\u00f4mica\"},\"image\":{\"@id\":\"https:\/\/bahiaeconomica.com.br\/wp\/#\/schema\/logo\/image\/\"},\"sameAs\":[\"https:\/\/www.facebook.com\/bahiaeconomica\"]},{\"@type\":\"Person\",\"@id\":\"https:\/\/bahiaeconomica.com.br\/wp\/#\/schema\/person\/756f314c5bfa87c7b43a2850854305a1\",\"name\":\"DS\",\"sameAs\":[\"https:\/\/bahiaeconomica.com.br\/wp\/beta\/\"],\"url\":\"https:\/\/bahiaeconomica.com.br\/wp\/author\/ds\/\"}]}<\/script>\n<!-- \/ Yoast SEO plugin. -->","yoast_head_json":{"title":"CARNAVAL DA BAHIA HOMENAGEAR\u00c1 MORAES MOREIRA E OUTROS ARTISTAS - Bahia Economica","description":"Informa\u00e7\u00e3o foi divulgada nessa quarta (08), durante evento de divulga\u00e7\u00e3o da programa\u00e7\u00e3o do carnaval do Governo do Estado, em Salvador","robots":{"index":"index","follow":"follow","max-snippet":"max-snippet:-1","max-image-preview":"max-image-preview:large","max-video-preview":"max-video-preview:-1"},"canonical":"https:\/\/bahiaeconomica.com.br\/wp\/2023\/02\/09\/carnaval-da-bahia-homenageara-moraes-moreira-e-outros-artistas\/","og_locale":"pt_BR","og_type":"article","og_title":"CARNAVAL DA BAHIA HOMENAGEAR\u00c1 MORAES MOREIRA E OUTROS ARTISTAS - Bahia Economica","og_description":"Informa\u00e7\u00e3o foi divulgada nessa quarta (08), durante evento de divulga\u00e7\u00e3o da programa\u00e7\u00e3o do carnaval do Governo do Estado, em Salvador","og_url":"https:\/\/bahiaeconomica.com.br\/wp\/2023\/02\/09\/carnaval-da-bahia-homenageara-moraes-moreira-e-outros-artistas\/","og_site_name":"Bahia Economica","article_publisher":"https:\/\/www.facebook.com\/bahiaeconomica","article_published_time":"2023-02-09T21:43:37+00:00","article_modified_time":"2023-02-09T21:43:44+00:00","og_image":[{"width":360,"height":220,"url":"https:\/\/bahiaeconomica.com.br\/wp\/wp-content\/uploads\/2023\/02\/baleia-4-.jpg","type":"image\/jpeg"}],"author":"DS","twitter_card":"summary_large_image","twitter_misc":{"Escrito por":"DS","Est. tempo de leitura":"1 minuto"},"schema":{"@context":"https:\/\/schema.org","@graph":[{"@type":"Article","@id":"https:\/\/bahiaeconomica.com.br\/wp\/2023\/02\/09\/carnaval-da-bahia-homenageara-moraes-moreira-e-outros-artistas\/#article","isPartOf":{"@id":"https:\/\/bahiaeconomica.com.br\/wp\/2023\/02\/09\/carnaval-da-bahia-homenageara-moraes-moreira-e-outros-artistas\/"},"author":{"name":"DS","@id":"https:\/\/bahiaeconomica.com.br\/wp\/#\/schema\/person\/756f314c5bfa87c7b43a2850854305a1"},"headline":"CARNAVAL DA BAHIA HOMENAGEAR\u00c1 MORAES MOREIRA E OUTROS ARTISTAS","datePublished":"2023-02-09T21:43:37+00:00","dateModified":"2023-02-09T21:43:44+00:00","mainEntityOfPage":{"@id":"https:\/\/bahiaeconomica.com.br\/wp\/2023\/02\/09\/carnaval-da-bahia-homenageara-moraes-moreira-e-outros-artistas\/"},"wordCount":193,"publisher":{"@id":"https:\/\/bahiaeconomica.com.br\/wp\/#organization"},"keywords":["Bahia","Carnaval de 2023","Governo","jer\u00f4nimo rodrigues","Moraes Moreira","Pol\u00edtica","Salvador"],"articleSection":["DESTAQUE DO DIA","ECONOMIA \/ POL\u00cdTICA"],"inLanguage":"pt-BR"},{"@type":"WebPage","@id":"https:\/\/bahiaeconomica.com.br\/wp\/2023\/02\/09\/carnaval-da-bahia-homenageara-moraes-moreira-e-outros-artistas\/","url":"https:\/\/bahiaeconomica.com.br\/wp\/2023\/02\/09\/carnaval-da-bahia-homenageara-moraes-moreira-e-outros-artistas\/","name":"CARNAVAL DA BAHIA HOMENAGEAR\u00c1 MORAES MOREIRA E OUTROS ARTISTAS - Bahia Economica","isPartOf":{"@id":"https:\/\/bahiaeconomica.com.br\/wp\/#website"},"datePublished":"2023-02-09T21:43:37+00:00","dateModified":"2023-02-09T21:43:44+00:00","description":"Informa\u00e7\u00e3o foi divulgada nessa quarta (08), durante evento de divulga\u00e7\u00e3o da programa\u00e7\u00e3o do carnaval do Governo do Estado, em Salvador","breadcrumb":{"@id":"https:\/\/bahiaeconomica.com.br\/wp\/2023\/02\/09\/carnaval-da-bahia-homenageara-moraes-moreira-e-outros-artistas\/#breadcrumb"},"inLanguage":"pt-BR","potentialAction":[{"@type":"ReadAction","target":["https:\/\/bahiaeconomica.com.br\/wp\/2023\/02\/09\/carnaval-da-bahia-homenageara-moraes-moreira-e-outros-artistas\/"]}]},{"@type":"BreadcrumbList","@id":"https:\/\/bahiaeconomica.com.br\/wp\/2023\/02\/09\/carnaval-da-bahia-homenageara-moraes-moreira-e-outros-artistas\/#breadcrumb","itemListElement":[{"@type":"ListItem","position":1,"name":"In\u00edcio","item":"https:\/\/bahiaeconomica.com.br\/wp\/"},{"@type":"ListItem","position":2,"name":"CARNAVAL DA BAHIA HOMENAGEAR\u00c1 MORAES MOREIRA E OUTROS ARTISTAS"}]},{"@type":"WebSite","@id":"https:\/\/bahiaeconomica.com.br\/wp\/#website","url":"https:\/\/bahiaeconomica.com.br\/wp\/","name":"Bahia Economica","description":"O maior portal de Economia da Bahia","publisher":{"@id":"https:\/\/bahiaeconomica.com.br\/wp\/#organization"},"potentialAction":[{"@type":"SearchAction","target":{"@type":"EntryPoint","urlTemplate":"https:\/\/bahiaeconomica.com.br\/wp\/?s={search_term_string}"},"query-input":"required name=search_term_string"}],"inLanguage":"pt-BR"},{"@type":"Organization","@id":"https:\/\/bahiaeconomica.com.br\/wp\/#organization","name":"Bahia Econ\u00f4mica","url":"https:\/\/bahiaeconomica.com.br\/wp\/","logo":{"@type":"ImageObject","inLanguage":"pt-BR","@id":"https:\/\/bahiaeconomica.com.br\/wp\/#\/schema\/logo\/image\/","url":"https:\/\/bahiaeconomica.com.br\/wp\/wp-content\/uploads\/2020\/12\/cropped-BE.png","contentUrl":"https:\/\/bahiaeconomica.com.br\/wp\/wp-content\/uploads\/2020\/12\/cropped-BE.png","width":512,"height":512,"caption":"Bahia Econ\u00f4mica"},"image":{"@id":"https:\/\/bahiaeconomica.com.br\/wp\/#\/schema\/logo\/image\/"},"sameAs":["https:\/\/www.facebook.com\/bahiaeconomica"]},{"@type":"Person","@id":"https:\/\/bahiaeconomica.com.br\/wp\/#\/schema\/person\/756f314c5bfa87c7b43a2850854305a1","name":"DS","sameAs":["https:\/\/bahiaeconomica.com.br\/wp\/beta\/"],"url":"https:\/\/bahiaeconomica.com.br\/wp\/author\/ds\/"}]}},"views":3,"_links":{"self":[{"href":"https:\/\/bahiaeconomica.com.br\/wp\/wp-json\/wp\/v2\/posts\/716581"}],"collection":[{"href":"https:\/\/bahiaeconomica.com.br\/wp\/wp-json\/wp\/v2\/posts"}],"about":[{"href":"https:\/\/bahiaeconomica.com.br\/wp\/wp-json\/wp\/v2\/types\/post"}],"author":[{"embeddable":true,"href":"https:\/\/bahiaeconomica.com.br\/wp\/wp-json\/wp\/v2\/users\/6"}],"replies":[{"embeddable":true,"href":"https:\/\/bahiaeconomica.com.br\/wp\/wp-json\/wp\/v2\/comments?post=716581"}],"version-history":[{"count":1,"href":"https:\/\/bahiaeconomica.com.br\/wp\/wp-json\/wp\/v2\/posts\/716581\/revisions"}],"predecessor-version":[{"id":716583,"href":"https:\/\/bahiaeconomica.com.br\/wp\/wp-json\/wp\/v2\/posts\/716581\/revisions\/716583"}],"wp:featuredmedia":[{"embeddable":true,"href":"https:\/\/bahiaeconomica.com.br\/wp\/wp-json\/wp\/v2\/media\/716582"}],"wp:attachment":[{"href":"https:\/\/bahiaeconomica.com.br\/wp\/wp-json\/wp\/v2\/media?parent=716581"}],"wp:term":[{"taxonomy":"category","embeddable":true,"href":"https:\/\/bahiaeconomica.com.br\/wp\/wp-json\/wp\/v2\/categories?post=716581"},{"taxonomy":"post_tag","embeddable":true,"href":"https:\/\/bahiaeconomica.com.br\/wp\/wp-json\/wp\/v2\/tags?post=716581"}],"curies":[{"name":"wp","href":"https:\/\/api.w.org\/{rel}","templated":true}]}}