{"id":714844,"date":"2023-02-01T14:37:23","date_gmt":"2023-02-01T17:37:23","guid":{"rendered":"https:\/\/bahiaeconomica.com.br\/wp\/beta\/?p=714844"},"modified":"2023-02-01T14:37:34","modified_gmt":"2023-02-01T17:37:34","slug":"salvador-investira-na-recomposicao-da-aprendizagem-dos-alunos-em-2023","status":"publish","type":"post","link":"https:\/\/bahiaeconomica.com.br\/wp\/2023\/02\/01\/salvador-investira-na-recomposicao-da-aprendizagem-dos-alunos-em-2023\/","title":{"rendered":"SALVADOR INVESTIR\u00c1 NA RECOMPOSI\u00c7\u00c3O DA APRENDIZAGEM DOS ALUNOS EM 2023"},"content":{"rendered":"\n<p>A recomposi\u00e7\u00e3o da aprendizagem \u00e9 o principal desafio para o ano letivo de 2023 da rede municipal de ensino. O assunto foi debatido durante abertura da Jornada Pedag\u00f3gica 2023, iniciada nesta quarta-feira (1\u00ba), no Centro de Conven\u00e7\u00f5es do Hotel Fiesta. <\/p>\n\n\n\n<!--more-->\n\n\n\n<p>A cerim\u00f4nia contou com as presen\u00e7as do prefeito Bruno Reis, do secret\u00e1rio de Educa\u00e7\u00e3o, Thiago Dantas, da vice-prefeita e secret\u00e1ria da Sa\u00fade, Ana Paula Matos, da diretora Pedag\u00f3gica da Smed, Adenildes Teles, e de representantes do Conselho Municipal de Educa\u00e7\u00e3o (CME).\u00a0<\/p>\n\n\n\n<p>Na ocasi\u00e3o, o prefeito prop\u00f4s um pacto pela educa\u00e7\u00e3o para corrigir o d\u00e9ficit de aprendizagem causado pelo per\u00edodo de ensino virtual durante a pandemia. \u201c\u00c9 um fato constatado nas nossas avalia\u00e7\u00f5es internas. Durante a pandemia, a aprova\u00e7\u00e3o foi autom\u00e1tica e houve uma redu\u00e7\u00e3o na profici\u00eancia por conta das limita\u00e7\u00f5es do ensino digital. As crian\u00e7as da rede municipal t\u00eam idade menor e uma dificuldade maior de assimilar conte\u00fado digital, ent\u00e3o efetivamente h\u00e1 um problema a ser enfrentado. N\u00f3s vamos adotar uma s\u00e9rie de metodologias para recuperar esse tempo perdido, e por isso \u00e9 necess\u00e1rio o envolvimento de todos\u201d, afirmou o gestor.<\/p>\n\n\n\n<p>Como o per\u00edodo de matr\u00edculas ainda n\u00e3o foi finalizado, o prefeito disse n\u00e3o ter os n\u00fameros finais deste ano. Ele relembrou, no entanto, o impacto dos novos alunos recebidos pela rede municipal no ano passado. \u201cForam 30 mil alunos que vieram, entre aqueles que absorvemos na nossa rede, com a inaugura\u00e7\u00e3o de novas escolas, amplia\u00e7\u00e3o de escolas existentes e tamb\u00e9m atrav\u00e9s dos programas que temos: o P\u00e9 na Escola, o Primeiro Passo e no conv\u00eanio com as creches comunit\u00e1rias\u201d, disse Bruno Reis.<\/p>\n\n\n\n<p>Tamb\u00e9m foi destacado o esfor\u00e7o da administra\u00e7\u00e3o municipal em continuar ou desenvolver novos projetos para melhoria da Educa\u00e7\u00e3o municipal. \u201cEst\u00e3o sendo constru\u00eddas 35 novas escolas e, at\u00e9 o final da gest\u00e3o, atingiremos 48 unidades, o que configura uma escola por m\u00eas durante todo o mandato. Fortalecemos e demos condi\u00e7\u00f5es para consolidar programas, trouxemos educa\u00e7\u00e3o digital, com tablets, chromebooks, implantamos ambiente digital de aprendizagem, wi-fi nas escolas e sempre tivemos, apesar dos problemas, uma capacidade de di\u00e1logo com nossos profissionais. H\u00e1 problemas ainda, mas o importante \u00e9 que nosso objetivo \u00e9 promover o melhor para nossas crian\u00e7as&#8221;.<\/p>\n\n\n\n<p>O titular da Smed lembrou que a Educa\u00e7\u00e3o \u00e9 um ponto-chave na vida do aluno, refletindo em a\u00e7\u00f5es futuras como a defini\u00e7\u00e3o da carreira profissional e a conquista do emprego. \u201cPara que nosso trabalho funcione, precisamos ter uma vis\u00e3o de rede. E para isso \u00e9 necess\u00e1rio muito di\u00e1logo e compreens\u00e3o.&nbsp; \u00c9 preciso ainda compreender o valor do educador como formador do ser humano, al\u00e9m da responsabilidade de resgatar o v\u00ednculo do aluno com a escola e recuperar todo o tempo perdido com a pandemia. Tenho certeza de que podemos e iremos transformar Salvador em uma cidade refer\u00eancia na educa\u00e7\u00e3o&#8221;, disse Thiago Dantas.<\/p>\n\n\n\n<p>A vice-prefeita e secret\u00e1ria da Sa\u00fade destacou a necessidade de estancar a evas\u00e3o escolar. &#8220;\u00c9 preciso trazer de volta este aluno. E, mais que isso, buscar os pais para traz\u00ea-los tamb\u00e9m para a unidade escolar. N\u00e3o h\u00e1 como proporcionar uma sa\u00fade b\u00e1sica sem pai e m\u00e3e em contato com a escola, levando os filhos para os exames e consultas agendados. Muitos desses atendimentos s\u00e3o perdidos por conta da falta de comunica\u00e7\u00e3o, o que podemos fazer a partir da comunidade escolar. Essa \u00e9 a necessidade que temos de integrar Sa\u00fade, Educa\u00e7\u00e3o e Assist\u00eancia Social&#8221;, declarou Ana Paula.<\/p>\n\n\n\n<p>Jornada \u2013 A Jornada Pedag\u00f3gica acontece at\u00e9 sexta-feira (3) e \u00e9 direcionada aos gestores das 421 unidades escolares municipais e equipes t\u00e9cnicas das ger\u00eancias regionais. Dentre as novidades preparadas para a edi\u00e7\u00e3o 2023, est\u00e1 o lan\u00e7amento do projeto Papo com o Gestor, uma iniciativa da Diretoria Pedag\u00f3gica (Dipe), visando estimular a troca de experi\u00eancias exitosas de gest\u00e3o escolar na rede municipal, al\u00e9m de aprofundar as discuss\u00f5es sobre o tema.&nbsp;<\/p>\n\n\n\n<p>O evento acontece durante os tr\u00eas dias nas unidades escolares do munic\u00edpio, onde equipes gestoras, coordenadores e professores se re\u00fanem para discutir o ano letivo, e tratar temas como planejamento do ano letivo e a avalia\u00e7\u00e3o do ano anterior, com vistas \u00e0 an\u00e1lise e reflex\u00e3o da pr\u00e1tica pedag\u00f3gica e dos resultados alcan\u00e7ados. Outro ponto \u00e9 a defini\u00e7\u00e3o de metas pedag\u00f3gicas, com foco no aprimoramento do ensino\/aprendizagem e no desempenho dos alunos.<\/p>\n\n\n\n<p>Aulas \u2013 As aulas da rede municipal come\u00e7am na pr\u00f3xima segunda-feira (6), nas 421 unidades de ensino. At\u00e9 o \u00faltimo dia 30, cerca de 135 mil alunos haviam sido matriculados nos segmentos oferecidos pelo munic\u00edpio: Educa\u00e7\u00e3o Infantil, Ensino Fundamental Anos Iniciais e Anos Finais e Educa\u00e7\u00e3o de Jovens e Adultos (EJA) etapas de I a V. As matr\u00edculas na rede municipal de Salvador permanecem abertas durante todo o ano.<\/p>\n\n\n\n<p>Fotos: Valter Pontes\/Secom<\/p>\n","protected":false},"excerpt":{"rendered":"<p>A recomposi\u00e7\u00e3o da aprendizagem \u00e9 o principal desafio para o ano letivo de 2023 da rede municipal de ensino. O assunto foi debatido durante abertura da Jornada Pedag\u00f3gica 2023, iniciada nesta quarta-feira (1\u00ba), no Centro de Conven\u00e7\u00f5es do Hotel Fiesta.<\/p>\n","protected":false},"author":1,"featured_media":714845,"comment_status":"closed","ping_status":"closed","sticky":false,"template":"","format":"standard","meta":[],"categories":[3],"tags":[],"acf":[],"yoast_head":"<!-- This site is optimized with the Yoast SEO plugin v20.8 - https:\/\/yoast.com\/wordpress\/plugins\/seo\/ -->\n<title>SALVADOR INVESTIR\u00c1 NA RECOMPOSI\u00c7\u00c3O DA APRENDIZAGEM DOS ALUNOS EM 2023 - Bahia Economica<\/title>\n<meta name=\"description\" content=\"O maior portal de Economia da Bahia ECONOMIA \/ POL\u00cdTICA Bahia Economica\" \/>\n<meta name=\"robots\" content=\"index, follow, max-snippet:-1, max-image-preview:large, max-video-preview:-1\" \/>\n<link rel=\"canonical\" href=\"https:\/\/bahiaeconomica.com.br\/wp\/2023\/02\/01\/salvador-investira-na-recomposicao-da-aprendizagem-dos-alunos-em-2023\/\" \/>\n<meta property=\"og:locale\" content=\"pt_BR\" \/>\n<meta property=\"og:type\" content=\"article\" \/>\n<meta property=\"og:title\" content=\"SALVADOR INVESTIR\u00c1 NA RECOMPOSI\u00c7\u00c3O DA APRENDIZAGEM DOS ALUNOS EM 2023 - Bahia Economica\" \/>\n<meta property=\"og:description\" content=\"O maior portal de Economia da Bahia ECONOMIA \/ POL\u00cdTICA Bahia Economica\" \/>\n<meta property=\"og:url\" content=\"https:\/\/bahiaeconomica.com.br\/wp\/2023\/02\/01\/salvador-investira-na-recomposicao-da-aprendizagem-dos-alunos-em-2023\/\" \/>\n<meta property=\"og:site_name\" content=\"Bahia Economica\" \/>\n<meta property=\"article:publisher\" content=\"https:\/\/www.facebook.com\/bahiaeconomica\" \/>\n<meta property=\"article:published_time\" content=\"2023-02-01T17:37:23+00:00\" \/>\n<meta property=\"article:modified_time\" content=\"2023-02-01T17:37:34+00:00\" \/>\n<meta property=\"og:image\" content=\"https:\/\/bahiaeconomica.com.br\/wp\/wp-content\/uploads\/2023\/02\/WhatsApp-Image-2023-02-01-at-12.11.15770.jpg\" \/>\n\t<meta property=\"og:image:width\" content=\"770\" \/>\n\t<meta property=\"og:image:height\" content=\"474\" \/>\n\t<meta property=\"og:image:type\" content=\"image\/jpeg\" \/>\n<meta name=\"author\" content=\"admin\" \/>\n<meta name=\"twitter:card\" content=\"summary_large_image\" \/>\n<meta name=\"twitter:label1\" content=\"Escrito por\" \/>\n\t<meta name=\"twitter:data1\" content=\"admin\" \/>\n\t<meta name=\"twitter:label2\" content=\"Est. tempo de leitura\" \/>\n\t<meta name=\"twitter:data2\" content=\"5 minutos\" \/>\n<script type=\"application\/ld+json\" class=\"yoast-schema-graph\">{\"@context\":\"https:\/\/schema.org\",\"@graph\":[{\"@type\":\"Article\",\"@id\":\"https:\/\/bahiaeconomica.com.br\/wp\/2023\/02\/01\/salvador-investira-na-recomposicao-da-aprendizagem-dos-alunos-em-2023\/#article\",\"isPartOf\":{\"@id\":\"https:\/\/bahiaeconomica.com.br\/wp\/2023\/02\/01\/salvador-investira-na-recomposicao-da-aprendizagem-dos-alunos-em-2023\/\"},\"author\":{\"name\":\"admin\",\"@id\":\"https:\/\/bahiaeconomica.com.br\/wp\/#\/schema\/person\/cb1ab5ba96ad3d9390805381c76284ec\"},\"headline\":\"SALVADOR INVESTIR\u00c1 NA RECOMPOSI\u00c7\u00c3O DA APRENDIZAGEM DOS ALUNOS EM 2023\",\"datePublished\":\"2023-02-01T17:37:23+00:00\",\"dateModified\":\"2023-02-01T17:37:34+00:00\",\"mainEntityOfPage\":{\"@id\":\"https:\/\/bahiaeconomica.com.br\/wp\/2023\/02\/01\/salvador-investira-na-recomposicao-da-aprendizagem-dos-alunos-em-2023\/\"},\"wordCount\":859,\"publisher\":{\"@id\":\"https:\/\/bahiaeconomica.com.br\/wp\/#organization\"},\"articleSection\":[\"ECONOMIA \/ POL\u00cdTICA\"],\"inLanguage\":\"pt-BR\"},{\"@type\":\"WebPage\",\"@id\":\"https:\/\/bahiaeconomica.com.br\/wp\/2023\/02\/01\/salvador-investira-na-recomposicao-da-aprendizagem-dos-alunos-em-2023\/\",\"url\":\"https:\/\/bahiaeconomica.com.br\/wp\/2023\/02\/01\/salvador-investira-na-recomposicao-da-aprendizagem-dos-alunos-em-2023\/\",\"name\":\"SALVADOR INVESTIR\u00c1 NA RECOMPOSI\u00c7\u00c3O DA APRENDIZAGEM DOS ALUNOS EM 2023 - Bahia Economica\",\"isPartOf\":{\"@id\":\"https:\/\/bahiaeconomica.com.br\/wp\/#website\"},\"datePublished\":\"2023-02-01T17:37:23+00:00\",\"dateModified\":\"2023-02-01T17:37:34+00:00\",\"description\":\"O maior portal de Economia da Bahia ECONOMIA \/ POL\u00cdTICA Bahia Economica\",\"breadcrumb\":{\"@id\":\"https:\/\/bahiaeconomica.com.br\/wp\/2023\/02\/01\/salvador-investira-na-recomposicao-da-aprendizagem-dos-alunos-em-2023\/#breadcrumb\"},\"inLanguage\":\"pt-BR\",\"potentialAction\":[{\"@type\":\"ReadAction\",\"target\":[\"https:\/\/bahiaeconomica.com.br\/wp\/2023\/02\/01\/salvador-investira-na-recomposicao-da-aprendizagem-dos-alunos-em-2023\/\"]}]},{\"@type\":\"BreadcrumbList\",\"@id\":\"https:\/\/bahiaeconomica.com.br\/wp\/2023\/02\/01\/salvador-investira-na-recomposicao-da-aprendizagem-dos-alunos-em-2023\/#breadcrumb\",\"itemListElement\":[{\"@type\":\"ListItem\",\"position\":1,\"name\":\"In\u00edcio\",\"item\":\"https:\/\/bahiaeconomica.com.br\/wp\/\"},{\"@type\":\"ListItem\",\"position\":2,\"name\":\"SALVADOR INVESTIR\u00c1 NA RECOMPOSI\u00c7\u00c3O DA APRENDIZAGEM DOS ALUNOS EM 2023\"}]},{\"@type\":\"WebSite\",\"@id\":\"https:\/\/bahiaeconomica.com.br\/wp\/#website\",\"url\":\"https:\/\/bahiaeconomica.com.br\/wp\/\",\"name\":\"Bahia Economica\",\"description\":\"O maior portal de Economia da Bahia\",\"publisher\":{\"@id\":\"https:\/\/bahiaeconomica.com.br\/wp\/#organization\"},\"potentialAction\":[{\"@type\":\"SearchAction\",\"target\":{\"@type\":\"EntryPoint\",\"urlTemplate\":\"https:\/\/bahiaeconomica.com.br\/wp\/?s={search_term_string}\"},\"query-input\":\"required name=search_term_string\"}],\"inLanguage\":\"pt-BR\"},{\"@type\":\"Organization\",\"@id\":\"https:\/\/bahiaeconomica.com.br\/wp\/#organization\",\"name\":\"Bahia Econ\u00f4mica\",\"url\":\"https:\/\/bahiaeconomica.com.br\/wp\/\",\"logo\":{\"@type\":\"ImageObject\",\"inLanguage\":\"pt-BR\",\"@id\":\"https:\/\/bahiaeconomica.com.br\/wp\/#\/schema\/logo\/image\/\",\"url\":\"https:\/\/bahiaeconomica.com.br\/wp\/wp-content\/uploads\/2020\/12\/cropped-BE.png\",\"contentUrl\":\"https:\/\/bahiaeconomica.com.br\/wp\/wp-content\/uploads\/2020\/12\/cropped-BE.png\",\"width\":512,\"height\":512,\"caption\":\"Bahia Econ\u00f4mica\"},\"image\":{\"@id\":\"https:\/\/bahiaeconomica.com.br\/wp\/#\/schema\/logo\/image\/\"},\"sameAs\":[\"https:\/\/www.facebook.com\/bahiaeconomica\"]},{\"@type\":\"Person\",\"@id\":\"https:\/\/bahiaeconomica.com.br\/wp\/#\/schema\/person\/cb1ab5ba96ad3d9390805381c76284ec\",\"name\":\"admin\",\"url\":\"https:\/\/bahiaeconomica.com.br\/wp\/author\/admin\/\"}]}<\/script>\n<!-- \/ Yoast SEO plugin. -->","yoast_head_json":{"title":"SALVADOR INVESTIR\u00c1 NA RECOMPOSI\u00c7\u00c3O DA APRENDIZAGEM DOS ALUNOS EM 2023 - Bahia Economica","description":"O maior portal de Economia da Bahia ECONOMIA \/ POL\u00cdTICA Bahia Economica","robots":{"index":"index","follow":"follow","max-snippet":"max-snippet:-1","max-image-preview":"max-image-preview:large","max-video-preview":"max-video-preview:-1"},"canonical":"https:\/\/bahiaeconomica.com.br\/wp\/2023\/02\/01\/salvador-investira-na-recomposicao-da-aprendizagem-dos-alunos-em-2023\/","og_locale":"pt_BR","og_type":"article","og_title":"SALVADOR INVESTIR\u00c1 NA RECOMPOSI\u00c7\u00c3O DA APRENDIZAGEM DOS ALUNOS EM 2023 - Bahia Economica","og_description":"O maior portal de Economia da Bahia ECONOMIA \/ POL\u00cdTICA Bahia Economica","og_url":"https:\/\/bahiaeconomica.com.br\/wp\/2023\/02\/01\/salvador-investira-na-recomposicao-da-aprendizagem-dos-alunos-em-2023\/","og_site_name":"Bahia Economica","article_publisher":"https:\/\/www.facebook.com\/bahiaeconomica","article_published_time":"2023-02-01T17:37:23+00:00","article_modified_time":"2023-02-01T17:37:34+00:00","og_image":[{"width":770,"height":474,"url":"https:\/\/bahiaeconomica.com.br\/wp\/wp-content\/uploads\/2023\/02\/WhatsApp-Image-2023-02-01-at-12.11.15770.jpg","type":"image\/jpeg"}],"author":"admin","twitter_card":"summary_large_image","twitter_misc":{"Escrito por":"admin","Est. tempo de leitura":"5 minutos"},"schema":{"@context":"https:\/\/schema.org","@graph":[{"@type":"Article","@id":"https:\/\/bahiaeconomica.com.br\/wp\/2023\/02\/01\/salvador-investira-na-recomposicao-da-aprendizagem-dos-alunos-em-2023\/#article","isPartOf":{"@id":"https:\/\/bahiaeconomica.com.br\/wp\/2023\/02\/01\/salvador-investira-na-recomposicao-da-aprendizagem-dos-alunos-em-2023\/"},"author":{"name":"admin","@id":"https:\/\/bahiaeconomica.com.br\/wp\/#\/schema\/person\/cb1ab5ba96ad3d9390805381c76284ec"},"headline":"SALVADOR INVESTIR\u00c1 NA RECOMPOSI\u00c7\u00c3O DA APRENDIZAGEM DOS ALUNOS EM 2023","datePublished":"2023-02-01T17:37:23+00:00","dateModified":"2023-02-01T17:37:34+00:00","mainEntityOfPage":{"@id":"https:\/\/bahiaeconomica.com.br\/wp\/2023\/02\/01\/salvador-investira-na-recomposicao-da-aprendizagem-dos-alunos-em-2023\/"},"wordCount":859,"publisher":{"@id":"https:\/\/bahiaeconomica.com.br\/wp\/#organization"},"articleSection":["ECONOMIA \/ POL\u00cdTICA"],"inLanguage":"pt-BR"},{"@type":"WebPage","@id":"https:\/\/bahiaeconomica.com.br\/wp\/2023\/02\/01\/salvador-investira-na-recomposicao-da-aprendizagem-dos-alunos-em-2023\/","url":"https:\/\/bahiaeconomica.com.br\/wp\/2023\/02\/01\/salvador-investira-na-recomposicao-da-aprendizagem-dos-alunos-em-2023\/","name":"SALVADOR INVESTIR\u00c1 NA RECOMPOSI\u00c7\u00c3O DA APRENDIZAGEM DOS ALUNOS EM 2023 - Bahia Economica","isPartOf":{"@id":"https:\/\/bahiaeconomica.com.br\/wp\/#website"},"datePublished":"2023-02-01T17:37:23+00:00","dateModified":"2023-02-01T17:37:34+00:00","description":"O maior portal de Economia da Bahia ECONOMIA \/ POL\u00cdTICA Bahia Economica","breadcrumb":{"@id":"https:\/\/bahiaeconomica.com.br\/wp\/2023\/02\/01\/salvador-investira-na-recomposicao-da-aprendizagem-dos-alunos-em-2023\/#breadcrumb"},"inLanguage":"pt-BR","potentialAction":[{"@type":"ReadAction","target":["https:\/\/bahiaeconomica.com.br\/wp\/2023\/02\/01\/salvador-investira-na-recomposicao-da-aprendizagem-dos-alunos-em-2023\/"]}]},{"@type":"BreadcrumbList","@id":"https:\/\/bahiaeconomica.com.br\/wp\/2023\/02\/01\/salvador-investira-na-recomposicao-da-aprendizagem-dos-alunos-em-2023\/#breadcrumb","itemListElement":[{"@type":"ListItem","position":1,"name":"In\u00edcio","item":"https:\/\/bahiaeconomica.com.br\/wp\/"},{"@type":"ListItem","position":2,"name":"SALVADOR INVESTIR\u00c1 NA RECOMPOSI\u00c7\u00c3O DA APRENDIZAGEM DOS ALUNOS EM 2023"}]},{"@type":"WebSite","@id":"https:\/\/bahiaeconomica.com.br\/wp\/#website","url":"https:\/\/bahiaeconomica.com.br\/wp\/","name":"Bahia Economica","description":"O maior portal de Economia da Bahia","publisher":{"@id":"https:\/\/bahiaeconomica.com.br\/wp\/#organization"},"potentialAction":[{"@type":"SearchAction","target":{"@type":"EntryPoint","urlTemplate":"https:\/\/bahiaeconomica.com.br\/wp\/?s={search_term_string}"},"query-input":"required name=search_term_string"}],"inLanguage":"pt-BR"},{"@type":"Organization","@id":"https:\/\/bahiaeconomica.com.br\/wp\/#organization","name":"Bahia Econ\u00f4mica","url":"https:\/\/bahiaeconomica.com.br\/wp\/","logo":{"@type":"ImageObject","inLanguage":"pt-BR","@id":"https:\/\/bahiaeconomica.com.br\/wp\/#\/schema\/logo\/image\/","url":"https:\/\/bahiaeconomica.com.br\/wp\/wp-content\/uploads\/2020\/12\/cropped-BE.png","contentUrl":"https:\/\/bahiaeconomica.com.br\/wp\/wp-content\/uploads\/2020\/12\/cropped-BE.png","width":512,"height":512,"caption":"Bahia Econ\u00f4mica"},"image":{"@id":"https:\/\/bahiaeconomica.com.br\/wp\/#\/schema\/logo\/image\/"},"sameAs":["https:\/\/www.facebook.com\/bahiaeconomica"]},{"@type":"Person","@id":"https:\/\/bahiaeconomica.com.br\/wp\/#\/schema\/person\/cb1ab5ba96ad3d9390805381c76284ec","name":"admin","url":"https:\/\/bahiaeconomica.com.br\/wp\/author\/admin\/"}]}},"views":7,"_links":{"self":[{"href":"https:\/\/bahiaeconomica.com.br\/wp\/wp-json\/wp\/v2\/posts\/714844"}],"collection":[{"href":"https:\/\/bahiaeconomica.com.br\/wp\/wp-json\/wp\/v2\/posts"}],"about":[{"href":"https:\/\/bahiaeconomica.com.br\/wp\/wp-json\/wp\/v2\/types\/post"}],"author":[{"embeddable":true,"href":"https:\/\/bahiaeconomica.com.br\/wp\/wp-json\/wp\/v2\/users\/1"}],"replies":[{"embeddable":true,"href":"https:\/\/bahiaeconomica.com.br\/wp\/wp-json\/wp\/v2\/comments?post=714844"}],"version-history":[{"count":1,"href":"https:\/\/bahiaeconomica.com.br\/wp\/wp-json\/wp\/v2\/posts\/714844\/revisions"}],"predecessor-version":[{"id":714847,"href":"https:\/\/bahiaeconomica.com.br\/wp\/wp-json\/wp\/v2\/posts\/714844\/revisions\/714847"}],"wp:featuredmedia":[{"embeddable":true,"href":"https:\/\/bahiaeconomica.com.br\/wp\/wp-json\/wp\/v2\/media\/714845"}],"wp:attachment":[{"href":"https:\/\/bahiaeconomica.com.br\/wp\/wp-json\/wp\/v2\/media?parent=714844"}],"wp:term":[{"taxonomy":"category","embeddable":true,"href":"https:\/\/bahiaeconomica.com.br\/wp\/wp-json\/wp\/v2\/categories?post=714844"},{"taxonomy":"post_tag","embeddable":true,"href":"https:\/\/bahiaeconomica.com.br\/wp\/wp-json\/wp\/v2\/tags?post=714844"}],"curies":[{"name":"wp","href":"https:\/\/api.w.org\/{rel}","templated":true}]}}