{"id":714571,"date":"2023-01-31T13:33:41","date_gmt":"2023-01-31T16:33:41","guid":{"rendered":"https:\/\/bahiaeconomica.com.br\/wp\/beta\/?p=714571"},"modified":"2023-01-31T13:33:43","modified_gmt":"2023-01-31T16:33:43","slug":"ronaldo-carletto-e-nome-mais-natural-para-presidir-pp-na-bahia","status":"publish","type":"post","link":"https:\/\/bahiaeconomica.com.br\/wp\/2023\/01\/31\/ronaldo-carletto-e-nome-mais-natural-para-presidir-pp-na-bahia\/","title":{"rendered":"RONALDO CARLETTO \u00c9 NOME MAIS NATURAL PARA PRESIDIR PP NA BAHIA"},"content":{"rendered":"\n<p>A altern\u00e2ncia de nomes no comando do Partido Progressista (PP) na Bahia j\u00e1 \u00e9 uma realidade e o ex-deputado federal Ronaldo Carletto \u00e9 a figura mais cotada para assumir a presid\u00eancia do partido. <\/p>\n\n\n\n<!--more-->\n\n\n\n<p>Carletto possui \u00f3tima rela\u00e7\u00e3o com o ex-governador e atual ministro da Casa Civil, Rui Costa; com o atual governador da Bahia, Jer\u00f4nimo Rodrigues (PT), al\u00e9m de seu poder de articula\u00e7\u00e3o confirmado pelo seu tr\u00e2nsito livre e pr\u00f3ximo com a base governista, que sempre esteve ao seu lado levando benef\u00edcios para os munic\u00edpios representados pelo ex-parlamentar na Bahia.<\/p>\n\n\n\n<p>Prova desse afinamento \u00e9 que, no \u00faltimo fim de semana, Ronaldo Carletto esteve, ao lado do governador Jer\u00f4nimo; da prefeita de Tapero\u00e1, Kitty Guimar\u00e3es e do ex-prefeito do munic\u00edpio, Toinho do Banco, na tradicional festa de S\u00e3o Br\u00e1s, demonstrando total afinidade e intimidade com o grupo. &nbsp;Por ser um parceiro fiel e atuante no governos petistas, o nome de Ronaldo \u00e9 o mais natural para o estabelecimento do retorno de um relacionamento entre o PP da Bahia com o PT.<\/p>\n\n\n\n<p>Vale ressaltar tamb\u00e9m que, logo ap\u00f3s a vit\u00f3ria no segundo turno das elei\u00e7\u00f5es, o presidente Lula e a primeira-dama Janja passaram alguns dias descansando na casa de veraneio de Carletto, em Cara\u00edva, no munic\u00edpio de Porto Seguro. Agora \u00e9 esperar pelo an\u00fancio oficial de Ronaldo Carletto como presidente do PP na Bahia.<\/p>\n","protected":false},"excerpt":{"rendered":"<p>A altern\u00e2ncia de nomes no comando do Partido Progressista (PP) na Bahia j\u00e1 \u00e9 uma realidade e o ex-deputado federal Ronaldo Carletto \u00e9 a figura mais cotada para assumir a presid\u00eancia do partido.<\/p>\n","protected":false},"author":1,"featured_media":714572,"comment_status":"closed","ping_status":"closed","sticky":false,"template":"","format":"standard","meta":[],"categories":[14,3],"tags":[],"acf":[],"yoast_head":"<!-- This site is optimized with the Yoast SEO plugin v20.8 - https:\/\/yoast.com\/wordpress\/plugins\/seo\/ -->\n<title>RONALDO CARLETTO \u00c9 NOME MAIS NATURAL PARA PRESIDIR PP NA BAHIA - Bahia Economica<\/title>\n<meta name=\"description\" content=\"O maior portal de Economia da Bahia DESTAQUE DO DIA, ECONOMIA \/ POL\u00cdTICA Bahia Economica\" \/>\n<meta name=\"robots\" content=\"index, follow, max-snippet:-1, max-image-preview:large, max-video-preview:-1\" \/>\n<link rel=\"canonical\" href=\"https:\/\/bahiaeconomica.com.br\/wp\/2023\/01\/31\/ronaldo-carletto-e-nome-mais-natural-para-presidir-pp-na-bahia\/\" \/>\n<meta property=\"og:locale\" content=\"pt_BR\" \/>\n<meta property=\"og:type\" content=\"article\" \/>\n<meta property=\"og:title\" content=\"RONALDO CARLETTO \u00c9 NOME MAIS NATURAL PARA PRESIDIR PP NA BAHIA - Bahia Economica\" \/>\n<meta property=\"og:description\" content=\"O maior portal de Economia da Bahia DESTAQUE DO DIA, ECONOMIA \/ POL\u00cdTICA Bahia Economica\" \/>\n<meta property=\"og:url\" content=\"https:\/\/bahiaeconomica.com.br\/wp\/2023\/01\/31\/ronaldo-carletto-e-nome-mais-natural-para-presidir-pp-na-bahia\/\" \/>\n<meta property=\"og:site_name\" content=\"Bahia Economica\" \/>\n<meta property=\"article:publisher\" content=\"https:\/\/www.facebook.com\/bahiaeconomica\" \/>\n<meta property=\"article:published_time\" content=\"2023-01-31T16:33:41+00:00\" \/>\n<meta property=\"article:modified_time\" content=\"2023-01-31T16:33:43+00:00\" \/>\n<meta property=\"og:image\" content=\"https:\/\/bahiaeconomica.com.br\/wp\/wp-content\/uploads\/2023\/01\/WhatsApp-Image-2023-01-30-at-15.28.58.jpeg\" \/>\n\t<meta property=\"og:image:width\" content=\"1600\" \/>\n\t<meta property=\"og:image:height\" content=\"1200\" \/>\n\t<meta property=\"og:image:type\" content=\"image\/jpeg\" \/>\n<meta name=\"author\" content=\"admin\" \/>\n<meta name=\"twitter:card\" content=\"summary_large_image\" \/>\n<meta name=\"twitter:label1\" content=\"Escrito por\" \/>\n\t<meta name=\"twitter:data1\" content=\"admin\" \/>\n\t<meta name=\"twitter:label2\" content=\"Est. tempo de leitura\" \/>\n\t<meta name=\"twitter:data2\" content=\"2 minutos\" \/>\n<script type=\"application\/ld+json\" class=\"yoast-schema-graph\">{\"@context\":\"https:\/\/schema.org\",\"@graph\":[{\"@type\":\"Article\",\"@id\":\"https:\/\/bahiaeconomica.com.br\/wp\/2023\/01\/31\/ronaldo-carletto-e-nome-mais-natural-para-presidir-pp-na-bahia\/#article\",\"isPartOf\":{\"@id\":\"https:\/\/bahiaeconomica.com.br\/wp\/2023\/01\/31\/ronaldo-carletto-e-nome-mais-natural-para-presidir-pp-na-bahia\/\"},\"author\":{\"name\":\"admin\",\"@id\":\"https:\/\/bahiaeconomica.com.br\/wp\/#\/schema\/person\/cb1ab5ba96ad3d9390805381c76284ec\"},\"headline\":\"RONALDO CARLETTO \u00c9 NOME MAIS NATURAL PARA PRESIDIR PP NA BAHIA\",\"datePublished\":\"2023-01-31T16:33:41+00:00\",\"dateModified\":\"2023-01-31T16:33:43+00:00\",\"mainEntityOfPage\":{\"@id\":\"https:\/\/bahiaeconomica.com.br\/wp\/2023\/01\/31\/ronaldo-carletto-e-nome-mais-natural-para-presidir-pp-na-bahia\/\"},\"wordCount\":250,\"publisher\":{\"@id\":\"https:\/\/bahiaeconomica.com.br\/wp\/#organization\"},\"articleSection\":[\"DESTAQUE DO DIA\",\"ECONOMIA \/ POL\u00cdTICA\"],\"inLanguage\":\"pt-BR\"},{\"@type\":\"WebPage\",\"@id\":\"https:\/\/bahiaeconomica.com.br\/wp\/2023\/01\/31\/ronaldo-carletto-e-nome-mais-natural-para-presidir-pp-na-bahia\/\",\"url\":\"https:\/\/bahiaeconomica.com.br\/wp\/2023\/01\/31\/ronaldo-carletto-e-nome-mais-natural-para-presidir-pp-na-bahia\/\",\"name\":\"RONALDO CARLETTO \u00c9 NOME MAIS NATURAL PARA PRESIDIR PP NA BAHIA - Bahia Economica\",\"isPartOf\":{\"@id\":\"https:\/\/bahiaeconomica.com.br\/wp\/#website\"},\"datePublished\":\"2023-01-31T16:33:41+00:00\",\"dateModified\":\"2023-01-31T16:33:43+00:00\",\"description\":\"O maior portal de Economia da Bahia DESTAQUE DO DIA, ECONOMIA \/ POL\u00cdTICA Bahia Economica\",\"breadcrumb\":{\"@id\":\"https:\/\/bahiaeconomica.com.br\/wp\/2023\/01\/31\/ronaldo-carletto-e-nome-mais-natural-para-presidir-pp-na-bahia\/#breadcrumb\"},\"inLanguage\":\"pt-BR\",\"potentialAction\":[{\"@type\":\"ReadAction\",\"target\":[\"https:\/\/bahiaeconomica.com.br\/wp\/2023\/01\/31\/ronaldo-carletto-e-nome-mais-natural-para-presidir-pp-na-bahia\/\"]}]},{\"@type\":\"BreadcrumbList\",\"@id\":\"https:\/\/bahiaeconomica.com.br\/wp\/2023\/01\/31\/ronaldo-carletto-e-nome-mais-natural-para-presidir-pp-na-bahia\/#breadcrumb\",\"itemListElement\":[{\"@type\":\"ListItem\",\"position\":1,\"name\":\"In\u00edcio\",\"item\":\"https:\/\/bahiaeconomica.com.br\/wp\/\"},{\"@type\":\"ListItem\",\"position\":2,\"name\":\"RONALDO CARLETTO \u00c9 NOME MAIS NATURAL PARA PRESIDIR PP NA BAHIA\"}]},{\"@type\":\"WebSite\",\"@id\":\"https:\/\/bahiaeconomica.com.br\/wp\/#website\",\"url\":\"https:\/\/bahiaeconomica.com.br\/wp\/\",\"name\":\"Bahia Economica\",\"description\":\"O maior portal de Economia da Bahia\",\"publisher\":{\"@id\":\"https:\/\/bahiaeconomica.com.br\/wp\/#organization\"},\"potentialAction\":[{\"@type\":\"SearchAction\",\"target\":{\"@type\":\"EntryPoint\",\"urlTemplate\":\"https:\/\/bahiaeconomica.com.br\/wp\/?s={search_term_string}\"},\"query-input\":\"required name=search_term_string\"}],\"inLanguage\":\"pt-BR\"},{\"@type\":\"Organization\",\"@id\":\"https:\/\/bahiaeconomica.com.br\/wp\/#organization\",\"name\":\"Bahia Econ\u00f4mica\",\"url\":\"https:\/\/bahiaeconomica.com.br\/wp\/\",\"logo\":{\"@type\":\"ImageObject\",\"inLanguage\":\"pt-BR\",\"@id\":\"https:\/\/bahiaeconomica.com.br\/wp\/#\/schema\/logo\/image\/\",\"url\":\"https:\/\/bahiaeconomica.com.br\/wp\/wp-content\/uploads\/2020\/12\/cropped-BE.png\",\"contentUrl\":\"https:\/\/bahiaeconomica.com.br\/wp\/wp-content\/uploads\/2020\/12\/cropped-BE.png\",\"width\":512,\"height\":512,\"caption\":\"Bahia Econ\u00f4mica\"},\"image\":{\"@id\":\"https:\/\/bahiaeconomica.com.br\/wp\/#\/schema\/logo\/image\/\"},\"sameAs\":[\"https:\/\/www.facebook.com\/bahiaeconomica\"]},{\"@type\":\"Person\",\"@id\":\"https:\/\/bahiaeconomica.com.br\/wp\/#\/schema\/person\/cb1ab5ba96ad3d9390805381c76284ec\",\"name\":\"admin\",\"url\":\"https:\/\/bahiaeconomica.com.br\/wp\/author\/admin\/\"}]}<\/script>\n<!-- \/ Yoast SEO plugin. -->","yoast_head_json":{"title":"RONALDO CARLETTO \u00c9 NOME MAIS NATURAL PARA PRESIDIR PP NA BAHIA - Bahia Economica","description":"O maior portal de Economia da Bahia DESTAQUE DO DIA, ECONOMIA \/ POL\u00cdTICA Bahia Economica","robots":{"index":"index","follow":"follow","max-snippet":"max-snippet:-1","max-image-preview":"max-image-preview:large","max-video-preview":"max-video-preview:-1"},"canonical":"https:\/\/bahiaeconomica.com.br\/wp\/2023\/01\/31\/ronaldo-carletto-e-nome-mais-natural-para-presidir-pp-na-bahia\/","og_locale":"pt_BR","og_type":"article","og_title":"RONALDO CARLETTO \u00c9 NOME MAIS NATURAL PARA PRESIDIR PP NA BAHIA - Bahia Economica","og_description":"O maior portal de Economia da Bahia DESTAQUE DO DIA, ECONOMIA \/ POL\u00cdTICA Bahia Economica","og_url":"https:\/\/bahiaeconomica.com.br\/wp\/2023\/01\/31\/ronaldo-carletto-e-nome-mais-natural-para-presidir-pp-na-bahia\/","og_site_name":"Bahia Economica","article_publisher":"https:\/\/www.facebook.com\/bahiaeconomica","article_published_time":"2023-01-31T16:33:41+00:00","article_modified_time":"2023-01-31T16:33:43+00:00","og_image":[{"width":1600,"height":1200,"url":"https:\/\/bahiaeconomica.com.br\/wp\/wp-content\/uploads\/2023\/01\/WhatsApp-Image-2023-01-30-at-15.28.58.jpeg","type":"image\/jpeg"}],"author":"admin","twitter_card":"summary_large_image","twitter_misc":{"Escrito por":"admin","Est. tempo de leitura":"2 minutos"},"schema":{"@context":"https:\/\/schema.org","@graph":[{"@type":"Article","@id":"https:\/\/bahiaeconomica.com.br\/wp\/2023\/01\/31\/ronaldo-carletto-e-nome-mais-natural-para-presidir-pp-na-bahia\/#article","isPartOf":{"@id":"https:\/\/bahiaeconomica.com.br\/wp\/2023\/01\/31\/ronaldo-carletto-e-nome-mais-natural-para-presidir-pp-na-bahia\/"},"author":{"name":"admin","@id":"https:\/\/bahiaeconomica.com.br\/wp\/#\/schema\/person\/cb1ab5ba96ad3d9390805381c76284ec"},"headline":"RONALDO CARLETTO \u00c9 NOME MAIS NATURAL PARA PRESIDIR PP NA BAHIA","datePublished":"2023-01-31T16:33:41+00:00","dateModified":"2023-01-31T16:33:43+00:00","mainEntityOfPage":{"@id":"https:\/\/bahiaeconomica.com.br\/wp\/2023\/01\/31\/ronaldo-carletto-e-nome-mais-natural-para-presidir-pp-na-bahia\/"},"wordCount":250,"publisher":{"@id":"https:\/\/bahiaeconomica.com.br\/wp\/#organization"},"articleSection":["DESTAQUE DO DIA","ECONOMIA \/ POL\u00cdTICA"],"inLanguage":"pt-BR"},{"@type":"WebPage","@id":"https:\/\/bahiaeconomica.com.br\/wp\/2023\/01\/31\/ronaldo-carletto-e-nome-mais-natural-para-presidir-pp-na-bahia\/","url":"https:\/\/bahiaeconomica.com.br\/wp\/2023\/01\/31\/ronaldo-carletto-e-nome-mais-natural-para-presidir-pp-na-bahia\/","name":"RONALDO CARLETTO \u00c9 NOME MAIS NATURAL PARA PRESIDIR PP NA BAHIA - Bahia Economica","isPartOf":{"@id":"https:\/\/bahiaeconomica.com.br\/wp\/#website"},"datePublished":"2023-01-31T16:33:41+00:00","dateModified":"2023-01-31T16:33:43+00:00","description":"O maior portal de Economia da Bahia DESTAQUE DO DIA, ECONOMIA \/ POL\u00cdTICA Bahia Economica","breadcrumb":{"@id":"https:\/\/bahiaeconomica.com.br\/wp\/2023\/01\/31\/ronaldo-carletto-e-nome-mais-natural-para-presidir-pp-na-bahia\/#breadcrumb"},"inLanguage":"pt-BR","potentialAction":[{"@type":"ReadAction","target":["https:\/\/bahiaeconomica.com.br\/wp\/2023\/01\/31\/ronaldo-carletto-e-nome-mais-natural-para-presidir-pp-na-bahia\/"]}]},{"@type":"BreadcrumbList","@id":"https:\/\/bahiaeconomica.com.br\/wp\/2023\/01\/31\/ronaldo-carletto-e-nome-mais-natural-para-presidir-pp-na-bahia\/#breadcrumb","itemListElement":[{"@type":"ListItem","position":1,"name":"In\u00edcio","item":"https:\/\/bahiaeconomica.com.br\/wp\/"},{"@type":"ListItem","position":2,"name":"RONALDO CARLETTO \u00c9 NOME MAIS NATURAL PARA PRESIDIR PP NA BAHIA"}]},{"@type":"WebSite","@id":"https:\/\/bahiaeconomica.com.br\/wp\/#website","url":"https:\/\/bahiaeconomica.com.br\/wp\/","name":"Bahia Economica","description":"O maior portal de Economia da Bahia","publisher":{"@id":"https:\/\/bahiaeconomica.com.br\/wp\/#organization"},"potentialAction":[{"@type":"SearchAction","target":{"@type":"EntryPoint","urlTemplate":"https:\/\/bahiaeconomica.com.br\/wp\/?s={search_term_string}"},"query-input":"required name=search_term_string"}],"inLanguage":"pt-BR"},{"@type":"Organization","@id":"https:\/\/bahiaeconomica.com.br\/wp\/#organization","name":"Bahia Econ\u00f4mica","url":"https:\/\/bahiaeconomica.com.br\/wp\/","logo":{"@type":"ImageObject","inLanguage":"pt-BR","@id":"https:\/\/bahiaeconomica.com.br\/wp\/#\/schema\/logo\/image\/","url":"https:\/\/bahiaeconomica.com.br\/wp\/wp-content\/uploads\/2020\/12\/cropped-BE.png","contentUrl":"https:\/\/bahiaeconomica.com.br\/wp\/wp-content\/uploads\/2020\/12\/cropped-BE.png","width":512,"height":512,"caption":"Bahia Econ\u00f4mica"},"image":{"@id":"https:\/\/bahiaeconomica.com.br\/wp\/#\/schema\/logo\/image\/"},"sameAs":["https:\/\/www.facebook.com\/bahiaeconomica"]},{"@type":"Person","@id":"https:\/\/bahiaeconomica.com.br\/wp\/#\/schema\/person\/cb1ab5ba96ad3d9390805381c76284ec","name":"admin","url":"https:\/\/bahiaeconomica.com.br\/wp\/author\/admin\/"}]}},"views":7,"_links":{"self":[{"href":"https:\/\/bahiaeconomica.com.br\/wp\/wp-json\/wp\/v2\/posts\/714571"}],"collection":[{"href":"https:\/\/bahiaeconomica.com.br\/wp\/wp-json\/wp\/v2\/posts"}],"about":[{"href":"https:\/\/bahiaeconomica.com.br\/wp\/wp-json\/wp\/v2\/types\/post"}],"author":[{"embeddable":true,"href":"https:\/\/bahiaeconomica.com.br\/wp\/wp-json\/wp\/v2\/users\/1"}],"replies":[{"embeddable":true,"href":"https:\/\/bahiaeconomica.com.br\/wp\/wp-json\/wp\/v2\/comments?post=714571"}],"version-history":[{"count":1,"href":"https:\/\/bahiaeconomica.com.br\/wp\/wp-json\/wp\/v2\/posts\/714571\/revisions"}],"predecessor-version":[{"id":714573,"href":"https:\/\/bahiaeconomica.com.br\/wp\/wp-json\/wp\/v2\/posts\/714571\/revisions\/714573"}],"wp:featuredmedia":[{"embeddable":true,"href":"https:\/\/bahiaeconomica.com.br\/wp\/wp-json\/wp\/v2\/media\/714572"}],"wp:attachment":[{"href":"https:\/\/bahiaeconomica.com.br\/wp\/wp-json\/wp\/v2\/media?parent=714571"}],"wp:term":[{"taxonomy":"category","embeddable":true,"href":"https:\/\/bahiaeconomica.com.br\/wp\/wp-json\/wp\/v2\/categories?post=714571"},{"taxonomy":"post_tag","embeddable":true,"href":"https:\/\/bahiaeconomica.com.br\/wp\/wp-json\/wp\/v2\/tags?post=714571"}],"curies":[{"name":"wp","href":"https:\/\/api.w.org\/{rel}","templated":true}]}}