{"id":714145,"date":"2023-01-28T11:20:00","date_gmt":"2023-01-28T14:20:00","guid":{"rendered":"https:\/\/bahiaeconomica.com.br\/wp\/beta\/?p=714145"},"modified":"2023-01-29T06:56:59","modified_gmt":"2023-01-29T09:56:59","slug":"flavio-bolsonaro-quer-ser-prefeito-do-rio-em-2024","status":"publish","type":"post","link":"https:\/\/bahiaeconomica.com.br\/wp\/2023\/01\/28\/flavio-bolsonaro-quer-ser-prefeito-do-rio-em-2024\/","title":{"rendered":"FL\u00c1VIO BOLSONARO QUER SER PREFEITO DO RIO EM 2024"},"content":{"rendered":"\n<p>Uma pesquisa interna do Partido Liberal tra\u00e7ou cen\u00e1rio eleitoral favor\u00e1vel a Fl\u00e1vio Bolsonaro na disputa \u00e0 Prefeitura do Rio em 2024. <\/p>\n\n\n\n<!--more-->\n\n\n\n<p>Se confirmada, Fl\u00e1vio enfrentaria o atual prefeito, Eduardo Paes, que apoiou o presidente Luiz In\u00e1cio Lula da Silva na elei\u00e7\u00e3o presidencial. Caso Fl\u00e1vio n\u00e3o se candidate ou perca a elei\u00e7\u00e3o municipal, tentar\u00e1 a reelei\u00e7\u00e3o ao Senado, conforme o site Metr\u00f3poles. Contudo, outros nomes do PL tamb\u00e9m t\u00eam inten\u00e7\u00e3o de disputar a vaga de senador em 2026, como Carlos Portinho e Cl\u00e1udio Castro, governador do Rio. Em 2026, estar\u00e3o em jogo duas vagas ao Senado por estado.<\/p>\n\n\n\n<p>\u201cO PL tem em seu planejamento eleger o maior n\u00famero de prefeitos em 2024, especialmente nas capitais. Se meu grupo pol\u00edtico no Rio de Janeiro entender que meu nome ajuda, vamos trabalhar\u201d, afirmoi, ddeixando claro que n\u00e3o pretende sair da pol\u00edtica, apesar de n\u00e3o ser campe\u00e3o de votos como o irm\u00e3o deputado federal Eduardo Bolsonaro (PL), que nessa elei\u00e7\u00e3o mesmo que perdendo 1 milh\u00e3o de votos \u2013 em 2018 foi o candidato a deputado federal mais bem votado da hist\u00f3ria, com 1.843.735 votos \u2013 , ficou em terceiro lugar, com 741.701 votos. O candidato do PSOL venceu a disputa e conquistou 1.001.472.<\/p>\n\n\n\n<p>Foto: Wilson Dias\/Ag\u00eancia Brasil<\/p>\n","protected":false},"excerpt":{"rendered":"<p>Uma pesquisa interna do Partido Liberal tra\u00e7ou cen\u00e1rio eleitoral favor\u00e1vel a Fl\u00e1vio Bolsonaro na disputa \u00e0 Prefeitura do Rio em 2024.<\/p>\n","protected":false},"author":1,"featured_media":574522,"comment_status":"closed","ping_status":"closed","sticky":false,"template":"","format":"standard","meta":[],"categories":[14,3],"tags":[],"acf":[],"yoast_head":"<!-- This site is optimized with the Yoast SEO plugin v20.8 - https:\/\/yoast.com\/wordpress\/plugins\/seo\/ -->\n<title>FL\u00c1VIO BOLSONARO QUER SER PREFEITO DO RIO EM 2024 - Bahia Economica<\/title>\n<meta name=\"description\" content=\"O maior portal de Economia da Bahia DESTAQUE DO DIA, ECONOMIA \/ POL\u00cdTICA Bahia Economica\" \/>\n<meta name=\"robots\" content=\"index, follow, max-snippet:-1, max-image-preview:large, max-video-preview:-1\" \/>\n<link rel=\"canonical\" href=\"https:\/\/bahiaeconomica.com.br\/wp\/2023\/01\/28\/flavio-bolsonaro-quer-ser-prefeito-do-rio-em-2024\/\" \/>\n<meta property=\"og:locale\" content=\"pt_BR\" \/>\n<meta property=\"og:type\" content=\"article\" \/>\n<meta property=\"og:title\" content=\"FL\u00c1VIO BOLSONARO QUER SER PREFEITO DO RIO EM 2024 - Bahia Economica\" \/>\n<meta property=\"og:description\" content=\"O maior portal de Economia da Bahia DESTAQUE DO DIA, ECONOMIA \/ POL\u00cdTICA Bahia Economica\" \/>\n<meta property=\"og:url\" content=\"https:\/\/bahiaeconomica.com.br\/wp\/2023\/01\/28\/flavio-bolsonaro-quer-ser-prefeito-do-rio-em-2024\/\" \/>\n<meta property=\"og:site_name\" content=\"Bahia Economica\" \/>\n<meta property=\"article:publisher\" content=\"https:\/\/www.facebook.com\/bahiaeconomica\" \/>\n<meta property=\"article:published_time\" content=\"2023-01-28T14:20:00+00:00\" \/>\n<meta property=\"article:modified_time\" content=\"2023-01-29T09:56:59+00:00\" \/>\n<meta property=\"og:image\" content=\"https:\/\/bahiaeconomica.com.br\/wp\/wp-content\/uploads\/2021\/06\/jair-flavio-bolsonaro360.jpg\" \/>\n\t<meta property=\"og:image:width\" content=\"360\" \/>\n\t<meta property=\"og:image:height\" content=\"220\" \/>\n\t<meta property=\"og:image:type\" content=\"image\/jpeg\" \/>\n<meta name=\"author\" content=\"admin\" \/>\n<meta name=\"twitter:card\" content=\"summary_large_image\" \/>\n<meta name=\"twitter:label1\" content=\"Escrito por\" \/>\n\t<meta name=\"twitter:data1\" content=\"admin\" \/>\n\t<meta name=\"twitter:label2\" content=\"Est. tempo de leitura\" \/>\n\t<meta name=\"twitter:data2\" content=\"2 minutos\" \/>\n<script type=\"application\/ld+json\" class=\"yoast-schema-graph\">{\"@context\":\"https:\/\/schema.org\",\"@graph\":[{\"@type\":\"Article\",\"@id\":\"https:\/\/bahiaeconomica.com.br\/wp\/2023\/01\/28\/flavio-bolsonaro-quer-ser-prefeito-do-rio-em-2024\/#article\",\"isPartOf\":{\"@id\":\"https:\/\/bahiaeconomica.com.br\/wp\/2023\/01\/28\/flavio-bolsonaro-quer-ser-prefeito-do-rio-em-2024\/\"},\"author\":{\"name\":\"admin\",\"@id\":\"https:\/\/bahiaeconomica.com.br\/wp\/#\/schema\/person\/cb1ab5ba96ad3d9390805381c76284ec\"},\"headline\":\"FL\u00c1VIO BOLSONARO QUER SER PREFEITO DO RIO EM 2024\",\"datePublished\":\"2023-01-28T14:20:00+00:00\",\"dateModified\":\"2023-01-29T09:56:59+00:00\",\"mainEntityOfPage\":{\"@id\":\"https:\/\/bahiaeconomica.com.br\/wp\/2023\/01\/28\/flavio-bolsonaro-quer-ser-prefeito-do-rio-em-2024\/\"},\"wordCount\":228,\"publisher\":{\"@id\":\"https:\/\/bahiaeconomica.com.br\/wp\/#organization\"},\"articleSection\":[\"DESTAQUE DO DIA\",\"ECONOMIA \/ POL\u00cdTICA\"],\"inLanguage\":\"pt-BR\"},{\"@type\":\"WebPage\",\"@id\":\"https:\/\/bahiaeconomica.com.br\/wp\/2023\/01\/28\/flavio-bolsonaro-quer-ser-prefeito-do-rio-em-2024\/\",\"url\":\"https:\/\/bahiaeconomica.com.br\/wp\/2023\/01\/28\/flavio-bolsonaro-quer-ser-prefeito-do-rio-em-2024\/\",\"name\":\"FL\u00c1VIO BOLSONARO QUER SER PREFEITO DO RIO EM 2024 - Bahia Economica\",\"isPartOf\":{\"@id\":\"https:\/\/bahiaeconomica.com.br\/wp\/#website\"},\"datePublished\":\"2023-01-28T14:20:00+00:00\",\"dateModified\":\"2023-01-29T09:56:59+00:00\",\"description\":\"O maior portal de Economia da Bahia DESTAQUE DO DIA, ECONOMIA \/ POL\u00cdTICA Bahia Economica\",\"breadcrumb\":{\"@id\":\"https:\/\/bahiaeconomica.com.br\/wp\/2023\/01\/28\/flavio-bolsonaro-quer-ser-prefeito-do-rio-em-2024\/#breadcrumb\"},\"inLanguage\":\"pt-BR\",\"potentialAction\":[{\"@type\":\"ReadAction\",\"target\":[\"https:\/\/bahiaeconomica.com.br\/wp\/2023\/01\/28\/flavio-bolsonaro-quer-ser-prefeito-do-rio-em-2024\/\"]}]},{\"@type\":\"BreadcrumbList\",\"@id\":\"https:\/\/bahiaeconomica.com.br\/wp\/2023\/01\/28\/flavio-bolsonaro-quer-ser-prefeito-do-rio-em-2024\/#breadcrumb\",\"itemListElement\":[{\"@type\":\"ListItem\",\"position\":1,\"name\":\"In\u00edcio\",\"item\":\"https:\/\/bahiaeconomica.com.br\/wp\/\"},{\"@type\":\"ListItem\",\"position\":2,\"name\":\"FL\u00c1VIO BOLSONARO QUER SER PREFEITO DO RIO EM 2024\"}]},{\"@type\":\"WebSite\",\"@id\":\"https:\/\/bahiaeconomica.com.br\/wp\/#website\",\"url\":\"https:\/\/bahiaeconomica.com.br\/wp\/\",\"name\":\"Bahia Economica\",\"description\":\"O maior portal de Economia da Bahia\",\"publisher\":{\"@id\":\"https:\/\/bahiaeconomica.com.br\/wp\/#organization\"},\"potentialAction\":[{\"@type\":\"SearchAction\",\"target\":{\"@type\":\"EntryPoint\",\"urlTemplate\":\"https:\/\/bahiaeconomica.com.br\/wp\/?s={search_term_string}\"},\"query-input\":\"required name=search_term_string\"}],\"inLanguage\":\"pt-BR\"},{\"@type\":\"Organization\",\"@id\":\"https:\/\/bahiaeconomica.com.br\/wp\/#organization\",\"name\":\"Bahia Econ\u00f4mica\",\"url\":\"https:\/\/bahiaeconomica.com.br\/wp\/\",\"logo\":{\"@type\":\"ImageObject\",\"inLanguage\":\"pt-BR\",\"@id\":\"https:\/\/bahiaeconomica.com.br\/wp\/#\/schema\/logo\/image\/\",\"url\":\"https:\/\/bahiaeconomica.com.br\/wp\/wp-content\/uploads\/2020\/12\/cropped-BE.png\",\"contentUrl\":\"https:\/\/bahiaeconomica.com.br\/wp\/wp-content\/uploads\/2020\/12\/cropped-BE.png\",\"width\":512,\"height\":512,\"caption\":\"Bahia Econ\u00f4mica\"},\"image\":{\"@id\":\"https:\/\/bahiaeconomica.com.br\/wp\/#\/schema\/logo\/image\/\"},\"sameAs\":[\"https:\/\/www.facebook.com\/bahiaeconomica\"]},{\"@type\":\"Person\",\"@id\":\"https:\/\/bahiaeconomica.com.br\/wp\/#\/schema\/person\/cb1ab5ba96ad3d9390805381c76284ec\",\"name\":\"admin\",\"url\":\"https:\/\/bahiaeconomica.com.br\/wp\/author\/admin\/\"}]}<\/script>\n<!-- \/ Yoast SEO plugin. -->","yoast_head_json":{"title":"FL\u00c1VIO BOLSONARO QUER SER PREFEITO DO RIO EM 2024 - Bahia Economica","description":"O maior portal de Economia da Bahia DESTAQUE DO DIA, ECONOMIA \/ POL\u00cdTICA Bahia Economica","robots":{"index":"index","follow":"follow","max-snippet":"max-snippet:-1","max-image-preview":"max-image-preview:large","max-video-preview":"max-video-preview:-1"},"canonical":"https:\/\/bahiaeconomica.com.br\/wp\/2023\/01\/28\/flavio-bolsonaro-quer-ser-prefeito-do-rio-em-2024\/","og_locale":"pt_BR","og_type":"article","og_title":"FL\u00c1VIO BOLSONARO QUER SER PREFEITO DO RIO EM 2024 - Bahia Economica","og_description":"O maior portal de Economia da Bahia DESTAQUE DO DIA, ECONOMIA \/ POL\u00cdTICA Bahia Economica","og_url":"https:\/\/bahiaeconomica.com.br\/wp\/2023\/01\/28\/flavio-bolsonaro-quer-ser-prefeito-do-rio-em-2024\/","og_site_name":"Bahia Economica","article_publisher":"https:\/\/www.facebook.com\/bahiaeconomica","article_published_time":"2023-01-28T14:20:00+00:00","article_modified_time":"2023-01-29T09:56:59+00:00","og_image":[{"width":360,"height":220,"url":"https:\/\/bahiaeconomica.com.br\/wp\/wp-content\/uploads\/2021\/06\/jair-flavio-bolsonaro360.jpg","type":"image\/jpeg"}],"author":"admin","twitter_card":"summary_large_image","twitter_misc":{"Escrito por":"admin","Est. tempo de leitura":"2 minutos"},"schema":{"@context":"https:\/\/schema.org","@graph":[{"@type":"Article","@id":"https:\/\/bahiaeconomica.com.br\/wp\/2023\/01\/28\/flavio-bolsonaro-quer-ser-prefeito-do-rio-em-2024\/#article","isPartOf":{"@id":"https:\/\/bahiaeconomica.com.br\/wp\/2023\/01\/28\/flavio-bolsonaro-quer-ser-prefeito-do-rio-em-2024\/"},"author":{"name":"admin","@id":"https:\/\/bahiaeconomica.com.br\/wp\/#\/schema\/person\/cb1ab5ba96ad3d9390805381c76284ec"},"headline":"FL\u00c1VIO BOLSONARO QUER SER PREFEITO DO RIO EM 2024","datePublished":"2023-01-28T14:20:00+00:00","dateModified":"2023-01-29T09:56:59+00:00","mainEntityOfPage":{"@id":"https:\/\/bahiaeconomica.com.br\/wp\/2023\/01\/28\/flavio-bolsonaro-quer-ser-prefeito-do-rio-em-2024\/"},"wordCount":228,"publisher":{"@id":"https:\/\/bahiaeconomica.com.br\/wp\/#organization"},"articleSection":["DESTAQUE DO DIA","ECONOMIA \/ POL\u00cdTICA"],"inLanguage":"pt-BR"},{"@type":"WebPage","@id":"https:\/\/bahiaeconomica.com.br\/wp\/2023\/01\/28\/flavio-bolsonaro-quer-ser-prefeito-do-rio-em-2024\/","url":"https:\/\/bahiaeconomica.com.br\/wp\/2023\/01\/28\/flavio-bolsonaro-quer-ser-prefeito-do-rio-em-2024\/","name":"FL\u00c1VIO BOLSONARO QUER SER PREFEITO DO RIO EM 2024 - Bahia Economica","isPartOf":{"@id":"https:\/\/bahiaeconomica.com.br\/wp\/#website"},"datePublished":"2023-01-28T14:20:00+00:00","dateModified":"2023-01-29T09:56:59+00:00","description":"O maior portal de Economia da Bahia DESTAQUE DO DIA, ECONOMIA \/ POL\u00cdTICA Bahia Economica","breadcrumb":{"@id":"https:\/\/bahiaeconomica.com.br\/wp\/2023\/01\/28\/flavio-bolsonaro-quer-ser-prefeito-do-rio-em-2024\/#breadcrumb"},"inLanguage":"pt-BR","potentialAction":[{"@type":"ReadAction","target":["https:\/\/bahiaeconomica.com.br\/wp\/2023\/01\/28\/flavio-bolsonaro-quer-ser-prefeito-do-rio-em-2024\/"]}]},{"@type":"BreadcrumbList","@id":"https:\/\/bahiaeconomica.com.br\/wp\/2023\/01\/28\/flavio-bolsonaro-quer-ser-prefeito-do-rio-em-2024\/#breadcrumb","itemListElement":[{"@type":"ListItem","position":1,"name":"In\u00edcio","item":"https:\/\/bahiaeconomica.com.br\/wp\/"},{"@type":"ListItem","position":2,"name":"FL\u00c1VIO BOLSONARO QUER SER PREFEITO DO RIO EM 2024"}]},{"@type":"WebSite","@id":"https:\/\/bahiaeconomica.com.br\/wp\/#website","url":"https:\/\/bahiaeconomica.com.br\/wp\/","name":"Bahia Economica","description":"O maior portal de Economia da Bahia","publisher":{"@id":"https:\/\/bahiaeconomica.com.br\/wp\/#organization"},"potentialAction":[{"@type":"SearchAction","target":{"@type":"EntryPoint","urlTemplate":"https:\/\/bahiaeconomica.com.br\/wp\/?s={search_term_string}"},"query-input":"required name=search_term_string"}],"inLanguage":"pt-BR"},{"@type":"Organization","@id":"https:\/\/bahiaeconomica.com.br\/wp\/#organization","name":"Bahia Econ\u00f4mica","url":"https:\/\/bahiaeconomica.com.br\/wp\/","logo":{"@type":"ImageObject","inLanguage":"pt-BR","@id":"https:\/\/bahiaeconomica.com.br\/wp\/#\/schema\/logo\/image\/","url":"https:\/\/bahiaeconomica.com.br\/wp\/wp-content\/uploads\/2020\/12\/cropped-BE.png","contentUrl":"https:\/\/bahiaeconomica.com.br\/wp\/wp-content\/uploads\/2020\/12\/cropped-BE.png","width":512,"height":512,"caption":"Bahia Econ\u00f4mica"},"image":{"@id":"https:\/\/bahiaeconomica.com.br\/wp\/#\/schema\/logo\/image\/"},"sameAs":["https:\/\/www.facebook.com\/bahiaeconomica"]},{"@type":"Person","@id":"https:\/\/bahiaeconomica.com.br\/wp\/#\/schema\/person\/cb1ab5ba96ad3d9390805381c76284ec","name":"admin","url":"https:\/\/bahiaeconomica.com.br\/wp\/author\/admin\/"}]}},"views":2,"_links":{"self":[{"href":"https:\/\/bahiaeconomica.com.br\/wp\/wp-json\/wp\/v2\/posts\/714145"}],"collection":[{"href":"https:\/\/bahiaeconomica.com.br\/wp\/wp-json\/wp\/v2\/posts"}],"about":[{"href":"https:\/\/bahiaeconomica.com.br\/wp\/wp-json\/wp\/v2\/types\/post"}],"author":[{"embeddable":true,"href":"https:\/\/bahiaeconomica.com.br\/wp\/wp-json\/wp\/v2\/users\/1"}],"replies":[{"embeddable":true,"href":"https:\/\/bahiaeconomica.com.br\/wp\/wp-json\/wp\/v2\/comments?post=714145"}],"version-history":[{"count":1,"href":"https:\/\/bahiaeconomica.com.br\/wp\/wp-json\/wp\/v2\/posts\/714145\/revisions"}],"predecessor-version":[{"id":714146,"href":"https:\/\/bahiaeconomica.com.br\/wp\/wp-json\/wp\/v2\/posts\/714145\/revisions\/714146"}],"wp:featuredmedia":[{"embeddable":true,"href":"https:\/\/bahiaeconomica.com.br\/wp\/wp-json\/wp\/v2\/media\/574522"}],"wp:attachment":[{"href":"https:\/\/bahiaeconomica.com.br\/wp\/wp-json\/wp\/v2\/media?parent=714145"}],"wp:term":[{"taxonomy":"category","embeddable":true,"href":"https:\/\/bahiaeconomica.com.br\/wp\/wp-json\/wp\/v2\/categories?post=714145"},{"taxonomy":"post_tag","embeddable":true,"href":"https:\/\/bahiaeconomica.com.br\/wp\/wp-json\/wp\/v2\/tags?post=714145"}],"curies":[{"name":"wp","href":"https:\/\/api.w.org\/{rel}","templated":true}]}}