{"id":71292,"date":"2018-06-13T10:35:03","date_gmt":"2018-06-13T13:35:03","guid":{"rendered":"https:\/\/bahiaeconomica.com.br\/wp\/beta\/?p=71292"},"modified":"2018-06-13T10:59:13","modified_gmt":"2018-06-13T13:59:13","slug":"ciro-gomes-nao-fara-parte-da-comitiva-de-rui-no-dois-de-julho","status":"publish","type":"post","link":"https:\/\/bahiaeconomica.com.br\/wp\/2018\/06\/13\/ciro-gomes-nao-fara-parte-da-comitiva-de-rui-no-dois-de-julho\/","title":{"rendered":"CIRO GOMES N\u00c3O FAR\u00c1 PARTE DA COMITIVA DE RUI NO 2 DE JULHO"},"content":{"rendered":"<p style=\"text-align: justify;\">O Pr\u00e9-candidato \u00e0 presid\u00eancia da rep\u00fablica Ciro Gomes(PDT) n\u00e3o far\u00e1 parte da comitiva de Rui Costa(PT) no desfile de dois de julho, data que marca a independ\u00eancia da Bahia e se realiza o tradicional desfile pol\u00edtico. Em entrevista ao portal Bahia Econ\u00f4mica, o presidente da legenda na Bahia Felix Mendon\u00e7a, afirmou que Ciro vai desfilar na comitiva pr\u00f3pria do PDT.<\/p>\n<p style=\"text-align: justify;\">\u201cO candidato Ciro Gomes vai est\u00e1 no desfile de dois julho que marca a independ\u00eancia da Bahia, por\u00e9m n\u00e3o vai estar na comitiva de Rui Costa. Ciro Gomes vai estar na comitiva do PDT de Ciro. Eventualmente eles podem at\u00e9 se encontrar no percurso, mas o que eu posso dizer hoje que Ciro vai acompanhar o dois de julho na Bahia e vai ter seu espa\u00e7o no desfile\u201d, disse Felix.<\/p>\n<p>A decis\u00e3o do PT de n\u00e3o apoiar Ciro Gomes no primeiro turno e a \u00a0posi\u00e7\u00e3o do PDT na Bahia, que lan\u00e7ou recentemente candidatura do ex-lutador Pop\u00f3 ao Senado, mostram que ainda n\u00e3o est\u00e1 clara como ser\u00e1 a campanha de Ciro na Bahia.<\/p>\n<p>&nbsp;<\/p>\n","protected":false},"excerpt":{"rendered":"<p>O Pr\u00e9-candidato \u00e0 presid\u00eancia da rep\u00fablica Ciro Gomes(PDT) n\u00e3o far\u00e1 parte da comitiva de Rui Costa(PT) no desfile de dois de julho, data que marca a independ\u00eancia da Bahia e se realiza o tradicional desfile pol\u00edtico. Em entrevista ao portal Bahia Econ\u00f4mica, o presidente da legenda na Bahia Felix Mendon\u00e7a, afirmou que Ciro vai desfilar [&hellip;]<\/p>\n","protected":false},"author":1,"featured_media":71298,"comment_status":"open","ping_status":"open","sticky":false,"template":"","format":"standard","meta":[],"categories":[14],"tags":[],"acf":[],"yoast_head":"<!-- This site is optimized with the Yoast SEO plugin v20.8 - https:\/\/yoast.com\/wordpress\/plugins\/seo\/ -->\n<title>CIRO GOMES N\u00c3O FAR\u00c1 PARTE DA COMITIVA DE RUI NO 2 DE JULHO - Bahia Economica<\/title>\n<meta name=\"description\" content=\"O maior portal de Economia da Bahia DESTAQUE DO DIA Bahia Economica\" \/>\n<meta name=\"robots\" content=\"index, follow, max-snippet:-1, max-image-preview:large, max-video-preview:-1\" \/>\n<link rel=\"canonical\" href=\"https:\/\/bahiaeconomica.com.br\/wp\/2018\/06\/13\/ciro-gomes-nao-fara-parte-da-comitiva-de-rui-no-dois-de-julho\/\" \/>\n<meta property=\"og:locale\" content=\"pt_BR\" \/>\n<meta property=\"og:type\" content=\"article\" \/>\n<meta property=\"og:title\" content=\"CIRO GOMES N\u00c3O FAR\u00c1 PARTE DA COMITIVA DE RUI NO 2 DE JULHO - Bahia Economica\" \/>\n<meta property=\"og:description\" content=\"O maior portal de Economia da Bahia DESTAQUE DO DIA Bahia Economica\" \/>\n<meta property=\"og:url\" content=\"https:\/\/bahiaeconomica.com.br\/wp\/2018\/06\/13\/ciro-gomes-nao-fara-parte-da-comitiva-de-rui-no-dois-de-julho\/\" \/>\n<meta property=\"og:site_name\" content=\"Bahia Economica\" \/>\n<meta property=\"article:publisher\" content=\"https:\/\/www.facebook.com\/bahiaeconomica\" \/>\n<meta property=\"article:published_time\" content=\"2018-06-13T13:35:03+00:00\" \/>\n<meta property=\"article:modified_time\" content=\"2018-06-13T13:59:13+00:00\" \/>\n<meta property=\"og:image\" content=\"https:\/\/bahiaeconomica.com.br\/wp\/wp-content\/uploads\/2018\/06\/ciro-e-f\u00e9lix-foto-divulga\u00e7\u00e3o-1000x530-e1528849575775.jpg\" \/>\n\t<meta property=\"og:image:width\" content=\"500\" \/>\n\t<meta property=\"og:image:height\" content=\"265\" \/>\n\t<meta property=\"og:image:type\" content=\"image\/jpeg\" \/>\n<meta name=\"author\" content=\"admin\" \/>\n<meta name=\"twitter:card\" content=\"summary_large_image\" \/>\n<meta name=\"twitter:label1\" content=\"Escrito por\" \/>\n\t<meta name=\"twitter:data1\" content=\"admin\" \/>\n\t<meta name=\"twitter:label2\" content=\"Est. tempo de leitura\" \/>\n\t<meta name=\"twitter:data2\" content=\"1 minuto\" \/>\n<script type=\"application\/ld+json\" class=\"yoast-schema-graph\">{\"@context\":\"https:\/\/schema.org\",\"@graph\":[{\"@type\":\"Article\",\"@id\":\"https:\/\/bahiaeconomica.com.br\/wp\/2018\/06\/13\/ciro-gomes-nao-fara-parte-da-comitiva-de-rui-no-dois-de-julho\/#article\",\"isPartOf\":{\"@id\":\"https:\/\/bahiaeconomica.com.br\/wp\/2018\/06\/13\/ciro-gomes-nao-fara-parte-da-comitiva-de-rui-no-dois-de-julho\/\"},\"author\":{\"name\":\"admin\",\"@id\":\"https:\/\/bahiaeconomica.com.br\/wp\/#\/schema\/person\/cb1ab5ba96ad3d9390805381c76284ec\"},\"headline\":\"CIRO GOMES N\u00c3O FAR\u00c1 PARTE DA COMITIVA DE RUI NO 2 DE JULHO\",\"datePublished\":\"2018-06-13T13:35:03+00:00\",\"dateModified\":\"2018-06-13T13:59:13+00:00\",\"mainEntityOfPage\":{\"@id\":\"https:\/\/bahiaeconomica.com.br\/wp\/2018\/06\/13\/ciro-gomes-nao-fara-parte-da-comitiva-de-rui-no-dois-de-julho\/\"},\"wordCount\":205,\"commentCount\":0,\"publisher\":{\"@id\":\"https:\/\/bahiaeconomica.com.br\/wp\/#organization\"},\"articleSection\":[\"DESTAQUE DO DIA\"],\"inLanguage\":\"pt-BR\",\"potentialAction\":[{\"@type\":\"CommentAction\",\"name\":\"Comment\",\"target\":[\"https:\/\/bahiaeconomica.com.br\/wp\/2018\/06\/13\/ciro-gomes-nao-fara-parte-da-comitiva-de-rui-no-dois-de-julho\/#respond\"]}]},{\"@type\":\"WebPage\",\"@id\":\"https:\/\/bahiaeconomica.com.br\/wp\/2018\/06\/13\/ciro-gomes-nao-fara-parte-da-comitiva-de-rui-no-dois-de-julho\/\",\"url\":\"https:\/\/bahiaeconomica.com.br\/wp\/2018\/06\/13\/ciro-gomes-nao-fara-parte-da-comitiva-de-rui-no-dois-de-julho\/\",\"name\":\"CIRO GOMES N\u00c3O FAR\u00c1 PARTE DA COMITIVA DE RUI NO 2 DE JULHO - Bahia Economica\",\"isPartOf\":{\"@id\":\"https:\/\/bahiaeconomica.com.br\/wp\/#website\"},\"datePublished\":\"2018-06-13T13:35:03+00:00\",\"dateModified\":\"2018-06-13T13:59:13+00:00\",\"description\":\"O maior portal de Economia da Bahia DESTAQUE DO DIA Bahia Economica\",\"breadcrumb\":{\"@id\":\"https:\/\/bahiaeconomica.com.br\/wp\/2018\/06\/13\/ciro-gomes-nao-fara-parte-da-comitiva-de-rui-no-dois-de-julho\/#breadcrumb\"},\"inLanguage\":\"pt-BR\",\"potentialAction\":[{\"@type\":\"ReadAction\",\"target\":[\"https:\/\/bahiaeconomica.com.br\/wp\/2018\/06\/13\/ciro-gomes-nao-fara-parte-da-comitiva-de-rui-no-dois-de-julho\/\"]}]},{\"@type\":\"BreadcrumbList\",\"@id\":\"https:\/\/bahiaeconomica.com.br\/wp\/2018\/06\/13\/ciro-gomes-nao-fara-parte-da-comitiva-de-rui-no-dois-de-julho\/#breadcrumb\",\"itemListElement\":[{\"@type\":\"ListItem\",\"position\":1,\"name\":\"In\u00edcio\",\"item\":\"https:\/\/bahiaeconomica.com.br\/wp\/\"},{\"@type\":\"ListItem\",\"position\":2,\"name\":\"CIRO GOMES N\u00c3O FAR\u00c1 PARTE DA COMITIVA DE RUI NO 2 DE JULHO\"}]},{\"@type\":\"WebSite\",\"@id\":\"https:\/\/bahiaeconomica.com.br\/wp\/#website\",\"url\":\"https:\/\/bahiaeconomica.com.br\/wp\/\",\"name\":\"Bahia Economica\",\"description\":\"O maior portal de Economia da Bahia\",\"publisher\":{\"@id\":\"https:\/\/bahiaeconomica.com.br\/wp\/#organization\"},\"potentialAction\":[{\"@type\":\"SearchAction\",\"target\":{\"@type\":\"EntryPoint\",\"urlTemplate\":\"https:\/\/bahiaeconomica.com.br\/wp\/?s={search_term_string}\"},\"query-input\":\"required name=search_term_string\"}],\"inLanguage\":\"pt-BR\"},{\"@type\":\"Organization\",\"@id\":\"https:\/\/bahiaeconomica.com.br\/wp\/#organization\",\"name\":\"Bahia Econ\u00f4mica\",\"url\":\"https:\/\/bahiaeconomica.com.br\/wp\/\",\"logo\":{\"@type\":\"ImageObject\",\"inLanguage\":\"pt-BR\",\"@id\":\"https:\/\/bahiaeconomica.com.br\/wp\/#\/schema\/logo\/image\/\",\"url\":\"https:\/\/bahiaeconomica.com.br\/wp\/wp-content\/uploads\/2020\/12\/cropped-BE.png\",\"contentUrl\":\"https:\/\/bahiaeconomica.com.br\/wp\/wp-content\/uploads\/2020\/12\/cropped-BE.png\",\"width\":512,\"height\":512,\"caption\":\"Bahia Econ\u00f4mica\"},\"image\":{\"@id\":\"https:\/\/bahiaeconomica.com.br\/wp\/#\/schema\/logo\/image\/\"},\"sameAs\":[\"https:\/\/www.facebook.com\/bahiaeconomica\"]},{\"@type\":\"Person\",\"@id\":\"https:\/\/bahiaeconomica.com.br\/wp\/#\/schema\/person\/cb1ab5ba96ad3d9390805381c76284ec\",\"name\":\"admin\",\"url\":\"https:\/\/bahiaeconomica.com.br\/wp\/author\/admin\/\"}]}<\/script>\n<!-- \/ Yoast SEO plugin. -->","yoast_head_json":{"title":"CIRO GOMES N\u00c3O FAR\u00c1 PARTE DA COMITIVA DE RUI NO 2 DE JULHO - Bahia Economica","description":"O maior portal de Economia da Bahia DESTAQUE DO DIA Bahia Economica","robots":{"index":"index","follow":"follow","max-snippet":"max-snippet:-1","max-image-preview":"max-image-preview:large","max-video-preview":"max-video-preview:-1"},"canonical":"https:\/\/bahiaeconomica.com.br\/wp\/2018\/06\/13\/ciro-gomes-nao-fara-parte-da-comitiva-de-rui-no-dois-de-julho\/","og_locale":"pt_BR","og_type":"article","og_title":"CIRO GOMES N\u00c3O FAR\u00c1 PARTE DA COMITIVA DE RUI NO 2 DE JULHO - Bahia Economica","og_description":"O maior portal de Economia da Bahia DESTAQUE DO DIA Bahia Economica","og_url":"https:\/\/bahiaeconomica.com.br\/wp\/2018\/06\/13\/ciro-gomes-nao-fara-parte-da-comitiva-de-rui-no-dois-de-julho\/","og_site_name":"Bahia Economica","article_publisher":"https:\/\/www.facebook.com\/bahiaeconomica","article_published_time":"2018-06-13T13:35:03+00:00","article_modified_time":"2018-06-13T13:59:13+00:00","og_image":[{"width":500,"height":265,"url":"https:\/\/bahiaeconomica.com.br\/wp\/wp-content\/uploads\/2018\/06\/ciro-e-f\u00e9lix-foto-divulga\u00e7\u00e3o-1000x530-e1528849575775.jpg","type":"image\/jpeg"}],"author":"admin","twitter_card":"summary_large_image","twitter_misc":{"Escrito por":"admin","Est. tempo de leitura":"1 minuto"},"schema":{"@context":"https:\/\/schema.org","@graph":[{"@type":"Article","@id":"https:\/\/bahiaeconomica.com.br\/wp\/2018\/06\/13\/ciro-gomes-nao-fara-parte-da-comitiva-de-rui-no-dois-de-julho\/#article","isPartOf":{"@id":"https:\/\/bahiaeconomica.com.br\/wp\/2018\/06\/13\/ciro-gomes-nao-fara-parte-da-comitiva-de-rui-no-dois-de-julho\/"},"author":{"name":"admin","@id":"https:\/\/bahiaeconomica.com.br\/wp\/#\/schema\/person\/cb1ab5ba96ad3d9390805381c76284ec"},"headline":"CIRO GOMES N\u00c3O FAR\u00c1 PARTE DA COMITIVA DE RUI NO 2 DE JULHO","datePublished":"2018-06-13T13:35:03+00:00","dateModified":"2018-06-13T13:59:13+00:00","mainEntityOfPage":{"@id":"https:\/\/bahiaeconomica.com.br\/wp\/2018\/06\/13\/ciro-gomes-nao-fara-parte-da-comitiva-de-rui-no-dois-de-julho\/"},"wordCount":205,"commentCount":0,"publisher":{"@id":"https:\/\/bahiaeconomica.com.br\/wp\/#organization"},"articleSection":["DESTAQUE DO DIA"],"inLanguage":"pt-BR","potentialAction":[{"@type":"CommentAction","name":"Comment","target":["https:\/\/bahiaeconomica.com.br\/wp\/2018\/06\/13\/ciro-gomes-nao-fara-parte-da-comitiva-de-rui-no-dois-de-julho\/#respond"]}]},{"@type":"WebPage","@id":"https:\/\/bahiaeconomica.com.br\/wp\/2018\/06\/13\/ciro-gomes-nao-fara-parte-da-comitiva-de-rui-no-dois-de-julho\/","url":"https:\/\/bahiaeconomica.com.br\/wp\/2018\/06\/13\/ciro-gomes-nao-fara-parte-da-comitiva-de-rui-no-dois-de-julho\/","name":"CIRO GOMES N\u00c3O FAR\u00c1 PARTE DA COMITIVA DE RUI NO 2 DE JULHO - Bahia Economica","isPartOf":{"@id":"https:\/\/bahiaeconomica.com.br\/wp\/#website"},"datePublished":"2018-06-13T13:35:03+00:00","dateModified":"2018-06-13T13:59:13+00:00","description":"O maior portal de Economia da Bahia DESTAQUE DO DIA Bahia Economica","breadcrumb":{"@id":"https:\/\/bahiaeconomica.com.br\/wp\/2018\/06\/13\/ciro-gomes-nao-fara-parte-da-comitiva-de-rui-no-dois-de-julho\/#breadcrumb"},"inLanguage":"pt-BR","potentialAction":[{"@type":"ReadAction","target":["https:\/\/bahiaeconomica.com.br\/wp\/2018\/06\/13\/ciro-gomes-nao-fara-parte-da-comitiva-de-rui-no-dois-de-julho\/"]}]},{"@type":"BreadcrumbList","@id":"https:\/\/bahiaeconomica.com.br\/wp\/2018\/06\/13\/ciro-gomes-nao-fara-parte-da-comitiva-de-rui-no-dois-de-julho\/#breadcrumb","itemListElement":[{"@type":"ListItem","position":1,"name":"In\u00edcio","item":"https:\/\/bahiaeconomica.com.br\/wp\/"},{"@type":"ListItem","position":2,"name":"CIRO GOMES N\u00c3O FAR\u00c1 PARTE DA COMITIVA DE RUI NO 2 DE JULHO"}]},{"@type":"WebSite","@id":"https:\/\/bahiaeconomica.com.br\/wp\/#website","url":"https:\/\/bahiaeconomica.com.br\/wp\/","name":"Bahia Economica","description":"O maior portal de Economia da Bahia","publisher":{"@id":"https:\/\/bahiaeconomica.com.br\/wp\/#organization"},"potentialAction":[{"@type":"SearchAction","target":{"@type":"EntryPoint","urlTemplate":"https:\/\/bahiaeconomica.com.br\/wp\/?s={search_term_string}"},"query-input":"required name=search_term_string"}],"inLanguage":"pt-BR"},{"@type":"Organization","@id":"https:\/\/bahiaeconomica.com.br\/wp\/#organization","name":"Bahia Econ\u00f4mica","url":"https:\/\/bahiaeconomica.com.br\/wp\/","logo":{"@type":"ImageObject","inLanguage":"pt-BR","@id":"https:\/\/bahiaeconomica.com.br\/wp\/#\/schema\/logo\/image\/","url":"https:\/\/bahiaeconomica.com.br\/wp\/wp-content\/uploads\/2020\/12\/cropped-BE.png","contentUrl":"https:\/\/bahiaeconomica.com.br\/wp\/wp-content\/uploads\/2020\/12\/cropped-BE.png","width":512,"height":512,"caption":"Bahia Econ\u00f4mica"},"image":{"@id":"https:\/\/bahiaeconomica.com.br\/wp\/#\/schema\/logo\/image\/"},"sameAs":["https:\/\/www.facebook.com\/bahiaeconomica"]},{"@type":"Person","@id":"https:\/\/bahiaeconomica.com.br\/wp\/#\/schema\/person\/cb1ab5ba96ad3d9390805381c76284ec","name":"admin","url":"https:\/\/bahiaeconomica.com.br\/wp\/author\/admin\/"}]}},"views":1,"_links":{"self":[{"href":"https:\/\/bahiaeconomica.com.br\/wp\/wp-json\/wp\/v2\/posts\/71292"}],"collection":[{"href":"https:\/\/bahiaeconomica.com.br\/wp\/wp-json\/wp\/v2\/posts"}],"about":[{"href":"https:\/\/bahiaeconomica.com.br\/wp\/wp-json\/wp\/v2\/types\/post"}],"author":[{"embeddable":true,"href":"https:\/\/bahiaeconomica.com.br\/wp\/wp-json\/wp\/v2\/users\/1"}],"replies":[{"embeddable":true,"href":"https:\/\/bahiaeconomica.com.br\/wp\/wp-json\/wp\/v2\/comments?post=71292"}],"version-history":[{"count":0,"href":"https:\/\/bahiaeconomica.com.br\/wp\/wp-json\/wp\/v2\/posts\/71292\/revisions"}],"wp:featuredmedia":[{"embeddable":true,"href":"https:\/\/bahiaeconomica.com.br\/wp\/wp-json\/wp\/v2\/media\/71298"}],"wp:attachment":[{"href":"https:\/\/bahiaeconomica.com.br\/wp\/wp-json\/wp\/v2\/media?parent=71292"}],"wp:term":[{"taxonomy":"category","embeddable":true,"href":"https:\/\/bahiaeconomica.com.br\/wp\/wp-json\/wp\/v2\/categories?post=71292"},{"taxonomy":"post_tag","embeddable":true,"href":"https:\/\/bahiaeconomica.com.br\/wp\/wp-json\/wp\/v2\/tags?post=71292"}],"curies":[{"name":"wp","href":"https:\/\/api.w.org\/{rel}","templated":true}]}}