{"id":712437,"date":"2023-01-19T08:34:14","date_gmt":"2023-01-19T11:34:14","guid":{"rendered":"https:\/\/bahiaeconomica.com.br\/wp\/beta\/?p=712437"},"modified":"2023-01-19T08:34:16","modified_gmt":"2023-01-19T11:34:16","slug":"bbb-23-key-alves-detona-gustavo-por-causa-de-bruna-griphao","status":"publish","type":"post","link":"https:\/\/bahiaeconomica.com.br\/wp\/2023\/01\/19\/bbb-23-key-alves-detona-gustavo-por-causa-de-bruna-griphao\/","title":{"rendered":"BBB 23: KEY ALVES DETONA GUSTAVO POR CAUSA DE BRUNA GRIPHAO"},"content":{"rendered":"\n<p>Key Alves e Gustavo se tornaram casal agora e ap\u00f3s\u00a0protagonizar o primeiro beijo da edi\u00e7\u00e3o durante a festa, j\u00e1 est\u00e3o vivendo conflitos. O agroboi teve um momento de conversa com Bruna Griphao e foi compartilhar sua nova opini\u00e3o sobre a mo\u00e7a. A musa do OnlyFans, que\u00a0j\u00e1 havia detonado a atriz e sua dupla, Larissa,\u00a0n\u00e3o gostou de men\u00e7\u00e3o.<\/p>\n\n\n\n<p>\u201cA gente est\u00e1 com uma vis\u00e3o errada da Bruna\u201d, come\u00e7ou Gustavo, durante uma conversa com a atleta no quarto Fundo do Mar. De imediato ela rebateu: \u201cN\u00e3o confia nessa pessoa desse jeito\u201d. Key ainda lembrou ao fazendeiro que ela \u00e9 alvo da atriz e sua dupla.<\/p>\n\n\n\n<p>A mo\u00e7a ainda seguiu indignada com a opini\u00e3o do brother e justificou. \u201cA garota n\u00e3o para do nosso lado, n\u00e3o d\u00e1 bom dia. A\u00ed voc\u00ea quer confiar no que ela fala na festa para voc\u00ea? Se ela quer falar tanto, ela senta com voc\u00ea e comigo. Por que ela n\u00e3o veio falar comigo at\u00e9 agora?&#8221;, esclareceu.<\/p>\n\n\n\n<p>Gustavo tentou amenizar a situa\u00e7\u00e3o e foi repreendido. &#8220;\u00c9 o que eu falei, s\u00f3 se eu sou muito burro&#8221;, disse ele e ela rebateu: &#8220;Na minha vis\u00e3o, voc\u00ea \u00e9 muito burro, por voc\u00ea acreditar nela. Porque eu n\u00e3o consigo acreditar nela, me desculpa&#8221;.<\/p>\n\n\n\n<p><\/p>\n","protected":false},"excerpt":{"rendered":"<p>Key Alves e Gustavo se tornaram casal agora e ap\u00f3s\u00a0protagonizar o primeiro beijo da edi\u00e7\u00e3o durante a festa, j\u00e1 est\u00e3o vivendo conflitos. O agroboi teve um momento de conversa com Bruna Griphao e foi compartilhar sua nova opini\u00e3o sobre a mo\u00e7a. A musa do OnlyFans, que\u00a0j\u00e1 havia detonado a atriz e sua dupla, Larissa,\u00a0n\u00e3o gostou [&hellip;]<\/p>\n","protected":false},"author":1,"featured_media":712438,"comment_status":"closed","ping_status":"closed","sticky":false,"template":"","format":"standard","meta":[],"categories":[4],"tags":[],"acf":[],"yoast_head":"<!-- This site is optimized with the Yoast SEO plugin v20.8 - https:\/\/yoast.com\/wordpress\/plugins\/seo\/ -->\n<title>BBB 23: KEY ALVES DETONA GUSTAVO POR CAUSA DE BRUNA GRIPHAO - Bahia Economica<\/title>\n<meta name=\"description\" content=\"O maior portal de Economia da Bahia ENTRETENIMENTO Bahia Economica\" \/>\n<meta name=\"robots\" content=\"index, follow, max-snippet:-1, max-image-preview:large, max-video-preview:-1\" \/>\n<link rel=\"canonical\" href=\"https:\/\/bahiaeconomica.com.br\/wp\/2023\/01\/19\/bbb-23-key-alves-detona-gustavo-por-causa-de-bruna-griphao\/\" \/>\n<meta property=\"og:locale\" content=\"pt_BR\" \/>\n<meta property=\"og:type\" content=\"article\" \/>\n<meta property=\"og:title\" content=\"BBB 23: KEY ALVES DETONA GUSTAVO POR CAUSA DE BRUNA GRIPHAO - Bahia Economica\" \/>\n<meta property=\"og:description\" content=\"O maior portal de Economia da Bahia ENTRETENIMENTO Bahia Economica\" \/>\n<meta property=\"og:url\" content=\"https:\/\/bahiaeconomica.com.br\/wp\/2023\/01\/19\/bbb-23-key-alves-detona-gustavo-por-causa-de-bruna-griphao\/\" \/>\n<meta property=\"og:site_name\" content=\"Bahia Economica\" \/>\n<meta property=\"article:publisher\" content=\"https:\/\/www.facebook.com\/bahiaeconomica\" \/>\n<meta property=\"article:published_time\" content=\"2023-01-19T11:34:14+00:00\" \/>\n<meta property=\"article:modified_time\" content=\"2023-01-19T11:34:16+00:00\" \/>\n<meta property=\"og:image\" content=\"https:\/\/bahiaeconomica.com.br\/wp\/wp-content\/uploads\/2023\/01\/key_alves_e_gustavo_bbb_23_widelg.jpeg\" \/>\n\t<meta property=\"og:image:width\" content=\"800\" \/>\n\t<meta property=\"og:image:height\" content=\"450\" \/>\n\t<meta property=\"og:image:type\" content=\"image\/jpeg\" \/>\n<meta name=\"author\" content=\"admin\" \/>\n<meta name=\"twitter:card\" content=\"summary_large_image\" \/>\n<meta name=\"twitter:label1\" content=\"Escrito por\" \/>\n\t<meta name=\"twitter:data1\" content=\"admin\" \/>\n\t<meta name=\"twitter:label2\" content=\"Est. tempo de leitura\" \/>\n\t<meta name=\"twitter:data2\" content=\"2 minutos\" \/>\n<script type=\"application\/ld+json\" class=\"yoast-schema-graph\">{\"@context\":\"https:\/\/schema.org\",\"@graph\":[{\"@type\":\"Article\",\"@id\":\"https:\/\/bahiaeconomica.com.br\/wp\/2023\/01\/19\/bbb-23-key-alves-detona-gustavo-por-causa-de-bruna-griphao\/#article\",\"isPartOf\":{\"@id\":\"https:\/\/bahiaeconomica.com.br\/wp\/2023\/01\/19\/bbb-23-key-alves-detona-gustavo-por-causa-de-bruna-griphao\/\"},\"author\":{\"name\":\"admin\",\"@id\":\"https:\/\/bahiaeconomica.com.br\/wp\/#\/schema\/person\/cb1ab5ba96ad3d9390805381c76284ec\"},\"headline\":\"BBB 23: KEY ALVES DETONA GUSTAVO POR CAUSA DE BRUNA GRIPHAO\",\"datePublished\":\"2023-01-19T11:34:14+00:00\",\"dateModified\":\"2023-01-19T11:34:16+00:00\",\"mainEntityOfPage\":{\"@id\":\"https:\/\/bahiaeconomica.com.br\/wp\/2023\/01\/19\/bbb-23-key-alves-detona-gustavo-por-causa-de-bruna-griphao\/\"},\"wordCount\":230,\"publisher\":{\"@id\":\"https:\/\/bahiaeconomica.com.br\/wp\/#organization\"},\"articleSection\":[\"ENTRETENIMENTO\"],\"inLanguage\":\"pt-BR\"},{\"@type\":\"WebPage\",\"@id\":\"https:\/\/bahiaeconomica.com.br\/wp\/2023\/01\/19\/bbb-23-key-alves-detona-gustavo-por-causa-de-bruna-griphao\/\",\"url\":\"https:\/\/bahiaeconomica.com.br\/wp\/2023\/01\/19\/bbb-23-key-alves-detona-gustavo-por-causa-de-bruna-griphao\/\",\"name\":\"BBB 23: KEY ALVES DETONA GUSTAVO POR CAUSA DE BRUNA GRIPHAO - Bahia Economica\",\"isPartOf\":{\"@id\":\"https:\/\/bahiaeconomica.com.br\/wp\/#website\"},\"datePublished\":\"2023-01-19T11:34:14+00:00\",\"dateModified\":\"2023-01-19T11:34:16+00:00\",\"description\":\"O maior portal de Economia da Bahia ENTRETENIMENTO Bahia Economica\",\"breadcrumb\":{\"@id\":\"https:\/\/bahiaeconomica.com.br\/wp\/2023\/01\/19\/bbb-23-key-alves-detona-gustavo-por-causa-de-bruna-griphao\/#breadcrumb\"},\"inLanguage\":\"pt-BR\",\"potentialAction\":[{\"@type\":\"ReadAction\",\"target\":[\"https:\/\/bahiaeconomica.com.br\/wp\/2023\/01\/19\/bbb-23-key-alves-detona-gustavo-por-causa-de-bruna-griphao\/\"]}]},{\"@type\":\"BreadcrumbList\",\"@id\":\"https:\/\/bahiaeconomica.com.br\/wp\/2023\/01\/19\/bbb-23-key-alves-detona-gustavo-por-causa-de-bruna-griphao\/#breadcrumb\",\"itemListElement\":[{\"@type\":\"ListItem\",\"position\":1,\"name\":\"In\u00edcio\",\"item\":\"https:\/\/bahiaeconomica.com.br\/wp\/\"},{\"@type\":\"ListItem\",\"position\":2,\"name\":\"BBB 23: KEY ALVES DETONA GUSTAVO POR CAUSA DE BRUNA GRIPHAO\"}]},{\"@type\":\"WebSite\",\"@id\":\"https:\/\/bahiaeconomica.com.br\/wp\/#website\",\"url\":\"https:\/\/bahiaeconomica.com.br\/wp\/\",\"name\":\"Bahia Economica\",\"description\":\"O maior portal de Economia da Bahia\",\"publisher\":{\"@id\":\"https:\/\/bahiaeconomica.com.br\/wp\/#organization\"},\"potentialAction\":[{\"@type\":\"SearchAction\",\"target\":{\"@type\":\"EntryPoint\",\"urlTemplate\":\"https:\/\/bahiaeconomica.com.br\/wp\/?s={search_term_string}\"},\"query-input\":\"required name=search_term_string\"}],\"inLanguage\":\"pt-BR\"},{\"@type\":\"Organization\",\"@id\":\"https:\/\/bahiaeconomica.com.br\/wp\/#organization\",\"name\":\"Bahia Econ\u00f4mica\",\"url\":\"https:\/\/bahiaeconomica.com.br\/wp\/\",\"logo\":{\"@type\":\"ImageObject\",\"inLanguage\":\"pt-BR\",\"@id\":\"https:\/\/bahiaeconomica.com.br\/wp\/#\/schema\/logo\/image\/\",\"url\":\"https:\/\/bahiaeconomica.com.br\/wp\/wp-content\/uploads\/2020\/12\/cropped-BE.png\",\"contentUrl\":\"https:\/\/bahiaeconomica.com.br\/wp\/wp-content\/uploads\/2020\/12\/cropped-BE.png\",\"width\":512,\"height\":512,\"caption\":\"Bahia Econ\u00f4mica\"},\"image\":{\"@id\":\"https:\/\/bahiaeconomica.com.br\/wp\/#\/schema\/logo\/image\/\"},\"sameAs\":[\"https:\/\/www.facebook.com\/bahiaeconomica\"]},{\"@type\":\"Person\",\"@id\":\"https:\/\/bahiaeconomica.com.br\/wp\/#\/schema\/person\/cb1ab5ba96ad3d9390805381c76284ec\",\"name\":\"admin\",\"url\":\"https:\/\/bahiaeconomica.com.br\/wp\/author\/admin\/\"}]}<\/script>\n<!-- \/ Yoast SEO plugin. -->","yoast_head_json":{"title":"BBB 23: KEY ALVES DETONA GUSTAVO POR CAUSA DE BRUNA GRIPHAO - Bahia Economica","description":"O maior portal de Economia da Bahia ENTRETENIMENTO Bahia Economica","robots":{"index":"index","follow":"follow","max-snippet":"max-snippet:-1","max-image-preview":"max-image-preview:large","max-video-preview":"max-video-preview:-1"},"canonical":"https:\/\/bahiaeconomica.com.br\/wp\/2023\/01\/19\/bbb-23-key-alves-detona-gustavo-por-causa-de-bruna-griphao\/","og_locale":"pt_BR","og_type":"article","og_title":"BBB 23: KEY ALVES DETONA GUSTAVO POR CAUSA DE BRUNA GRIPHAO - Bahia Economica","og_description":"O maior portal de Economia da Bahia ENTRETENIMENTO Bahia Economica","og_url":"https:\/\/bahiaeconomica.com.br\/wp\/2023\/01\/19\/bbb-23-key-alves-detona-gustavo-por-causa-de-bruna-griphao\/","og_site_name":"Bahia Economica","article_publisher":"https:\/\/www.facebook.com\/bahiaeconomica","article_published_time":"2023-01-19T11:34:14+00:00","article_modified_time":"2023-01-19T11:34:16+00:00","og_image":[{"width":800,"height":450,"url":"https:\/\/bahiaeconomica.com.br\/wp\/wp-content\/uploads\/2023\/01\/key_alves_e_gustavo_bbb_23_widelg.jpeg","type":"image\/jpeg"}],"author":"admin","twitter_card":"summary_large_image","twitter_misc":{"Escrito por":"admin","Est. tempo de leitura":"2 minutos"},"schema":{"@context":"https:\/\/schema.org","@graph":[{"@type":"Article","@id":"https:\/\/bahiaeconomica.com.br\/wp\/2023\/01\/19\/bbb-23-key-alves-detona-gustavo-por-causa-de-bruna-griphao\/#article","isPartOf":{"@id":"https:\/\/bahiaeconomica.com.br\/wp\/2023\/01\/19\/bbb-23-key-alves-detona-gustavo-por-causa-de-bruna-griphao\/"},"author":{"name":"admin","@id":"https:\/\/bahiaeconomica.com.br\/wp\/#\/schema\/person\/cb1ab5ba96ad3d9390805381c76284ec"},"headline":"BBB 23: KEY ALVES DETONA GUSTAVO POR CAUSA DE BRUNA GRIPHAO","datePublished":"2023-01-19T11:34:14+00:00","dateModified":"2023-01-19T11:34:16+00:00","mainEntityOfPage":{"@id":"https:\/\/bahiaeconomica.com.br\/wp\/2023\/01\/19\/bbb-23-key-alves-detona-gustavo-por-causa-de-bruna-griphao\/"},"wordCount":230,"publisher":{"@id":"https:\/\/bahiaeconomica.com.br\/wp\/#organization"},"articleSection":["ENTRETENIMENTO"],"inLanguage":"pt-BR"},{"@type":"WebPage","@id":"https:\/\/bahiaeconomica.com.br\/wp\/2023\/01\/19\/bbb-23-key-alves-detona-gustavo-por-causa-de-bruna-griphao\/","url":"https:\/\/bahiaeconomica.com.br\/wp\/2023\/01\/19\/bbb-23-key-alves-detona-gustavo-por-causa-de-bruna-griphao\/","name":"BBB 23: KEY ALVES DETONA GUSTAVO POR CAUSA DE BRUNA GRIPHAO - Bahia Economica","isPartOf":{"@id":"https:\/\/bahiaeconomica.com.br\/wp\/#website"},"datePublished":"2023-01-19T11:34:14+00:00","dateModified":"2023-01-19T11:34:16+00:00","description":"O maior portal de Economia da Bahia ENTRETENIMENTO Bahia Economica","breadcrumb":{"@id":"https:\/\/bahiaeconomica.com.br\/wp\/2023\/01\/19\/bbb-23-key-alves-detona-gustavo-por-causa-de-bruna-griphao\/#breadcrumb"},"inLanguage":"pt-BR","potentialAction":[{"@type":"ReadAction","target":["https:\/\/bahiaeconomica.com.br\/wp\/2023\/01\/19\/bbb-23-key-alves-detona-gustavo-por-causa-de-bruna-griphao\/"]}]},{"@type":"BreadcrumbList","@id":"https:\/\/bahiaeconomica.com.br\/wp\/2023\/01\/19\/bbb-23-key-alves-detona-gustavo-por-causa-de-bruna-griphao\/#breadcrumb","itemListElement":[{"@type":"ListItem","position":1,"name":"In\u00edcio","item":"https:\/\/bahiaeconomica.com.br\/wp\/"},{"@type":"ListItem","position":2,"name":"BBB 23: KEY ALVES DETONA GUSTAVO POR CAUSA DE BRUNA GRIPHAO"}]},{"@type":"WebSite","@id":"https:\/\/bahiaeconomica.com.br\/wp\/#website","url":"https:\/\/bahiaeconomica.com.br\/wp\/","name":"Bahia Economica","description":"O maior portal de Economia da Bahia","publisher":{"@id":"https:\/\/bahiaeconomica.com.br\/wp\/#organization"},"potentialAction":[{"@type":"SearchAction","target":{"@type":"EntryPoint","urlTemplate":"https:\/\/bahiaeconomica.com.br\/wp\/?s={search_term_string}"},"query-input":"required name=search_term_string"}],"inLanguage":"pt-BR"},{"@type":"Organization","@id":"https:\/\/bahiaeconomica.com.br\/wp\/#organization","name":"Bahia Econ\u00f4mica","url":"https:\/\/bahiaeconomica.com.br\/wp\/","logo":{"@type":"ImageObject","inLanguage":"pt-BR","@id":"https:\/\/bahiaeconomica.com.br\/wp\/#\/schema\/logo\/image\/","url":"https:\/\/bahiaeconomica.com.br\/wp\/wp-content\/uploads\/2020\/12\/cropped-BE.png","contentUrl":"https:\/\/bahiaeconomica.com.br\/wp\/wp-content\/uploads\/2020\/12\/cropped-BE.png","width":512,"height":512,"caption":"Bahia Econ\u00f4mica"},"image":{"@id":"https:\/\/bahiaeconomica.com.br\/wp\/#\/schema\/logo\/image\/"},"sameAs":["https:\/\/www.facebook.com\/bahiaeconomica"]},{"@type":"Person","@id":"https:\/\/bahiaeconomica.com.br\/wp\/#\/schema\/person\/cb1ab5ba96ad3d9390805381c76284ec","name":"admin","url":"https:\/\/bahiaeconomica.com.br\/wp\/author\/admin\/"}]}},"views":1,"_links":{"self":[{"href":"https:\/\/bahiaeconomica.com.br\/wp\/wp-json\/wp\/v2\/posts\/712437"}],"collection":[{"href":"https:\/\/bahiaeconomica.com.br\/wp\/wp-json\/wp\/v2\/posts"}],"about":[{"href":"https:\/\/bahiaeconomica.com.br\/wp\/wp-json\/wp\/v2\/types\/post"}],"author":[{"embeddable":true,"href":"https:\/\/bahiaeconomica.com.br\/wp\/wp-json\/wp\/v2\/users\/1"}],"replies":[{"embeddable":true,"href":"https:\/\/bahiaeconomica.com.br\/wp\/wp-json\/wp\/v2\/comments?post=712437"}],"version-history":[{"count":1,"href":"https:\/\/bahiaeconomica.com.br\/wp\/wp-json\/wp\/v2\/posts\/712437\/revisions"}],"predecessor-version":[{"id":712439,"href":"https:\/\/bahiaeconomica.com.br\/wp\/wp-json\/wp\/v2\/posts\/712437\/revisions\/712439"}],"wp:featuredmedia":[{"embeddable":true,"href":"https:\/\/bahiaeconomica.com.br\/wp\/wp-json\/wp\/v2\/media\/712438"}],"wp:attachment":[{"href":"https:\/\/bahiaeconomica.com.br\/wp\/wp-json\/wp\/v2\/media?parent=712437"}],"wp:term":[{"taxonomy":"category","embeddable":true,"href":"https:\/\/bahiaeconomica.com.br\/wp\/wp-json\/wp\/v2\/categories?post=712437"},{"taxonomy":"post_tag","embeddable":true,"href":"https:\/\/bahiaeconomica.com.br\/wp\/wp-json\/wp\/v2\/tags?post=712437"}],"curies":[{"name":"wp","href":"https:\/\/api.w.org\/{rel}","templated":true}]}}