{"id":711938,"date":"2023-01-17T08:43:38","date_gmt":"2023-01-17T11:43:38","guid":{"rendered":"https:\/\/bahiaeconomica.com.br\/wp\/beta\/?p=711938"},"modified":"2023-01-17T08:43:40","modified_gmt":"2023-01-17T11:43:40","slug":"itabuna-prefeito-reune-se-na-setre-para-obras-do-estadio","status":"publish","type":"post","link":"https:\/\/bahiaeconomica.com.br\/wp\/2023\/01\/17\/itabuna-prefeito-reune-se-na-setre-para-obras-do-estadio\/","title":{"rendered":"ITABUNA: PREFEITO RE\u00daNE-SE NA SETRE PARA OBRAS DO EST\u00c1DIO"},"content":{"rendered":"\n<p>O Governo do Estado, por meio da Secretaria Estadual do Trabalho, Emprego, Renda e Esporte (SETRE), vai concluir at\u00e9 sexta-feira, dia 20, <\/p>\n\n\n\n<!--more-->\n\n\n\n<p>o processo licitat\u00f3rio com a defini\u00e7\u00e3o da empresa que vai assumir a requalifica\u00e7\u00e3o do Est\u00e1dio Fernando Gomes \u2013 Fernand\u00e3o, como passou a se denominar o antigo Luiz Viana Filho, Itabun\u00e3o, desde o ano passado. Foi o que assegurou hoje ao prefeito de Itabuna, Augusto Castro (PSD) o secret\u00e1rio Davidson Magalh\u00e3es .<\/p>\n\n\n\n<p>Acompanhado do secret\u00e1rio municipal de Esportes e Lazer, Jos\u00e9 Alc\u00e2ntara Pellegrini, do l\u00edder do Governo na C\u00e2mara, Ricardo Xavier, e do presidente do Itabuna Esporte Clube, Rodrigo Xavier, o prefeito itabunense foi recebido em audi\u00eancia na SETRE, em Salvador. O secret\u00e1rio Davidson Magalh\u00e3es garantiu que at\u00e9 o dia 20 ser\u00e1 conhecido o vencedor da licita\u00e7\u00e3o, sendo contado prazo de cinco dias para a assinatura da Ordem de Servi\u00e7o pelo governador Jer\u00f4nimo Rodrigues (PT).<\/p>\n\n\n\n<p>O prefeito Augusto Castro destacou as obras de reforma do Est\u00e1dio Fernando Gomes Oliveira \u2013 Fernand\u00e3o, em parceria do Governo do Estado e lembrou que desde sua inaugura\u00e7\u00e3o em 1972, com obras parciais envolvendo gramado, vesti\u00e1rios e arquibancadas, a pra\u00e7a esportiva jamais recebeu qualquer investimento na sua reforma. \u201cAgora, vamos praticamente entregar um novo e modernizado est\u00e1dio\u201d, assinalou.<\/p>\n\n\n\n<p>\u201cCom f\u00e9 em Deus no pr\u00f3ximo m\u00eas de julho, no Dia da Cidade, vamos fazer a entrega desta obra de requalifica\u00e7\u00e3o do Est\u00e1dio para a popula\u00e7\u00e3o de Itabuna e aos desportistas regionais\u201d, comentou o secret\u00e1rio Jos\u00e9 Alc\u00e2ntara Pellegrini. Ele acrescentou: \u201cEnt\u00e3o, n\u00e3o deixa de ser uma boa not\u00edcia para todos n\u00f3s que estamos preocupados com essa obra de vital import\u00e2ncia e sa\u00edmos desse encontro muitos satisfeitos\u201d.<\/p>\n","protected":false},"excerpt":{"rendered":"<p>O Governo do Estado, por meio da Secretaria Estadual do Trabalho, Emprego, Renda e Esporte (SETRE), vai concluir at\u00e9 sexta-feira, dia 20,<\/p>\n","protected":false},"author":1,"featured_media":694793,"comment_status":"closed","ping_status":"closed","sticky":false,"template":"","format":"standard","meta":[],"categories":[5],"tags":[],"acf":[],"yoast_head":"<!-- This site is optimized with the Yoast SEO plugin v20.8 - https:\/\/yoast.com\/wordpress\/plugins\/seo\/ -->\n<title>ITABUNA: PREFEITO RE\u00daNE-SE NA SETRE PARA OBRAS DO EST\u00c1DIO - Bahia Economica<\/title>\n<meta name=\"description\" content=\"O maior portal de Economia da Bahia MUNIC\u00cdPIOS Bahia Economica\" \/>\n<meta name=\"robots\" content=\"index, follow, max-snippet:-1, max-image-preview:large, max-video-preview:-1\" \/>\n<link rel=\"canonical\" href=\"https:\/\/bahiaeconomica.com.br\/wp\/2023\/01\/17\/itabuna-prefeito-reune-se-na-setre-para-obras-do-estadio\/\" \/>\n<meta property=\"og:locale\" content=\"pt_BR\" \/>\n<meta property=\"og:type\" content=\"article\" \/>\n<meta property=\"og:title\" content=\"ITABUNA: PREFEITO RE\u00daNE-SE NA SETRE PARA OBRAS DO EST\u00c1DIO - Bahia Economica\" \/>\n<meta property=\"og:description\" content=\"O maior portal de Economia da Bahia MUNIC\u00cdPIOS Bahia Economica\" \/>\n<meta property=\"og:url\" content=\"https:\/\/bahiaeconomica.com.br\/wp\/2023\/01\/17\/itabuna-prefeito-reune-se-na-setre-para-obras-do-estadio\/\" \/>\n<meta property=\"og:site_name\" content=\"Bahia Economica\" \/>\n<meta property=\"article:publisher\" content=\"https:\/\/www.facebook.com\/bahiaeconomica\" \/>\n<meta property=\"article:published_time\" content=\"2023-01-17T11:43:38+00:00\" \/>\n<meta property=\"article:modified_time\" content=\"2023-01-17T11:43:40+00:00\" \/>\n<meta property=\"og:image\" content=\"https:\/\/bahiaeconomica.com.br\/wp\/wp-content\/uploads\/2022\/10\/Augusto_Castro_divulgacao_ascom.jpg\" \/>\n\t<meta property=\"og:image:width\" content=\"360\" \/>\n\t<meta property=\"og:image:height\" content=\"220\" \/>\n\t<meta property=\"og:image:type\" content=\"image\/jpeg\" \/>\n<meta name=\"author\" content=\"admin\" \/>\n<meta name=\"twitter:card\" content=\"summary_large_image\" \/>\n<meta name=\"twitter:label1\" content=\"Escrito por\" \/>\n\t<meta name=\"twitter:data1\" content=\"admin\" \/>\n\t<meta name=\"twitter:label2\" content=\"Est. tempo de leitura\" \/>\n\t<meta name=\"twitter:data2\" content=\"2 minutos\" \/>\n<script type=\"application\/ld+json\" class=\"yoast-schema-graph\">{\"@context\":\"https:\/\/schema.org\",\"@graph\":[{\"@type\":\"Article\",\"@id\":\"https:\/\/bahiaeconomica.com.br\/wp\/2023\/01\/17\/itabuna-prefeito-reune-se-na-setre-para-obras-do-estadio\/#article\",\"isPartOf\":{\"@id\":\"https:\/\/bahiaeconomica.com.br\/wp\/2023\/01\/17\/itabuna-prefeito-reune-se-na-setre-para-obras-do-estadio\/\"},\"author\":{\"name\":\"admin\",\"@id\":\"https:\/\/bahiaeconomica.com.br\/wp\/#\/schema\/person\/cb1ab5ba96ad3d9390805381c76284ec\"},\"headline\":\"ITABUNA: PREFEITO RE\u00daNE-SE NA SETRE PARA OBRAS DO EST\u00c1DIO\",\"datePublished\":\"2023-01-17T11:43:38+00:00\",\"dateModified\":\"2023-01-17T11:43:40+00:00\",\"mainEntityOfPage\":{\"@id\":\"https:\/\/bahiaeconomica.com.br\/wp\/2023\/01\/17\/itabuna-prefeito-reune-se-na-setre-para-obras-do-estadio\/\"},\"wordCount\":312,\"publisher\":{\"@id\":\"https:\/\/bahiaeconomica.com.br\/wp\/#organization\"},\"articleSection\":[\"MUNIC\u00cdPIOS\"],\"inLanguage\":\"pt-BR\"},{\"@type\":\"WebPage\",\"@id\":\"https:\/\/bahiaeconomica.com.br\/wp\/2023\/01\/17\/itabuna-prefeito-reune-se-na-setre-para-obras-do-estadio\/\",\"url\":\"https:\/\/bahiaeconomica.com.br\/wp\/2023\/01\/17\/itabuna-prefeito-reune-se-na-setre-para-obras-do-estadio\/\",\"name\":\"ITABUNA: PREFEITO RE\u00daNE-SE NA SETRE PARA OBRAS DO EST\u00c1DIO - Bahia Economica\",\"isPartOf\":{\"@id\":\"https:\/\/bahiaeconomica.com.br\/wp\/#website\"},\"datePublished\":\"2023-01-17T11:43:38+00:00\",\"dateModified\":\"2023-01-17T11:43:40+00:00\",\"description\":\"O maior portal de Economia da Bahia MUNIC\u00cdPIOS Bahia Economica\",\"breadcrumb\":{\"@id\":\"https:\/\/bahiaeconomica.com.br\/wp\/2023\/01\/17\/itabuna-prefeito-reune-se-na-setre-para-obras-do-estadio\/#breadcrumb\"},\"inLanguage\":\"pt-BR\",\"potentialAction\":[{\"@type\":\"ReadAction\",\"target\":[\"https:\/\/bahiaeconomica.com.br\/wp\/2023\/01\/17\/itabuna-prefeito-reune-se-na-setre-para-obras-do-estadio\/\"]}]},{\"@type\":\"BreadcrumbList\",\"@id\":\"https:\/\/bahiaeconomica.com.br\/wp\/2023\/01\/17\/itabuna-prefeito-reune-se-na-setre-para-obras-do-estadio\/#breadcrumb\",\"itemListElement\":[{\"@type\":\"ListItem\",\"position\":1,\"name\":\"In\u00edcio\",\"item\":\"https:\/\/bahiaeconomica.com.br\/wp\/\"},{\"@type\":\"ListItem\",\"position\":2,\"name\":\"ITABUNA: PREFEITO RE\u00daNE-SE NA SETRE PARA OBRAS DO EST\u00c1DIO\"}]},{\"@type\":\"WebSite\",\"@id\":\"https:\/\/bahiaeconomica.com.br\/wp\/#website\",\"url\":\"https:\/\/bahiaeconomica.com.br\/wp\/\",\"name\":\"Bahia Economica\",\"description\":\"O maior portal de Economia da Bahia\",\"publisher\":{\"@id\":\"https:\/\/bahiaeconomica.com.br\/wp\/#organization\"},\"potentialAction\":[{\"@type\":\"SearchAction\",\"target\":{\"@type\":\"EntryPoint\",\"urlTemplate\":\"https:\/\/bahiaeconomica.com.br\/wp\/?s={search_term_string}\"},\"query-input\":\"required name=search_term_string\"}],\"inLanguage\":\"pt-BR\"},{\"@type\":\"Organization\",\"@id\":\"https:\/\/bahiaeconomica.com.br\/wp\/#organization\",\"name\":\"Bahia Econ\u00f4mica\",\"url\":\"https:\/\/bahiaeconomica.com.br\/wp\/\",\"logo\":{\"@type\":\"ImageObject\",\"inLanguage\":\"pt-BR\",\"@id\":\"https:\/\/bahiaeconomica.com.br\/wp\/#\/schema\/logo\/image\/\",\"url\":\"https:\/\/bahiaeconomica.com.br\/wp\/wp-content\/uploads\/2020\/12\/cropped-BE.png\",\"contentUrl\":\"https:\/\/bahiaeconomica.com.br\/wp\/wp-content\/uploads\/2020\/12\/cropped-BE.png\",\"width\":512,\"height\":512,\"caption\":\"Bahia Econ\u00f4mica\"},\"image\":{\"@id\":\"https:\/\/bahiaeconomica.com.br\/wp\/#\/schema\/logo\/image\/\"},\"sameAs\":[\"https:\/\/www.facebook.com\/bahiaeconomica\"]},{\"@type\":\"Person\",\"@id\":\"https:\/\/bahiaeconomica.com.br\/wp\/#\/schema\/person\/cb1ab5ba96ad3d9390805381c76284ec\",\"name\":\"admin\",\"url\":\"https:\/\/bahiaeconomica.com.br\/wp\/author\/admin\/\"}]}<\/script>\n<!-- \/ Yoast SEO plugin. -->","yoast_head_json":{"title":"ITABUNA: PREFEITO RE\u00daNE-SE NA SETRE PARA OBRAS DO EST\u00c1DIO - Bahia Economica","description":"O maior portal de Economia da Bahia MUNIC\u00cdPIOS Bahia Economica","robots":{"index":"index","follow":"follow","max-snippet":"max-snippet:-1","max-image-preview":"max-image-preview:large","max-video-preview":"max-video-preview:-1"},"canonical":"https:\/\/bahiaeconomica.com.br\/wp\/2023\/01\/17\/itabuna-prefeito-reune-se-na-setre-para-obras-do-estadio\/","og_locale":"pt_BR","og_type":"article","og_title":"ITABUNA: PREFEITO RE\u00daNE-SE NA SETRE PARA OBRAS DO EST\u00c1DIO - Bahia Economica","og_description":"O maior portal de Economia da Bahia MUNIC\u00cdPIOS Bahia Economica","og_url":"https:\/\/bahiaeconomica.com.br\/wp\/2023\/01\/17\/itabuna-prefeito-reune-se-na-setre-para-obras-do-estadio\/","og_site_name":"Bahia Economica","article_publisher":"https:\/\/www.facebook.com\/bahiaeconomica","article_published_time":"2023-01-17T11:43:38+00:00","article_modified_time":"2023-01-17T11:43:40+00:00","og_image":[{"width":360,"height":220,"url":"https:\/\/bahiaeconomica.com.br\/wp\/wp-content\/uploads\/2022\/10\/Augusto_Castro_divulgacao_ascom.jpg","type":"image\/jpeg"}],"author":"admin","twitter_card":"summary_large_image","twitter_misc":{"Escrito por":"admin","Est. tempo de leitura":"2 minutos"},"schema":{"@context":"https:\/\/schema.org","@graph":[{"@type":"Article","@id":"https:\/\/bahiaeconomica.com.br\/wp\/2023\/01\/17\/itabuna-prefeito-reune-se-na-setre-para-obras-do-estadio\/#article","isPartOf":{"@id":"https:\/\/bahiaeconomica.com.br\/wp\/2023\/01\/17\/itabuna-prefeito-reune-se-na-setre-para-obras-do-estadio\/"},"author":{"name":"admin","@id":"https:\/\/bahiaeconomica.com.br\/wp\/#\/schema\/person\/cb1ab5ba96ad3d9390805381c76284ec"},"headline":"ITABUNA: PREFEITO RE\u00daNE-SE NA SETRE PARA OBRAS DO EST\u00c1DIO","datePublished":"2023-01-17T11:43:38+00:00","dateModified":"2023-01-17T11:43:40+00:00","mainEntityOfPage":{"@id":"https:\/\/bahiaeconomica.com.br\/wp\/2023\/01\/17\/itabuna-prefeito-reune-se-na-setre-para-obras-do-estadio\/"},"wordCount":312,"publisher":{"@id":"https:\/\/bahiaeconomica.com.br\/wp\/#organization"},"articleSection":["MUNIC\u00cdPIOS"],"inLanguage":"pt-BR"},{"@type":"WebPage","@id":"https:\/\/bahiaeconomica.com.br\/wp\/2023\/01\/17\/itabuna-prefeito-reune-se-na-setre-para-obras-do-estadio\/","url":"https:\/\/bahiaeconomica.com.br\/wp\/2023\/01\/17\/itabuna-prefeito-reune-se-na-setre-para-obras-do-estadio\/","name":"ITABUNA: PREFEITO RE\u00daNE-SE NA SETRE PARA OBRAS DO EST\u00c1DIO - Bahia Economica","isPartOf":{"@id":"https:\/\/bahiaeconomica.com.br\/wp\/#website"},"datePublished":"2023-01-17T11:43:38+00:00","dateModified":"2023-01-17T11:43:40+00:00","description":"O maior portal de Economia da Bahia MUNIC\u00cdPIOS Bahia Economica","breadcrumb":{"@id":"https:\/\/bahiaeconomica.com.br\/wp\/2023\/01\/17\/itabuna-prefeito-reune-se-na-setre-para-obras-do-estadio\/#breadcrumb"},"inLanguage":"pt-BR","potentialAction":[{"@type":"ReadAction","target":["https:\/\/bahiaeconomica.com.br\/wp\/2023\/01\/17\/itabuna-prefeito-reune-se-na-setre-para-obras-do-estadio\/"]}]},{"@type":"BreadcrumbList","@id":"https:\/\/bahiaeconomica.com.br\/wp\/2023\/01\/17\/itabuna-prefeito-reune-se-na-setre-para-obras-do-estadio\/#breadcrumb","itemListElement":[{"@type":"ListItem","position":1,"name":"In\u00edcio","item":"https:\/\/bahiaeconomica.com.br\/wp\/"},{"@type":"ListItem","position":2,"name":"ITABUNA: PREFEITO RE\u00daNE-SE NA SETRE PARA OBRAS DO EST\u00c1DIO"}]},{"@type":"WebSite","@id":"https:\/\/bahiaeconomica.com.br\/wp\/#website","url":"https:\/\/bahiaeconomica.com.br\/wp\/","name":"Bahia Economica","description":"O maior portal de Economia da Bahia","publisher":{"@id":"https:\/\/bahiaeconomica.com.br\/wp\/#organization"},"potentialAction":[{"@type":"SearchAction","target":{"@type":"EntryPoint","urlTemplate":"https:\/\/bahiaeconomica.com.br\/wp\/?s={search_term_string}"},"query-input":"required name=search_term_string"}],"inLanguage":"pt-BR"},{"@type":"Organization","@id":"https:\/\/bahiaeconomica.com.br\/wp\/#organization","name":"Bahia Econ\u00f4mica","url":"https:\/\/bahiaeconomica.com.br\/wp\/","logo":{"@type":"ImageObject","inLanguage":"pt-BR","@id":"https:\/\/bahiaeconomica.com.br\/wp\/#\/schema\/logo\/image\/","url":"https:\/\/bahiaeconomica.com.br\/wp\/wp-content\/uploads\/2020\/12\/cropped-BE.png","contentUrl":"https:\/\/bahiaeconomica.com.br\/wp\/wp-content\/uploads\/2020\/12\/cropped-BE.png","width":512,"height":512,"caption":"Bahia Econ\u00f4mica"},"image":{"@id":"https:\/\/bahiaeconomica.com.br\/wp\/#\/schema\/logo\/image\/"},"sameAs":["https:\/\/www.facebook.com\/bahiaeconomica"]},{"@type":"Person","@id":"https:\/\/bahiaeconomica.com.br\/wp\/#\/schema\/person\/cb1ab5ba96ad3d9390805381c76284ec","name":"admin","url":"https:\/\/bahiaeconomica.com.br\/wp\/author\/admin\/"}]}},"views":5,"_links":{"self":[{"href":"https:\/\/bahiaeconomica.com.br\/wp\/wp-json\/wp\/v2\/posts\/711938"}],"collection":[{"href":"https:\/\/bahiaeconomica.com.br\/wp\/wp-json\/wp\/v2\/posts"}],"about":[{"href":"https:\/\/bahiaeconomica.com.br\/wp\/wp-json\/wp\/v2\/types\/post"}],"author":[{"embeddable":true,"href":"https:\/\/bahiaeconomica.com.br\/wp\/wp-json\/wp\/v2\/users\/1"}],"replies":[{"embeddable":true,"href":"https:\/\/bahiaeconomica.com.br\/wp\/wp-json\/wp\/v2\/comments?post=711938"}],"version-history":[{"count":1,"href":"https:\/\/bahiaeconomica.com.br\/wp\/wp-json\/wp\/v2\/posts\/711938\/revisions"}],"predecessor-version":[{"id":711940,"href":"https:\/\/bahiaeconomica.com.br\/wp\/wp-json\/wp\/v2\/posts\/711938\/revisions\/711940"}],"wp:featuredmedia":[{"embeddable":true,"href":"https:\/\/bahiaeconomica.com.br\/wp\/wp-json\/wp\/v2\/media\/694793"}],"wp:attachment":[{"href":"https:\/\/bahiaeconomica.com.br\/wp\/wp-json\/wp\/v2\/media?parent=711938"}],"wp:term":[{"taxonomy":"category","embeddable":true,"href":"https:\/\/bahiaeconomica.com.br\/wp\/wp-json\/wp\/v2\/categories?post=711938"},{"taxonomy":"post_tag","embeddable":true,"href":"https:\/\/bahiaeconomica.com.br\/wp\/wp-json\/wp\/v2\/tags?post=711938"}],"curies":[{"name":"wp","href":"https:\/\/api.w.org\/{rel}","templated":true}]}}