{"id":711355,"date":"2023-01-13T11:18:50","date_gmt":"2023-01-13T14:18:50","guid":{"rendered":"https:\/\/bahiaeconomica.com.br\/wp\/beta\/?p=711355"},"modified":"2023-01-13T11:18:52","modified_gmt":"2023-01-13T14:18:52","slug":"baiana-de-direito-abre-inscricoes-para-cursos-livres","status":"publish","type":"post","link":"https:\/\/bahiaeconomica.com.br\/wp\/2023\/01\/13\/baiana-de-direito-abre-inscricoes-para-cursos-livres\/","title":{"rendered":"BAIANA DE DIREITO ABRE INSCRI\u00c7\u00d5ES PARA CURSOS LIVRES"},"content":{"rendered":"\n<p>A Faculdade Baiana de Direito e Gest\u00e3o est\u00e1 com inscri\u00e7\u00f5es abertas para tr\u00eas cursos de extens\u00e3o durante o m\u00eas de janeiro. <\/p>\n\n\n\n<!--more-->\n\n\n\n<p>Os cursos s\u00e3o abertos ao p\u00fablico e t\u00eam o objetivo de formar profissionais especializados nas \u00e1reas de Prote\u00e7\u00e3o de Dados e Privacidade, Direito e Agroneg\u00f3cio e Direito da Crian\u00e7a e do Adolescente. Cada curso tem dura\u00e7\u00e3o de 32 horas, com emiss\u00e3o de certificado, e possuem o Selo de Qualidade OAB Recomenda. O conte\u00fado program\u00e1tico de cada curso est\u00e1 dispon\u00edvel no site da Baiana, onde tamb\u00e9m \u00e9 poss\u00edvel realizar as inscri\u00e7\u00f5es.<\/p>\n\n\n\n<p>Conhe\u00e7a mais sobre os cursos!<\/p>\n\n\n\n<p>Prote\u00e7\u00e3o de Dados e Privacidade<\/p>\n\n\n\n<p>16 a 31 de janeiro \/ Segunda a Quinta, das 18h30 \u00e0s 21h30<\/p>\n\n\n\n<p>Live-learning (aulas ao vivo) &#8211; Plataforma \u00c1gata<\/p>\n\n\n\n<p>A sociedade digital vive um cen\u00e1rio fluido, em constante transforma\u00e7\u00e3o e crescente regulamenta\u00e7\u00e3o, do qual emergem diversas quest\u00f5es sobre seguran\u00e7a digital e tratamento de dados. Neste contexto, o curso traz o que h\u00e1 de mais atual no campo, apresentando os principais marcos legais na Constitui\u00e7\u00e3o Federal, Lei Geral de Prote\u00e7\u00e3o de Dados, Marco Civil da Internet, C\u00f3digo de Defesa do Consumidor, entre outros.<\/p>\n\n\n\n<p>Ser\u00e3o discutidos temas como Internet das Coisas, Big Data e Governan\u00e7a no contexto contempor\u00e2neo das empresas e governos, a fim de instrumentalizar os cursistas para o trabalho com dados pessoais, sendo o curso destinado para pessoas de diversas \u00e1reas &#8211; como empres\u00e1rios, profissionais de compliance, recursos humanos, marketing, tecnologia e seguran\u00e7a da informa\u00e7\u00e3o.&nbsp;<\/p>\n\n\n\n<p>Direito e Agroneg\u00f3cio<\/p>\n\n\n\n<p>23 de janeiro a 03 de fevereiro \/ Segunda a Sexta, das 19h \u00e0s 22h<\/p>\n\n\n\n<p>Presencial na Faculdade Baiana de Direito &#8211; Rua Dr. Jos\u00e9 Peroba, n\u00ba 123 &#8211; Costa Azul<\/p>\n\n\n\n<p>O setor agr\u00e1rio tem grande influ\u00eancia na economia do pa\u00eds e, especialmente no estado da Bahia, as produ\u00e7\u00f5es agr\u00edcolas, pecu\u00e1rias e av\u00edcolas s\u00e3o expressivas. Estas atividades s\u00e3o reguladas por legisla\u00e7\u00e3o espec\u00edfica e, com fen\u00f4menos como a financeiriza\u00e7\u00e3o da atividade agr\u00e1ria, merecem um olhar jur\u00eddico sobre as quest\u00f5es deste setor.<\/p>\n\n\n\n<p>O curso \u00e9 estruturado com base em casos simulados, expondo as quest\u00f5es jur\u00eddicas a partir das situa\u00e7\u00f5es propostas a cada encontro. As aulas abordam, entre outros t\u00f3picos, a aquisi\u00e7\u00e3o de im\u00f3vel rural, regulariza\u00e7\u00e3o fundi\u00e1ria rural, arranjos contratuais para explora\u00e7\u00e3o de im\u00f3vel rural, financiamento banc\u00e1rio e o mercado financeiro no agroneg\u00f3cio.<\/p>\n\n\n\n<p>Direito da Crian\u00e7a e do Adolescente<\/p>\n\n\n\n<p>28 de fevereiro at\u00e9 04 de abril \/ Ter\u00e7as e Quintas, das 19h \u00e0s 22h<\/p>\n\n\n\n<p>Live-learning (aulas ao vivo) &#8211; Plataforma \u00c1gata<\/p>\n\n\n\n<p>O curso \u00e9 destinado a estudantes e profissionais das diversas \u00e1reas que atuam ou tenham interesse em atuar na prote\u00e7\u00e3o dos direitos da crian\u00e7a e do adolescente. O programa aborda a evolu\u00e7\u00e3o hist\u00f3rica dos direitos da crian\u00e7a e do adolescente, apresentando a legisla\u00e7\u00e3o competente (nacional e internacionalmente) e enfatizando a efetiva\u00e7\u00e3o de Direitos Fundamentais para esse grupo vulner\u00e1vel &#8211; como tutela da sa\u00fade, educa\u00e7\u00e3o e direitos difusos.<\/p>\n\n\n\n<p>Durante o curso ser\u00e3o abordadas quest\u00f5es do cotidiano, relacionando o conte\u00fado te\u00f3rico com um vi\u00e9s pr\u00e1tico. Ser\u00e3o trabalhados temas como guarda, tutela, ado\u00e7\u00e3o, ato infracional, medidas protetivas e socioeducativas &#8211; com isso o curso pretende discutir os problemas enfrentados na \u00e1rea e buscar solu\u00e7\u00f5es para situa\u00e7\u00f5es concretas.<\/p>\n\n\n\n<p>Foto: Freepik<\/p>\n","protected":false},"excerpt":{"rendered":"<p>A Faculdade Baiana de Direito e Gest\u00e3o est\u00e1 com inscri\u00e7\u00f5es abertas para tr\u00eas cursos de extens\u00e3o durante o m\u00eas de janeiro.<\/p>\n","protected":false},"author":1,"featured_media":711357,"comment_status":"closed","ping_status":"closed","sticky":false,"template":"","format":"standard","meta":[],"categories":[3],"tags":[],"acf":[],"yoast_head":"<!-- This site is optimized with the Yoast SEO plugin v20.8 - https:\/\/yoast.com\/wordpress\/plugins\/seo\/ -->\n<title>BAIANA DE DIREITO ABRE INSCRI\u00c7\u00d5ES PARA CURSOS LIVRES - Bahia Economica<\/title>\n<meta name=\"description\" content=\"O maior portal de Economia da Bahia ECONOMIA \/ POL\u00cdTICA Bahia Economica\" \/>\n<meta name=\"robots\" content=\"index, follow, max-snippet:-1, max-image-preview:large, max-video-preview:-1\" \/>\n<link rel=\"canonical\" href=\"https:\/\/bahiaeconomica.com.br\/wp\/2023\/01\/13\/baiana-de-direito-abre-inscricoes-para-cursos-livres\/\" \/>\n<meta property=\"og:locale\" content=\"pt_BR\" \/>\n<meta property=\"og:type\" content=\"article\" \/>\n<meta property=\"og:title\" content=\"BAIANA DE DIREITO ABRE INSCRI\u00c7\u00d5ES PARA CURSOS LIVRES - Bahia Economica\" \/>\n<meta property=\"og:description\" content=\"O maior portal de Economia da Bahia ECONOMIA \/ POL\u00cdTICA Bahia Economica\" \/>\n<meta property=\"og:url\" content=\"https:\/\/bahiaeconomica.com.br\/wp\/2023\/01\/13\/baiana-de-direito-abre-inscricoes-para-cursos-livres\/\" \/>\n<meta property=\"og:site_name\" content=\"Bahia Economica\" \/>\n<meta property=\"article:publisher\" content=\"https:\/\/www.facebook.com\/bahiaeconomica\" \/>\n<meta property=\"article:published_time\" content=\"2023-01-13T14:18:50+00:00\" \/>\n<meta property=\"article:modified_time\" content=\"2023-01-13T14:18:52+00:00\" \/>\n<meta property=\"og:image\" content=\"https:\/\/bahiaeconomica.com.br\/wp\/wp-content\/uploads\/2023\/01\/WhatsApp-Image-2023-01-13-at-10.36.23.jpeg\" \/>\n\t<meta property=\"og:image:width\" content=\"1280\" \/>\n\t<meta property=\"og:image:height\" content=\"853\" \/>\n\t<meta property=\"og:image:type\" content=\"image\/jpeg\" \/>\n<meta name=\"author\" content=\"admin\" \/>\n<meta name=\"twitter:card\" content=\"summary_large_image\" \/>\n<meta name=\"twitter:label1\" content=\"Escrito por\" \/>\n\t<meta name=\"twitter:data1\" content=\"admin\" \/>\n\t<meta name=\"twitter:label2\" content=\"Est. tempo de leitura\" \/>\n\t<meta name=\"twitter:data2\" content=\"3 minutos\" \/>\n<script type=\"application\/ld+json\" class=\"yoast-schema-graph\">{\"@context\":\"https:\/\/schema.org\",\"@graph\":[{\"@type\":\"Article\",\"@id\":\"https:\/\/bahiaeconomica.com.br\/wp\/2023\/01\/13\/baiana-de-direito-abre-inscricoes-para-cursos-livres\/#article\",\"isPartOf\":{\"@id\":\"https:\/\/bahiaeconomica.com.br\/wp\/2023\/01\/13\/baiana-de-direito-abre-inscricoes-para-cursos-livres\/\"},\"author\":{\"name\":\"admin\",\"@id\":\"https:\/\/bahiaeconomica.com.br\/wp\/#\/schema\/person\/cb1ab5ba96ad3d9390805381c76284ec\"},\"headline\":\"BAIANA DE DIREITO ABRE INSCRI\u00c7\u00d5ES PARA CURSOS LIVRES\",\"datePublished\":\"2023-01-13T14:18:50+00:00\",\"dateModified\":\"2023-01-13T14:18:52+00:00\",\"mainEntityOfPage\":{\"@id\":\"https:\/\/bahiaeconomica.com.br\/wp\/2023\/01\/13\/baiana-de-direito-abre-inscricoes-para-cursos-livres\/\"},\"wordCount\":596,\"publisher\":{\"@id\":\"https:\/\/bahiaeconomica.com.br\/wp\/#organization\"},\"articleSection\":[\"ECONOMIA \/ POL\u00cdTICA\"],\"inLanguage\":\"pt-BR\"},{\"@type\":\"WebPage\",\"@id\":\"https:\/\/bahiaeconomica.com.br\/wp\/2023\/01\/13\/baiana-de-direito-abre-inscricoes-para-cursos-livres\/\",\"url\":\"https:\/\/bahiaeconomica.com.br\/wp\/2023\/01\/13\/baiana-de-direito-abre-inscricoes-para-cursos-livres\/\",\"name\":\"BAIANA DE DIREITO ABRE INSCRI\u00c7\u00d5ES PARA CURSOS LIVRES - Bahia Economica\",\"isPartOf\":{\"@id\":\"https:\/\/bahiaeconomica.com.br\/wp\/#website\"},\"datePublished\":\"2023-01-13T14:18:50+00:00\",\"dateModified\":\"2023-01-13T14:18:52+00:00\",\"description\":\"O maior portal de Economia da Bahia ECONOMIA \/ POL\u00cdTICA Bahia Economica\",\"breadcrumb\":{\"@id\":\"https:\/\/bahiaeconomica.com.br\/wp\/2023\/01\/13\/baiana-de-direito-abre-inscricoes-para-cursos-livres\/#breadcrumb\"},\"inLanguage\":\"pt-BR\",\"potentialAction\":[{\"@type\":\"ReadAction\",\"target\":[\"https:\/\/bahiaeconomica.com.br\/wp\/2023\/01\/13\/baiana-de-direito-abre-inscricoes-para-cursos-livres\/\"]}]},{\"@type\":\"BreadcrumbList\",\"@id\":\"https:\/\/bahiaeconomica.com.br\/wp\/2023\/01\/13\/baiana-de-direito-abre-inscricoes-para-cursos-livres\/#breadcrumb\",\"itemListElement\":[{\"@type\":\"ListItem\",\"position\":1,\"name\":\"In\u00edcio\",\"item\":\"https:\/\/bahiaeconomica.com.br\/wp\/\"},{\"@type\":\"ListItem\",\"position\":2,\"name\":\"BAIANA DE DIREITO ABRE INSCRI\u00c7\u00d5ES PARA CURSOS LIVRES\"}]},{\"@type\":\"WebSite\",\"@id\":\"https:\/\/bahiaeconomica.com.br\/wp\/#website\",\"url\":\"https:\/\/bahiaeconomica.com.br\/wp\/\",\"name\":\"Bahia Economica\",\"description\":\"O maior portal de Economia da Bahia\",\"publisher\":{\"@id\":\"https:\/\/bahiaeconomica.com.br\/wp\/#organization\"},\"potentialAction\":[{\"@type\":\"SearchAction\",\"target\":{\"@type\":\"EntryPoint\",\"urlTemplate\":\"https:\/\/bahiaeconomica.com.br\/wp\/?s={search_term_string}\"},\"query-input\":\"required name=search_term_string\"}],\"inLanguage\":\"pt-BR\"},{\"@type\":\"Organization\",\"@id\":\"https:\/\/bahiaeconomica.com.br\/wp\/#organization\",\"name\":\"Bahia Econ\u00f4mica\",\"url\":\"https:\/\/bahiaeconomica.com.br\/wp\/\",\"logo\":{\"@type\":\"ImageObject\",\"inLanguage\":\"pt-BR\",\"@id\":\"https:\/\/bahiaeconomica.com.br\/wp\/#\/schema\/logo\/image\/\",\"url\":\"https:\/\/bahiaeconomica.com.br\/wp\/wp-content\/uploads\/2020\/12\/cropped-BE.png\",\"contentUrl\":\"https:\/\/bahiaeconomica.com.br\/wp\/wp-content\/uploads\/2020\/12\/cropped-BE.png\",\"width\":512,\"height\":512,\"caption\":\"Bahia Econ\u00f4mica\"},\"image\":{\"@id\":\"https:\/\/bahiaeconomica.com.br\/wp\/#\/schema\/logo\/image\/\"},\"sameAs\":[\"https:\/\/www.facebook.com\/bahiaeconomica\"]},{\"@type\":\"Person\",\"@id\":\"https:\/\/bahiaeconomica.com.br\/wp\/#\/schema\/person\/cb1ab5ba96ad3d9390805381c76284ec\",\"name\":\"admin\",\"url\":\"https:\/\/bahiaeconomica.com.br\/wp\/author\/admin\/\"}]}<\/script>\n<!-- \/ Yoast SEO plugin. -->","yoast_head_json":{"title":"BAIANA DE DIREITO ABRE INSCRI\u00c7\u00d5ES PARA CURSOS LIVRES - Bahia Economica","description":"O maior portal de Economia da Bahia ECONOMIA \/ POL\u00cdTICA Bahia Economica","robots":{"index":"index","follow":"follow","max-snippet":"max-snippet:-1","max-image-preview":"max-image-preview:large","max-video-preview":"max-video-preview:-1"},"canonical":"https:\/\/bahiaeconomica.com.br\/wp\/2023\/01\/13\/baiana-de-direito-abre-inscricoes-para-cursos-livres\/","og_locale":"pt_BR","og_type":"article","og_title":"BAIANA DE DIREITO ABRE INSCRI\u00c7\u00d5ES PARA CURSOS LIVRES - Bahia Economica","og_description":"O maior portal de Economia da Bahia ECONOMIA \/ POL\u00cdTICA Bahia Economica","og_url":"https:\/\/bahiaeconomica.com.br\/wp\/2023\/01\/13\/baiana-de-direito-abre-inscricoes-para-cursos-livres\/","og_site_name":"Bahia Economica","article_publisher":"https:\/\/www.facebook.com\/bahiaeconomica","article_published_time":"2023-01-13T14:18:50+00:00","article_modified_time":"2023-01-13T14:18:52+00:00","og_image":[{"width":1280,"height":853,"url":"https:\/\/bahiaeconomica.com.br\/wp\/wp-content\/uploads\/2023\/01\/WhatsApp-Image-2023-01-13-at-10.36.23.jpeg","type":"image\/jpeg"}],"author":"admin","twitter_card":"summary_large_image","twitter_misc":{"Escrito por":"admin","Est. tempo de leitura":"3 minutos"},"schema":{"@context":"https:\/\/schema.org","@graph":[{"@type":"Article","@id":"https:\/\/bahiaeconomica.com.br\/wp\/2023\/01\/13\/baiana-de-direito-abre-inscricoes-para-cursos-livres\/#article","isPartOf":{"@id":"https:\/\/bahiaeconomica.com.br\/wp\/2023\/01\/13\/baiana-de-direito-abre-inscricoes-para-cursos-livres\/"},"author":{"name":"admin","@id":"https:\/\/bahiaeconomica.com.br\/wp\/#\/schema\/person\/cb1ab5ba96ad3d9390805381c76284ec"},"headline":"BAIANA DE DIREITO ABRE INSCRI\u00c7\u00d5ES PARA CURSOS LIVRES","datePublished":"2023-01-13T14:18:50+00:00","dateModified":"2023-01-13T14:18:52+00:00","mainEntityOfPage":{"@id":"https:\/\/bahiaeconomica.com.br\/wp\/2023\/01\/13\/baiana-de-direito-abre-inscricoes-para-cursos-livres\/"},"wordCount":596,"publisher":{"@id":"https:\/\/bahiaeconomica.com.br\/wp\/#organization"},"articleSection":["ECONOMIA \/ POL\u00cdTICA"],"inLanguage":"pt-BR"},{"@type":"WebPage","@id":"https:\/\/bahiaeconomica.com.br\/wp\/2023\/01\/13\/baiana-de-direito-abre-inscricoes-para-cursos-livres\/","url":"https:\/\/bahiaeconomica.com.br\/wp\/2023\/01\/13\/baiana-de-direito-abre-inscricoes-para-cursos-livres\/","name":"BAIANA DE DIREITO ABRE INSCRI\u00c7\u00d5ES PARA CURSOS LIVRES - Bahia Economica","isPartOf":{"@id":"https:\/\/bahiaeconomica.com.br\/wp\/#website"},"datePublished":"2023-01-13T14:18:50+00:00","dateModified":"2023-01-13T14:18:52+00:00","description":"O maior portal de Economia da Bahia ECONOMIA \/ POL\u00cdTICA Bahia Economica","breadcrumb":{"@id":"https:\/\/bahiaeconomica.com.br\/wp\/2023\/01\/13\/baiana-de-direito-abre-inscricoes-para-cursos-livres\/#breadcrumb"},"inLanguage":"pt-BR","potentialAction":[{"@type":"ReadAction","target":["https:\/\/bahiaeconomica.com.br\/wp\/2023\/01\/13\/baiana-de-direito-abre-inscricoes-para-cursos-livres\/"]}]},{"@type":"BreadcrumbList","@id":"https:\/\/bahiaeconomica.com.br\/wp\/2023\/01\/13\/baiana-de-direito-abre-inscricoes-para-cursos-livres\/#breadcrumb","itemListElement":[{"@type":"ListItem","position":1,"name":"In\u00edcio","item":"https:\/\/bahiaeconomica.com.br\/wp\/"},{"@type":"ListItem","position":2,"name":"BAIANA DE DIREITO ABRE INSCRI\u00c7\u00d5ES PARA CURSOS LIVRES"}]},{"@type":"WebSite","@id":"https:\/\/bahiaeconomica.com.br\/wp\/#website","url":"https:\/\/bahiaeconomica.com.br\/wp\/","name":"Bahia Economica","description":"O maior portal de Economia da Bahia","publisher":{"@id":"https:\/\/bahiaeconomica.com.br\/wp\/#organization"},"potentialAction":[{"@type":"SearchAction","target":{"@type":"EntryPoint","urlTemplate":"https:\/\/bahiaeconomica.com.br\/wp\/?s={search_term_string}"},"query-input":"required name=search_term_string"}],"inLanguage":"pt-BR"},{"@type":"Organization","@id":"https:\/\/bahiaeconomica.com.br\/wp\/#organization","name":"Bahia Econ\u00f4mica","url":"https:\/\/bahiaeconomica.com.br\/wp\/","logo":{"@type":"ImageObject","inLanguage":"pt-BR","@id":"https:\/\/bahiaeconomica.com.br\/wp\/#\/schema\/logo\/image\/","url":"https:\/\/bahiaeconomica.com.br\/wp\/wp-content\/uploads\/2020\/12\/cropped-BE.png","contentUrl":"https:\/\/bahiaeconomica.com.br\/wp\/wp-content\/uploads\/2020\/12\/cropped-BE.png","width":512,"height":512,"caption":"Bahia Econ\u00f4mica"},"image":{"@id":"https:\/\/bahiaeconomica.com.br\/wp\/#\/schema\/logo\/image\/"},"sameAs":["https:\/\/www.facebook.com\/bahiaeconomica"]},{"@type":"Person","@id":"https:\/\/bahiaeconomica.com.br\/wp\/#\/schema\/person\/cb1ab5ba96ad3d9390805381c76284ec","name":"admin","url":"https:\/\/bahiaeconomica.com.br\/wp\/author\/admin\/"}]}},"views":2,"_links":{"self":[{"href":"https:\/\/bahiaeconomica.com.br\/wp\/wp-json\/wp\/v2\/posts\/711355"}],"collection":[{"href":"https:\/\/bahiaeconomica.com.br\/wp\/wp-json\/wp\/v2\/posts"}],"about":[{"href":"https:\/\/bahiaeconomica.com.br\/wp\/wp-json\/wp\/v2\/types\/post"}],"author":[{"embeddable":true,"href":"https:\/\/bahiaeconomica.com.br\/wp\/wp-json\/wp\/v2\/users\/1"}],"replies":[{"embeddable":true,"href":"https:\/\/bahiaeconomica.com.br\/wp\/wp-json\/wp\/v2\/comments?post=711355"}],"version-history":[{"count":1,"href":"https:\/\/bahiaeconomica.com.br\/wp\/wp-json\/wp\/v2\/posts\/711355\/revisions"}],"predecessor-version":[{"id":711358,"href":"https:\/\/bahiaeconomica.com.br\/wp\/wp-json\/wp\/v2\/posts\/711355\/revisions\/711358"}],"wp:featuredmedia":[{"embeddable":true,"href":"https:\/\/bahiaeconomica.com.br\/wp\/wp-json\/wp\/v2\/media\/711357"}],"wp:attachment":[{"href":"https:\/\/bahiaeconomica.com.br\/wp\/wp-json\/wp\/v2\/media?parent=711355"}],"wp:term":[{"taxonomy":"category","embeddable":true,"href":"https:\/\/bahiaeconomica.com.br\/wp\/wp-json\/wp\/v2\/categories?post=711355"},{"taxonomy":"post_tag","embeddable":true,"href":"https:\/\/bahiaeconomica.com.br\/wp\/wp-json\/wp\/v2\/tags?post=711355"}],"curies":[{"name":"wp","href":"https:\/\/api.w.org\/{rel}","templated":true}]}}