{"id":711104,"date":"2023-01-12T11:15:57","date_gmt":"2023-01-12T14:15:57","guid":{"rendered":"https:\/\/bahiaeconomica.com.br\/wp\/beta\/?p=711104"},"modified":"2023-01-12T10:17:55","modified_gmt":"2023-01-12T13:17:55","slug":"hoje-sera-uma-caminhada-de-fe-e-de-defesa-da-democracia-diz-eden-na-lavagem-do-bonfim","status":"publish","type":"post","link":"https:\/\/bahiaeconomica.com.br\/wp\/2023\/01\/12\/hoje-sera-uma-caminhada-de-fe-e-de-defesa-da-democracia-diz-eden-na-lavagem-do-bonfim\/","title":{"rendered":"&#8220;HOJE SER\u00c1 UMA CAMINHADA DE F\u00c9 E DE DEFESA DA DEMOCRACIA&#8221;, DIZ \u00c9DEN NA LAVAGEM DO BONFIM"},"content":{"rendered":"\n<p>Presente na Lavagem do Bonfim nesta quinta, 12, o presidente do Partido dos Trabalhadores da Bahia, \u00c9den Valadares afirmou que a missa na igreja da Concei\u00e7\u00e3o da Praia e a caminhada at\u00e9 a Colina Sagrada ser\u00e1 para agradecer \u00e0 popula\u00e7\u00e3o pela elei\u00e7\u00e3o do governador da Bahia, Jer\u00f4nimo Rodrigues, e reafirmar a defesa da democracia no Brasil devido \u00e0 tentativa de golpe de extremistas apoiadores de Jair Bolsonaro.<\/p>\n\n\n\n<!--more-->\n\n\n\n<p>&#8220;Hoje n\u00f3s vamos para a rua para agradecer a vota\u00e7\u00e3o vota\u00e7\u00e3o Jer\u00f4nimo, agradecer o apoio e a esperan\u00e7a que o povo da Bahia tem depositado no nosso projeto. N\u00f3s vamos para o quinto mandato consecutivo, um case que o PT n\u00e3o tem no Brasil inteiro e agradecer o apoio que a sociedade baiana deu, tem dado e reafirmou essa semana \u00e0 democracia, ao estado de Direito democr\u00e1tico, \u00e0 Constitui\u00e7\u00e3o Federal&#8221;, disse o dirigente estadual do PT Bahia.<\/p>\n\n\n\n<p>\u00c9den destacou que os atos terroristas e de depreda\u00e7\u00e3o no Pal\u00e1cio do Planalto, STF e Congresso Nacional n\u00e3o podem ser minimizados. &#8220;O que aconteceu em Bras\u00edlia no domingo foi um absurdo. Uma tentativa de golpe, terrorismo, mas sobretudo esse esp\u00edrito golpista de tentar tomar \u00e0 for\u00e7a o poder, e a sociedade baiana j\u00e1 rejeitou isso nas urnas, nas pesquisas de opini\u00e3o. Penso que hoje ser\u00e1 uma caminhada de f\u00e9 e de defesa da democracia&#8221;.<\/p>\n\n\n\n<p>Sobre a participa\u00e7\u00e3o de Jer\u00f4nimo na Lavagem, o presidente do PT Bahia disse que o governador vem \u00e0s ruas no seu primeiro teste de rua. &#8220;O povo tem depositado muita esperan\u00e7a de que com o governo Jer\u00f4nimo a gente n\u00e3o s\u00f3 vai ajudar o Lula a reconstruir o Brasil como continuar, aprofundar, renovar o processo de mudan\u00e7a aqui na Bahia. Acho que o povo baiano quer mais sa\u00fade, mais educa\u00e7\u00e3o, mais investimento e sobretudo resgatar o tempo da prosperidade. E Jer\u00f4nimo tem deixado claro: avan\u00e7ar no que foi feito por Jaques Wagner e Rui Costa, com mais hospitais, mais policl\u00ednicas, escolas de tempo integral, mas ter uma aten\u00e7\u00e3o especial ao social, sobretudo aqueles que est\u00e3o passando fome, que est\u00e3o desempregados, sub-desempregados, e a gente voltar ao tempo de tranquilidade e prosperidade para o povo baiano&#8221;, concluiu \u00c9den.<\/p>\n\n\n\n<p>Foto: Millena Dias<\/p>\n","protected":false},"excerpt":{"rendered":"<p>Presente na Lavagem do Bonfim nesta quinta, 12, o presidente do Partido dos Trabalhadores da Bahia, \u00c9den Valadares afirmou que a missa na igreja da Concei\u00e7\u00e3o da Praia e a caminhada at\u00e9 a Colina Sagrada ser\u00e1 para agradecer \u00e0 popula\u00e7\u00e3o pela elei\u00e7\u00e3o do governador da Bahia, Jer\u00f4nimo Rodrigues, e reafirmar a defesa da democracia no [&hellip;]<\/p>\n","protected":false},"author":1,"featured_media":711105,"comment_status":"closed","ping_status":"closed","sticky":false,"template":"","format":"standard","meta":[],"categories":[3],"tags":[],"acf":[],"yoast_head":"<!-- This site is optimized with the Yoast SEO plugin v20.8 - https:\/\/yoast.com\/wordpress\/plugins\/seo\/ -->\n<title>&quot;HOJE SER\u00c1 UMA CAMINHADA DE F\u00c9 E DE DEFESA DA DEMOCRACIA&quot;, DIZ \u00c9DEN NA LAVAGEM DO BONFIM - Bahia Economica<\/title>\n<meta name=\"description\" content=\"O maior portal de Economia da Bahia ECONOMIA \/ POL\u00cdTICA Bahia Economica\" \/>\n<meta name=\"robots\" content=\"index, follow, max-snippet:-1, max-image-preview:large, max-video-preview:-1\" \/>\n<link rel=\"canonical\" href=\"https:\/\/bahiaeconomica.com.br\/wp\/2023\/01\/12\/hoje-sera-uma-caminhada-de-fe-e-de-defesa-da-democracia-diz-eden-na-lavagem-do-bonfim\/\" \/>\n<meta property=\"og:locale\" content=\"pt_BR\" \/>\n<meta property=\"og:type\" content=\"article\" \/>\n<meta property=\"og:title\" content=\"&quot;HOJE SER\u00c1 UMA CAMINHADA DE F\u00c9 E DE DEFESA DA DEMOCRACIA&quot;, DIZ \u00c9DEN NA LAVAGEM DO BONFIM - Bahia Economica\" \/>\n<meta property=\"og:description\" content=\"O maior portal de Economia da Bahia ECONOMIA \/ POL\u00cdTICA Bahia Economica\" \/>\n<meta property=\"og:url\" content=\"https:\/\/bahiaeconomica.com.br\/wp\/2023\/01\/12\/hoje-sera-uma-caminhada-de-fe-e-de-defesa-da-democracia-diz-eden-na-lavagem-do-bonfim\/\" \/>\n<meta property=\"og:site_name\" content=\"Bahia Economica\" \/>\n<meta property=\"article:publisher\" content=\"https:\/\/www.facebook.com\/bahiaeconomica\" \/>\n<meta property=\"article:published_time\" content=\"2023-01-12T14:15:57+00:00\" \/>\n<meta property=\"article:modified_time\" content=\"2023-01-12T13:17:55+00:00\" \/>\n<meta property=\"og:image\" content=\"https:\/\/bahiaeconomica.com.br\/wp\/wp-content\/uploads\/2023\/01\/WhatsApp-Image-2023-01-12-at-09.59.46.jpeg\" \/>\n\t<meta property=\"og:image:width\" content=\"1000\" \/>\n\t<meta property=\"og:image:height\" content=\"1026\" \/>\n\t<meta property=\"og:image:type\" content=\"image\/jpeg\" \/>\n<meta name=\"author\" content=\"admin\" \/>\n<meta name=\"twitter:card\" content=\"summary_large_image\" \/>\n<meta name=\"twitter:label1\" content=\"Escrito por\" \/>\n\t<meta name=\"twitter:data1\" content=\"admin\" \/>\n\t<meta name=\"twitter:label2\" content=\"Est. tempo de leitura\" \/>\n\t<meta name=\"twitter:data2\" content=\"2 minutos\" \/>\n<script type=\"application\/ld+json\" class=\"yoast-schema-graph\">{\"@context\":\"https:\/\/schema.org\",\"@graph\":[{\"@type\":\"Article\",\"@id\":\"https:\/\/bahiaeconomica.com.br\/wp\/2023\/01\/12\/hoje-sera-uma-caminhada-de-fe-e-de-defesa-da-democracia-diz-eden-na-lavagem-do-bonfim\/#article\",\"isPartOf\":{\"@id\":\"https:\/\/bahiaeconomica.com.br\/wp\/2023\/01\/12\/hoje-sera-uma-caminhada-de-fe-e-de-defesa-da-democracia-diz-eden-na-lavagem-do-bonfim\/\"},\"author\":{\"name\":\"admin\",\"@id\":\"https:\/\/bahiaeconomica.com.br\/wp\/#\/schema\/person\/cb1ab5ba96ad3d9390805381c76284ec\"},\"headline\":\"&#8220;HOJE SER\u00c1 UMA CAMINHADA DE F\u00c9 E DE DEFESA DA DEMOCRACIA&#8221;, DIZ \u00c9DEN NA LAVAGEM DO BONFIM\",\"datePublished\":\"2023-01-12T14:15:57+00:00\",\"dateModified\":\"2023-01-12T13:17:55+00:00\",\"mainEntityOfPage\":{\"@id\":\"https:\/\/bahiaeconomica.com.br\/wp\/2023\/01\/12\/hoje-sera-uma-caminhada-de-fe-e-de-defesa-da-democracia-diz-eden-na-lavagem-do-bonfim\/\"},\"wordCount\":403,\"publisher\":{\"@id\":\"https:\/\/bahiaeconomica.com.br\/wp\/#organization\"},\"articleSection\":[\"ECONOMIA \/ POL\u00cdTICA\"],\"inLanguage\":\"pt-BR\"},{\"@type\":\"WebPage\",\"@id\":\"https:\/\/bahiaeconomica.com.br\/wp\/2023\/01\/12\/hoje-sera-uma-caminhada-de-fe-e-de-defesa-da-democracia-diz-eden-na-lavagem-do-bonfim\/\",\"url\":\"https:\/\/bahiaeconomica.com.br\/wp\/2023\/01\/12\/hoje-sera-uma-caminhada-de-fe-e-de-defesa-da-democracia-diz-eden-na-lavagem-do-bonfim\/\",\"name\":\"\\\"HOJE SER\u00c1 UMA CAMINHADA DE F\u00c9 E DE DEFESA DA DEMOCRACIA\\\", DIZ \u00c9DEN NA LAVAGEM DO BONFIM - Bahia Economica\",\"isPartOf\":{\"@id\":\"https:\/\/bahiaeconomica.com.br\/wp\/#website\"},\"datePublished\":\"2023-01-12T14:15:57+00:00\",\"dateModified\":\"2023-01-12T13:17:55+00:00\",\"description\":\"O maior portal de Economia da Bahia ECONOMIA \/ POL\u00cdTICA Bahia Economica\",\"breadcrumb\":{\"@id\":\"https:\/\/bahiaeconomica.com.br\/wp\/2023\/01\/12\/hoje-sera-uma-caminhada-de-fe-e-de-defesa-da-democracia-diz-eden-na-lavagem-do-bonfim\/#breadcrumb\"},\"inLanguage\":\"pt-BR\",\"potentialAction\":[{\"@type\":\"ReadAction\",\"target\":[\"https:\/\/bahiaeconomica.com.br\/wp\/2023\/01\/12\/hoje-sera-uma-caminhada-de-fe-e-de-defesa-da-democracia-diz-eden-na-lavagem-do-bonfim\/\"]}]},{\"@type\":\"BreadcrumbList\",\"@id\":\"https:\/\/bahiaeconomica.com.br\/wp\/2023\/01\/12\/hoje-sera-uma-caminhada-de-fe-e-de-defesa-da-democracia-diz-eden-na-lavagem-do-bonfim\/#breadcrumb\",\"itemListElement\":[{\"@type\":\"ListItem\",\"position\":1,\"name\":\"In\u00edcio\",\"item\":\"https:\/\/bahiaeconomica.com.br\/wp\/\"},{\"@type\":\"ListItem\",\"position\":2,\"name\":\"&#8220;HOJE SER\u00c1 UMA CAMINHADA DE F\u00c9 E DE DEFESA DA DEMOCRACIA&#8221;, DIZ \u00c9DEN NA LAVAGEM DO BONFIM\"}]},{\"@type\":\"WebSite\",\"@id\":\"https:\/\/bahiaeconomica.com.br\/wp\/#website\",\"url\":\"https:\/\/bahiaeconomica.com.br\/wp\/\",\"name\":\"Bahia Economica\",\"description\":\"O maior portal de Economia da Bahia\",\"publisher\":{\"@id\":\"https:\/\/bahiaeconomica.com.br\/wp\/#organization\"},\"potentialAction\":[{\"@type\":\"SearchAction\",\"target\":{\"@type\":\"EntryPoint\",\"urlTemplate\":\"https:\/\/bahiaeconomica.com.br\/wp\/?s={search_term_string}\"},\"query-input\":\"required name=search_term_string\"}],\"inLanguage\":\"pt-BR\"},{\"@type\":\"Organization\",\"@id\":\"https:\/\/bahiaeconomica.com.br\/wp\/#organization\",\"name\":\"Bahia Econ\u00f4mica\",\"url\":\"https:\/\/bahiaeconomica.com.br\/wp\/\",\"logo\":{\"@type\":\"ImageObject\",\"inLanguage\":\"pt-BR\",\"@id\":\"https:\/\/bahiaeconomica.com.br\/wp\/#\/schema\/logo\/image\/\",\"url\":\"https:\/\/bahiaeconomica.com.br\/wp\/wp-content\/uploads\/2020\/12\/cropped-BE.png\",\"contentUrl\":\"https:\/\/bahiaeconomica.com.br\/wp\/wp-content\/uploads\/2020\/12\/cropped-BE.png\",\"width\":512,\"height\":512,\"caption\":\"Bahia Econ\u00f4mica\"},\"image\":{\"@id\":\"https:\/\/bahiaeconomica.com.br\/wp\/#\/schema\/logo\/image\/\"},\"sameAs\":[\"https:\/\/www.facebook.com\/bahiaeconomica\"]},{\"@type\":\"Person\",\"@id\":\"https:\/\/bahiaeconomica.com.br\/wp\/#\/schema\/person\/cb1ab5ba96ad3d9390805381c76284ec\",\"name\":\"admin\",\"url\":\"https:\/\/bahiaeconomica.com.br\/wp\/author\/admin\/\"}]}<\/script>\n<!-- \/ Yoast SEO plugin. -->","yoast_head_json":{"title":"\"HOJE SER\u00c1 UMA CAMINHADA DE F\u00c9 E DE DEFESA DA DEMOCRACIA\", DIZ \u00c9DEN NA LAVAGEM DO BONFIM - Bahia Economica","description":"O maior portal de Economia da Bahia ECONOMIA \/ POL\u00cdTICA Bahia Economica","robots":{"index":"index","follow":"follow","max-snippet":"max-snippet:-1","max-image-preview":"max-image-preview:large","max-video-preview":"max-video-preview:-1"},"canonical":"https:\/\/bahiaeconomica.com.br\/wp\/2023\/01\/12\/hoje-sera-uma-caminhada-de-fe-e-de-defesa-da-democracia-diz-eden-na-lavagem-do-bonfim\/","og_locale":"pt_BR","og_type":"article","og_title":"\"HOJE SER\u00c1 UMA CAMINHADA DE F\u00c9 E DE DEFESA DA DEMOCRACIA\", DIZ \u00c9DEN NA LAVAGEM DO BONFIM - Bahia Economica","og_description":"O maior portal de Economia da Bahia ECONOMIA \/ POL\u00cdTICA Bahia Economica","og_url":"https:\/\/bahiaeconomica.com.br\/wp\/2023\/01\/12\/hoje-sera-uma-caminhada-de-fe-e-de-defesa-da-democracia-diz-eden-na-lavagem-do-bonfim\/","og_site_name":"Bahia Economica","article_publisher":"https:\/\/www.facebook.com\/bahiaeconomica","article_published_time":"2023-01-12T14:15:57+00:00","article_modified_time":"2023-01-12T13:17:55+00:00","og_image":[{"width":1000,"height":1026,"url":"https:\/\/bahiaeconomica.com.br\/wp\/wp-content\/uploads\/2023\/01\/WhatsApp-Image-2023-01-12-at-09.59.46.jpeg","type":"image\/jpeg"}],"author":"admin","twitter_card":"summary_large_image","twitter_misc":{"Escrito por":"admin","Est. tempo de leitura":"2 minutos"},"schema":{"@context":"https:\/\/schema.org","@graph":[{"@type":"Article","@id":"https:\/\/bahiaeconomica.com.br\/wp\/2023\/01\/12\/hoje-sera-uma-caminhada-de-fe-e-de-defesa-da-democracia-diz-eden-na-lavagem-do-bonfim\/#article","isPartOf":{"@id":"https:\/\/bahiaeconomica.com.br\/wp\/2023\/01\/12\/hoje-sera-uma-caminhada-de-fe-e-de-defesa-da-democracia-diz-eden-na-lavagem-do-bonfim\/"},"author":{"name":"admin","@id":"https:\/\/bahiaeconomica.com.br\/wp\/#\/schema\/person\/cb1ab5ba96ad3d9390805381c76284ec"},"headline":"&#8220;HOJE SER\u00c1 UMA CAMINHADA DE F\u00c9 E DE DEFESA DA DEMOCRACIA&#8221;, DIZ \u00c9DEN NA LAVAGEM DO BONFIM","datePublished":"2023-01-12T14:15:57+00:00","dateModified":"2023-01-12T13:17:55+00:00","mainEntityOfPage":{"@id":"https:\/\/bahiaeconomica.com.br\/wp\/2023\/01\/12\/hoje-sera-uma-caminhada-de-fe-e-de-defesa-da-democracia-diz-eden-na-lavagem-do-bonfim\/"},"wordCount":403,"publisher":{"@id":"https:\/\/bahiaeconomica.com.br\/wp\/#organization"},"articleSection":["ECONOMIA \/ POL\u00cdTICA"],"inLanguage":"pt-BR"},{"@type":"WebPage","@id":"https:\/\/bahiaeconomica.com.br\/wp\/2023\/01\/12\/hoje-sera-uma-caminhada-de-fe-e-de-defesa-da-democracia-diz-eden-na-lavagem-do-bonfim\/","url":"https:\/\/bahiaeconomica.com.br\/wp\/2023\/01\/12\/hoje-sera-uma-caminhada-de-fe-e-de-defesa-da-democracia-diz-eden-na-lavagem-do-bonfim\/","name":"\"HOJE SER\u00c1 UMA CAMINHADA DE F\u00c9 E DE DEFESA DA DEMOCRACIA\", DIZ \u00c9DEN NA LAVAGEM DO BONFIM - Bahia Economica","isPartOf":{"@id":"https:\/\/bahiaeconomica.com.br\/wp\/#website"},"datePublished":"2023-01-12T14:15:57+00:00","dateModified":"2023-01-12T13:17:55+00:00","description":"O maior portal de Economia da Bahia ECONOMIA \/ POL\u00cdTICA Bahia Economica","breadcrumb":{"@id":"https:\/\/bahiaeconomica.com.br\/wp\/2023\/01\/12\/hoje-sera-uma-caminhada-de-fe-e-de-defesa-da-democracia-diz-eden-na-lavagem-do-bonfim\/#breadcrumb"},"inLanguage":"pt-BR","potentialAction":[{"@type":"ReadAction","target":["https:\/\/bahiaeconomica.com.br\/wp\/2023\/01\/12\/hoje-sera-uma-caminhada-de-fe-e-de-defesa-da-democracia-diz-eden-na-lavagem-do-bonfim\/"]}]},{"@type":"BreadcrumbList","@id":"https:\/\/bahiaeconomica.com.br\/wp\/2023\/01\/12\/hoje-sera-uma-caminhada-de-fe-e-de-defesa-da-democracia-diz-eden-na-lavagem-do-bonfim\/#breadcrumb","itemListElement":[{"@type":"ListItem","position":1,"name":"In\u00edcio","item":"https:\/\/bahiaeconomica.com.br\/wp\/"},{"@type":"ListItem","position":2,"name":"&#8220;HOJE SER\u00c1 UMA CAMINHADA DE F\u00c9 E DE DEFESA DA DEMOCRACIA&#8221;, DIZ \u00c9DEN NA LAVAGEM DO BONFIM"}]},{"@type":"WebSite","@id":"https:\/\/bahiaeconomica.com.br\/wp\/#website","url":"https:\/\/bahiaeconomica.com.br\/wp\/","name":"Bahia Economica","description":"O maior portal de Economia da Bahia","publisher":{"@id":"https:\/\/bahiaeconomica.com.br\/wp\/#organization"},"potentialAction":[{"@type":"SearchAction","target":{"@type":"EntryPoint","urlTemplate":"https:\/\/bahiaeconomica.com.br\/wp\/?s={search_term_string}"},"query-input":"required name=search_term_string"}],"inLanguage":"pt-BR"},{"@type":"Organization","@id":"https:\/\/bahiaeconomica.com.br\/wp\/#organization","name":"Bahia Econ\u00f4mica","url":"https:\/\/bahiaeconomica.com.br\/wp\/","logo":{"@type":"ImageObject","inLanguage":"pt-BR","@id":"https:\/\/bahiaeconomica.com.br\/wp\/#\/schema\/logo\/image\/","url":"https:\/\/bahiaeconomica.com.br\/wp\/wp-content\/uploads\/2020\/12\/cropped-BE.png","contentUrl":"https:\/\/bahiaeconomica.com.br\/wp\/wp-content\/uploads\/2020\/12\/cropped-BE.png","width":512,"height":512,"caption":"Bahia Econ\u00f4mica"},"image":{"@id":"https:\/\/bahiaeconomica.com.br\/wp\/#\/schema\/logo\/image\/"},"sameAs":["https:\/\/www.facebook.com\/bahiaeconomica"]},{"@type":"Person","@id":"https:\/\/bahiaeconomica.com.br\/wp\/#\/schema\/person\/cb1ab5ba96ad3d9390805381c76284ec","name":"admin","url":"https:\/\/bahiaeconomica.com.br\/wp\/author\/admin\/"}]}},"views":3,"_links":{"self":[{"href":"https:\/\/bahiaeconomica.com.br\/wp\/wp-json\/wp\/v2\/posts\/711104"}],"collection":[{"href":"https:\/\/bahiaeconomica.com.br\/wp\/wp-json\/wp\/v2\/posts"}],"about":[{"href":"https:\/\/bahiaeconomica.com.br\/wp\/wp-json\/wp\/v2\/types\/post"}],"author":[{"embeddable":true,"href":"https:\/\/bahiaeconomica.com.br\/wp\/wp-json\/wp\/v2\/users\/1"}],"replies":[{"embeddable":true,"href":"https:\/\/bahiaeconomica.com.br\/wp\/wp-json\/wp\/v2\/comments?post=711104"}],"version-history":[{"count":2,"href":"https:\/\/bahiaeconomica.com.br\/wp\/wp-json\/wp\/v2\/posts\/711104\/revisions"}],"predecessor-version":[{"id":711107,"href":"https:\/\/bahiaeconomica.com.br\/wp\/wp-json\/wp\/v2\/posts\/711104\/revisions\/711107"}],"wp:featuredmedia":[{"embeddable":true,"href":"https:\/\/bahiaeconomica.com.br\/wp\/wp-json\/wp\/v2\/media\/711105"}],"wp:attachment":[{"href":"https:\/\/bahiaeconomica.com.br\/wp\/wp-json\/wp\/v2\/media?parent=711104"}],"wp:term":[{"taxonomy":"category","embeddable":true,"href":"https:\/\/bahiaeconomica.com.br\/wp\/wp-json\/wp\/v2\/categories?post=711104"},{"taxonomy":"post_tag","embeddable":true,"href":"https:\/\/bahiaeconomica.com.br\/wp\/wp-json\/wp\/v2\/tags?post=711104"}],"curies":[{"name":"wp","href":"https:\/\/api.w.org\/{rel}","templated":true}]}}