{"id":709672,"date":"2023-01-05T08:30:00","date_gmt":"2023-01-05T11:30:00","guid":{"rendered":"https:\/\/bahiaeconomica.com.br\/wp\/beta\/?p=709672"},"modified":"2023-01-05T08:37:14","modified_gmt":"2023-01-05T11:37:14","slug":"pesquisa-aponta-que-numero-de-estudantes-baianos-que-nao-concluem-cursos-e-o-dobro-dos-formados","status":"publish","type":"post","link":"https:\/\/bahiaeconomica.com.br\/wp\/2023\/01\/05\/pesquisa-aponta-que-numero-de-estudantes-baianos-que-nao-concluem-cursos-e-o-dobro-dos-formados\/","title":{"rendered":"PESQUISA APONTA QUE N\u00daMERO DE ESTUDANTES BAIANOS QUE N\u00c3O CONCLUEM CURSOS \u00c9 O DOBRO DOS FORMADOS"},"content":{"rendered":"\n<p>Segundo n\u00fameros do Censo da Educa\u00e7\u00e3o Superior de 2021, realizada pelo Instituto Nacional de Estudos e Pesquisas Educacionais An\u00edsio Teixeira (Inep) o n\u00famero de estudantes baianos que abandonam as faculdades, publicas ou privadas, \u00e9 o dobro daqueles que concluem gradua\u00e7\u00e3o. <\/p>\n\n\n\n<!--more-->\n\n\n\n<p>A pesquisa levou em considera\u00e7\u00e3o dados sobre o ensino superior do pa\u00eds entre 2016 e 2021. Dos 565.950 estudantes baianos que ingressaram no ensino superior ao longo desses anos, 54.167 (9,5%) largaram a gradua\u00e7\u00e3o antes de se formar; apenas 28.006 conclu\u00edram e 268.974 ainda est\u00e3o matriculados.<\/p>\n\n\n\n<p>Nas universidades p\u00fablicas, 131,2 mil alunos ingressaram entre 2016 e 2021, mas apenas 4,8 mil se formaram. Os desistentes somam 8,7 mil. Nas faculdades particulares, dos 434.676 calouros,&nbsp; 45.401 desistiram da gradua\u00e7\u00e3o ao longo dos cinco anos pesquisados e apenas 23.159 receberam o diploma. Nas duas modalidades de ensino, p\u00fablico e privado, desistentes s\u00e3o quase o dobro dos alunos&nbsp; concluintes.<\/p>\n\n\n\n<p>A Pr\u00f3-Reitora de Ensino de Gradua\u00e7\u00e3o da Ufba, Nancy Ferreira, analisa que para al\u00e9m da amplia\u00e7\u00e3o do acesso, as universidades p\u00fablicas devem realizar um papel ativo para que os alunos n\u00e3o desistam da gradua\u00e7\u00e3o. \u201cN\u00f3s precisamos associar o ingresso dos estudantes na Ufba, atrav\u00e9s das diversas cotas, \u00e0 manuten\u00e7\u00e3o desses alunos na universidade. N\u00e3o basta apenas o estudante ingressar na sociedade. N\u00f3s precisamos garantir, como sociedade, a presen\u00e7a at\u00e9 o final do curso de gradua\u00e7\u00e3o\u201d, defende em entrevista ao Jornal Correio.<\/p>\n\n\n\n<p>Foto: divulga\u00e7\u00e3o<\/p>\n","protected":false},"excerpt":{"rendered":"<p>Segundo n\u00fameros do Censo da Educa\u00e7\u00e3o Superior de 2021, realizada pelo Instituto Nacional de Estudos e Pesquisas Educacionais An\u00edsio Teixeira (Inep) o n\u00famero de estudantes baianos que abandonam as faculdades, publicas ou privadas, \u00e9 o dobro daqueles que concluem gradua\u00e7\u00e3o.<\/p>\n","protected":false},"author":1,"featured_media":704579,"comment_status":"closed","ping_status":"closed","sticky":false,"template":"","format":"standard","meta":[],"categories":[3,21],"tags":[],"acf":[],"yoast_head":"<!-- This site is optimized with the Yoast SEO plugin v20.8 - https:\/\/yoast.com\/wordpress\/plugins\/seo\/ -->\n<title>PESQUISA APONTA QUE N\u00daMERO DE ESTUDANTES BAIANOS QUE N\u00c3O CONCLUEM CURSOS \u00c9 O DOBRO DOS FORMADOS - Bahia Economica<\/title>\n<meta name=\"description\" content=\"O maior portal de Economia da Bahia ECONOMIA \/ POL\u00cdTICA, Sa\u00fade \/ Educa\u00e7\u00e3o Bahia Economica\" \/>\n<meta name=\"robots\" content=\"index, follow, max-snippet:-1, max-image-preview:large, max-video-preview:-1\" \/>\n<link rel=\"canonical\" href=\"https:\/\/bahiaeconomica.com.br\/wp\/2023\/01\/05\/pesquisa-aponta-que-numero-de-estudantes-baianos-que-nao-concluem-cursos-e-o-dobro-dos-formados\/\" \/>\n<meta property=\"og:locale\" content=\"pt_BR\" \/>\n<meta property=\"og:type\" content=\"article\" \/>\n<meta property=\"og:title\" content=\"PESQUISA APONTA QUE N\u00daMERO DE ESTUDANTES BAIANOS QUE N\u00c3O CONCLUEM CURSOS \u00c9 O DOBRO DOS FORMADOS - Bahia Economica\" \/>\n<meta property=\"og:description\" content=\"O maior portal de Economia da Bahia ECONOMIA \/ POL\u00cdTICA, Sa\u00fade \/ Educa\u00e7\u00e3o Bahia Economica\" \/>\n<meta property=\"og:url\" content=\"https:\/\/bahiaeconomica.com.br\/wp\/2023\/01\/05\/pesquisa-aponta-que-numero-de-estudantes-baianos-que-nao-concluem-cursos-e-o-dobro-dos-formados\/\" \/>\n<meta property=\"og:site_name\" content=\"Bahia Economica\" \/>\n<meta property=\"article:publisher\" content=\"https:\/\/www.facebook.com\/bahiaeconomica\" \/>\n<meta property=\"article:published_time\" content=\"2023-01-05T11:30:00+00:00\" \/>\n<meta property=\"article:modified_time\" content=\"2023-01-05T11:37:14+00:00\" \/>\n<meta property=\"og:image\" content=\"https:\/\/bahiaeconomica.com.br\/wp\/wp-content\/uploads\/2022\/12\/csm_11012022_ufba_grande_1e33759437-667x500ufba.jpg\" \/>\n\t<meta property=\"og:image:width\" content=\"770\" \/>\n\t<meta property=\"og:image:height\" content=\"474\" \/>\n\t<meta property=\"og:image:type\" content=\"image\/jpeg\" \/>\n<meta name=\"author\" content=\"admin\" \/>\n<meta name=\"twitter:card\" content=\"summary_large_image\" \/>\n<meta name=\"twitter:label1\" content=\"Escrito por\" \/>\n\t<meta name=\"twitter:data1\" content=\"admin\" \/>\n\t<meta name=\"twitter:label2\" content=\"Est. tempo de leitura\" \/>\n\t<meta name=\"twitter:data2\" content=\"2 minutos\" \/>\n<script type=\"application\/ld+json\" class=\"yoast-schema-graph\">{\"@context\":\"https:\/\/schema.org\",\"@graph\":[{\"@type\":\"Article\",\"@id\":\"https:\/\/bahiaeconomica.com.br\/wp\/2023\/01\/05\/pesquisa-aponta-que-numero-de-estudantes-baianos-que-nao-concluem-cursos-e-o-dobro-dos-formados\/#article\",\"isPartOf\":{\"@id\":\"https:\/\/bahiaeconomica.com.br\/wp\/2023\/01\/05\/pesquisa-aponta-que-numero-de-estudantes-baianos-que-nao-concluem-cursos-e-o-dobro-dos-formados\/\"},\"author\":{\"name\":\"admin\",\"@id\":\"https:\/\/bahiaeconomica.com.br\/wp\/#\/schema\/person\/cb1ab5ba96ad3d9390805381c76284ec\"},\"headline\":\"PESQUISA APONTA QUE N\u00daMERO DE ESTUDANTES BAIANOS QUE N\u00c3O CONCLUEM CURSOS \u00c9 O DOBRO DOS FORMADOS\",\"datePublished\":\"2023-01-05T11:30:00+00:00\",\"dateModified\":\"2023-01-05T11:37:14+00:00\",\"mainEntityOfPage\":{\"@id\":\"https:\/\/bahiaeconomica.com.br\/wp\/2023\/01\/05\/pesquisa-aponta-que-numero-de-estudantes-baianos-que-nao-concluem-cursos-e-o-dobro-dos-formados\/\"},\"wordCount\":259,\"publisher\":{\"@id\":\"https:\/\/bahiaeconomica.com.br\/wp\/#organization\"},\"articleSection\":[\"ECONOMIA \/ POL\u00cdTICA\",\"Sa\u00fade \/ Educa\u00e7\u00e3o\"],\"inLanguage\":\"pt-BR\"},{\"@type\":\"WebPage\",\"@id\":\"https:\/\/bahiaeconomica.com.br\/wp\/2023\/01\/05\/pesquisa-aponta-que-numero-de-estudantes-baianos-que-nao-concluem-cursos-e-o-dobro-dos-formados\/\",\"url\":\"https:\/\/bahiaeconomica.com.br\/wp\/2023\/01\/05\/pesquisa-aponta-que-numero-de-estudantes-baianos-que-nao-concluem-cursos-e-o-dobro-dos-formados\/\",\"name\":\"PESQUISA APONTA QUE N\u00daMERO DE ESTUDANTES BAIANOS QUE N\u00c3O CONCLUEM CURSOS \u00c9 O DOBRO DOS FORMADOS - Bahia Economica\",\"isPartOf\":{\"@id\":\"https:\/\/bahiaeconomica.com.br\/wp\/#website\"},\"datePublished\":\"2023-01-05T11:30:00+00:00\",\"dateModified\":\"2023-01-05T11:37:14+00:00\",\"description\":\"O maior portal de Economia da Bahia ECONOMIA \/ POL\u00cdTICA, Sa\u00fade \/ Educa\u00e7\u00e3o Bahia Economica\",\"breadcrumb\":{\"@id\":\"https:\/\/bahiaeconomica.com.br\/wp\/2023\/01\/05\/pesquisa-aponta-que-numero-de-estudantes-baianos-que-nao-concluem-cursos-e-o-dobro-dos-formados\/#breadcrumb\"},\"inLanguage\":\"pt-BR\",\"potentialAction\":[{\"@type\":\"ReadAction\",\"target\":[\"https:\/\/bahiaeconomica.com.br\/wp\/2023\/01\/05\/pesquisa-aponta-que-numero-de-estudantes-baianos-que-nao-concluem-cursos-e-o-dobro-dos-formados\/\"]}]},{\"@type\":\"BreadcrumbList\",\"@id\":\"https:\/\/bahiaeconomica.com.br\/wp\/2023\/01\/05\/pesquisa-aponta-que-numero-de-estudantes-baianos-que-nao-concluem-cursos-e-o-dobro-dos-formados\/#breadcrumb\",\"itemListElement\":[{\"@type\":\"ListItem\",\"position\":1,\"name\":\"In\u00edcio\",\"item\":\"https:\/\/bahiaeconomica.com.br\/wp\/\"},{\"@type\":\"ListItem\",\"position\":2,\"name\":\"PESQUISA APONTA QUE N\u00daMERO DE ESTUDANTES BAIANOS QUE N\u00c3O CONCLUEM CURSOS \u00c9 O DOBRO DOS FORMADOS\"}]},{\"@type\":\"WebSite\",\"@id\":\"https:\/\/bahiaeconomica.com.br\/wp\/#website\",\"url\":\"https:\/\/bahiaeconomica.com.br\/wp\/\",\"name\":\"Bahia Economica\",\"description\":\"O maior portal de Economia da Bahia\",\"publisher\":{\"@id\":\"https:\/\/bahiaeconomica.com.br\/wp\/#organization\"},\"potentialAction\":[{\"@type\":\"SearchAction\",\"target\":{\"@type\":\"EntryPoint\",\"urlTemplate\":\"https:\/\/bahiaeconomica.com.br\/wp\/?s={search_term_string}\"},\"query-input\":\"required name=search_term_string\"}],\"inLanguage\":\"pt-BR\"},{\"@type\":\"Organization\",\"@id\":\"https:\/\/bahiaeconomica.com.br\/wp\/#organization\",\"name\":\"Bahia Econ\u00f4mica\",\"url\":\"https:\/\/bahiaeconomica.com.br\/wp\/\",\"logo\":{\"@type\":\"ImageObject\",\"inLanguage\":\"pt-BR\",\"@id\":\"https:\/\/bahiaeconomica.com.br\/wp\/#\/schema\/logo\/image\/\",\"url\":\"https:\/\/bahiaeconomica.com.br\/wp\/wp-content\/uploads\/2020\/12\/cropped-BE.png\",\"contentUrl\":\"https:\/\/bahiaeconomica.com.br\/wp\/wp-content\/uploads\/2020\/12\/cropped-BE.png\",\"width\":512,\"height\":512,\"caption\":\"Bahia Econ\u00f4mica\"},\"image\":{\"@id\":\"https:\/\/bahiaeconomica.com.br\/wp\/#\/schema\/logo\/image\/\"},\"sameAs\":[\"https:\/\/www.facebook.com\/bahiaeconomica\"]},{\"@type\":\"Person\",\"@id\":\"https:\/\/bahiaeconomica.com.br\/wp\/#\/schema\/person\/cb1ab5ba96ad3d9390805381c76284ec\",\"name\":\"admin\",\"url\":\"https:\/\/bahiaeconomica.com.br\/wp\/author\/admin\/\"}]}<\/script>\n<!-- \/ Yoast SEO plugin. -->","yoast_head_json":{"title":"PESQUISA APONTA QUE N\u00daMERO DE ESTUDANTES BAIANOS QUE N\u00c3O CONCLUEM CURSOS \u00c9 O DOBRO DOS FORMADOS - Bahia Economica","description":"O maior portal de Economia da Bahia ECONOMIA \/ POL\u00cdTICA, Sa\u00fade \/ Educa\u00e7\u00e3o Bahia Economica","robots":{"index":"index","follow":"follow","max-snippet":"max-snippet:-1","max-image-preview":"max-image-preview:large","max-video-preview":"max-video-preview:-1"},"canonical":"https:\/\/bahiaeconomica.com.br\/wp\/2023\/01\/05\/pesquisa-aponta-que-numero-de-estudantes-baianos-que-nao-concluem-cursos-e-o-dobro-dos-formados\/","og_locale":"pt_BR","og_type":"article","og_title":"PESQUISA APONTA QUE N\u00daMERO DE ESTUDANTES BAIANOS QUE N\u00c3O CONCLUEM CURSOS \u00c9 O DOBRO DOS FORMADOS - Bahia Economica","og_description":"O maior portal de Economia da Bahia ECONOMIA \/ POL\u00cdTICA, Sa\u00fade \/ Educa\u00e7\u00e3o Bahia Economica","og_url":"https:\/\/bahiaeconomica.com.br\/wp\/2023\/01\/05\/pesquisa-aponta-que-numero-de-estudantes-baianos-que-nao-concluem-cursos-e-o-dobro-dos-formados\/","og_site_name":"Bahia Economica","article_publisher":"https:\/\/www.facebook.com\/bahiaeconomica","article_published_time":"2023-01-05T11:30:00+00:00","article_modified_time":"2023-01-05T11:37:14+00:00","og_image":[{"width":770,"height":474,"url":"https:\/\/bahiaeconomica.com.br\/wp\/wp-content\/uploads\/2022\/12\/csm_11012022_ufba_grande_1e33759437-667x500ufba.jpg","type":"image\/jpeg"}],"author":"admin","twitter_card":"summary_large_image","twitter_misc":{"Escrito por":"admin","Est. tempo de leitura":"2 minutos"},"schema":{"@context":"https:\/\/schema.org","@graph":[{"@type":"Article","@id":"https:\/\/bahiaeconomica.com.br\/wp\/2023\/01\/05\/pesquisa-aponta-que-numero-de-estudantes-baianos-que-nao-concluem-cursos-e-o-dobro-dos-formados\/#article","isPartOf":{"@id":"https:\/\/bahiaeconomica.com.br\/wp\/2023\/01\/05\/pesquisa-aponta-que-numero-de-estudantes-baianos-que-nao-concluem-cursos-e-o-dobro-dos-formados\/"},"author":{"name":"admin","@id":"https:\/\/bahiaeconomica.com.br\/wp\/#\/schema\/person\/cb1ab5ba96ad3d9390805381c76284ec"},"headline":"PESQUISA APONTA QUE N\u00daMERO DE ESTUDANTES BAIANOS QUE N\u00c3O CONCLUEM CURSOS \u00c9 O DOBRO DOS FORMADOS","datePublished":"2023-01-05T11:30:00+00:00","dateModified":"2023-01-05T11:37:14+00:00","mainEntityOfPage":{"@id":"https:\/\/bahiaeconomica.com.br\/wp\/2023\/01\/05\/pesquisa-aponta-que-numero-de-estudantes-baianos-que-nao-concluem-cursos-e-o-dobro-dos-formados\/"},"wordCount":259,"publisher":{"@id":"https:\/\/bahiaeconomica.com.br\/wp\/#organization"},"articleSection":["ECONOMIA \/ POL\u00cdTICA","Sa\u00fade \/ Educa\u00e7\u00e3o"],"inLanguage":"pt-BR"},{"@type":"WebPage","@id":"https:\/\/bahiaeconomica.com.br\/wp\/2023\/01\/05\/pesquisa-aponta-que-numero-de-estudantes-baianos-que-nao-concluem-cursos-e-o-dobro-dos-formados\/","url":"https:\/\/bahiaeconomica.com.br\/wp\/2023\/01\/05\/pesquisa-aponta-que-numero-de-estudantes-baianos-que-nao-concluem-cursos-e-o-dobro-dos-formados\/","name":"PESQUISA APONTA QUE N\u00daMERO DE ESTUDANTES BAIANOS QUE N\u00c3O CONCLUEM CURSOS \u00c9 O DOBRO DOS FORMADOS - Bahia Economica","isPartOf":{"@id":"https:\/\/bahiaeconomica.com.br\/wp\/#website"},"datePublished":"2023-01-05T11:30:00+00:00","dateModified":"2023-01-05T11:37:14+00:00","description":"O maior portal de Economia da Bahia ECONOMIA \/ POL\u00cdTICA, Sa\u00fade \/ Educa\u00e7\u00e3o Bahia Economica","breadcrumb":{"@id":"https:\/\/bahiaeconomica.com.br\/wp\/2023\/01\/05\/pesquisa-aponta-que-numero-de-estudantes-baianos-que-nao-concluem-cursos-e-o-dobro-dos-formados\/#breadcrumb"},"inLanguage":"pt-BR","potentialAction":[{"@type":"ReadAction","target":["https:\/\/bahiaeconomica.com.br\/wp\/2023\/01\/05\/pesquisa-aponta-que-numero-de-estudantes-baianos-que-nao-concluem-cursos-e-o-dobro-dos-formados\/"]}]},{"@type":"BreadcrumbList","@id":"https:\/\/bahiaeconomica.com.br\/wp\/2023\/01\/05\/pesquisa-aponta-que-numero-de-estudantes-baianos-que-nao-concluem-cursos-e-o-dobro-dos-formados\/#breadcrumb","itemListElement":[{"@type":"ListItem","position":1,"name":"In\u00edcio","item":"https:\/\/bahiaeconomica.com.br\/wp\/"},{"@type":"ListItem","position":2,"name":"PESQUISA APONTA QUE N\u00daMERO DE ESTUDANTES BAIANOS QUE N\u00c3O CONCLUEM CURSOS \u00c9 O DOBRO DOS FORMADOS"}]},{"@type":"WebSite","@id":"https:\/\/bahiaeconomica.com.br\/wp\/#website","url":"https:\/\/bahiaeconomica.com.br\/wp\/","name":"Bahia Economica","description":"O maior portal de Economia da Bahia","publisher":{"@id":"https:\/\/bahiaeconomica.com.br\/wp\/#organization"},"potentialAction":[{"@type":"SearchAction","target":{"@type":"EntryPoint","urlTemplate":"https:\/\/bahiaeconomica.com.br\/wp\/?s={search_term_string}"},"query-input":"required name=search_term_string"}],"inLanguage":"pt-BR"},{"@type":"Organization","@id":"https:\/\/bahiaeconomica.com.br\/wp\/#organization","name":"Bahia Econ\u00f4mica","url":"https:\/\/bahiaeconomica.com.br\/wp\/","logo":{"@type":"ImageObject","inLanguage":"pt-BR","@id":"https:\/\/bahiaeconomica.com.br\/wp\/#\/schema\/logo\/image\/","url":"https:\/\/bahiaeconomica.com.br\/wp\/wp-content\/uploads\/2020\/12\/cropped-BE.png","contentUrl":"https:\/\/bahiaeconomica.com.br\/wp\/wp-content\/uploads\/2020\/12\/cropped-BE.png","width":512,"height":512,"caption":"Bahia Econ\u00f4mica"},"image":{"@id":"https:\/\/bahiaeconomica.com.br\/wp\/#\/schema\/logo\/image\/"},"sameAs":["https:\/\/www.facebook.com\/bahiaeconomica"]},{"@type":"Person","@id":"https:\/\/bahiaeconomica.com.br\/wp\/#\/schema\/person\/cb1ab5ba96ad3d9390805381c76284ec","name":"admin","url":"https:\/\/bahiaeconomica.com.br\/wp\/author\/admin\/"}]}},"views":42,"_links":{"self":[{"href":"https:\/\/bahiaeconomica.com.br\/wp\/wp-json\/wp\/v2\/posts\/709672"}],"collection":[{"href":"https:\/\/bahiaeconomica.com.br\/wp\/wp-json\/wp\/v2\/posts"}],"about":[{"href":"https:\/\/bahiaeconomica.com.br\/wp\/wp-json\/wp\/v2\/types\/post"}],"author":[{"embeddable":true,"href":"https:\/\/bahiaeconomica.com.br\/wp\/wp-json\/wp\/v2\/users\/1"}],"replies":[{"embeddable":true,"href":"https:\/\/bahiaeconomica.com.br\/wp\/wp-json\/wp\/v2\/comments?post=709672"}],"version-history":[{"count":1,"href":"https:\/\/bahiaeconomica.com.br\/wp\/wp-json\/wp\/v2\/posts\/709672\/revisions"}],"predecessor-version":[{"id":709673,"href":"https:\/\/bahiaeconomica.com.br\/wp\/wp-json\/wp\/v2\/posts\/709672\/revisions\/709673"}],"wp:featuredmedia":[{"embeddable":true,"href":"https:\/\/bahiaeconomica.com.br\/wp\/wp-json\/wp\/v2\/media\/704579"}],"wp:attachment":[{"href":"https:\/\/bahiaeconomica.com.br\/wp\/wp-json\/wp\/v2\/media?parent=709672"}],"wp:term":[{"taxonomy":"category","embeddable":true,"href":"https:\/\/bahiaeconomica.com.br\/wp\/wp-json\/wp\/v2\/categories?post=709672"},{"taxonomy":"post_tag","embeddable":true,"href":"https:\/\/bahiaeconomica.com.br\/wp\/wp-json\/wp\/v2\/tags?post=709672"}],"curies":[{"name":"wp","href":"https:\/\/api.w.org\/{rel}","templated":true}]}}