{"id":708132,"date":"2022-12-27T13:00:49","date_gmt":"2022-12-27T16:00:49","guid":{"rendered":"https:\/\/bahiaeconomica.com.br\/wp\/beta\/?p=708132"},"modified":"2022-12-27T13:14:59","modified_gmt":"2022-12-27T16:14:59","slug":"economia-iniciara-ano-com-discussao-sobre-impostos-e-novo-marco-fiscal","status":"publish","type":"post","link":"https:\/\/bahiaeconomica.com.br\/wp\/2022\/12\/27\/economia-iniciara-ano-com-discussao-sobre-impostos-e-novo-marco-fiscal\/","title":{"rendered":"ECONOMIA INICIAR\u00c1 ANO COM DISCUSS\u00c3O SOBRE IMPOSTOS E NOVO MARCO FISCAL"},"content":{"rendered":"\n<p>Mesmo com a possibilidade de gastar at\u00e9 R$ 168 bilh\u00f5es fora do teto federal de gastos neste ano, a equipe econ\u00f4mica vai iniciar o novo governo com duas prioridades urgentes. <\/p>\n\n\n\n<!--more-->\n\n\n\n<p>O futuro ministro da Fazenda, Fernando Haddad, come\u00e7ar\u00e1 o ano analisando as contas p\u00fablicas e elaborando um novo marco fiscal que substituir\u00e1 as regras atuais.<\/p>\n\n\n\n<p>Logo ap\u00f3s a aprova\u00e7\u00e3o, pela C\u00e2mara dos Deputados, da Emenda Constitucional da Transi\u00e7\u00e3o, h\u00e1 dez dias, o ministro explicou que a nova equipe econ\u00f4mica far\u00e1 uma reestimativa de receitas nas primeiras semanas de janeiro e que as proje\u00e7\u00f5es de d\u00e9ficit nas contas p\u00fablicas que t\u00eam sido apresentadas \u201cn\u00e3o v\u00e3o prevalecer\u201d.<\/p>\n\n\n\n<p>A quest\u00e3o ser\u00e1 saber se a reavalia\u00e7\u00e3o resultar\u00e1 na necessidade de aumento de tributos para fechar as contas, mas isso depender\u00e1 do que o pente-fino nas contas p\u00fablicas vai apontar. No \u00faltimo dia 22, o ex-secret\u00e1rio de Or\u00e7amento Federal, Ariosto Culau, afirmou que o projeto do Or\u00e7amento de 2023, enviado ao Congresso Nacional em agosto do ano passado, tinha as receitas subestimadas em cerca de R$ 23 bilh\u00f5es. Uma op\u00e7\u00e3o para o novo governo ser\u00e1 a revis\u00e3o de desonera\u00e7\u00f5es e benef\u00edcios fiscais a setores da economia, determinada por uma emenda constitucional de 2021, mas nunca executada.<\/p>\n\n\n\n<p>Outro fator que pode reduzir as chances de aumento de tributos seria a revis\u00e3o no cadastro do antigo Aux\u00edlio Brasil, que agora volta a se chamar Bolsa Fam\u00edlia, para eliminar irregularidades. Em 16 de dezembro, um relat\u00f3rio do Tesouro Nacional apontou que existe um potencial de economizar at\u00e9 R$ 26 bilh\u00f5es com uma reformula\u00e7\u00e3o no programa social que volte a pagar os benef\u00edcios conforme um valor m\u00ednimo per capita (a cada membro da fam\u00edlia), em vez de pagar R$ 600 por fam\u00edlia sem considerar o n\u00famero de integrantes.<\/p>\n\n\n\n<p>Nova \u00e2ncora<\/p>\n\n\n\n<p>Al\u00e9m da varredura nas contas p\u00fablicas, a nova equipe econ\u00f4mica passar\u00e1 os seis primeiros meses do governo debru\u00e7ada sobre a elabora\u00e7\u00e3o do novo marco fiscal que substituir\u00e1 o teto de gastos. Promulgada pelo Congresso no \u00faltimo dia 21, a Emenda Constitucional da Transi\u00e7\u00e3o determina que o governo envie um projeto de lei complementar at\u00e9 agosto. No entanto, Haddad j\u00e1 afirmou que pretende enviar a proposta no primeiro semestre.<\/p>\n\n\n\n<p>Nas entrevistas recentes, o novo ministro afirmou que ainda conversar\u00e1 com economistas para definir qual ser\u00e1 a nova \u00e2ncora fiscal. Haddad n\u00e3o entrou em detalhes, disse apenas as novas regras precisam garantir o equil\u00edbrio das contas p\u00fablicas, ser sustent\u00e1veis no m\u00e9dio e longo prazo e terem credibilidade semelhante \u00e0 da Lei de Responsabilidade Fiscal.<\/p>\n\n\n\n<p>Or\u00e7amento<\/p>\n\n\n\n<p>Ao retirar R$ 145 bilh\u00f5es do Bolsa Fam\u00edlia do teto de gastos e mais R$ 23 bilh\u00f5es em investimentos caso haja excesso de arrecada\u00e7\u00e3o, a Emenda Constitucional da Transi\u00e7\u00e3o reduziu as restri\u00e7\u00f5es que o novo governo teria ao recompor o Or\u00e7amento de 2023. A pe\u00e7a s\u00f3 foi aprovada no \u00faltimo dia 22, fim do ano legislativo do Congresso, com a restaura\u00e7\u00e3o da verba para programas sociais, de sa\u00fade e de investimentos que tinham sofrido grandes redu\u00e7\u00f5es na proposta original.<\/p>\n\n\n\n<p>Entre outros pontos, o texto garante a viabilidade de promessas feitas na campanha pelo presidente eleito Luiz In\u00e1cio Lula da Silva como o pagamento de R$ 600 do Aux\u00edlio Brasil, que voltar\u00e1 a se chamar Bolsa Fam\u00edlia, em 2023, al\u00e9m do adicional de R$ 150 por crian\u00e7a de at\u00e9 6 anos. O sal\u00e1rio m\u00ednimo em 2023 tamb\u00e9m vai ser um pouco maior a partir de 1\u00ba de janeiro, R$ 1.320. A proposta do governo Bolsonaro previa R$ 1.302.<\/p>\n\n\n\n<p>Segundo o novo ministro da Fazenda, a Emenda Constitucional da Transi\u00e7\u00e3o foi necess\u00e1ria para reconstruir o Or\u00e7amento de 2023 e impedir que servi\u00e7os p\u00fablicos e programas sociais fossem interrompidos em 2023. \u201cO valor [da PEC] permite ao relator [do Or\u00e7amento] recompor rubricas de direito do povo\u201d, afirmou Haddad pouco ap\u00f3s a aprova\u00e7\u00e3o da emenda.<\/p>\n\n\n\n<p>Reforma tribut\u00e1ria e acordos comerciais<\/p>\n\n\n\n<p>Outras prioridades para Haddad ser\u00e3o o envio de uma proposta de reforma tribut\u00e1ria e a ado\u00e7\u00e3o do acordo comercial entre o Mercosul e a Uni\u00e3o Europeia. Fechado em 2019, o acordo ainda n\u00e3o foi ratificado pela maioria dos pa\u00edses dos dois blocos.Em rela\u00e7\u00e3o \u00e0 reforma tribut\u00e1ria, o ministro afirmou que a proposta do governo ser\u00e1 incorporada \u00e0s duas propostas de emenda \u00e0 Constitui\u00e7\u00e3o (PEC) sobre o assunto em tramita\u00e7\u00e3o no Congresso. Haddad criou uma Secretaria Especial de Reforma Tribut\u00e1ria, comandada pelo economista Bernard Appy, que exerceu a mesma fun\u00e7\u00e3o no Minist\u00e9rio da Fazenda entre 2007 e 2009, no segundo governo de Luiz In\u00e1cio Lula da Silva.<\/p>\n","protected":false},"excerpt":{"rendered":"<p>Mesmo com a possibilidade de gastar at\u00e9 R$ 168 bilh\u00f5es fora do teto federal de gastos neste ano, a equipe econ\u00f4mica vai iniciar o novo governo com duas prioridades urgentes.<\/p>\n","protected":false},"author":1,"featured_media":539062,"comment_status":"closed","ping_status":"closed","sticky":false,"template":"","format":"standard","meta":[],"categories":[3],"tags":[],"acf":[],"yoast_head":"<!-- This site is optimized with the Yoast SEO plugin v20.8 - https:\/\/yoast.com\/wordpress\/plugins\/seo\/ -->\n<title>ECONOMIA INICIAR\u00c1 ANO COM DISCUSS\u00c3O SOBRE IMPOSTOS E NOVO MARCO FISCAL - Bahia Economica<\/title>\n<meta name=\"description\" content=\"O maior portal de Economia da Bahia ECONOMIA \/ POL\u00cdTICA Bahia Economica\" \/>\n<meta name=\"robots\" content=\"index, follow, max-snippet:-1, max-image-preview:large, max-video-preview:-1\" \/>\n<link rel=\"canonical\" href=\"https:\/\/bahiaeconomica.com.br\/wp\/2022\/12\/27\/economia-iniciara-ano-com-discussao-sobre-impostos-e-novo-marco-fiscal\/\" \/>\n<meta property=\"og:locale\" content=\"pt_BR\" \/>\n<meta property=\"og:type\" content=\"article\" \/>\n<meta property=\"og:title\" content=\"ECONOMIA INICIAR\u00c1 ANO COM DISCUSS\u00c3O SOBRE IMPOSTOS E NOVO MARCO FISCAL - Bahia Economica\" \/>\n<meta property=\"og:description\" content=\"O maior portal de Economia da Bahia ECONOMIA \/ POL\u00cdTICA Bahia Economica\" \/>\n<meta property=\"og:url\" content=\"https:\/\/bahiaeconomica.com.br\/wp\/2022\/12\/27\/economia-iniciara-ano-com-discussao-sobre-impostos-e-novo-marco-fiscal\/\" \/>\n<meta property=\"og:site_name\" content=\"Bahia Economica\" \/>\n<meta property=\"article:publisher\" content=\"https:\/\/www.facebook.com\/bahiaeconomica\" \/>\n<meta property=\"article:published_time\" content=\"2022-12-27T16:00:49+00:00\" \/>\n<meta property=\"article:modified_time\" content=\"2022-12-27T16:14:59+00:00\" \/>\n<meta property=\"og:image\" content=\"https:\/\/bahiaeconomica.com.br\/wp\/wp-content\/uploads\/2021\/02\/empresas-1-250x250-1.jpg\" \/>\n\t<meta property=\"og:image:width\" content=\"360\" \/>\n\t<meta property=\"og:image:height\" content=\"220\" \/>\n\t<meta property=\"og:image:type\" content=\"image\/jpeg\" \/>\n<meta name=\"author\" content=\"admin\" \/>\n<meta name=\"twitter:card\" content=\"summary_large_image\" \/>\n<meta name=\"twitter:label1\" content=\"Escrito por\" \/>\n\t<meta name=\"twitter:data1\" content=\"admin\" \/>\n\t<meta name=\"twitter:label2\" content=\"Est. tempo de leitura\" \/>\n\t<meta name=\"twitter:data2\" content=\"5 minutos\" \/>\n<script type=\"application\/ld+json\" class=\"yoast-schema-graph\">{\"@context\":\"https:\/\/schema.org\",\"@graph\":[{\"@type\":\"Article\",\"@id\":\"https:\/\/bahiaeconomica.com.br\/wp\/2022\/12\/27\/economia-iniciara-ano-com-discussao-sobre-impostos-e-novo-marco-fiscal\/#article\",\"isPartOf\":{\"@id\":\"https:\/\/bahiaeconomica.com.br\/wp\/2022\/12\/27\/economia-iniciara-ano-com-discussao-sobre-impostos-e-novo-marco-fiscal\/\"},\"author\":{\"name\":\"admin\",\"@id\":\"https:\/\/bahiaeconomica.com.br\/wp\/#\/schema\/person\/cb1ab5ba96ad3d9390805381c76284ec\"},\"headline\":\"ECONOMIA INICIAR\u00c1 ANO COM DISCUSS\u00c3O SOBRE IMPOSTOS E NOVO MARCO FISCAL\",\"datePublished\":\"2022-12-27T16:00:49+00:00\",\"dateModified\":\"2022-12-27T16:14:59+00:00\",\"mainEntityOfPage\":{\"@id\":\"https:\/\/bahiaeconomica.com.br\/wp\/2022\/12\/27\/economia-iniciara-ano-com-discussao-sobre-impostos-e-novo-marco-fiscal\/\"},\"wordCount\":811,\"publisher\":{\"@id\":\"https:\/\/bahiaeconomica.com.br\/wp\/#organization\"},\"articleSection\":[\"ECONOMIA \/ POL\u00cdTICA\"],\"inLanguage\":\"pt-BR\"},{\"@type\":\"WebPage\",\"@id\":\"https:\/\/bahiaeconomica.com.br\/wp\/2022\/12\/27\/economia-iniciara-ano-com-discussao-sobre-impostos-e-novo-marco-fiscal\/\",\"url\":\"https:\/\/bahiaeconomica.com.br\/wp\/2022\/12\/27\/economia-iniciara-ano-com-discussao-sobre-impostos-e-novo-marco-fiscal\/\",\"name\":\"ECONOMIA INICIAR\u00c1 ANO COM DISCUSS\u00c3O SOBRE IMPOSTOS E NOVO MARCO FISCAL - Bahia Economica\",\"isPartOf\":{\"@id\":\"https:\/\/bahiaeconomica.com.br\/wp\/#website\"},\"datePublished\":\"2022-12-27T16:00:49+00:00\",\"dateModified\":\"2022-12-27T16:14:59+00:00\",\"description\":\"O maior portal de Economia da Bahia ECONOMIA \/ POL\u00cdTICA Bahia Economica\",\"breadcrumb\":{\"@id\":\"https:\/\/bahiaeconomica.com.br\/wp\/2022\/12\/27\/economia-iniciara-ano-com-discussao-sobre-impostos-e-novo-marco-fiscal\/#breadcrumb\"},\"inLanguage\":\"pt-BR\",\"potentialAction\":[{\"@type\":\"ReadAction\",\"target\":[\"https:\/\/bahiaeconomica.com.br\/wp\/2022\/12\/27\/economia-iniciara-ano-com-discussao-sobre-impostos-e-novo-marco-fiscal\/\"]}]},{\"@type\":\"BreadcrumbList\",\"@id\":\"https:\/\/bahiaeconomica.com.br\/wp\/2022\/12\/27\/economia-iniciara-ano-com-discussao-sobre-impostos-e-novo-marco-fiscal\/#breadcrumb\",\"itemListElement\":[{\"@type\":\"ListItem\",\"position\":1,\"name\":\"In\u00edcio\",\"item\":\"https:\/\/bahiaeconomica.com.br\/wp\/\"},{\"@type\":\"ListItem\",\"position\":2,\"name\":\"ECONOMIA INICIAR\u00c1 ANO COM DISCUSS\u00c3O SOBRE IMPOSTOS E NOVO MARCO FISCAL\"}]},{\"@type\":\"WebSite\",\"@id\":\"https:\/\/bahiaeconomica.com.br\/wp\/#website\",\"url\":\"https:\/\/bahiaeconomica.com.br\/wp\/\",\"name\":\"Bahia Economica\",\"description\":\"O maior portal de Economia da Bahia\",\"publisher\":{\"@id\":\"https:\/\/bahiaeconomica.com.br\/wp\/#organization\"},\"potentialAction\":[{\"@type\":\"SearchAction\",\"target\":{\"@type\":\"EntryPoint\",\"urlTemplate\":\"https:\/\/bahiaeconomica.com.br\/wp\/?s={search_term_string}\"},\"query-input\":\"required name=search_term_string\"}],\"inLanguage\":\"pt-BR\"},{\"@type\":\"Organization\",\"@id\":\"https:\/\/bahiaeconomica.com.br\/wp\/#organization\",\"name\":\"Bahia Econ\u00f4mica\",\"url\":\"https:\/\/bahiaeconomica.com.br\/wp\/\",\"logo\":{\"@type\":\"ImageObject\",\"inLanguage\":\"pt-BR\",\"@id\":\"https:\/\/bahiaeconomica.com.br\/wp\/#\/schema\/logo\/image\/\",\"url\":\"https:\/\/bahiaeconomica.com.br\/wp\/wp-content\/uploads\/2020\/12\/cropped-BE.png\",\"contentUrl\":\"https:\/\/bahiaeconomica.com.br\/wp\/wp-content\/uploads\/2020\/12\/cropped-BE.png\",\"width\":512,\"height\":512,\"caption\":\"Bahia Econ\u00f4mica\"},\"image\":{\"@id\":\"https:\/\/bahiaeconomica.com.br\/wp\/#\/schema\/logo\/image\/\"},\"sameAs\":[\"https:\/\/www.facebook.com\/bahiaeconomica\"]},{\"@type\":\"Person\",\"@id\":\"https:\/\/bahiaeconomica.com.br\/wp\/#\/schema\/person\/cb1ab5ba96ad3d9390805381c76284ec\",\"name\":\"admin\",\"url\":\"https:\/\/bahiaeconomica.com.br\/wp\/author\/admin\/\"}]}<\/script>\n<!-- \/ Yoast SEO plugin. -->","yoast_head_json":{"title":"ECONOMIA INICIAR\u00c1 ANO COM DISCUSS\u00c3O SOBRE IMPOSTOS E NOVO MARCO FISCAL - Bahia Economica","description":"O maior portal de Economia da Bahia ECONOMIA \/ POL\u00cdTICA Bahia Economica","robots":{"index":"index","follow":"follow","max-snippet":"max-snippet:-1","max-image-preview":"max-image-preview:large","max-video-preview":"max-video-preview:-1"},"canonical":"https:\/\/bahiaeconomica.com.br\/wp\/2022\/12\/27\/economia-iniciara-ano-com-discussao-sobre-impostos-e-novo-marco-fiscal\/","og_locale":"pt_BR","og_type":"article","og_title":"ECONOMIA INICIAR\u00c1 ANO COM DISCUSS\u00c3O SOBRE IMPOSTOS E NOVO MARCO FISCAL - Bahia Economica","og_description":"O maior portal de Economia da Bahia ECONOMIA \/ POL\u00cdTICA Bahia Economica","og_url":"https:\/\/bahiaeconomica.com.br\/wp\/2022\/12\/27\/economia-iniciara-ano-com-discussao-sobre-impostos-e-novo-marco-fiscal\/","og_site_name":"Bahia Economica","article_publisher":"https:\/\/www.facebook.com\/bahiaeconomica","article_published_time":"2022-12-27T16:00:49+00:00","article_modified_time":"2022-12-27T16:14:59+00:00","og_image":[{"width":360,"height":220,"url":"https:\/\/bahiaeconomica.com.br\/wp\/wp-content\/uploads\/2021\/02\/empresas-1-250x250-1.jpg","type":"image\/jpeg"}],"author":"admin","twitter_card":"summary_large_image","twitter_misc":{"Escrito por":"admin","Est. tempo de leitura":"5 minutos"},"schema":{"@context":"https:\/\/schema.org","@graph":[{"@type":"Article","@id":"https:\/\/bahiaeconomica.com.br\/wp\/2022\/12\/27\/economia-iniciara-ano-com-discussao-sobre-impostos-e-novo-marco-fiscal\/#article","isPartOf":{"@id":"https:\/\/bahiaeconomica.com.br\/wp\/2022\/12\/27\/economia-iniciara-ano-com-discussao-sobre-impostos-e-novo-marco-fiscal\/"},"author":{"name":"admin","@id":"https:\/\/bahiaeconomica.com.br\/wp\/#\/schema\/person\/cb1ab5ba96ad3d9390805381c76284ec"},"headline":"ECONOMIA INICIAR\u00c1 ANO COM DISCUSS\u00c3O SOBRE IMPOSTOS E NOVO MARCO FISCAL","datePublished":"2022-12-27T16:00:49+00:00","dateModified":"2022-12-27T16:14:59+00:00","mainEntityOfPage":{"@id":"https:\/\/bahiaeconomica.com.br\/wp\/2022\/12\/27\/economia-iniciara-ano-com-discussao-sobre-impostos-e-novo-marco-fiscal\/"},"wordCount":811,"publisher":{"@id":"https:\/\/bahiaeconomica.com.br\/wp\/#organization"},"articleSection":["ECONOMIA \/ POL\u00cdTICA"],"inLanguage":"pt-BR"},{"@type":"WebPage","@id":"https:\/\/bahiaeconomica.com.br\/wp\/2022\/12\/27\/economia-iniciara-ano-com-discussao-sobre-impostos-e-novo-marco-fiscal\/","url":"https:\/\/bahiaeconomica.com.br\/wp\/2022\/12\/27\/economia-iniciara-ano-com-discussao-sobre-impostos-e-novo-marco-fiscal\/","name":"ECONOMIA INICIAR\u00c1 ANO COM DISCUSS\u00c3O SOBRE IMPOSTOS E NOVO MARCO FISCAL - Bahia Economica","isPartOf":{"@id":"https:\/\/bahiaeconomica.com.br\/wp\/#website"},"datePublished":"2022-12-27T16:00:49+00:00","dateModified":"2022-12-27T16:14:59+00:00","description":"O maior portal de Economia da Bahia ECONOMIA \/ POL\u00cdTICA Bahia Economica","breadcrumb":{"@id":"https:\/\/bahiaeconomica.com.br\/wp\/2022\/12\/27\/economia-iniciara-ano-com-discussao-sobre-impostos-e-novo-marco-fiscal\/#breadcrumb"},"inLanguage":"pt-BR","potentialAction":[{"@type":"ReadAction","target":["https:\/\/bahiaeconomica.com.br\/wp\/2022\/12\/27\/economia-iniciara-ano-com-discussao-sobre-impostos-e-novo-marco-fiscal\/"]}]},{"@type":"BreadcrumbList","@id":"https:\/\/bahiaeconomica.com.br\/wp\/2022\/12\/27\/economia-iniciara-ano-com-discussao-sobre-impostos-e-novo-marco-fiscal\/#breadcrumb","itemListElement":[{"@type":"ListItem","position":1,"name":"In\u00edcio","item":"https:\/\/bahiaeconomica.com.br\/wp\/"},{"@type":"ListItem","position":2,"name":"ECONOMIA INICIAR\u00c1 ANO COM DISCUSS\u00c3O SOBRE IMPOSTOS E NOVO MARCO FISCAL"}]},{"@type":"WebSite","@id":"https:\/\/bahiaeconomica.com.br\/wp\/#website","url":"https:\/\/bahiaeconomica.com.br\/wp\/","name":"Bahia Economica","description":"O maior portal de Economia da Bahia","publisher":{"@id":"https:\/\/bahiaeconomica.com.br\/wp\/#organization"},"potentialAction":[{"@type":"SearchAction","target":{"@type":"EntryPoint","urlTemplate":"https:\/\/bahiaeconomica.com.br\/wp\/?s={search_term_string}"},"query-input":"required name=search_term_string"}],"inLanguage":"pt-BR"},{"@type":"Organization","@id":"https:\/\/bahiaeconomica.com.br\/wp\/#organization","name":"Bahia Econ\u00f4mica","url":"https:\/\/bahiaeconomica.com.br\/wp\/","logo":{"@type":"ImageObject","inLanguage":"pt-BR","@id":"https:\/\/bahiaeconomica.com.br\/wp\/#\/schema\/logo\/image\/","url":"https:\/\/bahiaeconomica.com.br\/wp\/wp-content\/uploads\/2020\/12\/cropped-BE.png","contentUrl":"https:\/\/bahiaeconomica.com.br\/wp\/wp-content\/uploads\/2020\/12\/cropped-BE.png","width":512,"height":512,"caption":"Bahia Econ\u00f4mica"},"image":{"@id":"https:\/\/bahiaeconomica.com.br\/wp\/#\/schema\/logo\/image\/"},"sameAs":["https:\/\/www.facebook.com\/bahiaeconomica"]},{"@type":"Person","@id":"https:\/\/bahiaeconomica.com.br\/wp\/#\/schema\/person\/cb1ab5ba96ad3d9390805381c76284ec","name":"admin","url":"https:\/\/bahiaeconomica.com.br\/wp\/author\/admin\/"}]}},"views":2,"_links":{"self":[{"href":"https:\/\/bahiaeconomica.com.br\/wp\/wp-json\/wp\/v2\/posts\/708132"}],"collection":[{"href":"https:\/\/bahiaeconomica.com.br\/wp\/wp-json\/wp\/v2\/posts"}],"about":[{"href":"https:\/\/bahiaeconomica.com.br\/wp\/wp-json\/wp\/v2\/types\/post"}],"author":[{"embeddable":true,"href":"https:\/\/bahiaeconomica.com.br\/wp\/wp-json\/wp\/v2\/users\/1"}],"replies":[{"embeddable":true,"href":"https:\/\/bahiaeconomica.com.br\/wp\/wp-json\/wp\/v2\/comments?post=708132"}],"version-history":[{"count":1,"href":"https:\/\/bahiaeconomica.com.br\/wp\/wp-json\/wp\/v2\/posts\/708132\/revisions"}],"predecessor-version":[{"id":708133,"href":"https:\/\/bahiaeconomica.com.br\/wp\/wp-json\/wp\/v2\/posts\/708132\/revisions\/708133"}],"wp:featuredmedia":[{"embeddable":true,"href":"https:\/\/bahiaeconomica.com.br\/wp\/wp-json\/wp\/v2\/media\/539062"}],"wp:attachment":[{"href":"https:\/\/bahiaeconomica.com.br\/wp\/wp-json\/wp\/v2\/media?parent=708132"}],"wp:term":[{"taxonomy":"category","embeddable":true,"href":"https:\/\/bahiaeconomica.com.br\/wp\/wp-json\/wp\/v2\/categories?post=708132"},{"taxonomy":"post_tag","embeddable":true,"href":"https:\/\/bahiaeconomica.com.br\/wp\/wp-json\/wp\/v2\/tags?post=708132"}],"curies":[{"name":"wp","href":"https:\/\/api.w.org\/{rel}","templated":true}]}}