{"id":708033,"date":"2022-12-27T08:20:00","date_gmt":"2022-12-27T11:20:00","guid":{"rendered":"https:\/\/bahiaeconomica.com.br\/wp\/beta\/?p=708033"},"modified":"2022-12-27T13:16:21","modified_gmt":"2022-12-27T16:16:21","slug":"itamaraty-recebera-r-46-bi-para-pagar-divida-com-orgao-internacional","status":"publish","type":"post","link":"https:\/\/bahiaeconomica.com.br\/wp\/2022\/12\/27\/itamaraty-recebera-r-46-bi-para-pagar-divida-com-orgao-internacional\/","title":{"rendered":"ITAMARATY RECEBER\u00c1 R$ 4,6 BI PARA PAGAR D\u00cdVIDA"},"content":{"rendered":"\n<p>O Minist\u00e9rio das Rela\u00e7\u00f5es Exteriores (MRE) informou hoje, 26, que receber\u00e1 R$ 4,6 bilh\u00f5es para fazer o pagamento de contribui\u00e7\u00f5es a organismos internacionais e bancos de fomento. <\/p>\n\n\n\n<!--more-->\n\n\n\n<p>A verba ser\u00e1 liberada pelo Minist\u00e9rio da Economia. \u00a0Segundo o Itamaraty, o recurso permitir\u00e1 pagar quase a totalidade da d\u00edvida que o Brasil tem com entidades internacionais e fortalecer\u00e1 a \u201cposi\u00e7\u00e3o do pa\u00eds no sistema multilateral e na comunidade internacional\u201d.<\/p>\n\n\n\n<p>\u201cO governo brasileiro n\u00e3o poupou esfor\u00e7os para equacionar a irregularidade cr\u00f4nica de pagamentos e a d\u00edvida acumulada desde per\u00edodos anteriores. O Itamaraty realizou in\u00fameras gest\u00f5es a fim de que fossem assegurados os recursos necess\u00e1rios para fazer frente \u00e0s obriga\u00e7\u00f5es vinculantes assumidas pelo Brasil na seara internacional e internalizadas, com aprova\u00e7\u00e3o do Congresso Nacional, ao ordenamento jur\u00eddico brasileiro\u201d, declarou o minist\u00e9rio.<\/p>\n\n\n\n<p>No in\u00edcio do m\u00eas, o coordenador do Gabinete de Transi\u00e7\u00e3o, o ex-senador Aloizio Mercadante (PT), afirmou que o governo brasileiro devia R$ 5 bilh\u00f5es a organismos internacionais, como a Organiza\u00e7\u00e3o das Na\u00e7\u00f5es Unidas (ONU), Organiza\u00e7\u00e3o Mundial do Com\u00e9rcio (OMC) e Organiza\u00e7\u00e3o Internacional do Trabalho (OIT). Ainda segundo ele, n\u00e3o havia espa\u00e7o no Or\u00e7amento de 2023 para pagar todas as d\u00edvidas.<\/p>\n\n\n\n<p>Foto: divulga\u00e7\u00e3o<\/p>\n","protected":false},"excerpt":{"rendered":"<p>O Minist\u00e9rio das Rela\u00e7\u00f5es Exteriores (MRE) informou hoje, 26, que receber\u00e1 R$ 4,6 bilh\u00f5es para fazer o pagamento de contribui\u00e7\u00f5es a organismos internacionais e bancos de fomento.<\/p>\n","protected":false},"author":1,"featured_media":708034,"comment_status":"closed","ping_status":"closed","sticky":false,"template":"","format":"standard","meta":[],"categories":[14,3],"tags":[],"acf":[],"yoast_head":"<!-- This site is optimized with the Yoast SEO plugin v20.8 - https:\/\/yoast.com\/wordpress\/plugins\/seo\/ -->\n<title>ITAMARATY RECEBER\u00c1 R$ 4,6 BI PARA PAGAR D\u00cdVIDA - Bahia Economica<\/title>\n<meta name=\"description\" content=\"O maior portal de Economia da Bahia DESTAQUE DO DIA, ECONOMIA \/ POL\u00cdTICA Bahia Economica\" \/>\n<meta name=\"robots\" content=\"index, follow, max-snippet:-1, max-image-preview:large, max-video-preview:-1\" \/>\n<link rel=\"canonical\" href=\"https:\/\/bahiaeconomica.com.br\/wp\/2022\/12\/27\/itamaraty-recebera-r-46-bi-para-pagar-divida-com-orgao-internacional\/\" \/>\n<meta property=\"og:locale\" content=\"pt_BR\" \/>\n<meta property=\"og:type\" content=\"article\" \/>\n<meta property=\"og:title\" content=\"ITAMARATY RECEBER\u00c1 R$ 4,6 BI PARA PAGAR D\u00cdVIDA - Bahia Economica\" \/>\n<meta property=\"og:description\" content=\"O maior portal de Economia da Bahia DESTAQUE DO DIA, ECONOMIA \/ POL\u00cdTICA Bahia Economica\" \/>\n<meta property=\"og:url\" content=\"https:\/\/bahiaeconomica.com.br\/wp\/2022\/12\/27\/itamaraty-recebera-r-46-bi-para-pagar-divida-com-orgao-internacional\/\" \/>\n<meta property=\"og:site_name\" content=\"Bahia Economica\" \/>\n<meta property=\"article:publisher\" content=\"https:\/\/www.facebook.com\/bahiaeconomica\" \/>\n<meta property=\"article:published_time\" content=\"2022-12-27T11:20:00+00:00\" \/>\n<meta property=\"article:modified_time\" content=\"2022-12-27T16:16:21+00:00\" \/>\n<meta property=\"og:image\" content=\"https:\/\/bahiaeconomica.com.br\/wp\/wp-content\/uploads\/2022\/12\/Artigo-Destaque_01215141_00.jpg\" \/>\n\t<meta property=\"og:image:width\" content=\"1170\" \/>\n\t<meta property=\"og:image:height\" content=\"700\" \/>\n\t<meta property=\"og:image:type\" content=\"image\/jpeg\" \/>\n<meta name=\"author\" content=\"admin\" \/>\n<meta name=\"twitter:card\" content=\"summary_large_image\" \/>\n<meta name=\"twitter:label1\" content=\"Escrito por\" \/>\n\t<meta name=\"twitter:data1\" content=\"admin\" \/>\n\t<meta name=\"twitter:label2\" content=\"Est. tempo de leitura\" \/>\n\t<meta name=\"twitter:data2\" content=\"2 minutos\" \/>\n<script type=\"application\/ld+json\" class=\"yoast-schema-graph\">{\"@context\":\"https:\/\/schema.org\",\"@graph\":[{\"@type\":\"Article\",\"@id\":\"https:\/\/bahiaeconomica.com.br\/wp\/2022\/12\/27\/itamaraty-recebera-r-46-bi-para-pagar-divida-com-orgao-internacional\/#article\",\"isPartOf\":{\"@id\":\"https:\/\/bahiaeconomica.com.br\/wp\/2022\/12\/27\/itamaraty-recebera-r-46-bi-para-pagar-divida-com-orgao-internacional\/\"},\"author\":{\"name\":\"admin\",\"@id\":\"https:\/\/bahiaeconomica.com.br\/wp\/#\/schema\/person\/cb1ab5ba96ad3d9390805381c76284ec\"},\"headline\":\"ITAMARATY RECEBER\u00c1 R$ 4,6 BI PARA PAGAR D\u00cdVIDA\",\"datePublished\":\"2022-12-27T11:20:00+00:00\",\"dateModified\":\"2022-12-27T16:16:21+00:00\",\"mainEntityOfPage\":{\"@id\":\"https:\/\/bahiaeconomica.com.br\/wp\/2022\/12\/27\/itamaraty-recebera-r-46-bi-para-pagar-divida-com-orgao-internacional\/\"},\"wordCount\":227,\"publisher\":{\"@id\":\"https:\/\/bahiaeconomica.com.br\/wp\/#organization\"},\"articleSection\":[\"DESTAQUE DO DIA\",\"ECONOMIA \/ POL\u00cdTICA\"],\"inLanguage\":\"pt-BR\"},{\"@type\":\"WebPage\",\"@id\":\"https:\/\/bahiaeconomica.com.br\/wp\/2022\/12\/27\/itamaraty-recebera-r-46-bi-para-pagar-divida-com-orgao-internacional\/\",\"url\":\"https:\/\/bahiaeconomica.com.br\/wp\/2022\/12\/27\/itamaraty-recebera-r-46-bi-para-pagar-divida-com-orgao-internacional\/\",\"name\":\"ITAMARATY RECEBER\u00c1 R$ 4,6 BI PARA PAGAR D\u00cdVIDA - Bahia Economica\",\"isPartOf\":{\"@id\":\"https:\/\/bahiaeconomica.com.br\/wp\/#website\"},\"datePublished\":\"2022-12-27T11:20:00+00:00\",\"dateModified\":\"2022-12-27T16:16:21+00:00\",\"description\":\"O maior portal de Economia da Bahia DESTAQUE DO DIA, ECONOMIA \/ POL\u00cdTICA Bahia Economica\",\"breadcrumb\":{\"@id\":\"https:\/\/bahiaeconomica.com.br\/wp\/2022\/12\/27\/itamaraty-recebera-r-46-bi-para-pagar-divida-com-orgao-internacional\/#breadcrumb\"},\"inLanguage\":\"pt-BR\",\"potentialAction\":[{\"@type\":\"ReadAction\",\"target\":[\"https:\/\/bahiaeconomica.com.br\/wp\/2022\/12\/27\/itamaraty-recebera-r-46-bi-para-pagar-divida-com-orgao-internacional\/\"]}]},{\"@type\":\"BreadcrumbList\",\"@id\":\"https:\/\/bahiaeconomica.com.br\/wp\/2022\/12\/27\/itamaraty-recebera-r-46-bi-para-pagar-divida-com-orgao-internacional\/#breadcrumb\",\"itemListElement\":[{\"@type\":\"ListItem\",\"position\":1,\"name\":\"In\u00edcio\",\"item\":\"https:\/\/bahiaeconomica.com.br\/wp\/\"},{\"@type\":\"ListItem\",\"position\":2,\"name\":\"ITAMARATY RECEBER\u00c1 R$ 4,6 BI PARA PAGAR D\u00cdVIDA\"}]},{\"@type\":\"WebSite\",\"@id\":\"https:\/\/bahiaeconomica.com.br\/wp\/#website\",\"url\":\"https:\/\/bahiaeconomica.com.br\/wp\/\",\"name\":\"Bahia Economica\",\"description\":\"O maior portal de Economia da Bahia\",\"publisher\":{\"@id\":\"https:\/\/bahiaeconomica.com.br\/wp\/#organization\"},\"potentialAction\":[{\"@type\":\"SearchAction\",\"target\":{\"@type\":\"EntryPoint\",\"urlTemplate\":\"https:\/\/bahiaeconomica.com.br\/wp\/?s={search_term_string}\"},\"query-input\":\"required name=search_term_string\"}],\"inLanguage\":\"pt-BR\"},{\"@type\":\"Organization\",\"@id\":\"https:\/\/bahiaeconomica.com.br\/wp\/#organization\",\"name\":\"Bahia Econ\u00f4mica\",\"url\":\"https:\/\/bahiaeconomica.com.br\/wp\/\",\"logo\":{\"@type\":\"ImageObject\",\"inLanguage\":\"pt-BR\",\"@id\":\"https:\/\/bahiaeconomica.com.br\/wp\/#\/schema\/logo\/image\/\",\"url\":\"https:\/\/bahiaeconomica.com.br\/wp\/wp-content\/uploads\/2020\/12\/cropped-BE.png\",\"contentUrl\":\"https:\/\/bahiaeconomica.com.br\/wp\/wp-content\/uploads\/2020\/12\/cropped-BE.png\",\"width\":512,\"height\":512,\"caption\":\"Bahia Econ\u00f4mica\"},\"image\":{\"@id\":\"https:\/\/bahiaeconomica.com.br\/wp\/#\/schema\/logo\/image\/\"},\"sameAs\":[\"https:\/\/www.facebook.com\/bahiaeconomica\"]},{\"@type\":\"Person\",\"@id\":\"https:\/\/bahiaeconomica.com.br\/wp\/#\/schema\/person\/cb1ab5ba96ad3d9390805381c76284ec\",\"name\":\"admin\",\"url\":\"https:\/\/bahiaeconomica.com.br\/wp\/author\/admin\/\"}]}<\/script>\n<!-- \/ Yoast SEO plugin. -->","yoast_head_json":{"title":"ITAMARATY RECEBER\u00c1 R$ 4,6 BI PARA PAGAR D\u00cdVIDA - Bahia Economica","description":"O maior portal de Economia da Bahia DESTAQUE DO DIA, ECONOMIA \/ POL\u00cdTICA Bahia Economica","robots":{"index":"index","follow":"follow","max-snippet":"max-snippet:-1","max-image-preview":"max-image-preview:large","max-video-preview":"max-video-preview:-1"},"canonical":"https:\/\/bahiaeconomica.com.br\/wp\/2022\/12\/27\/itamaraty-recebera-r-46-bi-para-pagar-divida-com-orgao-internacional\/","og_locale":"pt_BR","og_type":"article","og_title":"ITAMARATY RECEBER\u00c1 R$ 4,6 BI PARA PAGAR D\u00cdVIDA - Bahia Economica","og_description":"O maior portal de Economia da Bahia DESTAQUE DO DIA, ECONOMIA \/ POL\u00cdTICA Bahia Economica","og_url":"https:\/\/bahiaeconomica.com.br\/wp\/2022\/12\/27\/itamaraty-recebera-r-46-bi-para-pagar-divida-com-orgao-internacional\/","og_site_name":"Bahia Economica","article_publisher":"https:\/\/www.facebook.com\/bahiaeconomica","article_published_time":"2022-12-27T11:20:00+00:00","article_modified_time":"2022-12-27T16:16:21+00:00","og_image":[{"width":1170,"height":700,"url":"https:\/\/bahiaeconomica.com.br\/wp\/wp-content\/uploads\/2022\/12\/Artigo-Destaque_01215141_00.jpg","type":"image\/jpeg"}],"author":"admin","twitter_card":"summary_large_image","twitter_misc":{"Escrito por":"admin","Est. tempo de leitura":"2 minutos"},"schema":{"@context":"https:\/\/schema.org","@graph":[{"@type":"Article","@id":"https:\/\/bahiaeconomica.com.br\/wp\/2022\/12\/27\/itamaraty-recebera-r-46-bi-para-pagar-divida-com-orgao-internacional\/#article","isPartOf":{"@id":"https:\/\/bahiaeconomica.com.br\/wp\/2022\/12\/27\/itamaraty-recebera-r-46-bi-para-pagar-divida-com-orgao-internacional\/"},"author":{"name":"admin","@id":"https:\/\/bahiaeconomica.com.br\/wp\/#\/schema\/person\/cb1ab5ba96ad3d9390805381c76284ec"},"headline":"ITAMARATY RECEBER\u00c1 R$ 4,6 BI PARA PAGAR D\u00cdVIDA","datePublished":"2022-12-27T11:20:00+00:00","dateModified":"2022-12-27T16:16:21+00:00","mainEntityOfPage":{"@id":"https:\/\/bahiaeconomica.com.br\/wp\/2022\/12\/27\/itamaraty-recebera-r-46-bi-para-pagar-divida-com-orgao-internacional\/"},"wordCount":227,"publisher":{"@id":"https:\/\/bahiaeconomica.com.br\/wp\/#organization"},"articleSection":["DESTAQUE DO DIA","ECONOMIA \/ POL\u00cdTICA"],"inLanguage":"pt-BR"},{"@type":"WebPage","@id":"https:\/\/bahiaeconomica.com.br\/wp\/2022\/12\/27\/itamaraty-recebera-r-46-bi-para-pagar-divida-com-orgao-internacional\/","url":"https:\/\/bahiaeconomica.com.br\/wp\/2022\/12\/27\/itamaraty-recebera-r-46-bi-para-pagar-divida-com-orgao-internacional\/","name":"ITAMARATY RECEBER\u00c1 R$ 4,6 BI PARA PAGAR D\u00cdVIDA - Bahia Economica","isPartOf":{"@id":"https:\/\/bahiaeconomica.com.br\/wp\/#website"},"datePublished":"2022-12-27T11:20:00+00:00","dateModified":"2022-12-27T16:16:21+00:00","description":"O maior portal de Economia da Bahia DESTAQUE DO DIA, ECONOMIA \/ POL\u00cdTICA Bahia Economica","breadcrumb":{"@id":"https:\/\/bahiaeconomica.com.br\/wp\/2022\/12\/27\/itamaraty-recebera-r-46-bi-para-pagar-divida-com-orgao-internacional\/#breadcrumb"},"inLanguage":"pt-BR","potentialAction":[{"@type":"ReadAction","target":["https:\/\/bahiaeconomica.com.br\/wp\/2022\/12\/27\/itamaraty-recebera-r-46-bi-para-pagar-divida-com-orgao-internacional\/"]}]},{"@type":"BreadcrumbList","@id":"https:\/\/bahiaeconomica.com.br\/wp\/2022\/12\/27\/itamaraty-recebera-r-46-bi-para-pagar-divida-com-orgao-internacional\/#breadcrumb","itemListElement":[{"@type":"ListItem","position":1,"name":"In\u00edcio","item":"https:\/\/bahiaeconomica.com.br\/wp\/"},{"@type":"ListItem","position":2,"name":"ITAMARATY RECEBER\u00c1 R$ 4,6 BI PARA PAGAR D\u00cdVIDA"}]},{"@type":"WebSite","@id":"https:\/\/bahiaeconomica.com.br\/wp\/#website","url":"https:\/\/bahiaeconomica.com.br\/wp\/","name":"Bahia Economica","description":"O maior portal de Economia da Bahia","publisher":{"@id":"https:\/\/bahiaeconomica.com.br\/wp\/#organization"},"potentialAction":[{"@type":"SearchAction","target":{"@type":"EntryPoint","urlTemplate":"https:\/\/bahiaeconomica.com.br\/wp\/?s={search_term_string}"},"query-input":"required name=search_term_string"}],"inLanguage":"pt-BR"},{"@type":"Organization","@id":"https:\/\/bahiaeconomica.com.br\/wp\/#organization","name":"Bahia Econ\u00f4mica","url":"https:\/\/bahiaeconomica.com.br\/wp\/","logo":{"@type":"ImageObject","inLanguage":"pt-BR","@id":"https:\/\/bahiaeconomica.com.br\/wp\/#\/schema\/logo\/image\/","url":"https:\/\/bahiaeconomica.com.br\/wp\/wp-content\/uploads\/2020\/12\/cropped-BE.png","contentUrl":"https:\/\/bahiaeconomica.com.br\/wp\/wp-content\/uploads\/2020\/12\/cropped-BE.png","width":512,"height":512,"caption":"Bahia Econ\u00f4mica"},"image":{"@id":"https:\/\/bahiaeconomica.com.br\/wp\/#\/schema\/logo\/image\/"},"sameAs":["https:\/\/www.facebook.com\/bahiaeconomica"]},{"@type":"Person","@id":"https:\/\/bahiaeconomica.com.br\/wp\/#\/schema\/person\/cb1ab5ba96ad3d9390805381c76284ec","name":"admin","url":"https:\/\/bahiaeconomica.com.br\/wp\/author\/admin\/"}]}},"views":2,"_links":{"self":[{"href":"https:\/\/bahiaeconomica.com.br\/wp\/wp-json\/wp\/v2\/posts\/708033"}],"collection":[{"href":"https:\/\/bahiaeconomica.com.br\/wp\/wp-json\/wp\/v2\/posts"}],"about":[{"href":"https:\/\/bahiaeconomica.com.br\/wp\/wp-json\/wp\/v2\/types\/post"}],"author":[{"embeddable":true,"href":"https:\/\/bahiaeconomica.com.br\/wp\/wp-json\/wp\/v2\/users\/1"}],"replies":[{"embeddable":true,"href":"https:\/\/bahiaeconomica.com.br\/wp\/wp-json\/wp\/v2\/comments?post=708033"}],"version-history":[{"count":2,"href":"https:\/\/bahiaeconomica.com.br\/wp\/wp-json\/wp\/v2\/posts\/708033\/revisions"}],"predecessor-version":[{"id":708087,"href":"https:\/\/bahiaeconomica.com.br\/wp\/wp-json\/wp\/v2\/posts\/708033\/revisions\/708087"}],"wp:featuredmedia":[{"embeddable":true,"href":"https:\/\/bahiaeconomica.com.br\/wp\/wp-json\/wp\/v2\/media\/708034"}],"wp:attachment":[{"href":"https:\/\/bahiaeconomica.com.br\/wp\/wp-json\/wp\/v2\/media?parent=708033"}],"wp:term":[{"taxonomy":"category","embeddable":true,"href":"https:\/\/bahiaeconomica.com.br\/wp\/wp-json\/wp\/v2\/categories?post=708033"},{"taxonomy":"post_tag","embeddable":true,"href":"https:\/\/bahiaeconomica.com.br\/wp\/wp-json\/wp\/v2\/tags?post=708033"}],"curies":[{"name":"wp","href":"https:\/\/api.w.org\/{rel}","templated":true}]}}