{"id":707992,"date":"2022-12-26T19:05:00","date_gmt":"2022-12-26T22:05:00","guid":{"rendered":"https:\/\/bahiaeconomica.com.br\/wp\/beta\/?p=707992"},"modified":"2022-12-26T19:04:15","modified_gmt":"2022-12-26T22:04:15","slug":"wagner-e-rui-brigam-por-quem-assume-o-comando-da-embasa","status":"publish","type":"post","link":"https:\/\/bahiaeconomica.com.br\/wp\/2022\/12\/26\/wagner-e-rui-brigam-por-quem-assume-o-comando-da-embasa\/","title":{"rendered":"WAGNER E RUI BRIGAM POR QUEM ASSUME O COMANDO DA EMBASA"},"content":{"rendered":"\n<p>Senador baiano defende nome que j\u00e1 fez parte do secretariado de Rui, mas o atual governador da Bahia discorda da sugest\u00e3o, atrasando o lado de Jer\u00f4nimo<\/p>\n\n\n\n<!--more-->\n\n\n\n<p><em>Por: Douglas Santana Ferreira<\/em><\/p>\n\n\n\n<p>O atraso de Jer\u00f4nimo Rodrigues (PT) para anunciar quem vai comandar a Embasa no seu futuro governo tem uma explica\u00e7\u00e3o. Os petistas Rui Costa e Jaques Wagner ainda est\u00e3o discutindo a nomea\u00e7\u00e3o do presidente da Empresa Baiana de \u00c1guas e Saneamento.<\/p>\n\n\n\n<p>De acordo com o portal Pol\u00edtica Livre, Wagner defende o nome do engenheiro Leonardo G\u00f3es, que j\u00e1 foi secret\u00e1rio de Recursos H\u00eddricos do pr\u00f3prio Rui, mas o atua governador \u00e9 frontalmente contra a ideia, atrasando o lado de Jer\u00f4nimo que precisa fechar seu secretariado ainda nesta semana.<\/p>\n\n\n\n<p>No \u00faltimo domingo (25), surgiu como alternativa para contentar a ambos o nome do ex-secret\u00e1rio de Administra\u00e7\u00e3o Penitenci\u00e1ria Nestor Duarte Neto, mas ainda n\u00e3o h\u00e1 informa\u00e7\u00f5es para saber se a op\u00e7\u00e3o resolveu o impasse. A Embasa possui um contingente de sete mil funcion\u00e1rios.<\/p>\n\n\n\n<p><\/p>\n\n\n\n<p><\/p>\n\n\n\n<p>Foto: Arquivo\/O Globo<\/p>\n","protected":false},"excerpt":{"rendered":"<p>Senador baiano defende nome que j\u00e1 fez parte do secretariado de Rui, mas o atual governador da Bahia discorda da sugest\u00e3o, atrasando o lado de Jer\u00f4nimo<\/p>\n","protected":false},"author":1,"featured_media":707998,"comment_status":"closed","ping_status":"closed","sticky":false,"template":"","format":"standard","meta":[],"categories":[3],"tags":[85,2696,233,974,4701,100,107,73],"acf":[],"yoast_head":"<!-- This site is optimized with the Yoast SEO plugin v20.8 - https:\/\/yoast.com\/wordpress\/plugins\/seo\/ -->\n<title>WAGNER E RUI BRIGAM POR QUEM ASSUME O COMANDO DA EMBASA - Bahia Economica<\/title>\n<meta name=\"description\" content=\"Senador baiano defende nome que j\u00e1 fez parte do secretariado de Rui, mas o atual governador da Bahia discorda da sugest\u00e3o, atrasando o lado de Jer\u00f4nimo\" \/>\n<meta name=\"robots\" content=\"index, follow, max-snippet:-1, max-image-preview:large, max-video-preview:-1\" \/>\n<link rel=\"canonical\" href=\"https:\/\/bahiaeconomica.com.br\/wp\/2022\/12\/26\/wagner-e-rui-brigam-por-quem-assume-o-comando-da-embasa\/\" \/>\n<meta property=\"og:locale\" content=\"pt_BR\" \/>\n<meta property=\"og:type\" content=\"article\" \/>\n<meta property=\"og:title\" content=\"WAGNER E RUI BRIGAM POR QUEM ASSUME O COMANDO DA EMBASA - Bahia Economica\" \/>\n<meta property=\"og:description\" content=\"Senador baiano defende nome que j\u00e1 fez parte do secretariado de Rui, mas o atual governador da Bahia discorda da sugest\u00e3o, atrasando o lado de Jer\u00f4nimo\" \/>\n<meta property=\"og:url\" content=\"https:\/\/bahiaeconomica.com.br\/wp\/2022\/12\/26\/wagner-e-rui-brigam-por-quem-assume-o-comando-da-embasa\/\" \/>\n<meta property=\"og:site_name\" content=\"Bahia Economica\" \/>\n<meta property=\"article:publisher\" content=\"https:\/\/www.facebook.com\/bahiaeconomica\" \/>\n<meta property=\"article:published_time\" content=\"2022-12-26T22:05:00+00:00\" \/>\n<meta property=\"article:modified_time\" content=\"2022-12-26T22:04:15+00:00\" \/>\n<meta property=\"og:image\" content=\"https:\/\/bahiaeconomica.com.br\/wp\/wp-content\/uploads\/2022\/12\/WAGNER-E-RUI-360.png\" \/>\n\t<meta property=\"og:image:width\" content=\"360\" \/>\n\t<meta property=\"og:image:height\" content=\"220\" \/>\n\t<meta property=\"og:image:type\" content=\"image\/png\" \/>\n<meta name=\"author\" content=\"admin\" \/>\n<meta name=\"twitter:card\" content=\"summary_large_image\" \/>\n<meta name=\"twitter:label1\" content=\"Escrito por\" \/>\n\t<meta name=\"twitter:data1\" content=\"admin\" \/>\n\t<meta name=\"twitter:label2\" content=\"Est. tempo de leitura\" \/>\n\t<meta name=\"twitter:data2\" content=\"1 minuto\" \/>\n<script type=\"application\/ld+json\" class=\"yoast-schema-graph\">{\"@context\":\"https:\/\/schema.org\",\"@graph\":[{\"@type\":\"Article\",\"@id\":\"https:\/\/bahiaeconomica.com.br\/wp\/2022\/12\/26\/wagner-e-rui-brigam-por-quem-assume-o-comando-da-embasa\/#article\",\"isPartOf\":{\"@id\":\"https:\/\/bahiaeconomica.com.br\/wp\/2022\/12\/26\/wagner-e-rui-brigam-por-quem-assume-o-comando-da-embasa\/\"},\"author\":{\"name\":\"admin\",\"@id\":\"https:\/\/bahiaeconomica.com.br\/wp\/#\/schema\/person\/cb1ab5ba96ad3d9390805381c76284ec\"},\"headline\":\"WAGNER E RUI BRIGAM POR QUEM ASSUME O COMANDO DA EMBASA\",\"datePublished\":\"2022-12-26T22:05:00+00:00\",\"dateModified\":\"2022-12-26T22:04:15+00:00\",\"mainEntityOfPage\":{\"@id\":\"https:\/\/bahiaeconomica.com.br\/wp\/2022\/12\/26\/wagner-e-rui-brigam-por-quem-assume-o-comando-da-embasa\/\"},\"wordCount\":193,\"publisher\":{\"@id\":\"https:\/\/bahiaeconomica.com.br\/wp\/#organization\"},\"keywords\":[\"Bahia\",\"embasa\",\"Governo\",\"Jaques Wagner\",\"jer\u00f4nimo rodrigues\",\"Pol\u00edtica\",\"Rui Costa\",\"Salvador\"],\"articleSection\":[\"ECONOMIA \/ POL\u00cdTICA\"],\"inLanguage\":\"pt-BR\"},{\"@type\":\"WebPage\",\"@id\":\"https:\/\/bahiaeconomica.com.br\/wp\/2022\/12\/26\/wagner-e-rui-brigam-por-quem-assume-o-comando-da-embasa\/\",\"url\":\"https:\/\/bahiaeconomica.com.br\/wp\/2022\/12\/26\/wagner-e-rui-brigam-por-quem-assume-o-comando-da-embasa\/\",\"name\":\"WAGNER E RUI BRIGAM POR QUEM ASSUME O COMANDO DA EMBASA - Bahia Economica\",\"isPartOf\":{\"@id\":\"https:\/\/bahiaeconomica.com.br\/wp\/#website\"},\"datePublished\":\"2022-12-26T22:05:00+00:00\",\"dateModified\":\"2022-12-26T22:04:15+00:00\",\"description\":\"Senador baiano defende nome que j\u00e1 fez parte do secretariado de Rui, mas o atual governador da Bahia discorda da sugest\u00e3o, atrasando o lado de Jer\u00f4nimo\",\"breadcrumb\":{\"@id\":\"https:\/\/bahiaeconomica.com.br\/wp\/2022\/12\/26\/wagner-e-rui-brigam-por-quem-assume-o-comando-da-embasa\/#breadcrumb\"},\"inLanguage\":\"pt-BR\",\"potentialAction\":[{\"@type\":\"ReadAction\",\"target\":[\"https:\/\/bahiaeconomica.com.br\/wp\/2022\/12\/26\/wagner-e-rui-brigam-por-quem-assume-o-comando-da-embasa\/\"]}]},{\"@type\":\"BreadcrumbList\",\"@id\":\"https:\/\/bahiaeconomica.com.br\/wp\/2022\/12\/26\/wagner-e-rui-brigam-por-quem-assume-o-comando-da-embasa\/#breadcrumb\",\"itemListElement\":[{\"@type\":\"ListItem\",\"position\":1,\"name\":\"In\u00edcio\",\"item\":\"https:\/\/bahiaeconomica.com.br\/wp\/\"},{\"@type\":\"ListItem\",\"position\":2,\"name\":\"WAGNER E RUI BRIGAM POR QUEM ASSUME O COMANDO DA EMBASA\"}]},{\"@type\":\"WebSite\",\"@id\":\"https:\/\/bahiaeconomica.com.br\/wp\/#website\",\"url\":\"https:\/\/bahiaeconomica.com.br\/wp\/\",\"name\":\"Bahia Economica\",\"description\":\"O maior portal de Economia da Bahia\",\"publisher\":{\"@id\":\"https:\/\/bahiaeconomica.com.br\/wp\/#organization\"},\"potentialAction\":[{\"@type\":\"SearchAction\",\"target\":{\"@type\":\"EntryPoint\",\"urlTemplate\":\"https:\/\/bahiaeconomica.com.br\/wp\/?s={search_term_string}\"},\"query-input\":\"required name=search_term_string\"}],\"inLanguage\":\"pt-BR\"},{\"@type\":\"Organization\",\"@id\":\"https:\/\/bahiaeconomica.com.br\/wp\/#organization\",\"name\":\"Bahia Econ\u00f4mica\",\"url\":\"https:\/\/bahiaeconomica.com.br\/wp\/\",\"logo\":{\"@type\":\"ImageObject\",\"inLanguage\":\"pt-BR\",\"@id\":\"https:\/\/bahiaeconomica.com.br\/wp\/#\/schema\/logo\/image\/\",\"url\":\"https:\/\/bahiaeconomica.com.br\/wp\/wp-content\/uploads\/2020\/12\/cropped-BE.png\",\"contentUrl\":\"https:\/\/bahiaeconomica.com.br\/wp\/wp-content\/uploads\/2020\/12\/cropped-BE.png\",\"width\":512,\"height\":512,\"caption\":\"Bahia Econ\u00f4mica\"},\"image\":{\"@id\":\"https:\/\/bahiaeconomica.com.br\/wp\/#\/schema\/logo\/image\/\"},\"sameAs\":[\"https:\/\/www.facebook.com\/bahiaeconomica\"]},{\"@type\":\"Person\",\"@id\":\"https:\/\/bahiaeconomica.com.br\/wp\/#\/schema\/person\/cb1ab5ba96ad3d9390805381c76284ec\",\"name\":\"admin\",\"url\":\"https:\/\/bahiaeconomica.com.br\/wp\/author\/admin\/\"}]}<\/script>\n<!-- \/ Yoast SEO plugin. -->","yoast_head_json":{"title":"WAGNER E RUI BRIGAM POR QUEM ASSUME O COMANDO DA EMBASA - Bahia Economica","description":"Senador baiano defende nome que j\u00e1 fez parte do secretariado de Rui, mas o atual governador da Bahia discorda da sugest\u00e3o, atrasando o lado de Jer\u00f4nimo","robots":{"index":"index","follow":"follow","max-snippet":"max-snippet:-1","max-image-preview":"max-image-preview:large","max-video-preview":"max-video-preview:-1"},"canonical":"https:\/\/bahiaeconomica.com.br\/wp\/2022\/12\/26\/wagner-e-rui-brigam-por-quem-assume-o-comando-da-embasa\/","og_locale":"pt_BR","og_type":"article","og_title":"WAGNER E RUI BRIGAM POR QUEM ASSUME O COMANDO DA EMBASA - Bahia Economica","og_description":"Senador baiano defende nome que j\u00e1 fez parte do secretariado de Rui, mas o atual governador da Bahia discorda da sugest\u00e3o, atrasando o lado de Jer\u00f4nimo","og_url":"https:\/\/bahiaeconomica.com.br\/wp\/2022\/12\/26\/wagner-e-rui-brigam-por-quem-assume-o-comando-da-embasa\/","og_site_name":"Bahia Economica","article_publisher":"https:\/\/www.facebook.com\/bahiaeconomica","article_published_time":"2022-12-26T22:05:00+00:00","article_modified_time":"2022-12-26T22:04:15+00:00","og_image":[{"width":360,"height":220,"url":"https:\/\/bahiaeconomica.com.br\/wp\/wp-content\/uploads\/2022\/12\/WAGNER-E-RUI-360.png","type":"image\/png"}],"author":"admin","twitter_card":"summary_large_image","twitter_misc":{"Escrito por":"admin","Est. tempo de leitura":"1 minuto"},"schema":{"@context":"https:\/\/schema.org","@graph":[{"@type":"Article","@id":"https:\/\/bahiaeconomica.com.br\/wp\/2022\/12\/26\/wagner-e-rui-brigam-por-quem-assume-o-comando-da-embasa\/#article","isPartOf":{"@id":"https:\/\/bahiaeconomica.com.br\/wp\/2022\/12\/26\/wagner-e-rui-brigam-por-quem-assume-o-comando-da-embasa\/"},"author":{"name":"admin","@id":"https:\/\/bahiaeconomica.com.br\/wp\/#\/schema\/person\/cb1ab5ba96ad3d9390805381c76284ec"},"headline":"WAGNER E RUI BRIGAM POR QUEM ASSUME O COMANDO DA EMBASA","datePublished":"2022-12-26T22:05:00+00:00","dateModified":"2022-12-26T22:04:15+00:00","mainEntityOfPage":{"@id":"https:\/\/bahiaeconomica.com.br\/wp\/2022\/12\/26\/wagner-e-rui-brigam-por-quem-assume-o-comando-da-embasa\/"},"wordCount":193,"publisher":{"@id":"https:\/\/bahiaeconomica.com.br\/wp\/#organization"},"keywords":["Bahia","embasa","Governo","Jaques Wagner","jer\u00f4nimo rodrigues","Pol\u00edtica","Rui Costa","Salvador"],"articleSection":["ECONOMIA \/ POL\u00cdTICA"],"inLanguage":"pt-BR"},{"@type":"WebPage","@id":"https:\/\/bahiaeconomica.com.br\/wp\/2022\/12\/26\/wagner-e-rui-brigam-por-quem-assume-o-comando-da-embasa\/","url":"https:\/\/bahiaeconomica.com.br\/wp\/2022\/12\/26\/wagner-e-rui-brigam-por-quem-assume-o-comando-da-embasa\/","name":"WAGNER E RUI BRIGAM POR QUEM ASSUME O COMANDO DA EMBASA - Bahia Economica","isPartOf":{"@id":"https:\/\/bahiaeconomica.com.br\/wp\/#website"},"datePublished":"2022-12-26T22:05:00+00:00","dateModified":"2022-12-26T22:04:15+00:00","description":"Senador baiano defende nome que j\u00e1 fez parte do secretariado de Rui, mas o atual governador da Bahia discorda da sugest\u00e3o, atrasando o lado de Jer\u00f4nimo","breadcrumb":{"@id":"https:\/\/bahiaeconomica.com.br\/wp\/2022\/12\/26\/wagner-e-rui-brigam-por-quem-assume-o-comando-da-embasa\/#breadcrumb"},"inLanguage":"pt-BR","potentialAction":[{"@type":"ReadAction","target":["https:\/\/bahiaeconomica.com.br\/wp\/2022\/12\/26\/wagner-e-rui-brigam-por-quem-assume-o-comando-da-embasa\/"]}]},{"@type":"BreadcrumbList","@id":"https:\/\/bahiaeconomica.com.br\/wp\/2022\/12\/26\/wagner-e-rui-brigam-por-quem-assume-o-comando-da-embasa\/#breadcrumb","itemListElement":[{"@type":"ListItem","position":1,"name":"In\u00edcio","item":"https:\/\/bahiaeconomica.com.br\/wp\/"},{"@type":"ListItem","position":2,"name":"WAGNER E RUI BRIGAM POR QUEM ASSUME O COMANDO DA EMBASA"}]},{"@type":"WebSite","@id":"https:\/\/bahiaeconomica.com.br\/wp\/#website","url":"https:\/\/bahiaeconomica.com.br\/wp\/","name":"Bahia Economica","description":"O maior portal de Economia da Bahia","publisher":{"@id":"https:\/\/bahiaeconomica.com.br\/wp\/#organization"},"potentialAction":[{"@type":"SearchAction","target":{"@type":"EntryPoint","urlTemplate":"https:\/\/bahiaeconomica.com.br\/wp\/?s={search_term_string}"},"query-input":"required name=search_term_string"}],"inLanguage":"pt-BR"},{"@type":"Organization","@id":"https:\/\/bahiaeconomica.com.br\/wp\/#organization","name":"Bahia Econ\u00f4mica","url":"https:\/\/bahiaeconomica.com.br\/wp\/","logo":{"@type":"ImageObject","inLanguage":"pt-BR","@id":"https:\/\/bahiaeconomica.com.br\/wp\/#\/schema\/logo\/image\/","url":"https:\/\/bahiaeconomica.com.br\/wp\/wp-content\/uploads\/2020\/12\/cropped-BE.png","contentUrl":"https:\/\/bahiaeconomica.com.br\/wp\/wp-content\/uploads\/2020\/12\/cropped-BE.png","width":512,"height":512,"caption":"Bahia Econ\u00f4mica"},"image":{"@id":"https:\/\/bahiaeconomica.com.br\/wp\/#\/schema\/logo\/image\/"},"sameAs":["https:\/\/www.facebook.com\/bahiaeconomica"]},{"@type":"Person","@id":"https:\/\/bahiaeconomica.com.br\/wp\/#\/schema\/person\/cb1ab5ba96ad3d9390805381c76284ec","name":"admin","url":"https:\/\/bahiaeconomica.com.br\/wp\/author\/admin\/"}]}},"views":15,"_links":{"self":[{"href":"https:\/\/bahiaeconomica.com.br\/wp\/wp-json\/wp\/v2\/posts\/707992"}],"collection":[{"href":"https:\/\/bahiaeconomica.com.br\/wp\/wp-json\/wp\/v2\/posts"}],"about":[{"href":"https:\/\/bahiaeconomica.com.br\/wp\/wp-json\/wp\/v2\/types\/post"}],"author":[{"embeddable":true,"href":"https:\/\/bahiaeconomica.com.br\/wp\/wp-json\/wp\/v2\/users\/1"}],"replies":[{"embeddable":true,"href":"https:\/\/bahiaeconomica.com.br\/wp\/wp-json\/wp\/v2\/comments?post=707992"}],"version-history":[{"count":1,"href":"https:\/\/bahiaeconomica.com.br\/wp\/wp-json\/wp\/v2\/posts\/707992\/revisions"}],"predecessor-version":[{"id":707999,"href":"https:\/\/bahiaeconomica.com.br\/wp\/wp-json\/wp\/v2\/posts\/707992\/revisions\/707999"}],"wp:featuredmedia":[{"embeddable":true,"href":"https:\/\/bahiaeconomica.com.br\/wp\/wp-json\/wp\/v2\/media\/707998"}],"wp:attachment":[{"href":"https:\/\/bahiaeconomica.com.br\/wp\/wp-json\/wp\/v2\/media?parent=707992"}],"wp:term":[{"taxonomy":"category","embeddable":true,"href":"https:\/\/bahiaeconomica.com.br\/wp\/wp-json\/wp\/v2\/categories?post=707992"},{"taxonomy":"post_tag","embeddable":true,"href":"https:\/\/bahiaeconomica.com.br\/wp\/wp-json\/wp\/v2\/tags?post=707992"}],"curies":[{"name":"wp","href":"https:\/\/api.w.org\/{rel}","templated":true}]}}