{"id":706823,"date":"2022-12-20T15:50:00","date_gmt":"2022-12-20T18:50:00","guid":{"rendered":"https:\/\/bahiaeconomica.com.br\/wp\/beta\/?p=706823"},"modified":"2022-12-20T15:44:00","modified_gmt":"2022-12-20T18:44:00","slug":"policia-rodoviaria-federal-na-bahia-divulga-a-operacao-natal-2022","status":"publish","type":"post","link":"https:\/\/bahiaeconomica.com.br\/wp\/2022\/12\/20\/policia-rodoviaria-federal-na-bahia-divulga-a-operacao-natal-2022\/","title":{"rendered":"POL\u00cdCIA RODOVI\u00c1RIA FEDERAL NA BAHIA DIVULGA A OPERA\u00c7\u00c3O NATAL 2022"},"content":{"rendered":"\n<p>Com foco na preven\u00e7\u00e3o de acidentes, a opera\u00e7\u00e3o intensificar\u00e1 a fiscaliza\u00e7\u00e3o em trechos estrat\u00e9gicos durante o feriado.<\/p>\n\n\n\n<!--more-->\n\n\n\n<p>A Pol\u00edcia Rodovi\u00e1ria Federal (PRF) dar\u00e1 in\u00edcio, na quinta-feira (22), \u00e0 Opera\u00e7\u00e3o Natal 2022. A iniciativa, que deve seguir at\u00e9 o domingo (25), tem como objetivo principal a garantia de seguran\u00e7a vi\u00e1ria e a consequente preserva\u00e7\u00e3o de vidas nas rodovias e estradas federais por todo o Brasil. Na Bahia, a Superintend\u00eancia de Pol\u00edcia Rodovi\u00e1ria Federal na Bahia (SPRF-BA) elaborou um planejamento estrat\u00e9gico considerando as caracter\u00edsticas e especificidades das rodovias federais do estado.<\/p>\n\n\n\n<p>O per\u00edodo de festividades de final de ano no Brasil apresenta tradicionalmente um aumento consider\u00e1vel no fluxo de ve\u00edculos nas estradas. Em consequ\u00eancia desse incremento, bem como de situa\u00e7\u00f5es festivas que potencialmente levam ao consumo de bebidas alco\u00f3licas, entre outras formas de recrea\u00e7\u00e3o, a fiscaliza\u00e7\u00e3o de tr\u00e2nsito e as medidas no sentido de preservar a seguran\u00e7a dos usu\u00e1rios nas rodovias tamb\u00e9m devem ser potencializadas.<\/p>\n\n\n\n<p>Entre as principais a\u00e7\u00f5es previstas na preven\u00e7\u00e3o de acidentes durante a opera\u00e7\u00e3o, destacam-se o enfrentamento \u00e0 embriaguez ao volante, controle da velocidade, fiscaliza\u00e7\u00e3o de ultrapassagens proibidas, uso do cinto de seguran\u00e7a, dispositivos de reten\u00e7\u00e3o para crian\u00e7as, uso de telefone celular, entre outros. Al\u00e9m disso, est\u00e3o previstas tamb\u00e9m atividades de educa\u00e7\u00e3o para o tr\u00e2nsito, inclusive integradas com outras institui\u00e7\u00f5es, e a\u00e7\u00f5es de comunica\u00e7\u00e3o social na imprensa e m\u00eddias diversas, com informa\u00e7\u00f5es referentes aos eventos realizados e dicas de seguran\u00e7a de tr\u00e2nsito.<\/p>\n\n\n\n<p><strong>Na Bahia<\/strong><\/p>\n\n\n\n<p>Todas as dez Delegacias PRF do estado baiano adotar\u00e3o as medidas para coibir as ultrapassagens irregulares, o consumo de \u00e1lcool, o n\u00e3o uso do cinto e da cadeirinha e o tr\u00e2nsito irregular de motocicletas, dentre outras. Em alguns pontos, por\u00e9m, em virtude de um hist\u00f3rico maior de acidentes nesse per\u00edodo do ano, haver\u00e1 uma aten\u00e7\u00e3o especial, inclusive com refor\u00e7o de efetivo. A exemplo da BR 324, por concentrar o maior fluxo de ve\u00edculos, principalmente, o trecho entre Salvador e Feira de Santana, quanto a BR 101, por conter munic\u00edpios de grande atra\u00e7\u00e3o de viajantes.<\/p>\n\n\n\n<p>Na BR 324, durante os festejos natalinos, a expectativa de aumento no tr\u00e1fego de ve\u00edculos \u00e9 de aproximadamente 22%. A previs\u00e3o \u00e9 que a sexta-feira (23) seja o dia de maior movimenta\u00e7\u00e3o, especialmente das 7h \u00e0s 19h, no sentido Salvador x Feira de Santana. O domingo tamb\u00e9m deve ser movimentado, com hor\u00e1rios de pico das 15h \u00e0s 20h, no mesmo sentido.<\/p>\n\n\n\n<p>Foto: Divulga\u00e7\u00e3o\/PRF<\/p>\n","protected":false},"excerpt":{"rendered":"<p>Com foco na preven\u00e7\u00e3o de acidentes, a opera\u00e7\u00e3o intensificar\u00e1 a fiscaliza\u00e7\u00e3o em trechos estrat\u00e9gicos durante o feriado.<\/p>\n","protected":false},"author":1,"featured_media":706824,"comment_status":"closed","ping_status":"closed","sticky":false,"template":"","format":"standard","meta":[],"categories":[3],"tags":[],"acf":[],"yoast_head":"<!-- This site is optimized with the Yoast SEO plugin v20.8 - https:\/\/yoast.com\/wordpress\/plugins\/seo\/ -->\n<title>POL\u00cdCIA RODOVI\u00c1RIA FEDERAL NA BAHIA DIVULGA A OPERA\u00c7\u00c3O NATAL 2022 - Bahia Economica<\/title>\n<meta name=\"description\" content=\"O maior portal de Economia da Bahia ECONOMIA \/ POL\u00cdTICA Bahia Economica\" \/>\n<meta name=\"robots\" content=\"index, follow, max-snippet:-1, max-image-preview:large, max-video-preview:-1\" \/>\n<link rel=\"canonical\" href=\"https:\/\/bahiaeconomica.com.br\/wp\/2022\/12\/20\/policia-rodoviaria-federal-na-bahia-divulga-a-operacao-natal-2022\/\" \/>\n<meta property=\"og:locale\" content=\"pt_BR\" \/>\n<meta property=\"og:type\" content=\"article\" \/>\n<meta property=\"og:title\" content=\"POL\u00cdCIA RODOVI\u00c1RIA FEDERAL NA BAHIA DIVULGA A OPERA\u00c7\u00c3O NATAL 2022 - Bahia Economica\" \/>\n<meta property=\"og:description\" content=\"O maior portal de Economia da Bahia ECONOMIA \/ POL\u00cdTICA Bahia Economica\" \/>\n<meta property=\"og:url\" content=\"https:\/\/bahiaeconomica.com.br\/wp\/2022\/12\/20\/policia-rodoviaria-federal-na-bahia-divulga-a-operacao-natal-2022\/\" \/>\n<meta property=\"og:site_name\" content=\"Bahia Economica\" \/>\n<meta property=\"article:publisher\" content=\"https:\/\/www.facebook.com\/bahiaeconomica\" \/>\n<meta property=\"article:published_time\" content=\"2022-12-20T18:50:00+00:00\" \/>\n<meta property=\"article:modified_time\" content=\"2022-12-20T18:44:00+00:00\" \/>\n<meta property=\"og:image\" content=\"https:\/\/bahiaeconomica.com.br\/wp\/wp-content\/uploads\/2022\/12\/PRF-20.12.jpeg\" \/>\n\t<meta property=\"og:image:width\" content=\"768\" \/>\n\t<meta property=\"og:image:height\" content=\"512\" \/>\n\t<meta property=\"og:image:type\" content=\"image\/jpeg\" \/>\n<meta name=\"author\" content=\"admin\" \/>\n<meta name=\"twitter:card\" content=\"summary_large_image\" \/>\n<meta name=\"twitter:label1\" content=\"Escrito por\" \/>\n\t<meta name=\"twitter:data1\" content=\"admin\" \/>\n\t<meta name=\"twitter:label2\" content=\"Est. tempo de leitura\" \/>\n\t<meta name=\"twitter:data2\" content=\"3 minutos\" \/>\n<script type=\"application\/ld+json\" class=\"yoast-schema-graph\">{\"@context\":\"https:\/\/schema.org\",\"@graph\":[{\"@type\":\"Article\",\"@id\":\"https:\/\/bahiaeconomica.com.br\/wp\/2022\/12\/20\/policia-rodoviaria-federal-na-bahia-divulga-a-operacao-natal-2022\/#article\",\"isPartOf\":{\"@id\":\"https:\/\/bahiaeconomica.com.br\/wp\/2022\/12\/20\/policia-rodoviaria-federal-na-bahia-divulga-a-operacao-natal-2022\/\"},\"author\":{\"name\":\"admin\",\"@id\":\"https:\/\/bahiaeconomica.com.br\/wp\/#\/schema\/person\/cb1ab5ba96ad3d9390805381c76284ec\"},\"headline\":\"POL\u00cdCIA RODOVI\u00c1RIA FEDERAL NA BAHIA DIVULGA A OPERA\u00c7\u00c3O NATAL 2022\",\"datePublished\":\"2022-12-20T18:50:00+00:00\",\"dateModified\":\"2022-12-20T18:44:00+00:00\",\"mainEntityOfPage\":{\"@id\":\"https:\/\/bahiaeconomica.com.br\/wp\/2022\/12\/20\/policia-rodoviaria-federal-na-bahia-divulga-a-operacao-natal-2022\/\"},\"wordCount\":458,\"publisher\":{\"@id\":\"https:\/\/bahiaeconomica.com.br\/wp\/#organization\"},\"articleSection\":[\"ECONOMIA \/ POL\u00cdTICA\"],\"inLanguage\":\"pt-BR\"},{\"@type\":\"WebPage\",\"@id\":\"https:\/\/bahiaeconomica.com.br\/wp\/2022\/12\/20\/policia-rodoviaria-federal-na-bahia-divulga-a-operacao-natal-2022\/\",\"url\":\"https:\/\/bahiaeconomica.com.br\/wp\/2022\/12\/20\/policia-rodoviaria-federal-na-bahia-divulga-a-operacao-natal-2022\/\",\"name\":\"POL\u00cdCIA RODOVI\u00c1RIA FEDERAL NA BAHIA DIVULGA A OPERA\u00c7\u00c3O NATAL 2022 - Bahia Economica\",\"isPartOf\":{\"@id\":\"https:\/\/bahiaeconomica.com.br\/wp\/#website\"},\"datePublished\":\"2022-12-20T18:50:00+00:00\",\"dateModified\":\"2022-12-20T18:44:00+00:00\",\"description\":\"O maior portal de Economia da Bahia ECONOMIA \/ POL\u00cdTICA Bahia Economica\",\"breadcrumb\":{\"@id\":\"https:\/\/bahiaeconomica.com.br\/wp\/2022\/12\/20\/policia-rodoviaria-federal-na-bahia-divulga-a-operacao-natal-2022\/#breadcrumb\"},\"inLanguage\":\"pt-BR\",\"potentialAction\":[{\"@type\":\"ReadAction\",\"target\":[\"https:\/\/bahiaeconomica.com.br\/wp\/2022\/12\/20\/policia-rodoviaria-federal-na-bahia-divulga-a-operacao-natal-2022\/\"]}]},{\"@type\":\"BreadcrumbList\",\"@id\":\"https:\/\/bahiaeconomica.com.br\/wp\/2022\/12\/20\/policia-rodoviaria-federal-na-bahia-divulga-a-operacao-natal-2022\/#breadcrumb\",\"itemListElement\":[{\"@type\":\"ListItem\",\"position\":1,\"name\":\"In\u00edcio\",\"item\":\"https:\/\/bahiaeconomica.com.br\/wp\/\"},{\"@type\":\"ListItem\",\"position\":2,\"name\":\"POL\u00cdCIA RODOVI\u00c1RIA FEDERAL NA BAHIA DIVULGA A OPERA\u00c7\u00c3O NATAL 2022\"}]},{\"@type\":\"WebSite\",\"@id\":\"https:\/\/bahiaeconomica.com.br\/wp\/#website\",\"url\":\"https:\/\/bahiaeconomica.com.br\/wp\/\",\"name\":\"Bahia Economica\",\"description\":\"O maior portal de Economia da Bahia\",\"publisher\":{\"@id\":\"https:\/\/bahiaeconomica.com.br\/wp\/#organization\"},\"potentialAction\":[{\"@type\":\"SearchAction\",\"target\":{\"@type\":\"EntryPoint\",\"urlTemplate\":\"https:\/\/bahiaeconomica.com.br\/wp\/?s={search_term_string}\"},\"query-input\":\"required name=search_term_string\"}],\"inLanguage\":\"pt-BR\"},{\"@type\":\"Organization\",\"@id\":\"https:\/\/bahiaeconomica.com.br\/wp\/#organization\",\"name\":\"Bahia Econ\u00f4mica\",\"url\":\"https:\/\/bahiaeconomica.com.br\/wp\/\",\"logo\":{\"@type\":\"ImageObject\",\"inLanguage\":\"pt-BR\",\"@id\":\"https:\/\/bahiaeconomica.com.br\/wp\/#\/schema\/logo\/image\/\",\"url\":\"https:\/\/bahiaeconomica.com.br\/wp\/wp-content\/uploads\/2020\/12\/cropped-BE.png\",\"contentUrl\":\"https:\/\/bahiaeconomica.com.br\/wp\/wp-content\/uploads\/2020\/12\/cropped-BE.png\",\"width\":512,\"height\":512,\"caption\":\"Bahia Econ\u00f4mica\"},\"image\":{\"@id\":\"https:\/\/bahiaeconomica.com.br\/wp\/#\/schema\/logo\/image\/\"},\"sameAs\":[\"https:\/\/www.facebook.com\/bahiaeconomica\"]},{\"@type\":\"Person\",\"@id\":\"https:\/\/bahiaeconomica.com.br\/wp\/#\/schema\/person\/cb1ab5ba96ad3d9390805381c76284ec\",\"name\":\"admin\",\"url\":\"https:\/\/bahiaeconomica.com.br\/wp\/author\/admin\/\"}]}<\/script>\n<!-- \/ Yoast SEO plugin. -->","yoast_head_json":{"title":"POL\u00cdCIA RODOVI\u00c1RIA FEDERAL NA BAHIA DIVULGA A OPERA\u00c7\u00c3O NATAL 2022 - Bahia Economica","description":"O maior portal de Economia da Bahia ECONOMIA \/ POL\u00cdTICA Bahia Economica","robots":{"index":"index","follow":"follow","max-snippet":"max-snippet:-1","max-image-preview":"max-image-preview:large","max-video-preview":"max-video-preview:-1"},"canonical":"https:\/\/bahiaeconomica.com.br\/wp\/2022\/12\/20\/policia-rodoviaria-federal-na-bahia-divulga-a-operacao-natal-2022\/","og_locale":"pt_BR","og_type":"article","og_title":"POL\u00cdCIA RODOVI\u00c1RIA FEDERAL NA BAHIA DIVULGA A OPERA\u00c7\u00c3O NATAL 2022 - Bahia Economica","og_description":"O maior portal de Economia da Bahia ECONOMIA \/ POL\u00cdTICA Bahia Economica","og_url":"https:\/\/bahiaeconomica.com.br\/wp\/2022\/12\/20\/policia-rodoviaria-federal-na-bahia-divulga-a-operacao-natal-2022\/","og_site_name":"Bahia Economica","article_publisher":"https:\/\/www.facebook.com\/bahiaeconomica","article_published_time":"2022-12-20T18:50:00+00:00","article_modified_time":"2022-12-20T18:44:00+00:00","og_image":[{"width":768,"height":512,"url":"https:\/\/bahiaeconomica.com.br\/wp\/wp-content\/uploads\/2022\/12\/PRF-20.12.jpeg","type":"image\/jpeg"}],"author":"admin","twitter_card":"summary_large_image","twitter_misc":{"Escrito por":"admin","Est. tempo de leitura":"3 minutos"},"schema":{"@context":"https:\/\/schema.org","@graph":[{"@type":"Article","@id":"https:\/\/bahiaeconomica.com.br\/wp\/2022\/12\/20\/policia-rodoviaria-federal-na-bahia-divulga-a-operacao-natal-2022\/#article","isPartOf":{"@id":"https:\/\/bahiaeconomica.com.br\/wp\/2022\/12\/20\/policia-rodoviaria-federal-na-bahia-divulga-a-operacao-natal-2022\/"},"author":{"name":"admin","@id":"https:\/\/bahiaeconomica.com.br\/wp\/#\/schema\/person\/cb1ab5ba96ad3d9390805381c76284ec"},"headline":"POL\u00cdCIA RODOVI\u00c1RIA FEDERAL NA BAHIA DIVULGA A OPERA\u00c7\u00c3O NATAL 2022","datePublished":"2022-12-20T18:50:00+00:00","dateModified":"2022-12-20T18:44:00+00:00","mainEntityOfPage":{"@id":"https:\/\/bahiaeconomica.com.br\/wp\/2022\/12\/20\/policia-rodoviaria-federal-na-bahia-divulga-a-operacao-natal-2022\/"},"wordCount":458,"publisher":{"@id":"https:\/\/bahiaeconomica.com.br\/wp\/#organization"},"articleSection":["ECONOMIA \/ POL\u00cdTICA"],"inLanguage":"pt-BR"},{"@type":"WebPage","@id":"https:\/\/bahiaeconomica.com.br\/wp\/2022\/12\/20\/policia-rodoviaria-federal-na-bahia-divulga-a-operacao-natal-2022\/","url":"https:\/\/bahiaeconomica.com.br\/wp\/2022\/12\/20\/policia-rodoviaria-federal-na-bahia-divulga-a-operacao-natal-2022\/","name":"POL\u00cdCIA RODOVI\u00c1RIA FEDERAL NA BAHIA DIVULGA A OPERA\u00c7\u00c3O NATAL 2022 - Bahia Economica","isPartOf":{"@id":"https:\/\/bahiaeconomica.com.br\/wp\/#website"},"datePublished":"2022-12-20T18:50:00+00:00","dateModified":"2022-12-20T18:44:00+00:00","description":"O maior portal de Economia da Bahia ECONOMIA \/ POL\u00cdTICA Bahia Economica","breadcrumb":{"@id":"https:\/\/bahiaeconomica.com.br\/wp\/2022\/12\/20\/policia-rodoviaria-federal-na-bahia-divulga-a-operacao-natal-2022\/#breadcrumb"},"inLanguage":"pt-BR","potentialAction":[{"@type":"ReadAction","target":["https:\/\/bahiaeconomica.com.br\/wp\/2022\/12\/20\/policia-rodoviaria-federal-na-bahia-divulga-a-operacao-natal-2022\/"]}]},{"@type":"BreadcrumbList","@id":"https:\/\/bahiaeconomica.com.br\/wp\/2022\/12\/20\/policia-rodoviaria-federal-na-bahia-divulga-a-operacao-natal-2022\/#breadcrumb","itemListElement":[{"@type":"ListItem","position":1,"name":"In\u00edcio","item":"https:\/\/bahiaeconomica.com.br\/wp\/"},{"@type":"ListItem","position":2,"name":"POL\u00cdCIA RODOVI\u00c1RIA FEDERAL NA BAHIA DIVULGA A OPERA\u00c7\u00c3O NATAL 2022"}]},{"@type":"WebSite","@id":"https:\/\/bahiaeconomica.com.br\/wp\/#website","url":"https:\/\/bahiaeconomica.com.br\/wp\/","name":"Bahia Economica","description":"O maior portal de Economia da Bahia","publisher":{"@id":"https:\/\/bahiaeconomica.com.br\/wp\/#organization"},"potentialAction":[{"@type":"SearchAction","target":{"@type":"EntryPoint","urlTemplate":"https:\/\/bahiaeconomica.com.br\/wp\/?s={search_term_string}"},"query-input":"required name=search_term_string"}],"inLanguage":"pt-BR"},{"@type":"Organization","@id":"https:\/\/bahiaeconomica.com.br\/wp\/#organization","name":"Bahia Econ\u00f4mica","url":"https:\/\/bahiaeconomica.com.br\/wp\/","logo":{"@type":"ImageObject","inLanguage":"pt-BR","@id":"https:\/\/bahiaeconomica.com.br\/wp\/#\/schema\/logo\/image\/","url":"https:\/\/bahiaeconomica.com.br\/wp\/wp-content\/uploads\/2020\/12\/cropped-BE.png","contentUrl":"https:\/\/bahiaeconomica.com.br\/wp\/wp-content\/uploads\/2020\/12\/cropped-BE.png","width":512,"height":512,"caption":"Bahia Econ\u00f4mica"},"image":{"@id":"https:\/\/bahiaeconomica.com.br\/wp\/#\/schema\/logo\/image\/"},"sameAs":["https:\/\/www.facebook.com\/bahiaeconomica"]},{"@type":"Person","@id":"https:\/\/bahiaeconomica.com.br\/wp\/#\/schema\/person\/cb1ab5ba96ad3d9390805381c76284ec","name":"admin","url":"https:\/\/bahiaeconomica.com.br\/wp\/author\/admin\/"}]}},"views":4,"_links":{"self":[{"href":"https:\/\/bahiaeconomica.com.br\/wp\/wp-json\/wp\/v2\/posts\/706823"}],"collection":[{"href":"https:\/\/bahiaeconomica.com.br\/wp\/wp-json\/wp\/v2\/posts"}],"about":[{"href":"https:\/\/bahiaeconomica.com.br\/wp\/wp-json\/wp\/v2\/types\/post"}],"author":[{"embeddable":true,"href":"https:\/\/bahiaeconomica.com.br\/wp\/wp-json\/wp\/v2\/users\/1"}],"replies":[{"embeddable":true,"href":"https:\/\/bahiaeconomica.com.br\/wp\/wp-json\/wp\/v2\/comments?post=706823"}],"version-history":[{"count":1,"href":"https:\/\/bahiaeconomica.com.br\/wp\/wp-json\/wp\/v2\/posts\/706823\/revisions"}],"predecessor-version":[{"id":706826,"href":"https:\/\/bahiaeconomica.com.br\/wp\/wp-json\/wp\/v2\/posts\/706823\/revisions\/706826"}],"wp:featuredmedia":[{"embeddable":true,"href":"https:\/\/bahiaeconomica.com.br\/wp\/wp-json\/wp\/v2\/media\/706824"}],"wp:attachment":[{"href":"https:\/\/bahiaeconomica.com.br\/wp\/wp-json\/wp\/v2\/media?parent=706823"}],"wp:term":[{"taxonomy":"category","embeddable":true,"href":"https:\/\/bahiaeconomica.com.br\/wp\/wp-json\/wp\/v2\/categories?post=706823"},{"taxonomy":"post_tag","embeddable":true,"href":"https:\/\/bahiaeconomica.com.br\/wp\/wp-json\/wp\/v2\/tags?post=706823"}],"curies":[{"name":"wp","href":"https:\/\/api.w.org\/{rel}","templated":true}]}}