{"id":706333,"date":"2022-12-18T16:00:00","date_gmt":"2022-12-18T19:00:00","guid":{"rendered":"https:\/\/bahiaeconomica.com.br\/wp\/beta\/?p=706333"},"modified":"2022-12-17T21:25:07","modified_gmt":"2022-12-18T00:25:07","slug":"sindicato-cobra-implementacao-da-policia-penal-na-bahia","status":"publish","type":"post","link":"https:\/\/bahiaeconomica.com.br\/wp\/2022\/12\/18\/sindicato-cobra-implementacao-da-policia-penal-na-bahia\/","title":{"rendered":"SINDICATO COBRA IMPLEMENTA\u00c7\u00c3O DA POL\u00cdCIA PENAL NA BAHIA"},"content":{"rendered":"\n<p>Representantes do Sindicato dos Servidores Penitenci\u00e1rios\u00a0 (Sinspeb) em reuni\u00e3o com o Coordenador da equipe de transi\u00e7\u00e3o do futuro Governo de Jer\u00f4nimo Rodrigues, Adolfo Loyola, pontuaram a necessidade da Bahia criar a Pol\u00edcia Penal. <\/p>\n\n\n\n<!--more-->\n\n\n\n<p>Os sindicalistas destacaram que o Estado, atualmente, \u00e9 o \u00fanico do pa\u00eds que ainda n\u00e3o implementou a Pol\u00edcia Penal institu\u00edda\u00a0 atrav\u00e9s da Emenda Constitucional 104\/19.<\/p>\n\n\n\n<p>O presidente do Sinspeb, Reivon Pimentel, citou&nbsp; exemplos de Estados que j\u00e1&nbsp; aprovaram e regulamentaram a Pol\u00edcia Penal, como Rio Grande do Norte, Maranh\u00e3o,&nbsp;Pernambuco e Cear\u00e1. Segundo o dirigente sindical,&nbsp;&#8220;o sistema penitenci\u00e1rio nesses Estados era um caos total e, ap\u00f3s a cria\u00e7\u00e3o da Pol\u00edcia Penal,&nbsp;deram um salto gigantesco de qualidade, reduziram de forma abrupta os \u00edndices de viol\u00eancia, o combate ao crime organizado ficou mais fortalecido, e est\u00e3o diminuindo a recorr\u00eancia, de forma significativa, dos casos&nbsp; cr\u00edticos no interior das unidades prisionais, bem como, reduziram drasticamente os \u00edndices de viol\u00eancia nas cidades&#8221;, esclareceu Pimentel.<\/p>\n\n\n\n<p>Os sindicalistas explicaram a Adolfo Loyola que a implementa\u00e7\u00e3o da Pol\u00edcia Penal&nbsp; n\u00e3o vai gerar &#8221; impacto financeiro&#8221; ao or\u00e7amento do Estado pois, de acordo&nbsp; com a EC 104\/19, com a inser\u00e7\u00e3o da Pol\u00edcia Penal, especializada em seguran\u00e7a prisional,&nbsp;ocorrer\u00e1, do ponto de vista orcament\u00e1rio,&nbsp; apenas a transforma\u00e7\u00e3o dos cargos de Agente Penitenci\u00e1rio em Pol\u00edcia Penal. &#8221;&nbsp;A&nbsp; regulamenta\u00e7\u00e3o da carreira ser\u00e1 depois, em um outro momento, e&nbsp; a cria\u00e7\u00e3o da Pol\u00edcia Penal tamb\u00e9m n\u00e3o vai inviabilizar o projeto de cogest\u00e3o,&nbsp;visto que a sua implementa\u00e7\u00e3o n\u00e3o visa&nbsp; combater a terceiriza\u00e7\u00e3o nas unidades prisionais baianas e sim promover seguran\u00e7a jur\u00eddica aos operadores, resguardando as atividades exclusivas de Estado, para que estes possam fazer o enfrentamento ao crime organizado no interior dos estabelecimentos penais&#8221;, explicou Reivon Pimentel.<\/p>\n\n\n\n<p>O coordenador da equipe de transi\u00e7\u00e3o do futuro governo de Jer\u00f4nimo, Adolfo&nbsp; Loyola, destacou que, em janeiro, ap\u00f3s a posse do novo governador, ir\u00e1 agendar uma pr\u00f3xima reuni\u00e3o com os representantes do Sinspeb para&nbsp; entender todas as quest\u00f5es que giram em torno da cria\u00e7\u00e3o da Pol\u00edcia Penal e frisou que, o governador eleito, durante discuss\u00e3o da Reforma Administrativa, levou em considera\u00e7\u00e3o a import\u00e2ncia do sistema penitenci\u00e1rio para a sociedade, por isso, segundo Loyola, a equipe bateu o martelo em manter a SEAP,&nbsp; garantiu que n\u00e3o h\u00e1 possibilidade de extin\u00e7\u00e3o da Secretaria, e assegurou que&nbsp; a pr\u00f3xima gest\u00e3o vai adotar uma postura de di\u00e1logo com as categorias.<\/p>\n\n\n\n<p>A&nbsp; reuni\u00e3o ocorreu na \u00faltima quarta (15), foi articulada pelo vereador de Santo Ant\u00f4nio de Jesus, professor Uberdan Cardoso (PT), e contou com as presen\u00e7as do Coordenador de Organiza\u00e7\u00e3o do Sinspeb, Jorge Bastos,&nbsp; e do Coordenador Jur\u00eddico do Sinspeb , Ramon Carvalhal.<\/p>\n","protected":false},"excerpt":{"rendered":"<p>Representantes do Sindicato dos Servidores Penitenci\u00e1rios\u00a0 (Sinspeb) em reuni\u00e3o com o Coordenador da equipe de transi\u00e7\u00e3o do futuro Governo de Jer\u00f4nimo Rodrigues, Adolfo Loyola, pontuaram a necessidade da Bahia criar a Pol\u00edcia Penal.<\/p>\n","protected":false},"author":1,"featured_media":706334,"comment_status":"closed","ping_status":"closed","sticky":false,"template":"","format":"standard","meta":[],"categories":[14,3],"tags":[],"acf":[],"yoast_head":"<!-- This site is optimized with the Yoast SEO plugin v20.8 - https:\/\/yoast.com\/wordpress\/plugins\/seo\/ -->\n<title>SINDICATO COBRA IMPLEMENTA\u00c7\u00c3O DA POL\u00cdCIA PENAL NA BAHIA - Bahia Economica<\/title>\n<meta name=\"description\" content=\"O maior portal de Economia da Bahia DESTAQUE DO DIA, ECONOMIA \/ POL\u00cdTICA Bahia Economica\" \/>\n<meta name=\"robots\" content=\"index, follow, max-snippet:-1, max-image-preview:large, max-video-preview:-1\" \/>\n<link rel=\"canonical\" href=\"https:\/\/bahiaeconomica.com.br\/wp\/2022\/12\/18\/sindicato-cobra-implementacao-da-policia-penal-na-bahia\/\" \/>\n<meta property=\"og:locale\" content=\"pt_BR\" \/>\n<meta property=\"og:type\" content=\"article\" \/>\n<meta property=\"og:title\" content=\"SINDICATO COBRA IMPLEMENTA\u00c7\u00c3O DA POL\u00cdCIA PENAL NA BAHIA - Bahia Economica\" \/>\n<meta property=\"og:description\" content=\"O maior portal de Economia da Bahia DESTAQUE DO DIA, ECONOMIA \/ POL\u00cdTICA Bahia Economica\" \/>\n<meta property=\"og:url\" content=\"https:\/\/bahiaeconomica.com.br\/wp\/2022\/12\/18\/sindicato-cobra-implementacao-da-policia-penal-na-bahia\/\" \/>\n<meta property=\"og:site_name\" content=\"Bahia Economica\" \/>\n<meta property=\"article:publisher\" content=\"https:\/\/www.facebook.com\/bahiaeconomica\" \/>\n<meta property=\"article:published_time\" content=\"2022-12-18T19:00:00+00:00\" \/>\n<meta property=\"article:modified_time\" content=\"2022-12-18T00:25:07+00:00\" \/>\n<meta property=\"og:image\" content=\"https:\/\/bahiaeconomica.com.br\/wp\/wp-content\/uploads\/2022\/12\/WhatsApp-Image-2022-12-16-at-14.33.11.jpeg\" \/>\n\t<meta property=\"og:image:width\" content=\"1600\" \/>\n\t<meta property=\"og:image:height\" content=\"721\" \/>\n\t<meta property=\"og:image:type\" content=\"image\/jpeg\" \/>\n<meta name=\"author\" content=\"admin\" \/>\n<meta name=\"twitter:card\" content=\"summary_large_image\" \/>\n<meta name=\"twitter:label1\" content=\"Escrito por\" \/>\n\t<meta name=\"twitter:data1\" content=\"admin\" \/>\n\t<meta name=\"twitter:label2\" content=\"Est. tempo de leitura\" \/>\n\t<meta name=\"twitter:data2\" content=\"3 minutos\" \/>\n<script type=\"application\/ld+json\" class=\"yoast-schema-graph\">{\"@context\":\"https:\/\/schema.org\",\"@graph\":[{\"@type\":\"Article\",\"@id\":\"https:\/\/bahiaeconomica.com.br\/wp\/2022\/12\/18\/sindicato-cobra-implementacao-da-policia-penal-na-bahia\/#article\",\"isPartOf\":{\"@id\":\"https:\/\/bahiaeconomica.com.br\/wp\/2022\/12\/18\/sindicato-cobra-implementacao-da-policia-penal-na-bahia\/\"},\"author\":{\"name\":\"admin\",\"@id\":\"https:\/\/bahiaeconomica.com.br\/wp\/#\/schema\/person\/cb1ab5ba96ad3d9390805381c76284ec\"},\"headline\":\"SINDICATO COBRA IMPLEMENTA\u00c7\u00c3O DA POL\u00cdCIA PENAL NA BAHIA\",\"datePublished\":\"2022-12-18T19:00:00+00:00\",\"dateModified\":\"2022-12-18T00:25:07+00:00\",\"mainEntityOfPage\":{\"@id\":\"https:\/\/bahiaeconomica.com.br\/wp\/2022\/12\/18\/sindicato-cobra-implementacao-da-policia-penal-na-bahia\/\"},\"wordCount\":518,\"publisher\":{\"@id\":\"https:\/\/bahiaeconomica.com.br\/wp\/#organization\"},\"articleSection\":[\"DESTAQUE DO DIA\",\"ECONOMIA \/ POL\u00cdTICA\"],\"inLanguage\":\"pt-BR\"},{\"@type\":\"WebPage\",\"@id\":\"https:\/\/bahiaeconomica.com.br\/wp\/2022\/12\/18\/sindicato-cobra-implementacao-da-policia-penal-na-bahia\/\",\"url\":\"https:\/\/bahiaeconomica.com.br\/wp\/2022\/12\/18\/sindicato-cobra-implementacao-da-policia-penal-na-bahia\/\",\"name\":\"SINDICATO COBRA IMPLEMENTA\u00c7\u00c3O DA POL\u00cdCIA PENAL NA BAHIA - Bahia Economica\",\"isPartOf\":{\"@id\":\"https:\/\/bahiaeconomica.com.br\/wp\/#website\"},\"datePublished\":\"2022-12-18T19:00:00+00:00\",\"dateModified\":\"2022-12-18T00:25:07+00:00\",\"description\":\"O maior portal de Economia da Bahia DESTAQUE DO DIA, ECONOMIA \/ POL\u00cdTICA Bahia Economica\",\"breadcrumb\":{\"@id\":\"https:\/\/bahiaeconomica.com.br\/wp\/2022\/12\/18\/sindicato-cobra-implementacao-da-policia-penal-na-bahia\/#breadcrumb\"},\"inLanguage\":\"pt-BR\",\"potentialAction\":[{\"@type\":\"ReadAction\",\"target\":[\"https:\/\/bahiaeconomica.com.br\/wp\/2022\/12\/18\/sindicato-cobra-implementacao-da-policia-penal-na-bahia\/\"]}]},{\"@type\":\"BreadcrumbList\",\"@id\":\"https:\/\/bahiaeconomica.com.br\/wp\/2022\/12\/18\/sindicato-cobra-implementacao-da-policia-penal-na-bahia\/#breadcrumb\",\"itemListElement\":[{\"@type\":\"ListItem\",\"position\":1,\"name\":\"In\u00edcio\",\"item\":\"https:\/\/bahiaeconomica.com.br\/wp\/\"},{\"@type\":\"ListItem\",\"position\":2,\"name\":\"SINDICATO COBRA IMPLEMENTA\u00c7\u00c3O DA POL\u00cdCIA PENAL NA BAHIA\"}]},{\"@type\":\"WebSite\",\"@id\":\"https:\/\/bahiaeconomica.com.br\/wp\/#website\",\"url\":\"https:\/\/bahiaeconomica.com.br\/wp\/\",\"name\":\"Bahia Economica\",\"description\":\"O maior portal de Economia da Bahia\",\"publisher\":{\"@id\":\"https:\/\/bahiaeconomica.com.br\/wp\/#organization\"},\"potentialAction\":[{\"@type\":\"SearchAction\",\"target\":{\"@type\":\"EntryPoint\",\"urlTemplate\":\"https:\/\/bahiaeconomica.com.br\/wp\/?s={search_term_string}\"},\"query-input\":\"required name=search_term_string\"}],\"inLanguage\":\"pt-BR\"},{\"@type\":\"Organization\",\"@id\":\"https:\/\/bahiaeconomica.com.br\/wp\/#organization\",\"name\":\"Bahia Econ\u00f4mica\",\"url\":\"https:\/\/bahiaeconomica.com.br\/wp\/\",\"logo\":{\"@type\":\"ImageObject\",\"inLanguage\":\"pt-BR\",\"@id\":\"https:\/\/bahiaeconomica.com.br\/wp\/#\/schema\/logo\/image\/\",\"url\":\"https:\/\/bahiaeconomica.com.br\/wp\/wp-content\/uploads\/2020\/12\/cropped-BE.png\",\"contentUrl\":\"https:\/\/bahiaeconomica.com.br\/wp\/wp-content\/uploads\/2020\/12\/cropped-BE.png\",\"width\":512,\"height\":512,\"caption\":\"Bahia Econ\u00f4mica\"},\"image\":{\"@id\":\"https:\/\/bahiaeconomica.com.br\/wp\/#\/schema\/logo\/image\/\"},\"sameAs\":[\"https:\/\/www.facebook.com\/bahiaeconomica\"]},{\"@type\":\"Person\",\"@id\":\"https:\/\/bahiaeconomica.com.br\/wp\/#\/schema\/person\/cb1ab5ba96ad3d9390805381c76284ec\",\"name\":\"admin\",\"url\":\"https:\/\/bahiaeconomica.com.br\/wp\/author\/admin\/\"}]}<\/script>\n<!-- \/ Yoast SEO plugin. -->","yoast_head_json":{"title":"SINDICATO COBRA IMPLEMENTA\u00c7\u00c3O DA POL\u00cdCIA PENAL NA BAHIA - Bahia Economica","description":"O maior portal de Economia da Bahia DESTAQUE DO DIA, ECONOMIA \/ POL\u00cdTICA Bahia Economica","robots":{"index":"index","follow":"follow","max-snippet":"max-snippet:-1","max-image-preview":"max-image-preview:large","max-video-preview":"max-video-preview:-1"},"canonical":"https:\/\/bahiaeconomica.com.br\/wp\/2022\/12\/18\/sindicato-cobra-implementacao-da-policia-penal-na-bahia\/","og_locale":"pt_BR","og_type":"article","og_title":"SINDICATO COBRA IMPLEMENTA\u00c7\u00c3O DA POL\u00cdCIA PENAL NA BAHIA - Bahia Economica","og_description":"O maior portal de Economia da Bahia DESTAQUE DO DIA, ECONOMIA \/ POL\u00cdTICA Bahia Economica","og_url":"https:\/\/bahiaeconomica.com.br\/wp\/2022\/12\/18\/sindicato-cobra-implementacao-da-policia-penal-na-bahia\/","og_site_name":"Bahia Economica","article_publisher":"https:\/\/www.facebook.com\/bahiaeconomica","article_published_time":"2022-12-18T19:00:00+00:00","article_modified_time":"2022-12-18T00:25:07+00:00","og_image":[{"width":1600,"height":721,"url":"https:\/\/bahiaeconomica.com.br\/wp\/wp-content\/uploads\/2022\/12\/WhatsApp-Image-2022-12-16-at-14.33.11.jpeg","type":"image\/jpeg"}],"author":"admin","twitter_card":"summary_large_image","twitter_misc":{"Escrito por":"admin","Est. tempo de leitura":"3 minutos"},"schema":{"@context":"https:\/\/schema.org","@graph":[{"@type":"Article","@id":"https:\/\/bahiaeconomica.com.br\/wp\/2022\/12\/18\/sindicato-cobra-implementacao-da-policia-penal-na-bahia\/#article","isPartOf":{"@id":"https:\/\/bahiaeconomica.com.br\/wp\/2022\/12\/18\/sindicato-cobra-implementacao-da-policia-penal-na-bahia\/"},"author":{"name":"admin","@id":"https:\/\/bahiaeconomica.com.br\/wp\/#\/schema\/person\/cb1ab5ba96ad3d9390805381c76284ec"},"headline":"SINDICATO COBRA IMPLEMENTA\u00c7\u00c3O DA POL\u00cdCIA PENAL NA BAHIA","datePublished":"2022-12-18T19:00:00+00:00","dateModified":"2022-12-18T00:25:07+00:00","mainEntityOfPage":{"@id":"https:\/\/bahiaeconomica.com.br\/wp\/2022\/12\/18\/sindicato-cobra-implementacao-da-policia-penal-na-bahia\/"},"wordCount":518,"publisher":{"@id":"https:\/\/bahiaeconomica.com.br\/wp\/#organization"},"articleSection":["DESTAQUE DO DIA","ECONOMIA \/ POL\u00cdTICA"],"inLanguage":"pt-BR"},{"@type":"WebPage","@id":"https:\/\/bahiaeconomica.com.br\/wp\/2022\/12\/18\/sindicato-cobra-implementacao-da-policia-penal-na-bahia\/","url":"https:\/\/bahiaeconomica.com.br\/wp\/2022\/12\/18\/sindicato-cobra-implementacao-da-policia-penal-na-bahia\/","name":"SINDICATO COBRA IMPLEMENTA\u00c7\u00c3O DA POL\u00cdCIA PENAL NA BAHIA - Bahia Economica","isPartOf":{"@id":"https:\/\/bahiaeconomica.com.br\/wp\/#website"},"datePublished":"2022-12-18T19:00:00+00:00","dateModified":"2022-12-18T00:25:07+00:00","description":"O maior portal de Economia da Bahia DESTAQUE DO DIA, ECONOMIA \/ POL\u00cdTICA Bahia Economica","breadcrumb":{"@id":"https:\/\/bahiaeconomica.com.br\/wp\/2022\/12\/18\/sindicato-cobra-implementacao-da-policia-penal-na-bahia\/#breadcrumb"},"inLanguage":"pt-BR","potentialAction":[{"@type":"ReadAction","target":["https:\/\/bahiaeconomica.com.br\/wp\/2022\/12\/18\/sindicato-cobra-implementacao-da-policia-penal-na-bahia\/"]}]},{"@type":"BreadcrumbList","@id":"https:\/\/bahiaeconomica.com.br\/wp\/2022\/12\/18\/sindicato-cobra-implementacao-da-policia-penal-na-bahia\/#breadcrumb","itemListElement":[{"@type":"ListItem","position":1,"name":"In\u00edcio","item":"https:\/\/bahiaeconomica.com.br\/wp\/"},{"@type":"ListItem","position":2,"name":"SINDICATO COBRA IMPLEMENTA\u00c7\u00c3O DA POL\u00cdCIA PENAL NA BAHIA"}]},{"@type":"WebSite","@id":"https:\/\/bahiaeconomica.com.br\/wp\/#website","url":"https:\/\/bahiaeconomica.com.br\/wp\/","name":"Bahia Economica","description":"O maior portal de Economia da Bahia","publisher":{"@id":"https:\/\/bahiaeconomica.com.br\/wp\/#organization"},"potentialAction":[{"@type":"SearchAction","target":{"@type":"EntryPoint","urlTemplate":"https:\/\/bahiaeconomica.com.br\/wp\/?s={search_term_string}"},"query-input":"required name=search_term_string"}],"inLanguage":"pt-BR"},{"@type":"Organization","@id":"https:\/\/bahiaeconomica.com.br\/wp\/#organization","name":"Bahia Econ\u00f4mica","url":"https:\/\/bahiaeconomica.com.br\/wp\/","logo":{"@type":"ImageObject","inLanguage":"pt-BR","@id":"https:\/\/bahiaeconomica.com.br\/wp\/#\/schema\/logo\/image\/","url":"https:\/\/bahiaeconomica.com.br\/wp\/wp-content\/uploads\/2020\/12\/cropped-BE.png","contentUrl":"https:\/\/bahiaeconomica.com.br\/wp\/wp-content\/uploads\/2020\/12\/cropped-BE.png","width":512,"height":512,"caption":"Bahia Econ\u00f4mica"},"image":{"@id":"https:\/\/bahiaeconomica.com.br\/wp\/#\/schema\/logo\/image\/"},"sameAs":["https:\/\/www.facebook.com\/bahiaeconomica"]},{"@type":"Person","@id":"https:\/\/bahiaeconomica.com.br\/wp\/#\/schema\/person\/cb1ab5ba96ad3d9390805381c76284ec","name":"admin","url":"https:\/\/bahiaeconomica.com.br\/wp\/author\/admin\/"}]}},"views":5,"_links":{"self":[{"href":"https:\/\/bahiaeconomica.com.br\/wp\/wp-json\/wp\/v2\/posts\/706333"}],"collection":[{"href":"https:\/\/bahiaeconomica.com.br\/wp\/wp-json\/wp\/v2\/posts"}],"about":[{"href":"https:\/\/bahiaeconomica.com.br\/wp\/wp-json\/wp\/v2\/types\/post"}],"author":[{"embeddable":true,"href":"https:\/\/bahiaeconomica.com.br\/wp\/wp-json\/wp\/v2\/users\/1"}],"replies":[{"embeddable":true,"href":"https:\/\/bahiaeconomica.com.br\/wp\/wp-json\/wp\/v2\/comments?post=706333"}],"version-history":[{"count":1,"href":"https:\/\/bahiaeconomica.com.br\/wp\/wp-json\/wp\/v2\/posts\/706333\/revisions"}],"predecessor-version":[{"id":706335,"href":"https:\/\/bahiaeconomica.com.br\/wp\/wp-json\/wp\/v2\/posts\/706333\/revisions\/706335"}],"wp:featuredmedia":[{"embeddable":true,"href":"https:\/\/bahiaeconomica.com.br\/wp\/wp-json\/wp\/v2\/media\/706334"}],"wp:attachment":[{"href":"https:\/\/bahiaeconomica.com.br\/wp\/wp-json\/wp\/v2\/media?parent=706333"}],"wp:term":[{"taxonomy":"category","embeddable":true,"href":"https:\/\/bahiaeconomica.com.br\/wp\/wp-json\/wp\/v2\/categories?post=706333"},{"taxonomy":"post_tag","embeddable":true,"href":"https:\/\/bahiaeconomica.com.br\/wp\/wp-json\/wp\/v2\/tags?post=706333"}],"curies":[{"name":"wp","href":"https:\/\/api.w.org\/{rel}","templated":true}]}}