{"id":706103,"date":"2022-12-16T09:00:00","date_gmt":"2022-12-16T12:00:00","guid":{"rendered":"https:\/\/bahiaeconomica.com.br\/wp\/beta\/?p=706103"},"modified":"2022-12-16T08:03:18","modified_gmt":"2022-12-16T11:03:18","slug":"vacinacao-contra-covid-19-segue-em-salvador-nesta-sexta","status":"publish","type":"post","link":"https:\/\/bahiaeconomica.com.br\/wp\/2022\/12\/16\/vacinacao-contra-covid-19-segue-em-salvador-nesta-sexta\/","title":{"rendered":"VACINA\u00c7\u00c3O CONTRA COVID-19 SEGUE EM SALVADOR NESTA SEXTA"},"content":{"rendered":"\n<p>Salvador segue com a vacina\u00e7\u00e3o contra a Covid-19 nesta sexta-feira (16), das 8h \u00e0s 16h. A 5\u00aa dose de refor\u00e7o segue exclusivamente para pessoas imussuprimidas com 18 anos ou mais, inclusive, gestantes e pu\u00e9rperas com esta condi\u00e7\u00e3o cl\u00ednica elencadas na Nota 221\/2022. <\/p>\n\n\n\n<!--more-->\n\n\n\n<p>Ainda para o grupo de imunossuprimidos, a 4\u00aa dose tamb\u00e9m segue sendo oferecida para pessoas com 12 anos ou mais. Para ter acesso \u00e0s doses, \u00e9 necess\u00e1rio ter o nome na lista do site da Secretaria Municipal da Sa\u00fade (SMS), no endere\u00e7o www.saude.salvador.ba.gov.br.<\/p>\n\n\n\n<p>A mobiliza\u00e7\u00e3o contempla tamb\u00e9m a 1\u00aa, 2\u00aa, 3\u00aa e 4\u00aa dose da vacina contra a Covid-19 para pessoas com 18 anos ou mais, em esquema \u201cLiberou Geral\u201d, mesmo para n\u00e3o residentes em Salvador. O \u00fanico requisito \u00e9 ter o Cart\u00e3o SUS vinculado a algum munic\u00edpio do estado da Bahia. Os demais grupos que n\u00e3o est\u00e3o inclu\u00eddos na estrat\u00e9gia \u2018Liberou Geral\u2019 devem residir em Salvador e ter o nome na lista do site da SMS. Amanh\u00e3 segue ainda a vacina\u00e7\u00e3o para crian\u00e7as de 3 a 11 anos com nome na lista do site da SMS.<\/p>\n\n\n\n<p>A imuniza\u00e7\u00e3o tamb\u00e9m segue para os indiv\u00edduos com 18 anos ou mais vacinados com a Janssen no esquema prim\u00e1rio, seguindo a orienta\u00e7\u00e3o da Nota T\u00e9cnica n\u00ba 177\/2022-CGPNI\/DEIDT\/SVS\/MS, que estabelece que todos os indiv\u00edduos que receberam como esquema prim\u00e1rio a vacina Janssen (Dose \u00danica), entre 18 e 39 anos de idade est\u00e3o orientados a receber um segundo refor\u00e7o, e todos os indiv\u00edduos de 40 anos e mais est\u00e3o orientados a receber um terceiro refor\u00e7o.<\/p>\n\n\n\n<p>DOCUMENTOS:<\/p>\n\n\n\n<p>Pessoas com 18 anos ou mais \u2013 \u201cLiberou Geral\u201d: Ter o Cart\u00e3o SUS vinculado a algum munic\u00edpio do estado e apresentar o cart\u00e3o de vacina f\u00edsico ou digital (ConectSUS) atualizado, al\u00e9m de original e c\u00f3pia do documento de identifica\u00e7\u00e3o com foto e do comprovante de resid\u00eancia. Pessoas com 18 anos ou mais residentes em Salvador: Apresentar o cart\u00e3o de vacina e um documento de identidade com foto.<\/p>\n\n\n\n<p>Crian\u00e7a ou adolescente acompanhado pelo pai ou m\u00e3e: \u00c9 necess\u00e1rio estar com nome no site da SMS e, no ato da vacina\u00e7\u00e3o, apresentar original e c\u00f3pia do documento de identifica\u00e7\u00e3o com foto do pai ou da m\u00e3e que estiver presente, original e c\u00f3pia do documento de identifica\u00e7\u00e3o da crian\u00e7a\/adolescente, e originais da caderneta de vacina e Cart\u00e3o SUS de Salvador da crian\u00e7a\/adolescente.<\/p>\n\n\n\n<p>Crian\u00e7a ou adolescente desacompanhado do pai ou da m\u00e3e: \u00c9 necess\u00e1rio estar com o nome no site e, no ato da vacina\u00e7\u00e3o, estar acompanhada por outra pessoa maior de 18 anos. Al\u00e9m disso, dever\u00e1 ser apresentado o Formul\u00e1rio de Vacina\u00e7\u00e3o preenchido e assinado pelo genitor da crian\u00e7a (pai ou m\u00e3e), c\u00f3pia do documento de identifica\u00e7\u00e3o com foto do respons\u00e1vel pela assinatura no documento, mais original e c\u00f3pia do documento de identifica\u00e7\u00e3o da crian\u00e7a\/adolescente, al\u00e9m dos originais da caderneta de vacina e do Cart\u00e3o SUS de Salvador da crian\u00e7a\/adolescente. O Formul\u00e1rio de Vacina est\u00e1 dispon\u00edvel para impress\u00e3o no site da SMS.<\/p>\n\n\n\n<p>Os casos excepcionais relacionados \u00e0 falta de apresenta\u00e7\u00e3o da documenta\u00e7\u00e3o completa ser\u00e3o tratados individualmente no pr\u00f3prio ato\/local da vacina\u00e7\u00e3o, como vem ocorrendo desde o in\u00edcio da estrat\u00e9gia.<\/p>\n\n\n\n<p>APRAZAMENTOS DESTA SEXTA (16):<\/p>\n\n\n\n<p>2\u00aa DOSE \u2013 CORONAVAC: CRIAN\u00c7AS E ADOLESCENTES DE 3 A 17 ANOS QUE TOMARAM A 1\u00aa DOSE AT\u00c9 O DIA 19\/11\/2022<\/p>\n\n\n\n<p>2\u00aa DOSE \u2013 PFIZER PEDI\u00c1TRICA: CRIAN\u00c7AS DE 5 A 11 ANOS QUE TOMARAM A 1\u00aa DOSE AT\u00c9 O DIA 22\/10\/2022<\/p>\n\n\n\n<p>2\u00aa DOSE \u2013 CORONAVAC: APRAZADOS AT\u00c9 16\/12\/2022 \u2013 LIBEROU GERAL<\/p>\n\n\n\n<p>2\u00aa DOSE \u2013 JANSSEN: PARA QUEM TOMOU A 1\u00aa DOSE\/DOSE \u00daNICA DA JANSSEN AT\u00c9 A DATA DE 15\/10\/2022<\/p>\n\n\n\n<p>2\u00aa DOSE \u2013 OXFORD: APRAZADOS AT\u00c9 11\/1\/2023<\/p>\n\n\n\n<p>2\u00aa DOSE \u2013 PFIZER: PESSOAS COM 12 ANOS OU MAIS APRAZADAS AT\u00c9 11\/1\/2023 \u2013 LIBEROU GERAL<\/p>\n\n\n\n<p>2\u00aa DOSE: GESTANTES E PU\u00c9RPERAS APRAZADAS AT\u00c9 11\/1\/2023<\/p>\n\n\n\n<p>3\u00aa DOSE \u2013 ADOLESCENTES DE 12 A 17 ANOS QUE TOMARAM A 2\u00aa DOSE AT\u00c9 O DIA 17\/8\/2022<\/p>\n\n\n\n<p>3\u00aa DOSE: PESSOAS COM 18 ANOS OU MAIS QUE TOMARAM A 2\u00aa DOSE AT\u00c9 O DIA 17\/8\/2022 \u2013 LIBEROU GERAL<\/p>\n\n\n\n<p>3\u00aa DOSE &#8211; PFIZER: IMUNOSSUPRIMIDOS COM 12 ANOS OU MAIS QUE TOMARAM A 2\u00aa DOSE AT\u00c9 O DIA 20\/10\/2022<\/p>\n\n\n\n<p>3\u00aa DOSE: GESTANTES E PU\u00c9RPERAS QUE TOMARAM A 2\u00aa DOSE AT\u00c9 O DIA 14\/7\/2022<\/p>\n\n\n\n<p>3\u00aa DOSE \u2013 JANSSEN (2\u00ba REFOR\u00c7O): PESSOAS ENTRE 18 E 39 ANOS QUE FIZERAM O ESQUEMA PRIM\u00c1RIO COM JANSSEN AT\u00c9 22\/8\/2022<\/p>\n\n\n\n<p>4\u00aa DOSE \u2013 JANSSEN (3\u00ba REFOR\u00c7O): PESSOAS COM 40 ANOS OU MAIS QUE FIZERAM O ESQUEMA PRIM\u00c1RIO COM JANSSEN AT\u00c9 15\/8\/2022<\/p>\n\n\n\n<p>4\u00aa DOSE: PESSOAS COM 18 ANOS OU MAIS QUE TOMARAM A 3\u00aa DOSE AT\u00c9 O DIA 18\/8\/2022 \u2013 LIBEROU GERAL<\/p>\n\n\n\n<p>4\u00aa DOSE: PESSOAS COM 12 ANOS OU MAIS IMUNOSSUPRESSAS QUE TOMARAM A 3\u00aa DOSE AT\u00c9 O DIA 18\/8\/2022<\/p>\n\n\n\n<p>5\u00aa DOSE: PESSOAS COM 18 ANOS OU MAIS IMUNOSSUPRESSAS (INCLUINDO GESTANTES E PU\u00c9RPERAS COM ESTA CONDI\u00c7\u00c3O CL\u00cdNICA ELENCADAS NA NOTA 221\/2022) QUE TOMARAM A 4\u00aa DOSE AT\u00c9 O DIA 15\/8\/2022<\/p>\n\n\n\n<p>POSTOS:<\/p>\n\n\n\n<p>1\u00aa DOSE \u2013 CORONAVAC PEDI\u00c1TRICA: CRIAN\u00c7AS DE 3 E 4 ANOS (INCLUINDO IMUNOSSUPRIMIDAS)<\/p>\n\n\n\n<p>Postos fixos: UBS P\u00e9ricles Cardoso (Barbalho), UBS Virg\u00edlio Carvalho (Bonfim), USF Capelinha, USF Lealdina Barros (Vale da Muri\u00e7oca), UBS Pires da Veiga (Pau da Lima), USF Cajazeiras IV, UBS Jos\u00e9 Mariane (Itapu\u00e3), CSU Pernambu\u00e9s, Multicentro Liberdade, USF Curralinho, UBS Manoel Victorino (Brotas), UBS S\u00e9rgio Arouca (Paripe), USF Bom Jesus dos Passos, USF Ilha de Mar\u00e9 e USF Paramana.<\/p>\n\n\n\n<p>OBS: De acordo com a Nota T\u00e9cnica N\u00ba 2\/2022-SECOVID\/GAB\/SECOVID\/MS, as rian\u00e7as com 11 anos que iniciaram o esquema vacinal com a vacina Pfizer pedi\u00e1trica, mas que, entre a primeira e a segunda dose, completaram 12 anos, dever\u00e3o completar o esquema com o imunizante da Pfizer pedi\u00e1trica.<\/p>\n\n\n\n<p>1\u00aa DOSE \u2013 CORONAVAC PEDI\u00c1TRICA: CRIAN\u00c7AS DE 3 E 4 ANOS (INCLUINDO IMUNOSSUPRIMIDAS)<\/p>\n\n\n\n<p>Postos fixos: USF Lealdina Barros (Vale da Muri\u00e7oca), CSU Pernambu\u00e9s, USF Curralinho, UBS Sergio Arouca (Paripe), USF Bom Jesus dos Passos, USF Ilha de Mar\u00e9 e USF Paramana.<\/p>\n\n\n\n<p>2\u00aa DOSE \u2013 CORONAVAC PEDI\u00c1TRICA: CRIAN\u00c7AS DE 3 E 4 ANOS (INCLUINDO IMUNOSSUPRIMIDAS)<\/p>\n\n\n\n<p>Postos fixos: USF Lealdina Barros (Vale da Muri\u00e7oca), USF Menino Joel (Nordeste de Amaralina), USF Curralinho, UBS Cosme de Farias, CSU Pernambu\u00e9s, USF Cajazeiras V, UBS P\u00e9ricles Cardoso (Barbalho), UBS Virg\u00edlio Carvalho (Bonfim), USF Joanes Centro Oeste, UBS Jos\u00e9 Mariane (Itapu\u00e3), USF Mussurunga I, Multicentro Liberdade, UBS Cecy Andrade (Castelo Branco), USF Deputado Luiz Braga (Piraj\u00e1), UBS Sergio Arouca (Paripe), USF Colinas de Periperi, USF Bom Jesus dos Passos, USF Ilha de Mar\u00e9 e USF Paramana.<\/p>\n\n\n\n<p>2\u00aa DOSE CORONAVAC \u2013 PESSOAS COM 12 ANOS OU MAIS \u2013 LIBEROU GERAL<\/p>\n\n\n\n<p>Postos fixos: USF Lealdina Barros (Vale da Muri\u00e7oca), USF Menino Joel, USF Curralinho, UBS Cosme de Farias, CSU Pernambu\u00e9s, USF Cajazeiras V, UBS P\u00e9ricles Esteves Cardoso (Barbalho), UBS Virg\u00edlio Carvalho (Bonfim), USF Mussurunga I, Multicentro Liberdade, UBS Cecy Andrade, USF Deputado Luiz Braga (Piraj\u00e1) e UBS S\u00e9rgio Arouca (Paripe).<\/p>\n\n\n\n<p>VACINA\u00c7\u00c3O ADULTO \u2013 1\u00aa, 2\u00aa, 3\u00aa E 4\u00aa DOSES (EXCETO 2\u00aa DOSE DA CORONAVAC E DA JANSSEN);<\/p>\n\n\n\n<p>5\u00aa DOSE: IMUNOCOMPROMETIDOS COM 18 ANOS OU MAIS (INCLUINDO GESTANTES E PU\u00c9RPERAS)<\/p>\n\n\n\n<p>Drive-thrus: 5\u00ba Centro de Sa\u00fade (Barris) e Atakad\u00e3o Atakerejo (Fazenda Coutos).<\/p>\n\n\n\n<p>Pontos fixos: Home Center Ferreira Costa (8h \u00e0s 16h) e shoppings Bela Vista e da Bahia (9h \u00e0s 16h).<\/p>\n\n\n\n<p>Postos fixos: 5\u00ba Centro de Sa\u00fade (Barris), USF Alto das Pombas, USF Menino Joel, USF Lealdina Barros (Vale da Muri\u00e7oca), UBS Santa Cruz (das 08 \u00e0s 14h30), USF Federa\u00e7\u00e3o, USF Sabino Silva, USF Imbu\u00ed, USF Curralinho, USF M\u00e1rio Andr\u00e9a (Sete Portas), USF Santa Luzia (Engenho Velho de Brotas), USF Vale do Matatu, USF Sussuarana I, UBS Santo In\u00e1cio, USF Cajazeiras X, USF Boca da Mata, USF Yolanda Pires, USF Cajazeiras V, USF Cajazeiras XI, USF Jardim das Mangabeiras, UBS Ramiro de Azevedo (Campo da P\u00f3lvora), USF Terreiro de Jesus, UBS Ministro Alkimin (Massaranduba), USF Joanes Leste, USF Joanes Centro Oeste, USF Alto do Coqueirinho, USF Km 17, UBS Eduardo Mamede (Mussurunga), USF Parque S\u00e3o Crist\u00f3v\u00e3o, USF Jardim Campo Verde, USF Cora\u00e7\u00e3o de Maria, USF Aristides Maltez, USF Ceasa I e II, USF Itapu\u00e3, USF Jardim das Margaridas, UBS Orlando Imbassahy (Bairro da Paz), USF Vila Verde, USF S\u00e3o Crist\u00f3v\u00e3o, USF Mussurunga I, UBS S\u00e3o Crist\u00f3v\u00e3o, USF Nova Esperan\u00e7a, USF IAPI, USF San Martin I, USF San Martim III, UBS Cecy Andrade (Castelo Branco), USF Vila Nova de Pitua\u00e7u, USF Nova Bras\u00edlia, USF Dom Avelar, UBS Vale dos Lagos, USF Boa Vista do S\u00e3o Caetano, USF Alto do Peru, USF Recanto da Lagoa II, USF San Martim II, USF Antonio Lazzarotto (Plataforma), USF Alto do Cabrito, UBS P\u00e9ricles Laranjeiras (Fazenda Grande do Retiro), USF Vista Alegre, USF Alto de Coutos II, USF Plataforma, USF Tubar\u00e3o, USF Alto do Cruzeiro, USF Nova Constituinte, USF Congo, USF Fazenda Coutos III, UBS Periperi, USF Bom Jesus dos Passos, USF Ilha de Mar\u00e9 e USF Paramana.<\/p>\n\n\n\n<p>Foto: Bruno Concha\/Secom<\/p>\n","protected":false},"excerpt":{"rendered":"<p>Salvador segue com a vacina\u00e7\u00e3o contra a Covid-19 nesta sexta-feira (16), das 8h \u00e0s 16h. A 5\u00aa dose de refor\u00e7o segue exclusivamente para pessoas imussuprimidas com 18 anos ou mais, inclusive, gestantes e pu\u00e9rperas com esta condi\u00e7\u00e3o cl\u00ednica elencadas na Nota 221\/2022.<\/p>\n","protected":false},"author":1,"featured_media":698926,"comment_status":"closed","ping_status":"closed","sticky":false,"template":"","format":"standard","meta":[],"categories":[3,21],"tags":[],"acf":[],"yoast_head":"<!-- This site is optimized with the Yoast SEO plugin v20.8 - https:\/\/yoast.com\/wordpress\/plugins\/seo\/ -->\n<title>VACINA\u00c7\u00c3O CONTRA COVID-19 SEGUE EM SALVADOR NESTA SEXTA - Bahia Economica<\/title>\n<meta name=\"description\" content=\"O maior portal de Economia da Bahia ECONOMIA \/ POL\u00cdTICA, Sa\u00fade \/ Educa\u00e7\u00e3o Bahia Economica\" \/>\n<meta name=\"robots\" content=\"index, follow, max-snippet:-1, max-image-preview:large, max-video-preview:-1\" \/>\n<link rel=\"canonical\" href=\"https:\/\/bahiaeconomica.com.br\/wp\/2022\/12\/16\/vacinacao-contra-covid-19-segue-em-salvador-nesta-sexta\/\" \/>\n<meta property=\"og:locale\" content=\"pt_BR\" \/>\n<meta property=\"og:type\" content=\"article\" \/>\n<meta property=\"og:title\" content=\"VACINA\u00c7\u00c3O CONTRA COVID-19 SEGUE EM SALVADOR NESTA SEXTA - Bahia Economica\" \/>\n<meta property=\"og:description\" content=\"O maior portal de Economia da Bahia ECONOMIA \/ POL\u00cdTICA, Sa\u00fade \/ Educa\u00e7\u00e3o Bahia Economica\" \/>\n<meta property=\"og:url\" content=\"https:\/\/bahiaeconomica.com.br\/wp\/2022\/12\/16\/vacinacao-contra-covid-19-segue-em-salvador-nesta-sexta\/\" \/>\n<meta property=\"og:site_name\" content=\"Bahia Economica\" \/>\n<meta property=\"article:publisher\" content=\"https:\/\/www.facebook.com\/bahiaeconomica\" \/>\n<meta property=\"article:published_time\" content=\"2022-12-16T12:00:00+00:00\" \/>\n<meta property=\"article:modified_time\" content=\"2022-12-16T11:03:18+00:00\" \/>\n<meta property=\"og:image\" content=\"https:\/\/bahiaeconomica.com.br\/wp\/wp-content\/uploads\/2022\/10\/2021-07-01-vacinao-ilha-foto-betto-jr-10.webp\" \/>\n\t<meta property=\"og:image:width\" content=\"984\" \/>\n\t<meta property=\"og:image:height\" content=\"657\" \/>\n\t<meta property=\"og:image:type\" content=\"image\/webp\" \/>\n<meta name=\"author\" content=\"admin\" \/>\n<meta name=\"twitter:card\" content=\"summary_large_image\" \/>\n<meta name=\"twitter:label1\" content=\"Escrito por\" \/>\n\t<meta name=\"twitter:data1\" content=\"admin\" \/>\n\t<meta name=\"twitter:label2\" content=\"Est. tempo de leitura\" \/>\n\t<meta name=\"twitter:data2\" content=\"8 minutos\" \/>\n<script type=\"application\/ld+json\" class=\"yoast-schema-graph\">{\"@context\":\"https:\/\/schema.org\",\"@graph\":[{\"@type\":\"Article\",\"@id\":\"https:\/\/bahiaeconomica.com.br\/wp\/2022\/12\/16\/vacinacao-contra-covid-19-segue-em-salvador-nesta-sexta\/#article\",\"isPartOf\":{\"@id\":\"https:\/\/bahiaeconomica.com.br\/wp\/2022\/12\/16\/vacinacao-contra-covid-19-segue-em-salvador-nesta-sexta\/\"},\"author\":{\"name\":\"admin\",\"@id\":\"https:\/\/bahiaeconomica.com.br\/wp\/#\/schema\/person\/cb1ab5ba96ad3d9390805381c76284ec\"},\"headline\":\"VACINA\u00c7\u00c3O CONTRA COVID-19 SEGUE EM SALVADOR NESTA SEXTA\",\"datePublished\":\"2022-12-16T12:00:00+00:00\",\"dateModified\":\"2022-12-16T11:03:18+00:00\",\"mainEntityOfPage\":{\"@id\":\"https:\/\/bahiaeconomica.com.br\/wp\/2022\/12\/16\/vacinacao-contra-covid-19-segue-em-salvador-nesta-sexta\/\"},\"wordCount\":1472,\"publisher\":{\"@id\":\"https:\/\/bahiaeconomica.com.br\/wp\/#organization\"},\"articleSection\":[\"ECONOMIA \/ POL\u00cdTICA\",\"Sa\u00fade \/ Educa\u00e7\u00e3o\"],\"inLanguage\":\"pt-BR\"},{\"@type\":\"WebPage\",\"@id\":\"https:\/\/bahiaeconomica.com.br\/wp\/2022\/12\/16\/vacinacao-contra-covid-19-segue-em-salvador-nesta-sexta\/\",\"url\":\"https:\/\/bahiaeconomica.com.br\/wp\/2022\/12\/16\/vacinacao-contra-covid-19-segue-em-salvador-nesta-sexta\/\",\"name\":\"VACINA\u00c7\u00c3O CONTRA COVID-19 SEGUE EM SALVADOR NESTA SEXTA - Bahia Economica\",\"isPartOf\":{\"@id\":\"https:\/\/bahiaeconomica.com.br\/wp\/#website\"},\"datePublished\":\"2022-12-16T12:00:00+00:00\",\"dateModified\":\"2022-12-16T11:03:18+00:00\",\"description\":\"O maior portal de Economia da Bahia ECONOMIA \/ POL\u00cdTICA, Sa\u00fade \/ Educa\u00e7\u00e3o Bahia Economica\",\"breadcrumb\":{\"@id\":\"https:\/\/bahiaeconomica.com.br\/wp\/2022\/12\/16\/vacinacao-contra-covid-19-segue-em-salvador-nesta-sexta\/#breadcrumb\"},\"inLanguage\":\"pt-BR\",\"potentialAction\":[{\"@type\":\"ReadAction\",\"target\":[\"https:\/\/bahiaeconomica.com.br\/wp\/2022\/12\/16\/vacinacao-contra-covid-19-segue-em-salvador-nesta-sexta\/\"]}]},{\"@type\":\"BreadcrumbList\",\"@id\":\"https:\/\/bahiaeconomica.com.br\/wp\/2022\/12\/16\/vacinacao-contra-covid-19-segue-em-salvador-nesta-sexta\/#breadcrumb\",\"itemListElement\":[{\"@type\":\"ListItem\",\"position\":1,\"name\":\"In\u00edcio\",\"item\":\"https:\/\/bahiaeconomica.com.br\/wp\/\"},{\"@type\":\"ListItem\",\"position\":2,\"name\":\"VACINA\u00c7\u00c3O CONTRA COVID-19 SEGUE EM SALVADOR NESTA SEXTA\"}]},{\"@type\":\"WebSite\",\"@id\":\"https:\/\/bahiaeconomica.com.br\/wp\/#website\",\"url\":\"https:\/\/bahiaeconomica.com.br\/wp\/\",\"name\":\"Bahia Economica\",\"description\":\"O maior portal de Economia da Bahia\",\"publisher\":{\"@id\":\"https:\/\/bahiaeconomica.com.br\/wp\/#organization\"},\"potentialAction\":[{\"@type\":\"SearchAction\",\"target\":{\"@type\":\"EntryPoint\",\"urlTemplate\":\"https:\/\/bahiaeconomica.com.br\/wp\/?s={search_term_string}\"},\"query-input\":\"required name=search_term_string\"}],\"inLanguage\":\"pt-BR\"},{\"@type\":\"Organization\",\"@id\":\"https:\/\/bahiaeconomica.com.br\/wp\/#organization\",\"name\":\"Bahia Econ\u00f4mica\",\"url\":\"https:\/\/bahiaeconomica.com.br\/wp\/\",\"logo\":{\"@type\":\"ImageObject\",\"inLanguage\":\"pt-BR\",\"@id\":\"https:\/\/bahiaeconomica.com.br\/wp\/#\/schema\/logo\/image\/\",\"url\":\"https:\/\/bahiaeconomica.com.br\/wp\/wp-content\/uploads\/2020\/12\/cropped-BE.png\",\"contentUrl\":\"https:\/\/bahiaeconomica.com.br\/wp\/wp-content\/uploads\/2020\/12\/cropped-BE.png\",\"width\":512,\"height\":512,\"caption\":\"Bahia Econ\u00f4mica\"},\"image\":{\"@id\":\"https:\/\/bahiaeconomica.com.br\/wp\/#\/schema\/logo\/image\/\"},\"sameAs\":[\"https:\/\/www.facebook.com\/bahiaeconomica\"]},{\"@type\":\"Person\",\"@id\":\"https:\/\/bahiaeconomica.com.br\/wp\/#\/schema\/person\/cb1ab5ba96ad3d9390805381c76284ec\",\"name\":\"admin\",\"url\":\"https:\/\/bahiaeconomica.com.br\/wp\/author\/admin\/\"}]}<\/script>\n<!-- \/ Yoast SEO plugin. -->","yoast_head_json":{"title":"VACINA\u00c7\u00c3O CONTRA COVID-19 SEGUE EM SALVADOR NESTA SEXTA - Bahia Economica","description":"O maior portal de Economia da Bahia ECONOMIA \/ POL\u00cdTICA, Sa\u00fade \/ Educa\u00e7\u00e3o Bahia Economica","robots":{"index":"index","follow":"follow","max-snippet":"max-snippet:-1","max-image-preview":"max-image-preview:large","max-video-preview":"max-video-preview:-1"},"canonical":"https:\/\/bahiaeconomica.com.br\/wp\/2022\/12\/16\/vacinacao-contra-covid-19-segue-em-salvador-nesta-sexta\/","og_locale":"pt_BR","og_type":"article","og_title":"VACINA\u00c7\u00c3O CONTRA COVID-19 SEGUE EM SALVADOR NESTA SEXTA - Bahia Economica","og_description":"O maior portal de Economia da Bahia ECONOMIA \/ POL\u00cdTICA, Sa\u00fade \/ Educa\u00e7\u00e3o Bahia Economica","og_url":"https:\/\/bahiaeconomica.com.br\/wp\/2022\/12\/16\/vacinacao-contra-covid-19-segue-em-salvador-nesta-sexta\/","og_site_name":"Bahia Economica","article_publisher":"https:\/\/www.facebook.com\/bahiaeconomica","article_published_time":"2022-12-16T12:00:00+00:00","article_modified_time":"2022-12-16T11:03:18+00:00","og_image":[{"width":984,"height":657,"url":"https:\/\/bahiaeconomica.com.br\/wp\/wp-content\/uploads\/2022\/10\/2021-07-01-vacinao-ilha-foto-betto-jr-10.webp","type":"image\/webp"}],"author":"admin","twitter_card":"summary_large_image","twitter_misc":{"Escrito por":"admin","Est. tempo de leitura":"8 minutos"},"schema":{"@context":"https:\/\/schema.org","@graph":[{"@type":"Article","@id":"https:\/\/bahiaeconomica.com.br\/wp\/2022\/12\/16\/vacinacao-contra-covid-19-segue-em-salvador-nesta-sexta\/#article","isPartOf":{"@id":"https:\/\/bahiaeconomica.com.br\/wp\/2022\/12\/16\/vacinacao-contra-covid-19-segue-em-salvador-nesta-sexta\/"},"author":{"name":"admin","@id":"https:\/\/bahiaeconomica.com.br\/wp\/#\/schema\/person\/cb1ab5ba96ad3d9390805381c76284ec"},"headline":"VACINA\u00c7\u00c3O CONTRA COVID-19 SEGUE EM SALVADOR NESTA SEXTA","datePublished":"2022-12-16T12:00:00+00:00","dateModified":"2022-12-16T11:03:18+00:00","mainEntityOfPage":{"@id":"https:\/\/bahiaeconomica.com.br\/wp\/2022\/12\/16\/vacinacao-contra-covid-19-segue-em-salvador-nesta-sexta\/"},"wordCount":1472,"publisher":{"@id":"https:\/\/bahiaeconomica.com.br\/wp\/#organization"},"articleSection":["ECONOMIA \/ POL\u00cdTICA","Sa\u00fade \/ Educa\u00e7\u00e3o"],"inLanguage":"pt-BR"},{"@type":"WebPage","@id":"https:\/\/bahiaeconomica.com.br\/wp\/2022\/12\/16\/vacinacao-contra-covid-19-segue-em-salvador-nesta-sexta\/","url":"https:\/\/bahiaeconomica.com.br\/wp\/2022\/12\/16\/vacinacao-contra-covid-19-segue-em-salvador-nesta-sexta\/","name":"VACINA\u00c7\u00c3O CONTRA COVID-19 SEGUE EM SALVADOR NESTA SEXTA - Bahia Economica","isPartOf":{"@id":"https:\/\/bahiaeconomica.com.br\/wp\/#website"},"datePublished":"2022-12-16T12:00:00+00:00","dateModified":"2022-12-16T11:03:18+00:00","description":"O maior portal de Economia da Bahia ECONOMIA \/ POL\u00cdTICA, Sa\u00fade \/ Educa\u00e7\u00e3o Bahia Economica","breadcrumb":{"@id":"https:\/\/bahiaeconomica.com.br\/wp\/2022\/12\/16\/vacinacao-contra-covid-19-segue-em-salvador-nesta-sexta\/#breadcrumb"},"inLanguage":"pt-BR","potentialAction":[{"@type":"ReadAction","target":["https:\/\/bahiaeconomica.com.br\/wp\/2022\/12\/16\/vacinacao-contra-covid-19-segue-em-salvador-nesta-sexta\/"]}]},{"@type":"BreadcrumbList","@id":"https:\/\/bahiaeconomica.com.br\/wp\/2022\/12\/16\/vacinacao-contra-covid-19-segue-em-salvador-nesta-sexta\/#breadcrumb","itemListElement":[{"@type":"ListItem","position":1,"name":"In\u00edcio","item":"https:\/\/bahiaeconomica.com.br\/wp\/"},{"@type":"ListItem","position":2,"name":"VACINA\u00c7\u00c3O CONTRA COVID-19 SEGUE EM SALVADOR NESTA SEXTA"}]},{"@type":"WebSite","@id":"https:\/\/bahiaeconomica.com.br\/wp\/#website","url":"https:\/\/bahiaeconomica.com.br\/wp\/","name":"Bahia Economica","description":"O maior portal de Economia da Bahia","publisher":{"@id":"https:\/\/bahiaeconomica.com.br\/wp\/#organization"},"potentialAction":[{"@type":"SearchAction","target":{"@type":"EntryPoint","urlTemplate":"https:\/\/bahiaeconomica.com.br\/wp\/?s={search_term_string}"},"query-input":"required name=search_term_string"}],"inLanguage":"pt-BR"},{"@type":"Organization","@id":"https:\/\/bahiaeconomica.com.br\/wp\/#organization","name":"Bahia Econ\u00f4mica","url":"https:\/\/bahiaeconomica.com.br\/wp\/","logo":{"@type":"ImageObject","inLanguage":"pt-BR","@id":"https:\/\/bahiaeconomica.com.br\/wp\/#\/schema\/logo\/image\/","url":"https:\/\/bahiaeconomica.com.br\/wp\/wp-content\/uploads\/2020\/12\/cropped-BE.png","contentUrl":"https:\/\/bahiaeconomica.com.br\/wp\/wp-content\/uploads\/2020\/12\/cropped-BE.png","width":512,"height":512,"caption":"Bahia Econ\u00f4mica"},"image":{"@id":"https:\/\/bahiaeconomica.com.br\/wp\/#\/schema\/logo\/image\/"},"sameAs":["https:\/\/www.facebook.com\/bahiaeconomica"]},{"@type":"Person","@id":"https:\/\/bahiaeconomica.com.br\/wp\/#\/schema\/person\/cb1ab5ba96ad3d9390805381c76284ec","name":"admin","url":"https:\/\/bahiaeconomica.com.br\/wp\/author\/admin\/"}]}},"views":4,"_links":{"self":[{"href":"https:\/\/bahiaeconomica.com.br\/wp\/wp-json\/wp\/v2\/posts\/706103"}],"collection":[{"href":"https:\/\/bahiaeconomica.com.br\/wp\/wp-json\/wp\/v2\/posts"}],"about":[{"href":"https:\/\/bahiaeconomica.com.br\/wp\/wp-json\/wp\/v2\/types\/post"}],"author":[{"embeddable":true,"href":"https:\/\/bahiaeconomica.com.br\/wp\/wp-json\/wp\/v2\/users\/1"}],"replies":[{"embeddable":true,"href":"https:\/\/bahiaeconomica.com.br\/wp\/wp-json\/wp\/v2\/comments?post=706103"}],"version-history":[{"count":1,"href":"https:\/\/bahiaeconomica.com.br\/wp\/wp-json\/wp\/v2\/posts\/706103\/revisions"}],"predecessor-version":[{"id":706104,"href":"https:\/\/bahiaeconomica.com.br\/wp\/wp-json\/wp\/v2\/posts\/706103\/revisions\/706104"}],"wp:featuredmedia":[{"embeddable":true,"href":"https:\/\/bahiaeconomica.com.br\/wp\/wp-json\/wp\/v2\/media\/698926"}],"wp:attachment":[{"href":"https:\/\/bahiaeconomica.com.br\/wp\/wp-json\/wp\/v2\/media?parent=706103"}],"wp:term":[{"taxonomy":"category","embeddable":true,"href":"https:\/\/bahiaeconomica.com.br\/wp\/wp-json\/wp\/v2\/categories?post=706103"},{"taxonomy":"post_tag","embeddable":true,"href":"https:\/\/bahiaeconomica.com.br\/wp\/wp-json\/wp\/v2\/tags?post=706103"}],"curies":[{"name":"wp","href":"https:\/\/api.w.org\/{rel}","templated":true}]}}