{"id":705997,"date":"2022-12-15T15:52:54","date_gmt":"2022-12-15T18:52:54","guid":{"rendered":"https:\/\/bahiaeconomica.com.br\/wp\/beta\/?p=705997"},"modified":"2022-12-15T15:52:57","modified_gmt":"2022-12-15T18:52:57","slug":"acoes-da-oi-disparam-na-bolsa-com-fim-da-recuperacao-judicial","status":"publish","type":"post","link":"https:\/\/bahiaeconomica.com.br\/wp\/2022\/12\/15\/acoes-da-oi-disparam-na-bolsa-com-fim-da-recuperacao-judicial\/","title":{"rendered":"A\u00c7\u00d5ES DA OI DISPARAM NA BOLSA COM FIM DA RECUPERA\u00c7\u00c3O JUDICIAL"},"content":{"rendered":"\n<p>Em 2016, a Oi fez o maior pedido de recupera\u00e7\u00e3o judicial do pa\u00eds at\u00e9 ent\u00e3o, sob peso de cerca de 65 bilh\u00f5es de reais em d\u00edvidas.<\/p>\n\n\n\n<!--more-->\n\n\n\n<p>As a\u00e7\u00f5es da companhia na B3, a Bolsa de Valores brasileira, dispararam ap\u00f3s a Oi informar nesta quinta-feira (15) que chegou ao fim o seu processo de recupera\u00e7\u00e3o judicial. O encerramento do processo, que j\u00e1 se arrastava h\u00e1 mais de seis anos na justi\u00e7a, foi decretado pela 7\u00aa Vara Empresarial da Comarca da Capital do Estado do Rio de Janeiro.<\/p>\n\n\n\n<p>A Oi entrou em recupera\u00e7\u00e3o em 2016, com d\u00edvidas de R$ 65,4 bilh\u00f5es. Em 2020, a Justi\u00e7a aprovou a divis\u00e3o dos ativos da companhia em cinco Unidades Produtivas Isoladas (UPIs), colocadas \u00e0 venda, entre elas, o servi\u00e7o de opera\u00e7\u00e3o m\u00f3vel. A conclus\u00e3o de todo o processo \u00e9 vista pela empresa como essencial para a reformula\u00e7\u00e3o e diminui\u00e7\u00e3o da complexidade da institui\u00e7\u00e3o, com foco na expans\u00e3o da fibra e neg\u00f3cios digitais.<\/p>\n\n\n\n<p>Foto: Paulo Whitaker\/Reuters<\/p>\n","protected":false},"excerpt":{"rendered":"<p>Em 2016, a Oi fez o maior pedido de recupera\u00e7\u00e3o judicial do pa\u00eds at\u00e9 ent\u00e3o, sob peso de cerca de 65 bilh\u00f5es de reais em d\u00edvidas.<\/p>\n","protected":false},"author":1,"featured_media":706006,"comment_status":"closed","ping_status":"closed","sticky":false,"template":"","format":"standard","meta":[],"categories":[3,15],"tags":[],"acf":[],"yoast_head":"<!-- This site is optimized with the Yoast SEO plugin v20.8 - https:\/\/yoast.com\/wordpress\/plugins\/seo\/ -->\n<title>A\u00c7\u00d5ES DA OI DISPARAM NA BOLSA COM FIM DA RECUPERA\u00c7\u00c3O JUDICIAL - Bahia Economica<\/title>\n<meta name=\"description\" content=\"O maior portal de Economia da Bahia ECONOMIA \/ POL\u00cdTICA, SEU INVESTIMENTO Bahia Economica\" \/>\n<meta name=\"robots\" content=\"index, follow, max-snippet:-1, max-image-preview:large, max-video-preview:-1\" \/>\n<link rel=\"canonical\" href=\"https:\/\/bahiaeconomica.com.br\/wp\/2022\/12\/15\/acoes-da-oi-disparam-na-bolsa-com-fim-da-recuperacao-judicial\/\" \/>\n<meta property=\"og:locale\" content=\"pt_BR\" \/>\n<meta property=\"og:type\" content=\"article\" \/>\n<meta property=\"og:title\" content=\"A\u00c7\u00d5ES DA OI DISPARAM NA BOLSA COM FIM DA RECUPERA\u00c7\u00c3O JUDICIAL - Bahia Economica\" \/>\n<meta property=\"og:description\" content=\"O maior portal de Economia da Bahia ECONOMIA \/ POL\u00cdTICA, SEU INVESTIMENTO Bahia Economica\" \/>\n<meta property=\"og:url\" content=\"https:\/\/bahiaeconomica.com.br\/wp\/2022\/12\/15\/acoes-da-oi-disparam-na-bolsa-com-fim-da-recuperacao-judicial\/\" \/>\n<meta property=\"og:site_name\" content=\"Bahia Economica\" \/>\n<meta property=\"article:publisher\" content=\"https:\/\/www.facebook.com\/bahiaeconomica\" \/>\n<meta property=\"article:published_time\" content=\"2022-12-15T18:52:54+00:00\" \/>\n<meta property=\"article:modified_time\" content=\"2022-12-15T18:52:57+00:00\" \/>\n<meta property=\"og:image\" content=\"https:\/\/bahiaeconomica.com.br\/wp\/wp-content\/uploads\/2022\/12\/oiiii.webp\" \/>\n\t<meta property=\"og:image:width\" content=\"876\" \/>\n\t<meta property=\"og:image:height\" content=\"484\" \/>\n\t<meta property=\"og:image:type\" content=\"image\/webp\" \/>\n<meta name=\"author\" content=\"admin\" \/>\n<meta name=\"twitter:card\" content=\"summary_large_image\" \/>\n<meta name=\"twitter:label1\" content=\"Escrito por\" \/>\n\t<meta name=\"twitter:data1\" content=\"admin\" \/>\n\t<meta name=\"twitter:label2\" content=\"Est. tempo de leitura\" \/>\n\t<meta name=\"twitter:data2\" content=\"1 minuto\" \/>\n<script type=\"application\/ld+json\" class=\"yoast-schema-graph\">{\"@context\":\"https:\/\/schema.org\",\"@graph\":[{\"@type\":\"Article\",\"@id\":\"https:\/\/bahiaeconomica.com.br\/wp\/2022\/12\/15\/acoes-da-oi-disparam-na-bolsa-com-fim-da-recuperacao-judicial\/#article\",\"isPartOf\":{\"@id\":\"https:\/\/bahiaeconomica.com.br\/wp\/2022\/12\/15\/acoes-da-oi-disparam-na-bolsa-com-fim-da-recuperacao-judicial\/\"},\"author\":{\"name\":\"admin\",\"@id\":\"https:\/\/bahiaeconomica.com.br\/wp\/#\/schema\/person\/cb1ab5ba96ad3d9390805381c76284ec\"},\"headline\":\"A\u00c7\u00d5ES DA OI DISPARAM NA BOLSA COM FIM DA RECUPERA\u00c7\u00c3O JUDICIAL\",\"datePublished\":\"2022-12-15T18:52:54+00:00\",\"dateModified\":\"2022-12-15T18:52:57+00:00\",\"mainEntityOfPage\":{\"@id\":\"https:\/\/bahiaeconomica.com.br\/wp\/2022\/12\/15\/acoes-da-oi-disparam-na-bolsa-com-fim-da-recuperacao-judicial\/\"},\"wordCount\":187,\"publisher\":{\"@id\":\"https:\/\/bahiaeconomica.com.br\/wp\/#organization\"},\"articleSection\":[\"ECONOMIA \/ POL\u00cdTICA\",\"SEU INVESTIMENTO\"],\"inLanguage\":\"pt-BR\"},{\"@type\":\"WebPage\",\"@id\":\"https:\/\/bahiaeconomica.com.br\/wp\/2022\/12\/15\/acoes-da-oi-disparam-na-bolsa-com-fim-da-recuperacao-judicial\/\",\"url\":\"https:\/\/bahiaeconomica.com.br\/wp\/2022\/12\/15\/acoes-da-oi-disparam-na-bolsa-com-fim-da-recuperacao-judicial\/\",\"name\":\"A\u00c7\u00d5ES DA OI DISPARAM NA BOLSA COM FIM DA RECUPERA\u00c7\u00c3O JUDICIAL - Bahia Economica\",\"isPartOf\":{\"@id\":\"https:\/\/bahiaeconomica.com.br\/wp\/#website\"},\"datePublished\":\"2022-12-15T18:52:54+00:00\",\"dateModified\":\"2022-12-15T18:52:57+00:00\",\"description\":\"O maior portal de Economia da Bahia ECONOMIA \/ POL\u00cdTICA, SEU INVESTIMENTO Bahia Economica\",\"breadcrumb\":{\"@id\":\"https:\/\/bahiaeconomica.com.br\/wp\/2022\/12\/15\/acoes-da-oi-disparam-na-bolsa-com-fim-da-recuperacao-judicial\/#breadcrumb\"},\"inLanguage\":\"pt-BR\",\"potentialAction\":[{\"@type\":\"ReadAction\",\"target\":[\"https:\/\/bahiaeconomica.com.br\/wp\/2022\/12\/15\/acoes-da-oi-disparam-na-bolsa-com-fim-da-recuperacao-judicial\/\"]}]},{\"@type\":\"BreadcrumbList\",\"@id\":\"https:\/\/bahiaeconomica.com.br\/wp\/2022\/12\/15\/acoes-da-oi-disparam-na-bolsa-com-fim-da-recuperacao-judicial\/#breadcrumb\",\"itemListElement\":[{\"@type\":\"ListItem\",\"position\":1,\"name\":\"In\u00edcio\",\"item\":\"https:\/\/bahiaeconomica.com.br\/wp\/\"},{\"@type\":\"ListItem\",\"position\":2,\"name\":\"A\u00c7\u00d5ES DA OI DISPARAM NA BOLSA COM FIM DA RECUPERA\u00c7\u00c3O JUDICIAL\"}]},{\"@type\":\"WebSite\",\"@id\":\"https:\/\/bahiaeconomica.com.br\/wp\/#website\",\"url\":\"https:\/\/bahiaeconomica.com.br\/wp\/\",\"name\":\"Bahia Economica\",\"description\":\"O maior portal de Economia da Bahia\",\"publisher\":{\"@id\":\"https:\/\/bahiaeconomica.com.br\/wp\/#organization\"},\"potentialAction\":[{\"@type\":\"SearchAction\",\"target\":{\"@type\":\"EntryPoint\",\"urlTemplate\":\"https:\/\/bahiaeconomica.com.br\/wp\/?s={search_term_string}\"},\"query-input\":\"required name=search_term_string\"}],\"inLanguage\":\"pt-BR\"},{\"@type\":\"Organization\",\"@id\":\"https:\/\/bahiaeconomica.com.br\/wp\/#organization\",\"name\":\"Bahia Econ\u00f4mica\",\"url\":\"https:\/\/bahiaeconomica.com.br\/wp\/\",\"logo\":{\"@type\":\"ImageObject\",\"inLanguage\":\"pt-BR\",\"@id\":\"https:\/\/bahiaeconomica.com.br\/wp\/#\/schema\/logo\/image\/\",\"url\":\"https:\/\/bahiaeconomica.com.br\/wp\/wp-content\/uploads\/2020\/12\/cropped-BE.png\",\"contentUrl\":\"https:\/\/bahiaeconomica.com.br\/wp\/wp-content\/uploads\/2020\/12\/cropped-BE.png\",\"width\":512,\"height\":512,\"caption\":\"Bahia Econ\u00f4mica\"},\"image\":{\"@id\":\"https:\/\/bahiaeconomica.com.br\/wp\/#\/schema\/logo\/image\/\"},\"sameAs\":[\"https:\/\/www.facebook.com\/bahiaeconomica\"]},{\"@type\":\"Person\",\"@id\":\"https:\/\/bahiaeconomica.com.br\/wp\/#\/schema\/person\/cb1ab5ba96ad3d9390805381c76284ec\",\"name\":\"admin\",\"url\":\"https:\/\/bahiaeconomica.com.br\/wp\/author\/admin\/\"}]}<\/script>\n<!-- \/ Yoast SEO plugin. -->","yoast_head_json":{"title":"A\u00c7\u00d5ES DA OI DISPARAM NA BOLSA COM FIM DA RECUPERA\u00c7\u00c3O JUDICIAL - Bahia Economica","description":"O maior portal de Economia da Bahia ECONOMIA \/ POL\u00cdTICA, SEU INVESTIMENTO Bahia Economica","robots":{"index":"index","follow":"follow","max-snippet":"max-snippet:-1","max-image-preview":"max-image-preview:large","max-video-preview":"max-video-preview:-1"},"canonical":"https:\/\/bahiaeconomica.com.br\/wp\/2022\/12\/15\/acoes-da-oi-disparam-na-bolsa-com-fim-da-recuperacao-judicial\/","og_locale":"pt_BR","og_type":"article","og_title":"A\u00c7\u00d5ES DA OI DISPARAM NA BOLSA COM FIM DA RECUPERA\u00c7\u00c3O JUDICIAL - Bahia Economica","og_description":"O maior portal de Economia da Bahia ECONOMIA \/ POL\u00cdTICA, SEU INVESTIMENTO Bahia Economica","og_url":"https:\/\/bahiaeconomica.com.br\/wp\/2022\/12\/15\/acoes-da-oi-disparam-na-bolsa-com-fim-da-recuperacao-judicial\/","og_site_name":"Bahia Economica","article_publisher":"https:\/\/www.facebook.com\/bahiaeconomica","article_published_time":"2022-12-15T18:52:54+00:00","article_modified_time":"2022-12-15T18:52:57+00:00","og_image":[{"width":876,"height":484,"url":"https:\/\/bahiaeconomica.com.br\/wp\/wp-content\/uploads\/2022\/12\/oiiii.webp","type":"image\/webp"}],"author":"admin","twitter_card":"summary_large_image","twitter_misc":{"Escrito por":"admin","Est. tempo de leitura":"1 minuto"},"schema":{"@context":"https:\/\/schema.org","@graph":[{"@type":"Article","@id":"https:\/\/bahiaeconomica.com.br\/wp\/2022\/12\/15\/acoes-da-oi-disparam-na-bolsa-com-fim-da-recuperacao-judicial\/#article","isPartOf":{"@id":"https:\/\/bahiaeconomica.com.br\/wp\/2022\/12\/15\/acoes-da-oi-disparam-na-bolsa-com-fim-da-recuperacao-judicial\/"},"author":{"name":"admin","@id":"https:\/\/bahiaeconomica.com.br\/wp\/#\/schema\/person\/cb1ab5ba96ad3d9390805381c76284ec"},"headline":"A\u00c7\u00d5ES DA OI DISPARAM NA BOLSA COM FIM DA RECUPERA\u00c7\u00c3O JUDICIAL","datePublished":"2022-12-15T18:52:54+00:00","dateModified":"2022-12-15T18:52:57+00:00","mainEntityOfPage":{"@id":"https:\/\/bahiaeconomica.com.br\/wp\/2022\/12\/15\/acoes-da-oi-disparam-na-bolsa-com-fim-da-recuperacao-judicial\/"},"wordCount":187,"publisher":{"@id":"https:\/\/bahiaeconomica.com.br\/wp\/#organization"},"articleSection":["ECONOMIA \/ POL\u00cdTICA","SEU INVESTIMENTO"],"inLanguage":"pt-BR"},{"@type":"WebPage","@id":"https:\/\/bahiaeconomica.com.br\/wp\/2022\/12\/15\/acoes-da-oi-disparam-na-bolsa-com-fim-da-recuperacao-judicial\/","url":"https:\/\/bahiaeconomica.com.br\/wp\/2022\/12\/15\/acoes-da-oi-disparam-na-bolsa-com-fim-da-recuperacao-judicial\/","name":"A\u00c7\u00d5ES DA OI DISPARAM NA BOLSA COM FIM DA RECUPERA\u00c7\u00c3O JUDICIAL - Bahia Economica","isPartOf":{"@id":"https:\/\/bahiaeconomica.com.br\/wp\/#website"},"datePublished":"2022-12-15T18:52:54+00:00","dateModified":"2022-12-15T18:52:57+00:00","description":"O maior portal de Economia da Bahia ECONOMIA \/ POL\u00cdTICA, SEU INVESTIMENTO Bahia Economica","breadcrumb":{"@id":"https:\/\/bahiaeconomica.com.br\/wp\/2022\/12\/15\/acoes-da-oi-disparam-na-bolsa-com-fim-da-recuperacao-judicial\/#breadcrumb"},"inLanguage":"pt-BR","potentialAction":[{"@type":"ReadAction","target":["https:\/\/bahiaeconomica.com.br\/wp\/2022\/12\/15\/acoes-da-oi-disparam-na-bolsa-com-fim-da-recuperacao-judicial\/"]}]},{"@type":"BreadcrumbList","@id":"https:\/\/bahiaeconomica.com.br\/wp\/2022\/12\/15\/acoes-da-oi-disparam-na-bolsa-com-fim-da-recuperacao-judicial\/#breadcrumb","itemListElement":[{"@type":"ListItem","position":1,"name":"In\u00edcio","item":"https:\/\/bahiaeconomica.com.br\/wp\/"},{"@type":"ListItem","position":2,"name":"A\u00c7\u00d5ES DA OI DISPARAM NA BOLSA COM FIM DA RECUPERA\u00c7\u00c3O JUDICIAL"}]},{"@type":"WebSite","@id":"https:\/\/bahiaeconomica.com.br\/wp\/#website","url":"https:\/\/bahiaeconomica.com.br\/wp\/","name":"Bahia Economica","description":"O maior portal de Economia da Bahia","publisher":{"@id":"https:\/\/bahiaeconomica.com.br\/wp\/#organization"},"potentialAction":[{"@type":"SearchAction","target":{"@type":"EntryPoint","urlTemplate":"https:\/\/bahiaeconomica.com.br\/wp\/?s={search_term_string}"},"query-input":"required name=search_term_string"}],"inLanguage":"pt-BR"},{"@type":"Organization","@id":"https:\/\/bahiaeconomica.com.br\/wp\/#organization","name":"Bahia Econ\u00f4mica","url":"https:\/\/bahiaeconomica.com.br\/wp\/","logo":{"@type":"ImageObject","inLanguage":"pt-BR","@id":"https:\/\/bahiaeconomica.com.br\/wp\/#\/schema\/logo\/image\/","url":"https:\/\/bahiaeconomica.com.br\/wp\/wp-content\/uploads\/2020\/12\/cropped-BE.png","contentUrl":"https:\/\/bahiaeconomica.com.br\/wp\/wp-content\/uploads\/2020\/12\/cropped-BE.png","width":512,"height":512,"caption":"Bahia Econ\u00f4mica"},"image":{"@id":"https:\/\/bahiaeconomica.com.br\/wp\/#\/schema\/logo\/image\/"},"sameAs":["https:\/\/www.facebook.com\/bahiaeconomica"]},{"@type":"Person","@id":"https:\/\/bahiaeconomica.com.br\/wp\/#\/schema\/person\/cb1ab5ba96ad3d9390805381c76284ec","name":"admin","url":"https:\/\/bahiaeconomica.com.br\/wp\/author\/admin\/"}]}},"views":4,"_links":{"self":[{"href":"https:\/\/bahiaeconomica.com.br\/wp\/wp-json\/wp\/v2\/posts\/705997"}],"collection":[{"href":"https:\/\/bahiaeconomica.com.br\/wp\/wp-json\/wp\/v2\/posts"}],"about":[{"href":"https:\/\/bahiaeconomica.com.br\/wp\/wp-json\/wp\/v2\/types\/post"}],"author":[{"embeddable":true,"href":"https:\/\/bahiaeconomica.com.br\/wp\/wp-json\/wp\/v2\/users\/1"}],"replies":[{"embeddable":true,"href":"https:\/\/bahiaeconomica.com.br\/wp\/wp-json\/wp\/v2\/comments?post=705997"}],"version-history":[{"count":2,"href":"https:\/\/bahiaeconomica.com.br\/wp\/wp-json\/wp\/v2\/posts\/705997\/revisions"}],"predecessor-version":[{"id":706007,"href":"https:\/\/bahiaeconomica.com.br\/wp\/wp-json\/wp\/v2\/posts\/705997\/revisions\/706007"}],"wp:featuredmedia":[{"embeddable":true,"href":"https:\/\/bahiaeconomica.com.br\/wp\/wp-json\/wp\/v2\/media\/706006"}],"wp:attachment":[{"href":"https:\/\/bahiaeconomica.com.br\/wp\/wp-json\/wp\/v2\/media?parent=705997"}],"wp:term":[{"taxonomy":"category","embeddable":true,"href":"https:\/\/bahiaeconomica.com.br\/wp\/wp-json\/wp\/v2\/categories?post=705997"},{"taxonomy":"post_tag","embeddable":true,"href":"https:\/\/bahiaeconomica.com.br\/wp\/wp-json\/wp\/v2\/tags?post=705997"}],"curies":[{"name":"wp","href":"https:\/\/api.w.org\/{rel}","templated":true}]}}