{"id":704557,"date":"2022-12-06T06:50:59","date_gmt":"2022-12-06T09:50:59","guid":{"rendered":"https:\/\/bahiaeconomica.com.br\/wp\/beta\/?p=704557"},"modified":"2022-12-06T06:51:01","modified_gmt":"2022-12-06T09:51:01","slug":"residentes-e-bolsistas-da-capes-podem-ficar-sem-bolsa-em-dezembro-diz-mec","status":"publish","type":"post","link":"https:\/\/bahiaeconomica.com.br\/wp\/2022\/12\/06\/residentes-e-bolsistas-da-capes-podem-ficar-sem-bolsa-em-dezembro-diz-mec\/","title":{"rendered":"RESIDENTES E BOLSISTAS DA CAPES PODEM FICAR SEM BOLSA EM DEZEMBRO, DIZ MEC"},"content":{"rendered":"\n<p>O coordenador da equipe de educa\u00e7\u00e3o de transi\u00e7\u00e3o do governo Lula, Henrique Paim, afirmou ontem em entrevista \u00e0 imprensa que o Minist\u00e9rio da Educa\u00e7\u00e3o (MEC) n\u00e3o tem como pagar em dezembro os 14 mil m\u00e9dicos residentes de hospitais federais e outros cerca de 100 mil bolsistas da Capes ap\u00f3s congelamento de verbas decretado pelo governo de Jair Bolsonaro (PL). <\/p>\n\n\n\n<!--more-->\n\n\n\n<p>A informa\u00e7\u00e3o foi passada pelo atual ministro da Educa\u00e7\u00e3o, Victor Godoy, \u00e0 equipe de transi\u00e7\u00e3o em reuni\u00e3o. Este foi o primeiro encontro com o governo eleito sobre a \u00e1rea da educa\u00e7\u00e3o. &#8220;Nossa maior preocupa\u00e7\u00e3o \u00e9 o n\u00e3o ter como pagar os servi\u00e7os j\u00e1 executados para o MEC, para as universidades, para o Inep&#8221;, disse , , ex-ministro e atual professor da Funda\u00e7\u00e3o Getulio Vargas (FGV). S\u00e3o recursos que deveriam ser pagos at\u00e9 o fim do ano, mas um decreto do presidente, do dia 1\u00ba, zerou totalmente o caixa do MEC. Segundo Paim, o pr\u00f3prio ministro se mostrou preocupado na reuni\u00e3o.<\/p>\n\n\n\n<p>Os 14 mil m\u00e9dicos residentes que atuam em hospitais universit\u00e1rios federais t\u00eam um custo de R$ 65 milh\u00f5es. Neles est\u00e3o inclu\u00eddos, por exemplo, os que trabalham no Hospital S\u00e3o Paulo, na capital, ligado \u00e0 Universidade Federal de S\u00e3o Paulo (Unifesp). Na Coordena\u00e7\u00e3o de Aperfei\u00e7oamento de Pessoal de N\u00edvel Superior (Capes) s\u00e3o 100 mil em mestrado, doutorado e p\u00f3s doutorado no Brasil e no exterior e outros 60 mil em bolsas de forma\u00e7\u00e3o de professores.<\/p>\n\n\n\n<p>O texto do decreto diz que n\u00e3o h\u00e1 mais &#8220;limite de pagamentos das despesas discricion\u00e1rias&#8221; que &#8220;n\u00e3o ser\u00e1 poss\u00edvel&#8221; ao minist\u00e9rio &#8220;efetuar novas libera\u00e7\u00f5es de recursos para as despesas discricion\u00e1rias durante o m\u00eas de dezembro&#8221;. Desde ent\u00e3o, o MEC afirmou que est\u00e1 tentando com o Minist\u00e9rio da Economia a amplia\u00e7\u00e3o do limite de pagamentos. Procurado novamente nesta segunda-feira, os minist\u00e9rios da Educa\u00e7\u00e3o e da Economia ainda n\u00e3o responderam \u00e0 reportagem.<\/p>\n\n\n\n<p>Na semana passada, o MEC chegou a liberar R$ 344 milh\u00f5es que tinham sido bloqueados das universidades e institutos federais, mas horas depois a Economia vetou novamente. Al\u00e9m dos pagamentos deste ano, h\u00e1 a preocupa\u00e7\u00e3o com o or\u00e7amento do ano que vem. A equipe de transi\u00e7\u00e3o est\u00e1 incluindo despesas como recomposi\u00e7\u00e3o para as universidades, merenda escolar, assist\u00eancia estudantil, bolsas e resid\u00eancia no \u00e2mbito da PEC de transi\u00e7\u00e3o, que deve ser votada nesta quarta-feira.<\/p>\n\n\n\n<p>Mas, segundo Paim, h\u00e1 preocupa\u00e7\u00e3o com outros contratos como os dos livros did\u00e1ticos. O MEC n\u00e3o tem neste momento um limite or\u00e7ament\u00e1rio para empenhar recursos e pagar os materiais para serem entregues at\u00e9 fevereiro nas escolas, afirma. Segundo ele, equipes da transi\u00e7\u00e3o v\u00e3o tamb\u00e9m fazer conversas entre as \u00e1reas para que a Economia seja inclu\u00edda na discuss\u00e3o. &#8220;Tudo isso pode eventualmente gerar problema para quem assumir o minist\u00e9rio da Educa\u00e7\u00e3o, estamos muito preocupados com os primeiros 90 dias&#8221;, afirmou.<\/p>\n\n\n\n<p>Outro alerta que surgiu na reuni\u00e3o s\u00e3o os contratos da \u00e1rea de tecnologia que sustentam sistemas como o Sisu, que distribui as vagas em todas as universidades federais por meio da nota do Exame Nacional do Ensino M\u00e9dio (Enem). A licita\u00e7\u00e3o para o Enem do ano que vem tamb\u00e9m ainda n\u00e3o foi iniciada.<\/p>\n\n\n\n<p>Durante o governo Bolsonaro, o MEC sofreu sucessivos cortes de recursos na educa\u00e7\u00e3o superior e tamb\u00e9m na educa\u00e7\u00e3o b\u00e1sica. Segundo fontes, a reuni\u00e3o foi em clima cordial e teve a participa\u00e7\u00e3o de todos os secret\u00e1rios do minist\u00e9rio, alguns presencialmente e outros virtualmente. Eles apresentaram a situa\u00e7\u00e3o de cada \u00e1rea e os programas realizados. Agora, a equipe de transi\u00e7\u00e3o deve se reunir com cada um dos setores do MEC individualmente.<\/p>\n\n\n\n<p>Foto: divulga\u00e7\u00e3o<\/p>\n","protected":false},"excerpt":{"rendered":"<p>O coordenador da equipe de educa\u00e7\u00e3o de transi\u00e7\u00e3o do governo Lula, Henrique Paim, afirmou ontem em entrevista \u00e0 imprensa que o Minist\u00e9rio da Educa\u00e7\u00e3o (MEC) n\u00e3o tem como pagar em dezembro os 14 mil m\u00e9dicos residentes de hospitais federais e outros cerca de 100 mil bolsistas da Capes ap\u00f3s congelamento de verbas decretado pelo governo [&hellip;]<\/p>\n","protected":false},"author":1,"featured_media":657648,"comment_status":"closed","ping_status":"closed","sticky":false,"template":"","format":"standard","meta":[],"categories":[3,21],"tags":[],"acf":[],"yoast_head":"<!-- This site is optimized with the Yoast SEO plugin v20.8 - https:\/\/yoast.com\/wordpress\/plugins\/seo\/ -->\n<title>RESIDENTES E BOLSISTAS DA CAPES PODEM FICAR SEM BOLSA EM DEZEMBRO, DIZ MEC - Bahia Economica<\/title>\n<meta name=\"description\" content=\"O maior portal de Economia da Bahia ECONOMIA \/ POL\u00cdTICA, Sa\u00fade \/ Educa\u00e7\u00e3o Bahia Economica\" \/>\n<meta name=\"robots\" content=\"index, follow, max-snippet:-1, max-image-preview:large, max-video-preview:-1\" \/>\n<link rel=\"canonical\" href=\"https:\/\/bahiaeconomica.com.br\/wp\/2022\/12\/06\/residentes-e-bolsistas-da-capes-podem-ficar-sem-bolsa-em-dezembro-diz-mec\/\" \/>\n<meta property=\"og:locale\" content=\"pt_BR\" \/>\n<meta property=\"og:type\" content=\"article\" \/>\n<meta property=\"og:title\" content=\"RESIDENTES E BOLSISTAS DA CAPES PODEM FICAR SEM BOLSA EM DEZEMBRO, DIZ MEC - Bahia Economica\" \/>\n<meta property=\"og:description\" content=\"O maior portal de Economia da Bahia ECONOMIA \/ POL\u00cdTICA, Sa\u00fade \/ Educa\u00e7\u00e3o Bahia Economica\" \/>\n<meta property=\"og:url\" content=\"https:\/\/bahiaeconomica.com.br\/wp\/2022\/12\/06\/residentes-e-bolsistas-da-capes-podem-ficar-sem-bolsa-em-dezembro-diz-mec\/\" \/>\n<meta property=\"og:site_name\" content=\"Bahia Economica\" \/>\n<meta property=\"article:publisher\" content=\"https:\/\/www.facebook.com\/bahiaeconomica\" \/>\n<meta property=\"article:published_time\" content=\"2022-12-06T09:50:59+00:00\" \/>\n<meta property=\"article:modified_time\" content=\"2022-12-06T09:51:01+00:00\" \/>\n<meta property=\"og:image\" content=\"https:\/\/bahiaeconomica.com.br\/wp\/wp-content\/uploads\/2022\/04\/csm_11012022_ufba_grande_1e33759437.jpg\" \/>\n\t<meta property=\"og:image:width\" content=\"940\" \/>\n\t<meta property=\"og:image:height\" content=\"705\" \/>\n\t<meta property=\"og:image:type\" content=\"image\/jpeg\" \/>\n<meta name=\"author\" content=\"admin\" \/>\n<meta name=\"twitter:card\" content=\"summary_large_image\" \/>\n<meta name=\"twitter:label1\" content=\"Escrito por\" \/>\n\t<meta name=\"twitter:data1\" content=\"admin\" \/>\n\t<meta name=\"twitter:label2\" content=\"Est. tempo de leitura\" \/>\n\t<meta name=\"twitter:data2\" content=\"4 minutos\" \/>\n<script type=\"application\/ld+json\" class=\"yoast-schema-graph\">{\"@context\":\"https:\/\/schema.org\",\"@graph\":[{\"@type\":\"Article\",\"@id\":\"https:\/\/bahiaeconomica.com.br\/wp\/2022\/12\/06\/residentes-e-bolsistas-da-capes-podem-ficar-sem-bolsa-em-dezembro-diz-mec\/#article\",\"isPartOf\":{\"@id\":\"https:\/\/bahiaeconomica.com.br\/wp\/2022\/12\/06\/residentes-e-bolsistas-da-capes-podem-ficar-sem-bolsa-em-dezembro-diz-mec\/\"},\"author\":{\"name\":\"admin\",\"@id\":\"https:\/\/bahiaeconomica.com.br\/wp\/#\/schema\/person\/cb1ab5ba96ad3d9390805381c76284ec\"},\"headline\":\"RESIDENTES E BOLSISTAS DA CAPES PODEM FICAR SEM BOLSA EM DEZEMBRO, DIZ MEC\",\"datePublished\":\"2022-12-06T09:50:59+00:00\",\"dateModified\":\"2022-12-06T09:51:01+00:00\",\"mainEntityOfPage\":{\"@id\":\"https:\/\/bahiaeconomica.com.br\/wp\/2022\/12\/06\/residentes-e-bolsistas-da-capes-podem-ficar-sem-bolsa-em-dezembro-diz-mec\/\"},\"wordCount\":661,\"publisher\":{\"@id\":\"https:\/\/bahiaeconomica.com.br\/wp\/#organization\"},\"articleSection\":[\"ECONOMIA \/ POL\u00cdTICA\",\"Sa\u00fade \/ Educa\u00e7\u00e3o\"],\"inLanguage\":\"pt-BR\"},{\"@type\":\"WebPage\",\"@id\":\"https:\/\/bahiaeconomica.com.br\/wp\/2022\/12\/06\/residentes-e-bolsistas-da-capes-podem-ficar-sem-bolsa-em-dezembro-diz-mec\/\",\"url\":\"https:\/\/bahiaeconomica.com.br\/wp\/2022\/12\/06\/residentes-e-bolsistas-da-capes-podem-ficar-sem-bolsa-em-dezembro-diz-mec\/\",\"name\":\"RESIDENTES E BOLSISTAS DA CAPES PODEM FICAR SEM BOLSA EM DEZEMBRO, DIZ MEC - Bahia Economica\",\"isPartOf\":{\"@id\":\"https:\/\/bahiaeconomica.com.br\/wp\/#website\"},\"datePublished\":\"2022-12-06T09:50:59+00:00\",\"dateModified\":\"2022-12-06T09:51:01+00:00\",\"description\":\"O maior portal de Economia da Bahia ECONOMIA \/ POL\u00cdTICA, Sa\u00fade \/ Educa\u00e7\u00e3o Bahia Economica\",\"breadcrumb\":{\"@id\":\"https:\/\/bahiaeconomica.com.br\/wp\/2022\/12\/06\/residentes-e-bolsistas-da-capes-podem-ficar-sem-bolsa-em-dezembro-diz-mec\/#breadcrumb\"},\"inLanguage\":\"pt-BR\",\"potentialAction\":[{\"@type\":\"ReadAction\",\"target\":[\"https:\/\/bahiaeconomica.com.br\/wp\/2022\/12\/06\/residentes-e-bolsistas-da-capes-podem-ficar-sem-bolsa-em-dezembro-diz-mec\/\"]}]},{\"@type\":\"BreadcrumbList\",\"@id\":\"https:\/\/bahiaeconomica.com.br\/wp\/2022\/12\/06\/residentes-e-bolsistas-da-capes-podem-ficar-sem-bolsa-em-dezembro-diz-mec\/#breadcrumb\",\"itemListElement\":[{\"@type\":\"ListItem\",\"position\":1,\"name\":\"In\u00edcio\",\"item\":\"https:\/\/bahiaeconomica.com.br\/wp\/\"},{\"@type\":\"ListItem\",\"position\":2,\"name\":\"RESIDENTES E BOLSISTAS DA CAPES PODEM FICAR SEM BOLSA EM DEZEMBRO, DIZ MEC\"}]},{\"@type\":\"WebSite\",\"@id\":\"https:\/\/bahiaeconomica.com.br\/wp\/#website\",\"url\":\"https:\/\/bahiaeconomica.com.br\/wp\/\",\"name\":\"Bahia Economica\",\"description\":\"O maior portal de Economia da Bahia\",\"publisher\":{\"@id\":\"https:\/\/bahiaeconomica.com.br\/wp\/#organization\"},\"potentialAction\":[{\"@type\":\"SearchAction\",\"target\":{\"@type\":\"EntryPoint\",\"urlTemplate\":\"https:\/\/bahiaeconomica.com.br\/wp\/?s={search_term_string}\"},\"query-input\":\"required name=search_term_string\"}],\"inLanguage\":\"pt-BR\"},{\"@type\":\"Organization\",\"@id\":\"https:\/\/bahiaeconomica.com.br\/wp\/#organization\",\"name\":\"Bahia Econ\u00f4mica\",\"url\":\"https:\/\/bahiaeconomica.com.br\/wp\/\",\"logo\":{\"@type\":\"ImageObject\",\"inLanguage\":\"pt-BR\",\"@id\":\"https:\/\/bahiaeconomica.com.br\/wp\/#\/schema\/logo\/image\/\",\"url\":\"https:\/\/bahiaeconomica.com.br\/wp\/wp-content\/uploads\/2020\/12\/cropped-BE.png\",\"contentUrl\":\"https:\/\/bahiaeconomica.com.br\/wp\/wp-content\/uploads\/2020\/12\/cropped-BE.png\",\"width\":512,\"height\":512,\"caption\":\"Bahia Econ\u00f4mica\"},\"image\":{\"@id\":\"https:\/\/bahiaeconomica.com.br\/wp\/#\/schema\/logo\/image\/\"},\"sameAs\":[\"https:\/\/www.facebook.com\/bahiaeconomica\"]},{\"@type\":\"Person\",\"@id\":\"https:\/\/bahiaeconomica.com.br\/wp\/#\/schema\/person\/cb1ab5ba96ad3d9390805381c76284ec\",\"name\":\"admin\",\"url\":\"https:\/\/bahiaeconomica.com.br\/wp\/author\/admin\/\"}]}<\/script>\n<!-- \/ Yoast SEO plugin. -->","yoast_head_json":{"title":"RESIDENTES E BOLSISTAS DA CAPES PODEM FICAR SEM BOLSA EM DEZEMBRO, DIZ MEC - Bahia Economica","description":"O maior portal de Economia da Bahia ECONOMIA \/ POL\u00cdTICA, Sa\u00fade \/ Educa\u00e7\u00e3o Bahia Economica","robots":{"index":"index","follow":"follow","max-snippet":"max-snippet:-1","max-image-preview":"max-image-preview:large","max-video-preview":"max-video-preview:-1"},"canonical":"https:\/\/bahiaeconomica.com.br\/wp\/2022\/12\/06\/residentes-e-bolsistas-da-capes-podem-ficar-sem-bolsa-em-dezembro-diz-mec\/","og_locale":"pt_BR","og_type":"article","og_title":"RESIDENTES E BOLSISTAS DA CAPES PODEM FICAR SEM BOLSA EM DEZEMBRO, DIZ MEC - Bahia Economica","og_description":"O maior portal de Economia da Bahia ECONOMIA \/ POL\u00cdTICA, Sa\u00fade \/ Educa\u00e7\u00e3o Bahia Economica","og_url":"https:\/\/bahiaeconomica.com.br\/wp\/2022\/12\/06\/residentes-e-bolsistas-da-capes-podem-ficar-sem-bolsa-em-dezembro-diz-mec\/","og_site_name":"Bahia Economica","article_publisher":"https:\/\/www.facebook.com\/bahiaeconomica","article_published_time":"2022-12-06T09:50:59+00:00","article_modified_time":"2022-12-06T09:51:01+00:00","og_image":[{"width":940,"height":705,"url":"https:\/\/bahiaeconomica.com.br\/wp\/wp-content\/uploads\/2022\/04\/csm_11012022_ufba_grande_1e33759437.jpg","type":"image\/jpeg"}],"author":"admin","twitter_card":"summary_large_image","twitter_misc":{"Escrito por":"admin","Est. tempo de leitura":"4 minutos"},"schema":{"@context":"https:\/\/schema.org","@graph":[{"@type":"Article","@id":"https:\/\/bahiaeconomica.com.br\/wp\/2022\/12\/06\/residentes-e-bolsistas-da-capes-podem-ficar-sem-bolsa-em-dezembro-diz-mec\/#article","isPartOf":{"@id":"https:\/\/bahiaeconomica.com.br\/wp\/2022\/12\/06\/residentes-e-bolsistas-da-capes-podem-ficar-sem-bolsa-em-dezembro-diz-mec\/"},"author":{"name":"admin","@id":"https:\/\/bahiaeconomica.com.br\/wp\/#\/schema\/person\/cb1ab5ba96ad3d9390805381c76284ec"},"headline":"RESIDENTES E BOLSISTAS DA CAPES PODEM FICAR SEM BOLSA EM DEZEMBRO, DIZ MEC","datePublished":"2022-12-06T09:50:59+00:00","dateModified":"2022-12-06T09:51:01+00:00","mainEntityOfPage":{"@id":"https:\/\/bahiaeconomica.com.br\/wp\/2022\/12\/06\/residentes-e-bolsistas-da-capes-podem-ficar-sem-bolsa-em-dezembro-diz-mec\/"},"wordCount":661,"publisher":{"@id":"https:\/\/bahiaeconomica.com.br\/wp\/#organization"},"articleSection":["ECONOMIA \/ POL\u00cdTICA","Sa\u00fade \/ Educa\u00e7\u00e3o"],"inLanguage":"pt-BR"},{"@type":"WebPage","@id":"https:\/\/bahiaeconomica.com.br\/wp\/2022\/12\/06\/residentes-e-bolsistas-da-capes-podem-ficar-sem-bolsa-em-dezembro-diz-mec\/","url":"https:\/\/bahiaeconomica.com.br\/wp\/2022\/12\/06\/residentes-e-bolsistas-da-capes-podem-ficar-sem-bolsa-em-dezembro-diz-mec\/","name":"RESIDENTES E BOLSISTAS DA CAPES PODEM FICAR SEM BOLSA EM DEZEMBRO, DIZ MEC - Bahia Economica","isPartOf":{"@id":"https:\/\/bahiaeconomica.com.br\/wp\/#website"},"datePublished":"2022-12-06T09:50:59+00:00","dateModified":"2022-12-06T09:51:01+00:00","description":"O maior portal de Economia da Bahia ECONOMIA \/ POL\u00cdTICA, Sa\u00fade \/ Educa\u00e7\u00e3o Bahia Economica","breadcrumb":{"@id":"https:\/\/bahiaeconomica.com.br\/wp\/2022\/12\/06\/residentes-e-bolsistas-da-capes-podem-ficar-sem-bolsa-em-dezembro-diz-mec\/#breadcrumb"},"inLanguage":"pt-BR","potentialAction":[{"@type":"ReadAction","target":["https:\/\/bahiaeconomica.com.br\/wp\/2022\/12\/06\/residentes-e-bolsistas-da-capes-podem-ficar-sem-bolsa-em-dezembro-diz-mec\/"]}]},{"@type":"BreadcrumbList","@id":"https:\/\/bahiaeconomica.com.br\/wp\/2022\/12\/06\/residentes-e-bolsistas-da-capes-podem-ficar-sem-bolsa-em-dezembro-diz-mec\/#breadcrumb","itemListElement":[{"@type":"ListItem","position":1,"name":"In\u00edcio","item":"https:\/\/bahiaeconomica.com.br\/wp\/"},{"@type":"ListItem","position":2,"name":"RESIDENTES E BOLSISTAS DA CAPES PODEM FICAR SEM BOLSA EM DEZEMBRO, DIZ MEC"}]},{"@type":"WebSite","@id":"https:\/\/bahiaeconomica.com.br\/wp\/#website","url":"https:\/\/bahiaeconomica.com.br\/wp\/","name":"Bahia Economica","description":"O maior portal de Economia da Bahia","publisher":{"@id":"https:\/\/bahiaeconomica.com.br\/wp\/#organization"},"potentialAction":[{"@type":"SearchAction","target":{"@type":"EntryPoint","urlTemplate":"https:\/\/bahiaeconomica.com.br\/wp\/?s={search_term_string}"},"query-input":"required name=search_term_string"}],"inLanguage":"pt-BR"},{"@type":"Organization","@id":"https:\/\/bahiaeconomica.com.br\/wp\/#organization","name":"Bahia Econ\u00f4mica","url":"https:\/\/bahiaeconomica.com.br\/wp\/","logo":{"@type":"ImageObject","inLanguage":"pt-BR","@id":"https:\/\/bahiaeconomica.com.br\/wp\/#\/schema\/logo\/image\/","url":"https:\/\/bahiaeconomica.com.br\/wp\/wp-content\/uploads\/2020\/12\/cropped-BE.png","contentUrl":"https:\/\/bahiaeconomica.com.br\/wp\/wp-content\/uploads\/2020\/12\/cropped-BE.png","width":512,"height":512,"caption":"Bahia Econ\u00f4mica"},"image":{"@id":"https:\/\/bahiaeconomica.com.br\/wp\/#\/schema\/logo\/image\/"},"sameAs":["https:\/\/www.facebook.com\/bahiaeconomica"]},{"@type":"Person","@id":"https:\/\/bahiaeconomica.com.br\/wp\/#\/schema\/person\/cb1ab5ba96ad3d9390805381c76284ec","name":"admin","url":"https:\/\/bahiaeconomica.com.br\/wp\/author\/admin\/"}]}},"views":3,"_links":{"self":[{"href":"https:\/\/bahiaeconomica.com.br\/wp\/wp-json\/wp\/v2\/posts\/704557"}],"collection":[{"href":"https:\/\/bahiaeconomica.com.br\/wp\/wp-json\/wp\/v2\/posts"}],"about":[{"href":"https:\/\/bahiaeconomica.com.br\/wp\/wp-json\/wp\/v2\/types\/post"}],"author":[{"embeddable":true,"href":"https:\/\/bahiaeconomica.com.br\/wp\/wp-json\/wp\/v2\/users\/1"}],"replies":[{"embeddable":true,"href":"https:\/\/bahiaeconomica.com.br\/wp\/wp-json\/wp\/v2\/comments?post=704557"}],"version-history":[{"count":1,"href":"https:\/\/bahiaeconomica.com.br\/wp\/wp-json\/wp\/v2\/posts\/704557\/revisions"}],"predecessor-version":[{"id":704558,"href":"https:\/\/bahiaeconomica.com.br\/wp\/wp-json\/wp\/v2\/posts\/704557\/revisions\/704558"}],"wp:featuredmedia":[{"embeddable":true,"href":"https:\/\/bahiaeconomica.com.br\/wp\/wp-json\/wp\/v2\/media\/657648"}],"wp:attachment":[{"href":"https:\/\/bahiaeconomica.com.br\/wp\/wp-json\/wp\/v2\/media?parent=704557"}],"wp:term":[{"taxonomy":"category","embeddable":true,"href":"https:\/\/bahiaeconomica.com.br\/wp\/wp-json\/wp\/v2\/categories?post=704557"},{"taxonomy":"post_tag","embeddable":true,"href":"https:\/\/bahiaeconomica.com.br\/wp\/wp-json\/wp\/v2\/tags?post=704557"}],"curies":[{"name":"wp","href":"https:\/\/api.w.org\/{rel}","templated":true}]}}