{"id":703952,"date":"2022-12-01T07:00:00","date_gmt":"2022-12-01T10:00:00","guid":{"rendered":"https:\/\/bahiaeconomica.com.br\/wp\/beta\/?p=703952"},"modified":"2022-12-01T06:47:40","modified_gmt":"2022-12-01T09:47:40","slug":"vitoria-treina-com-bola-sob-o-comando-de-joao-burse","status":"publish","type":"post","link":"https:\/\/bahiaeconomica.com.br\/wp\/2022\/12\/01\/vitoria-treina-com-bola-sob-o-comando-de-joao-burse\/","title":{"rendered":"VIT\u00d3RIA TREINA COM BOLA SOB O COMANDO DE JO\u00c3O BURSE"},"content":{"rendered":"\n<p>O elenco do Vit\u00f3ria realizou na manh\u00e3 desta quarta-feira (30) o segundo treinamento com bola da pr\u00e9-temporada.<\/p>\n\n\n\n<!--more-->\n\n\n\n<p> Sob o comando do t\u00e9cnico Jo\u00e3o Burse, os jogadores participaram de uma atividade t\u00e9cnica no campo da Toca do Le\u00e3o. Antes, os atletas realizaram exames de laborat\u00f3rio e fizeram um aquecimento para ativa\u00e7\u00e3o e mobilidade com o preparador f\u00edsico Rodrigo Santana.<\/p>\n\n\n\n<p>O elenco rubro-negro se apresentou na manh\u00e3 de segunda-feira (28), quando foi iniciada a pr\u00e9-temporada do clube. J\u00e1 est\u00e3o integrados desde ent\u00e3o dois novos contratados, o atacante uruguaio Nicolas Dibble e o lateral direito Railan. O zagueiro Jo\u00e3o Victor tamb\u00e9m \u00e9 novidade na Toca do Le\u00e3o, ap\u00f3s retorno de empr\u00e9stimo ao Guarani.<\/p>\n\n\n\n<p>N\u00e3o haver\u00e1 atividades nesta tarde, reservada para o repouso dos atletas, que voltam a treinar na quinta-feira (1\u00ba) pela manh\u00e3, novamente com bola. O Vit\u00f3ria estreia no dia 5 de janeiro, quando jogar\u00e1 contra o Cordino, de Barra do Corda, no Maranh\u00e3o, na pr\u00e9-Copa do Nordeste. Al\u00e9m do regional e do estadual, o Vit\u00f3ria vai disputar tamb\u00e9m a Copa do Brasil e a S\u00e9rie B do Brasileiro.<\/p>\n\n\n\n<p>(Pietro Carpi\/ECV)<\/p>\n","protected":false},"excerpt":{"rendered":"<p>O elenco do Vit\u00f3ria realizou na manh\u00e3 desta quarta-feira (30) o segundo treinamento com bola da pr\u00e9-temporada.<\/p>\n","protected":false},"author":1,"featured_media":703953,"comment_status":"closed","ping_status":"closed","sticky":false,"template":"","format":"standard","meta":[],"categories":[14,3,4486],"tags":[],"acf":[],"yoast_head":"<!-- This site is optimized with the Yoast SEO plugin v20.8 - https:\/\/yoast.com\/wordpress\/plugins\/seo\/ -->\n<title>VIT\u00d3RIA TREINA COM BOLA SOB O COMANDO DE JO\u00c3O BURSE - Bahia Economica<\/title>\n<meta name=\"description\" content=\"O maior portal de Economia da Bahia DESTAQUE DO DIA, ECONOMIA \/ POL\u00cdTICA, Esporte Bahia Economica\" \/>\n<meta name=\"robots\" content=\"index, follow, max-snippet:-1, max-image-preview:large, max-video-preview:-1\" \/>\n<link rel=\"canonical\" href=\"https:\/\/bahiaeconomica.com.br\/wp\/2022\/12\/01\/vitoria-treina-com-bola-sob-o-comando-de-joao-burse\/\" \/>\n<meta property=\"og:locale\" content=\"pt_BR\" \/>\n<meta property=\"og:type\" content=\"article\" \/>\n<meta property=\"og:title\" content=\"VIT\u00d3RIA TREINA COM BOLA SOB O COMANDO DE JO\u00c3O BURSE - Bahia Economica\" \/>\n<meta property=\"og:description\" content=\"O maior portal de Economia da Bahia DESTAQUE DO DIA, ECONOMIA \/ POL\u00cdTICA, Esporte Bahia Economica\" \/>\n<meta property=\"og:url\" content=\"https:\/\/bahiaeconomica.com.br\/wp\/2022\/12\/01\/vitoria-treina-com-bola-sob-o-comando-de-joao-burse\/\" \/>\n<meta property=\"og:site_name\" content=\"Bahia Economica\" \/>\n<meta property=\"article:publisher\" content=\"https:\/\/www.facebook.com\/bahiaeconomica\" \/>\n<meta property=\"article:published_time\" content=\"2022-12-01T10:00:00+00:00\" \/>\n<meta property=\"article:modified_time\" content=\"2022-12-01T09:47:40+00:00\" \/>\n<meta property=\"og:image\" content=\"https:\/\/bahiaeconomica.com.br\/wp\/wp-content\/uploads\/2022\/12\/csm_WhatsApp_Image_2022-11-30_at_11.55.25_4a7c2a6ddd.jpeg\" \/>\n\t<meta property=\"og:image:width\" content=\"940\" \/>\n\t<meta property=\"og:image:height\" content=\"627\" \/>\n\t<meta property=\"og:image:type\" content=\"image\/jpeg\" \/>\n<meta name=\"author\" content=\"admin\" \/>\n<meta name=\"twitter:card\" content=\"summary_large_image\" \/>\n<meta name=\"twitter:label1\" content=\"Escrito por\" \/>\n\t<meta name=\"twitter:data1\" content=\"admin\" \/>\n\t<meta name=\"twitter:label2\" content=\"Est. tempo de leitura\" \/>\n\t<meta name=\"twitter:data2\" content=\"1 minuto\" \/>\n<script type=\"application\/ld+json\" class=\"yoast-schema-graph\">{\"@context\":\"https:\/\/schema.org\",\"@graph\":[{\"@type\":\"Article\",\"@id\":\"https:\/\/bahiaeconomica.com.br\/wp\/2022\/12\/01\/vitoria-treina-com-bola-sob-o-comando-de-joao-burse\/#article\",\"isPartOf\":{\"@id\":\"https:\/\/bahiaeconomica.com.br\/wp\/2022\/12\/01\/vitoria-treina-com-bola-sob-o-comando-de-joao-burse\/\"},\"author\":{\"name\":\"admin\",\"@id\":\"https:\/\/bahiaeconomica.com.br\/wp\/#\/schema\/person\/cb1ab5ba96ad3d9390805381c76284ec\"},\"headline\":\"VIT\u00d3RIA TREINA COM BOLA SOB O COMANDO DE JO\u00c3O BURSE\",\"datePublished\":\"2022-12-01T10:00:00+00:00\",\"dateModified\":\"2022-12-01T09:47:40+00:00\",\"mainEntityOfPage\":{\"@id\":\"https:\/\/bahiaeconomica.com.br\/wp\/2022\/12\/01\/vitoria-treina-com-bola-sob-o-comando-de-joao-burse\/\"},\"wordCount\":212,\"publisher\":{\"@id\":\"https:\/\/bahiaeconomica.com.br\/wp\/#organization\"},\"articleSection\":[\"DESTAQUE DO DIA\",\"ECONOMIA \/ POL\u00cdTICA\",\"Esporte\"],\"inLanguage\":\"pt-BR\"},{\"@type\":\"WebPage\",\"@id\":\"https:\/\/bahiaeconomica.com.br\/wp\/2022\/12\/01\/vitoria-treina-com-bola-sob-o-comando-de-joao-burse\/\",\"url\":\"https:\/\/bahiaeconomica.com.br\/wp\/2022\/12\/01\/vitoria-treina-com-bola-sob-o-comando-de-joao-burse\/\",\"name\":\"VIT\u00d3RIA TREINA COM BOLA SOB O COMANDO DE JO\u00c3O BURSE - Bahia Economica\",\"isPartOf\":{\"@id\":\"https:\/\/bahiaeconomica.com.br\/wp\/#website\"},\"datePublished\":\"2022-12-01T10:00:00+00:00\",\"dateModified\":\"2022-12-01T09:47:40+00:00\",\"description\":\"O maior portal de Economia da Bahia DESTAQUE DO DIA, ECONOMIA \/ POL\u00cdTICA, Esporte Bahia Economica\",\"breadcrumb\":{\"@id\":\"https:\/\/bahiaeconomica.com.br\/wp\/2022\/12\/01\/vitoria-treina-com-bola-sob-o-comando-de-joao-burse\/#breadcrumb\"},\"inLanguage\":\"pt-BR\",\"potentialAction\":[{\"@type\":\"ReadAction\",\"target\":[\"https:\/\/bahiaeconomica.com.br\/wp\/2022\/12\/01\/vitoria-treina-com-bola-sob-o-comando-de-joao-burse\/\"]}]},{\"@type\":\"BreadcrumbList\",\"@id\":\"https:\/\/bahiaeconomica.com.br\/wp\/2022\/12\/01\/vitoria-treina-com-bola-sob-o-comando-de-joao-burse\/#breadcrumb\",\"itemListElement\":[{\"@type\":\"ListItem\",\"position\":1,\"name\":\"In\u00edcio\",\"item\":\"https:\/\/bahiaeconomica.com.br\/wp\/\"},{\"@type\":\"ListItem\",\"position\":2,\"name\":\"VIT\u00d3RIA TREINA COM BOLA SOB O COMANDO DE JO\u00c3O BURSE\"}]},{\"@type\":\"WebSite\",\"@id\":\"https:\/\/bahiaeconomica.com.br\/wp\/#website\",\"url\":\"https:\/\/bahiaeconomica.com.br\/wp\/\",\"name\":\"Bahia Economica\",\"description\":\"O maior portal de Economia da Bahia\",\"publisher\":{\"@id\":\"https:\/\/bahiaeconomica.com.br\/wp\/#organization\"},\"potentialAction\":[{\"@type\":\"SearchAction\",\"target\":{\"@type\":\"EntryPoint\",\"urlTemplate\":\"https:\/\/bahiaeconomica.com.br\/wp\/?s={search_term_string}\"},\"query-input\":\"required name=search_term_string\"}],\"inLanguage\":\"pt-BR\"},{\"@type\":\"Organization\",\"@id\":\"https:\/\/bahiaeconomica.com.br\/wp\/#organization\",\"name\":\"Bahia Econ\u00f4mica\",\"url\":\"https:\/\/bahiaeconomica.com.br\/wp\/\",\"logo\":{\"@type\":\"ImageObject\",\"inLanguage\":\"pt-BR\",\"@id\":\"https:\/\/bahiaeconomica.com.br\/wp\/#\/schema\/logo\/image\/\",\"url\":\"https:\/\/bahiaeconomica.com.br\/wp\/wp-content\/uploads\/2020\/12\/cropped-BE.png\",\"contentUrl\":\"https:\/\/bahiaeconomica.com.br\/wp\/wp-content\/uploads\/2020\/12\/cropped-BE.png\",\"width\":512,\"height\":512,\"caption\":\"Bahia Econ\u00f4mica\"},\"image\":{\"@id\":\"https:\/\/bahiaeconomica.com.br\/wp\/#\/schema\/logo\/image\/\"},\"sameAs\":[\"https:\/\/www.facebook.com\/bahiaeconomica\"]},{\"@type\":\"Person\",\"@id\":\"https:\/\/bahiaeconomica.com.br\/wp\/#\/schema\/person\/cb1ab5ba96ad3d9390805381c76284ec\",\"name\":\"admin\",\"url\":\"https:\/\/bahiaeconomica.com.br\/wp\/author\/admin\/\"}]}<\/script>\n<!-- \/ Yoast SEO plugin. -->","yoast_head_json":{"title":"VIT\u00d3RIA TREINA COM BOLA SOB O COMANDO DE JO\u00c3O BURSE - Bahia Economica","description":"O maior portal de Economia da Bahia DESTAQUE DO DIA, ECONOMIA \/ POL\u00cdTICA, Esporte Bahia Economica","robots":{"index":"index","follow":"follow","max-snippet":"max-snippet:-1","max-image-preview":"max-image-preview:large","max-video-preview":"max-video-preview:-1"},"canonical":"https:\/\/bahiaeconomica.com.br\/wp\/2022\/12\/01\/vitoria-treina-com-bola-sob-o-comando-de-joao-burse\/","og_locale":"pt_BR","og_type":"article","og_title":"VIT\u00d3RIA TREINA COM BOLA SOB O COMANDO DE JO\u00c3O BURSE - Bahia Economica","og_description":"O maior portal de Economia da Bahia DESTAQUE DO DIA, ECONOMIA \/ POL\u00cdTICA, Esporte Bahia Economica","og_url":"https:\/\/bahiaeconomica.com.br\/wp\/2022\/12\/01\/vitoria-treina-com-bola-sob-o-comando-de-joao-burse\/","og_site_name":"Bahia Economica","article_publisher":"https:\/\/www.facebook.com\/bahiaeconomica","article_published_time":"2022-12-01T10:00:00+00:00","article_modified_time":"2022-12-01T09:47:40+00:00","og_image":[{"width":940,"height":627,"url":"https:\/\/bahiaeconomica.com.br\/wp\/wp-content\/uploads\/2022\/12\/csm_WhatsApp_Image_2022-11-30_at_11.55.25_4a7c2a6ddd.jpeg","type":"image\/jpeg"}],"author":"admin","twitter_card":"summary_large_image","twitter_misc":{"Escrito por":"admin","Est. tempo de leitura":"1 minuto"},"schema":{"@context":"https:\/\/schema.org","@graph":[{"@type":"Article","@id":"https:\/\/bahiaeconomica.com.br\/wp\/2022\/12\/01\/vitoria-treina-com-bola-sob-o-comando-de-joao-burse\/#article","isPartOf":{"@id":"https:\/\/bahiaeconomica.com.br\/wp\/2022\/12\/01\/vitoria-treina-com-bola-sob-o-comando-de-joao-burse\/"},"author":{"name":"admin","@id":"https:\/\/bahiaeconomica.com.br\/wp\/#\/schema\/person\/cb1ab5ba96ad3d9390805381c76284ec"},"headline":"VIT\u00d3RIA TREINA COM BOLA SOB O COMANDO DE JO\u00c3O BURSE","datePublished":"2022-12-01T10:00:00+00:00","dateModified":"2022-12-01T09:47:40+00:00","mainEntityOfPage":{"@id":"https:\/\/bahiaeconomica.com.br\/wp\/2022\/12\/01\/vitoria-treina-com-bola-sob-o-comando-de-joao-burse\/"},"wordCount":212,"publisher":{"@id":"https:\/\/bahiaeconomica.com.br\/wp\/#organization"},"articleSection":["DESTAQUE DO DIA","ECONOMIA \/ POL\u00cdTICA","Esporte"],"inLanguage":"pt-BR"},{"@type":"WebPage","@id":"https:\/\/bahiaeconomica.com.br\/wp\/2022\/12\/01\/vitoria-treina-com-bola-sob-o-comando-de-joao-burse\/","url":"https:\/\/bahiaeconomica.com.br\/wp\/2022\/12\/01\/vitoria-treina-com-bola-sob-o-comando-de-joao-burse\/","name":"VIT\u00d3RIA TREINA COM BOLA SOB O COMANDO DE JO\u00c3O BURSE - Bahia Economica","isPartOf":{"@id":"https:\/\/bahiaeconomica.com.br\/wp\/#website"},"datePublished":"2022-12-01T10:00:00+00:00","dateModified":"2022-12-01T09:47:40+00:00","description":"O maior portal de Economia da Bahia DESTAQUE DO DIA, ECONOMIA \/ POL\u00cdTICA, Esporte Bahia Economica","breadcrumb":{"@id":"https:\/\/bahiaeconomica.com.br\/wp\/2022\/12\/01\/vitoria-treina-com-bola-sob-o-comando-de-joao-burse\/#breadcrumb"},"inLanguage":"pt-BR","potentialAction":[{"@type":"ReadAction","target":["https:\/\/bahiaeconomica.com.br\/wp\/2022\/12\/01\/vitoria-treina-com-bola-sob-o-comando-de-joao-burse\/"]}]},{"@type":"BreadcrumbList","@id":"https:\/\/bahiaeconomica.com.br\/wp\/2022\/12\/01\/vitoria-treina-com-bola-sob-o-comando-de-joao-burse\/#breadcrumb","itemListElement":[{"@type":"ListItem","position":1,"name":"In\u00edcio","item":"https:\/\/bahiaeconomica.com.br\/wp\/"},{"@type":"ListItem","position":2,"name":"VIT\u00d3RIA TREINA COM BOLA SOB O COMANDO DE JO\u00c3O BURSE"}]},{"@type":"WebSite","@id":"https:\/\/bahiaeconomica.com.br\/wp\/#website","url":"https:\/\/bahiaeconomica.com.br\/wp\/","name":"Bahia Economica","description":"O maior portal de Economia da Bahia","publisher":{"@id":"https:\/\/bahiaeconomica.com.br\/wp\/#organization"},"potentialAction":[{"@type":"SearchAction","target":{"@type":"EntryPoint","urlTemplate":"https:\/\/bahiaeconomica.com.br\/wp\/?s={search_term_string}"},"query-input":"required name=search_term_string"}],"inLanguage":"pt-BR"},{"@type":"Organization","@id":"https:\/\/bahiaeconomica.com.br\/wp\/#organization","name":"Bahia Econ\u00f4mica","url":"https:\/\/bahiaeconomica.com.br\/wp\/","logo":{"@type":"ImageObject","inLanguage":"pt-BR","@id":"https:\/\/bahiaeconomica.com.br\/wp\/#\/schema\/logo\/image\/","url":"https:\/\/bahiaeconomica.com.br\/wp\/wp-content\/uploads\/2020\/12\/cropped-BE.png","contentUrl":"https:\/\/bahiaeconomica.com.br\/wp\/wp-content\/uploads\/2020\/12\/cropped-BE.png","width":512,"height":512,"caption":"Bahia Econ\u00f4mica"},"image":{"@id":"https:\/\/bahiaeconomica.com.br\/wp\/#\/schema\/logo\/image\/"},"sameAs":["https:\/\/www.facebook.com\/bahiaeconomica"]},{"@type":"Person","@id":"https:\/\/bahiaeconomica.com.br\/wp\/#\/schema\/person\/cb1ab5ba96ad3d9390805381c76284ec","name":"admin","url":"https:\/\/bahiaeconomica.com.br\/wp\/author\/admin\/"}]}},"views":6,"_links":{"self":[{"href":"https:\/\/bahiaeconomica.com.br\/wp\/wp-json\/wp\/v2\/posts\/703952"}],"collection":[{"href":"https:\/\/bahiaeconomica.com.br\/wp\/wp-json\/wp\/v2\/posts"}],"about":[{"href":"https:\/\/bahiaeconomica.com.br\/wp\/wp-json\/wp\/v2\/types\/post"}],"author":[{"embeddable":true,"href":"https:\/\/bahiaeconomica.com.br\/wp\/wp-json\/wp\/v2\/users\/1"}],"replies":[{"embeddable":true,"href":"https:\/\/bahiaeconomica.com.br\/wp\/wp-json\/wp\/v2\/comments?post=703952"}],"version-history":[{"count":1,"href":"https:\/\/bahiaeconomica.com.br\/wp\/wp-json\/wp\/v2\/posts\/703952\/revisions"}],"predecessor-version":[{"id":703954,"href":"https:\/\/bahiaeconomica.com.br\/wp\/wp-json\/wp\/v2\/posts\/703952\/revisions\/703954"}],"wp:featuredmedia":[{"embeddable":true,"href":"https:\/\/bahiaeconomica.com.br\/wp\/wp-json\/wp\/v2\/media\/703953"}],"wp:attachment":[{"href":"https:\/\/bahiaeconomica.com.br\/wp\/wp-json\/wp\/v2\/media?parent=703952"}],"wp:term":[{"taxonomy":"category","embeddable":true,"href":"https:\/\/bahiaeconomica.com.br\/wp\/wp-json\/wp\/v2\/categories?post=703952"},{"taxonomy":"post_tag","embeddable":true,"href":"https:\/\/bahiaeconomica.com.br\/wp\/wp-json\/wp\/v2\/tags?post=703952"}],"curies":[{"name":"wp","href":"https:\/\/api.w.org\/{rel}","templated":true}]}}