{"id":702580,"date":"2022-11-23T08:52:32","date_gmt":"2022-11-23T11:52:32","guid":{"rendered":"https:\/\/bahiaeconomica.com.br\/wp\/beta\/?p=702580"},"modified":"2022-11-23T10:55:05","modified_gmt":"2022-11-23T13:55:05","slug":"resultados-de-avaliacao-de-aprendizagem-sao-apresentados-em-urucuca","status":"publish","type":"post","link":"https:\/\/bahiaeconomica.com.br\/wp\/2022\/11\/23\/resultados-de-avaliacao-de-aprendizagem-sao-apresentados-em-urucuca\/","title":{"rendered":"RESULTADOS DE AVALIA\u00c7\u00c3O DE APRENDIZAGEM S\u00c3O APRESENTADOS EM URU\u00c7UCA"},"content":{"rendered":"\n<p>Dados s\u00e3o apresentados em encontro entre a prefeitura, a secretaria de educa\u00e7\u00e3o e representantes os respons\u00e1veis pela avalia\u00e7\u00e3o<\/p>\n\n\n\n<!--more-->\n\n\n\n<p>As avalia\u00e7\u00f5es foram promovidas pelo ICEP, Instituto Arapya\u00fa e Versus Editoriais que tem ajudado a cuidar da educa\u00e7\u00e3o do munic\u00edpio.<\/p>\n\n\n\n<p>Durante a reuni\u00e3o, o prefeito de Uru\u00e7uca, Moacyr Leite J\u00fanior (UB) recebeu os resultados da Avalia\u00e7\u00e3o Diagn\u00f3stica da Aprendizagem, realizadas com os estudantes do 2\u00ba ao 9\u00ba ano.<\/p>\n\n\n\n<p>Ap\u00f3s esta apresenta\u00e7\u00e3o, toda equipe envolvida tamb\u00e9m discutiu os pr\u00f3ximos passos para 2023, com foco na qualidade, efici\u00eancia e metas relacionadas \u00e0 educa\u00e7\u00e3o da cidade.<\/p>\n\n\n\n<p><\/p>\n\n\n\n<p><\/p>\n\n\n\n<p><\/p>\n\n\n\n<p>Foto: Reprodu\u00e7\u00e3o<\/p>\n","protected":false},"excerpt":{"rendered":"<p>Dados s\u00e3o apresentados em encontro entre a prefeitura, a secretaria de educa\u00e7\u00e3o e representantes os respons\u00e1veis pela avalia\u00e7\u00e3o<\/p>\n","protected":false},"author":1,"featured_media":702596,"comment_status":"closed","ping_status":"closed","sticky":false,"template":"","format":"standard","meta":[],"categories":[5],"tags":[85,567,100,8739],"acf":[],"yoast_head":"<!-- This site is optimized with the Yoast SEO plugin v20.8 - https:\/\/yoast.com\/wordpress\/plugins\/seo\/ -->\n<title>RESULTADOS DE AVALIA\u00c7\u00c3O DE APRENDIZAGEM S\u00c3O APRESENTADOS EM URU\u00c7UCA - Bahia Economica<\/title>\n<meta name=\"description\" content=\"Dados s\u00e3o apresentados em encontro entre a prefeitura, a secretaria de educa\u00e7\u00e3o e representantes os respons\u00e1veis pela avalia\u00e7\u00e3o\" \/>\n<meta name=\"robots\" content=\"index, follow, max-snippet:-1, max-image-preview:large, max-video-preview:-1\" \/>\n<link rel=\"canonical\" href=\"https:\/\/bahiaeconomica.com.br\/wp\/2022\/11\/23\/resultados-de-avaliacao-de-aprendizagem-sao-apresentados-em-urucuca\/\" \/>\n<meta property=\"og:locale\" content=\"pt_BR\" \/>\n<meta property=\"og:type\" content=\"article\" \/>\n<meta property=\"og:title\" content=\"RESULTADOS DE AVALIA\u00c7\u00c3O DE APRENDIZAGEM S\u00c3O APRESENTADOS EM URU\u00c7UCA - Bahia Economica\" \/>\n<meta property=\"og:description\" content=\"Dados s\u00e3o apresentados em encontro entre a prefeitura, a secretaria de educa\u00e7\u00e3o e representantes os respons\u00e1veis pela avalia\u00e7\u00e3o\" \/>\n<meta property=\"og:url\" content=\"https:\/\/bahiaeconomica.com.br\/wp\/2022\/11\/23\/resultados-de-avaliacao-de-aprendizagem-sao-apresentados-em-urucuca\/\" \/>\n<meta property=\"og:site_name\" content=\"Bahia Economica\" \/>\n<meta property=\"article:publisher\" content=\"https:\/\/www.facebook.com\/bahiaeconomica\" \/>\n<meta property=\"article:published_time\" content=\"2022-11-23T11:52:32+00:00\" \/>\n<meta property=\"article:modified_time\" content=\"2022-11-23T13:55:05+00:00\" \/>\n<meta property=\"og:image\" content=\"https:\/\/bahiaeconomica.com.br\/wp\/wp-content\/uploads\/2022\/11\/WhatsApp-Image-2022-11-22-at-10.27.45-768x449_Reproducao.jpeg\" \/>\n\t<meta property=\"og:image:width\" content=\"360\" \/>\n\t<meta property=\"og:image:height\" content=\"220\" \/>\n\t<meta property=\"og:image:type\" content=\"image\/jpeg\" \/>\n<meta name=\"author\" content=\"admin\" \/>\n<meta name=\"twitter:card\" content=\"summary_large_image\" \/>\n<meta name=\"twitter:label1\" content=\"Escrito por\" \/>\n\t<meta name=\"twitter:data1\" content=\"admin\" \/>\n\t<meta name=\"twitter:label2\" content=\"Est. tempo de leitura\" \/>\n\t<meta name=\"twitter:data2\" content=\"1 minuto\" \/>\n<script type=\"application\/ld+json\" class=\"yoast-schema-graph\">{\"@context\":\"https:\/\/schema.org\",\"@graph\":[{\"@type\":\"Article\",\"@id\":\"https:\/\/bahiaeconomica.com.br\/wp\/2022\/11\/23\/resultados-de-avaliacao-de-aprendizagem-sao-apresentados-em-urucuca\/#article\",\"isPartOf\":{\"@id\":\"https:\/\/bahiaeconomica.com.br\/wp\/2022\/11\/23\/resultados-de-avaliacao-de-aprendizagem-sao-apresentados-em-urucuca\/\"},\"author\":{\"name\":\"admin\",\"@id\":\"https:\/\/bahiaeconomica.com.br\/wp\/#\/schema\/person\/cb1ab5ba96ad3d9390805381c76284ec\"},\"headline\":\"RESULTADOS DE AVALIA\u00c7\u00c3O DE APRENDIZAGEM S\u00c3O APRESENTADOS EM URU\u00c7UCA\",\"datePublished\":\"2022-11-23T11:52:32+00:00\",\"dateModified\":\"2022-11-23T13:55:05+00:00\",\"mainEntityOfPage\":{\"@id\":\"https:\/\/bahiaeconomica.com.br\/wp\/2022\/11\/23\/resultados-de-avaliacao-de-aprendizagem-sao-apresentados-em-urucuca\/\"},\"wordCount\":120,\"publisher\":{\"@id\":\"https:\/\/bahiaeconomica.com.br\/wp\/#organization\"},\"keywords\":[\"Bahia\",\"Educa\u00e7\u00e3o\",\"Pol\u00edtica\",\"Uru\u00e7uca\"],\"articleSection\":[\"MUNIC\u00cdPIOS\"],\"inLanguage\":\"pt-BR\"},{\"@type\":\"WebPage\",\"@id\":\"https:\/\/bahiaeconomica.com.br\/wp\/2022\/11\/23\/resultados-de-avaliacao-de-aprendizagem-sao-apresentados-em-urucuca\/\",\"url\":\"https:\/\/bahiaeconomica.com.br\/wp\/2022\/11\/23\/resultados-de-avaliacao-de-aprendizagem-sao-apresentados-em-urucuca\/\",\"name\":\"RESULTADOS DE AVALIA\u00c7\u00c3O DE APRENDIZAGEM S\u00c3O APRESENTADOS EM URU\u00c7UCA - Bahia Economica\",\"isPartOf\":{\"@id\":\"https:\/\/bahiaeconomica.com.br\/wp\/#website\"},\"datePublished\":\"2022-11-23T11:52:32+00:00\",\"dateModified\":\"2022-11-23T13:55:05+00:00\",\"description\":\"Dados s\u00e3o apresentados em encontro entre a prefeitura, a secretaria de educa\u00e7\u00e3o e representantes os respons\u00e1veis pela avalia\u00e7\u00e3o\",\"breadcrumb\":{\"@id\":\"https:\/\/bahiaeconomica.com.br\/wp\/2022\/11\/23\/resultados-de-avaliacao-de-aprendizagem-sao-apresentados-em-urucuca\/#breadcrumb\"},\"inLanguage\":\"pt-BR\",\"potentialAction\":[{\"@type\":\"ReadAction\",\"target\":[\"https:\/\/bahiaeconomica.com.br\/wp\/2022\/11\/23\/resultados-de-avaliacao-de-aprendizagem-sao-apresentados-em-urucuca\/\"]}]},{\"@type\":\"BreadcrumbList\",\"@id\":\"https:\/\/bahiaeconomica.com.br\/wp\/2022\/11\/23\/resultados-de-avaliacao-de-aprendizagem-sao-apresentados-em-urucuca\/#breadcrumb\",\"itemListElement\":[{\"@type\":\"ListItem\",\"position\":1,\"name\":\"In\u00edcio\",\"item\":\"https:\/\/bahiaeconomica.com.br\/wp\/\"},{\"@type\":\"ListItem\",\"position\":2,\"name\":\"RESULTADOS DE AVALIA\u00c7\u00c3O DE APRENDIZAGEM S\u00c3O APRESENTADOS EM URU\u00c7UCA\"}]},{\"@type\":\"WebSite\",\"@id\":\"https:\/\/bahiaeconomica.com.br\/wp\/#website\",\"url\":\"https:\/\/bahiaeconomica.com.br\/wp\/\",\"name\":\"Bahia Economica\",\"description\":\"O maior portal de Economia da Bahia\",\"publisher\":{\"@id\":\"https:\/\/bahiaeconomica.com.br\/wp\/#organization\"},\"potentialAction\":[{\"@type\":\"SearchAction\",\"target\":{\"@type\":\"EntryPoint\",\"urlTemplate\":\"https:\/\/bahiaeconomica.com.br\/wp\/?s={search_term_string}\"},\"query-input\":\"required name=search_term_string\"}],\"inLanguage\":\"pt-BR\"},{\"@type\":\"Organization\",\"@id\":\"https:\/\/bahiaeconomica.com.br\/wp\/#organization\",\"name\":\"Bahia Econ\u00f4mica\",\"url\":\"https:\/\/bahiaeconomica.com.br\/wp\/\",\"logo\":{\"@type\":\"ImageObject\",\"inLanguage\":\"pt-BR\",\"@id\":\"https:\/\/bahiaeconomica.com.br\/wp\/#\/schema\/logo\/image\/\",\"url\":\"https:\/\/bahiaeconomica.com.br\/wp\/wp-content\/uploads\/2020\/12\/cropped-BE.png\",\"contentUrl\":\"https:\/\/bahiaeconomica.com.br\/wp\/wp-content\/uploads\/2020\/12\/cropped-BE.png\",\"width\":512,\"height\":512,\"caption\":\"Bahia Econ\u00f4mica\"},\"image\":{\"@id\":\"https:\/\/bahiaeconomica.com.br\/wp\/#\/schema\/logo\/image\/\"},\"sameAs\":[\"https:\/\/www.facebook.com\/bahiaeconomica\"]},{\"@type\":\"Person\",\"@id\":\"https:\/\/bahiaeconomica.com.br\/wp\/#\/schema\/person\/cb1ab5ba96ad3d9390805381c76284ec\",\"name\":\"admin\",\"url\":\"https:\/\/bahiaeconomica.com.br\/wp\/author\/admin\/\"}]}<\/script>\n<!-- \/ Yoast SEO plugin. -->","yoast_head_json":{"title":"RESULTADOS DE AVALIA\u00c7\u00c3O DE APRENDIZAGEM S\u00c3O APRESENTADOS EM URU\u00c7UCA - Bahia Economica","description":"Dados s\u00e3o apresentados em encontro entre a prefeitura, a secretaria de educa\u00e7\u00e3o e representantes os respons\u00e1veis pela avalia\u00e7\u00e3o","robots":{"index":"index","follow":"follow","max-snippet":"max-snippet:-1","max-image-preview":"max-image-preview:large","max-video-preview":"max-video-preview:-1"},"canonical":"https:\/\/bahiaeconomica.com.br\/wp\/2022\/11\/23\/resultados-de-avaliacao-de-aprendizagem-sao-apresentados-em-urucuca\/","og_locale":"pt_BR","og_type":"article","og_title":"RESULTADOS DE AVALIA\u00c7\u00c3O DE APRENDIZAGEM S\u00c3O APRESENTADOS EM URU\u00c7UCA - Bahia Economica","og_description":"Dados s\u00e3o apresentados em encontro entre a prefeitura, a secretaria de educa\u00e7\u00e3o e representantes os respons\u00e1veis pela avalia\u00e7\u00e3o","og_url":"https:\/\/bahiaeconomica.com.br\/wp\/2022\/11\/23\/resultados-de-avaliacao-de-aprendizagem-sao-apresentados-em-urucuca\/","og_site_name":"Bahia Economica","article_publisher":"https:\/\/www.facebook.com\/bahiaeconomica","article_published_time":"2022-11-23T11:52:32+00:00","article_modified_time":"2022-11-23T13:55:05+00:00","og_image":[{"width":360,"height":220,"url":"https:\/\/bahiaeconomica.com.br\/wp\/wp-content\/uploads\/2022\/11\/WhatsApp-Image-2022-11-22-at-10.27.45-768x449_Reproducao.jpeg","type":"image\/jpeg"}],"author":"admin","twitter_card":"summary_large_image","twitter_misc":{"Escrito por":"admin","Est. tempo de leitura":"1 minuto"},"schema":{"@context":"https:\/\/schema.org","@graph":[{"@type":"Article","@id":"https:\/\/bahiaeconomica.com.br\/wp\/2022\/11\/23\/resultados-de-avaliacao-de-aprendizagem-sao-apresentados-em-urucuca\/#article","isPartOf":{"@id":"https:\/\/bahiaeconomica.com.br\/wp\/2022\/11\/23\/resultados-de-avaliacao-de-aprendizagem-sao-apresentados-em-urucuca\/"},"author":{"name":"admin","@id":"https:\/\/bahiaeconomica.com.br\/wp\/#\/schema\/person\/cb1ab5ba96ad3d9390805381c76284ec"},"headline":"RESULTADOS DE AVALIA\u00c7\u00c3O DE APRENDIZAGEM S\u00c3O APRESENTADOS EM URU\u00c7UCA","datePublished":"2022-11-23T11:52:32+00:00","dateModified":"2022-11-23T13:55:05+00:00","mainEntityOfPage":{"@id":"https:\/\/bahiaeconomica.com.br\/wp\/2022\/11\/23\/resultados-de-avaliacao-de-aprendizagem-sao-apresentados-em-urucuca\/"},"wordCount":120,"publisher":{"@id":"https:\/\/bahiaeconomica.com.br\/wp\/#organization"},"keywords":["Bahia","Educa\u00e7\u00e3o","Pol\u00edtica","Uru\u00e7uca"],"articleSection":["MUNIC\u00cdPIOS"],"inLanguage":"pt-BR"},{"@type":"WebPage","@id":"https:\/\/bahiaeconomica.com.br\/wp\/2022\/11\/23\/resultados-de-avaliacao-de-aprendizagem-sao-apresentados-em-urucuca\/","url":"https:\/\/bahiaeconomica.com.br\/wp\/2022\/11\/23\/resultados-de-avaliacao-de-aprendizagem-sao-apresentados-em-urucuca\/","name":"RESULTADOS DE AVALIA\u00c7\u00c3O DE APRENDIZAGEM S\u00c3O APRESENTADOS EM URU\u00c7UCA - Bahia Economica","isPartOf":{"@id":"https:\/\/bahiaeconomica.com.br\/wp\/#website"},"datePublished":"2022-11-23T11:52:32+00:00","dateModified":"2022-11-23T13:55:05+00:00","description":"Dados s\u00e3o apresentados em encontro entre a prefeitura, a secretaria de educa\u00e7\u00e3o e representantes os respons\u00e1veis pela avalia\u00e7\u00e3o","breadcrumb":{"@id":"https:\/\/bahiaeconomica.com.br\/wp\/2022\/11\/23\/resultados-de-avaliacao-de-aprendizagem-sao-apresentados-em-urucuca\/#breadcrumb"},"inLanguage":"pt-BR","potentialAction":[{"@type":"ReadAction","target":["https:\/\/bahiaeconomica.com.br\/wp\/2022\/11\/23\/resultados-de-avaliacao-de-aprendizagem-sao-apresentados-em-urucuca\/"]}]},{"@type":"BreadcrumbList","@id":"https:\/\/bahiaeconomica.com.br\/wp\/2022\/11\/23\/resultados-de-avaliacao-de-aprendizagem-sao-apresentados-em-urucuca\/#breadcrumb","itemListElement":[{"@type":"ListItem","position":1,"name":"In\u00edcio","item":"https:\/\/bahiaeconomica.com.br\/wp\/"},{"@type":"ListItem","position":2,"name":"RESULTADOS DE AVALIA\u00c7\u00c3O DE APRENDIZAGEM S\u00c3O APRESENTADOS EM URU\u00c7UCA"}]},{"@type":"WebSite","@id":"https:\/\/bahiaeconomica.com.br\/wp\/#website","url":"https:\/\/bahiaeconomica.com.br\/wp\/","name":"Bahia Economica","description":"O maior portal de Economia da Bahia","publisher":{"@id":"https:\/\/bahiaeconomica.com.br\/wp\/#organization"},"potentialAction":[{"@type":"SearchAction","target":{"@type":"EntryPoint","urlTemplate":"https:\/\/bahiaeconomica.com.br\/wp\/?s={search_term_string}"},"query-input":"required name=search_term_string"}],"inLanguage":"pt-BR"},{"@type":"Organization","@id":"https:\/\/bahiaeconomica.com.br\/wp\/#organization","name":"Bahia Econ\u00f4mica","url":"https:\/\/bahiaeconomica.com.br\/wp\/","logo":{"@type":"ImageObject","inLanguage":"pt-BR","@id":"https:\/\/bahiaeconomica.com.br\/wp\/#\/schema\/logo\/image\/","url":"https:\/\/bahiaeconomica.com.br\/wp\/wp-content\/uploads\/2020\/12\/cropped-BE.png","contentUrl":"https:\/\/bahiaeconomica.com.br\/wp\/wp-content\/uploads\/2020\/12\/cropped-BE.png","width":512,"height":512,"caption":"Bahia Econ\u00f4mica"},"image":{"@id":"https:\/\/bahiaeconomica.com.br\/wp\/#\/schema\/logo\/image\/"},"sameAs":["https:\/\/www.facebook.com\/bahiaeconomica"]},{"@type":"Person","@id":"https:\/\/bahiaeconomica.com.br\/wp\/#\/schema\/person\/cb1ab5ba96ad3d9390805381c76284ec","name":"admin","url":"https:\/\/bahiaeconomica.com.br\/wp\/author\/admin\/"}]}},"views":2,"_links":{"self":[{"href":"https:\/\/bahiaeconomica.com.br\/wp\/wp-json\/wp\/v2\/posts\/702580"}],"collection":[{"href":"https:\/\/bahiaeconomica.com.br\/wp\/wp-json\/wp\/v2\/posts"}],"about":[{"href":"https:\/\/bahiaeconomica.com.br\/wp\/wp-json\/wp\/v2\/types\/post"}],"author":[{"embeddable":true,"href":"https:\/\/bahiaeconomica.com.br\/wp\/wp-json\/wp\/v2\/users\/1"}],"replies":[{"embeddable":true,"href":"https:\/\/bahiaeconomica.com.br\/wp\/wp-json\/wp\/v2\/comments?post=702580"}],"version-history":[{"count":2,"href":"https:\/\/bahiaeconomica.com.br\/wp\/wp-json\/wp\/v2\/posts\/702580\/revisions"}],"predecessor-version":[{"id":702621,"href":"https:\/\/bahiaeconomica.com.br\/wp\/wp-json\/wp\/v2\/posts\/702580\/revisions\/702621"}],"wp:featuredmedia":[{"embeddable":true,"href":"https:\/\/bahiaeconomica.com.br\/wp\/wp-json\/wp\/v2\/media\/702596"}],"wp:attachment":[{"href":"https:\/\/bahiaeconomica.com.br\/wp\/wp-json\/wp\/v2\/media?parent=702580"}],"wp:term":[{"taxonomy":"category","embeddable":true,"href":"https:\/\/bahiaeconomica.com.br\/wp\/wp-json\/wp\/v2\/categories?post=702580"},{"taxonomy":"post_tag","embeddable":true,"href":"https:\/\/bahiaeconomica.com.br\/wp\/wp-json\/wp\/v2\/tags?post=702580"}],"curies":[{"name":"wp","href":"https:\/\/api.w.org\/{rel}","templated":true}]}}