{"id":701372,"date":"2022-11-16T10:32:42","date_gmt":"2022-11-16T13:32:42","guid":{"rendered":"https:\/\/bahiaeconomica.com.br\/wp\/beta\/?p=701372"},"modified":"2022-11-16T10:32:44","modified_gmt":"2022-11-16T13:32:44","slug":"pib-per-capita-baiano-em-2020-foi-o-maior-do-nordeste-2","status":"publish","type":"post","link":"https:\/\/bahiaeconomica.com.br\/wp\/2022\/11\/16\/pib-per-capita-baiano-em-2020-foi-o-maior-do-nordeste-2\/","title":{"rendered":"PIB PER CAPITA BAIANO EM 2020 FOI O MAIOR DO NORDESTE"},"content":{"rendered":"\n<p>Em 2020, o PIB per capita baiano ficou em R$ 20.449,29. Foi o 10\u00ba mais baixo entre as unidades da Federa\u00e7\u00e3o e continuou bem menor (-43,1%) do que o do pa\u00eds como um todo (R$ 35.935,74).<\/p>\n\n\n\n<!--more-->\n\n\n\n<p>Apesar disso, subiu duas posi\u00e7\u00f5es no ranking nacional (era o 8\u00ba mais baixo em 2019) e passou a ser o maior do Nordeste, superando Pernambuco (R$ 20.101,38) e Rio Grande do Norte (R$ 20.252,90).<\/p>\n\n\n\n<p>O maior PIB per capita brasileiro continuou sendo o do Distrito Federal: R$ 87.016,16, equivalente a pouco mais que o dobro do valor nacional. Em seguida, vinham S\u00e3o Paulo (R$ 51.364,73) e Mato Grosso (R$ 50.633,19). O Rio de Janeiro, que tinha o 3\u00ba maior PIB per capita em 2019, caiu para a 6\u00aa posi\u00e7\u00e3o em 2020 (R$ 43.407,55).<\/p>\n\n\n\n<p>Por outro lado, Maranh\u00e3o (R$ 15.027,69) e Piau\u00ed (R$ 17.184,70) seguiram com os menores PIB per capita do pa\u00eds. Desde 2002, quando se iniciou a s\u00e9rie das Contas Regionais, os dois estados alternam-se nas duas \u00faltimas posi\u00e7\u00f5es nesse ranking.<\/p>\n","protected":false},"excerpt":{"rendered":"<p>Em 2020, o PIB per capita baiano ficou em R$ 20.449,29. Foi o 10\u00ba mais baixo entre as unidades da Federa\u00e7\u00e3o e continuou bem menor (-43,1%) do que o do pa\u00eds como um todo (R$ 35.935,74).<\/p>\n","protected":false},"author":1,"featured_media":701373,"comment_status":"closed","ping_status":"closed","sticky":false,"template":"","format":"standard","meta":[],"categories":[14,3],"tags":[],"acf":[],"yoast_head":"<!-- This site is optimized with the Yoast SEO plugin v20.8 - https:\/\/yoast.com\/wordpress\/plugins\/seo\/ -->\n<title>PIB PER CAPITA BAIANO EM 2020 FOI O MAIOR DO NORDESTE - Bahia Economica<\/title>\n<meta name=\"description\" content=\"O maior portal de Economia da Bahia DESTAQUE DO DIA, ECONOMIA \/ POL\u00cdTICA Bahia Economica\" \/>\n<meta name=\"robots\" content=\"index, follow, max-snippet:-1, max-image-preview:large, max-video-preview:-1\" \/>\n<link rel=\"canonical\" href=\"https:\/\/bahiaeconomica.com.br\/wp\/2022\/11\/16\/pib-per-capita-baiano-em-2020-foi-o-maior-do-nordeste-2\/\" \/>\n<meta property=\"og:locale\" content=\"pt_BR\" \/>\n<meta property=\"og:type\" content=\"article\" \/>\n<meta property=\"og:title\" content=\"PIB PER CAPITA BAIANO EM 2020 FOI O MAIOR DO NORDESTE - Bahia Economica\" \/>\n<meta property=\"og:description\" content=\"O maior portal de Economia da Bahia DESTAQUE DO DIA, ECONOMIA \/ POL\u00cdTICA Bahia Economica\" \/>\n<meta property=\"og:url\" content=\"https:\/\/bahiaeconomica.com.br\/wp\/2022\/11\/16\/pib-per-capita-baiano-em-2020-foi-o-maior-do-nordeste-2\/\" \/>\n<meta property=\"og:site_name\" content=\"Bahia Economica\" \/>\n<meta property=\"article:publisher\" content=\"https:\/\/www.facebook.com\/bahiaeconomica\" \/>\n<meta property=\"article:published_time\" content=\"2022-11-16T13:32:42+00:00\" \/>\n<meta property=\"article:modified_time\" content=\"2022-11-16T13:32:44+00:00\" \/>\n<meta property=\"og:image\" content=\"https:\/\/bahiaeconomica.com.br\/wp\/wp-content\/uploads\/2022\/11\/foto-emprego-1.webp\" \/>\n\t<meta property=\"og:image:width\" content=\"984\" \/>\n\t<meta property=\"og:image:height\" content=\"654\" \/>\n\t<meta property=\"og:image:type\" content=\"image\/webp\" \/>\n<meta name=\"author\" content=\"admin\" \/>\n<meta name=\"twitter:card\" content=\"summary_large_image\" \/>\n<meta name=\"twitter:label1\" content=\"Escrito por\" \/>\n\t<meta name=\"twitter:data1\" content=\"admin\" \/>\n\t<meta name=\"twitter:label2\" content=\"Est. tempo de leitura\" \/>\n\t<meta name=\"twitter:data2\" content=\"1 minuto\" \/>\n<script type=\"application\/ld+json\" class=\"yoast-schema-graph\">{\"@context\":\"https:\/\/schema.org\",\"@graph\":[{\"@type\":\"Article\",\"@id\":\"https:\/\/bahiaeconomica.com.br\/wp\/2022\/11\/16\/pib-per-capita-baiano-em-2020-foi-o-maior-do-nordeste-2\/#article\",\"isPartOf\":{\"@id\":\"https:\/\/bahiaeconomica.com.br\/wp\/2022\/11\/16\/pib-per-capita-baiano-em-2020-foi-o-maior-do-nordeste-2\/\"},\"author\":{\"name\":\"admin\",\"@id\":\"https:\/\/bahiaeconomica.com.br\/wp\/#\/schema\/person\/cb1ab5ba96ad3d9390805381c76284ec\"},\"headline\":\"PIB PER CAPITA BAIANO EM 2020 FOI O MAIOR DO NORDESTE\",\"datePublished\":\"2022-11-16T13:32:42+00:00\",\"dateModified\":\"2022-11-16T13:32:44+00:00\",\"mainEntityOfPage\":{\"@id\":\"https:\/\/bahiaeconomica.com.br\/wp\/2022\/11\/16\/pib-per-capita-baiano-em-2020-foi-o-maior-do-nordeste-2\/\"},\"wordCount\":168,\"publisher\":{\"@id\":\"https:\/\/bahiaeconomica.com.br\/wp\/#organization\"},\"articleSection\":[\"DESTAQUE DO DIA\",\"ECONOMIA \/ POL\u00cdTICA\"],\"inLanguage\":\"pt-BR\"},{\"@type\":\"WebPage\",\"@id\":\"https:\/\/bahiaeconomica.com.br\/wp\/2022\/11\/16\/pib-per-capita-baiano-em-2020-foi-o-maior-do-nordeste-2\/\",\"url\":\"https:\/\/bahiaeconomica.com.br\/wp\/2022\/11\/16\/pib-per-capita-baiano-em-2020-foi-o-maior-do-nordeste-2\/\",\"name\":\"PIB PER CAPITA BAIANO EM 2020 FOI O MAIOR DO NORDESTE - Bahia Economica\",\"isPartOf\":{\"@id\":\"https:\/\/bahiaeconomica.com.br\/wp\/#website\"},\"datePublished\":\"2022-11-16T13:32:42+00:00\",\"dateModified\":\"2022-11-16T13:32:44+00:00\",\"description\":\"O maior portal de Economia da Bahia DESTAQUE DO DIA, ECONOMIA \/ POL\u00cdTICA Bahia Economica\",\"breadcrumb\":{\"@id\":\"https:\/\/bahiaeconomica.com.br\/wp\/2022\/11\/16\/pib-per-capita-baiano-em-2020-foi-o-maior-do-nordeste-2\/#breadcrumb\"},\"inLanguage\":\"pt-BR\",\"potentialAction\":[{\"@type\":\"ReadAction\",\"target\":[\"https:\/\/bahiaeconomica.com.br\/wp\/2022\/11\/16\/pib-per-capita-baiano-em-2020-foi-o-maior-do-nordeste-2\/\"]}]},{\"@type\":\"BreadcrumbList\",\"@id\":\"https:\/\/bahiaeconomica.com.br\/wp\/2022\/11\/16\/pib-per-capita-baiano-em-2020-foi-o-maior-do-nordeste-2\/#breadcrumb\",\"itemListElement\":[{\"@type\":\"ListItem\",\"position\":1,\"name\":\"In\u00edcio\",\"item\":\"https:\/\/bahiaeconomica.com.br\/wp\/\"},{\"@type\":\"ListItem\",\"position\":2,\"name\":\"PIB PER CAPITA BAIANO EM 2020 FOI O MAIOR DO NORDESTE\"}]},{\"@type\":\"WebSite\",\"@id\":\"https:\/\/bahiaeconomica.com.br\/wp\/#website\",\"url\":\"https:\/\/bahiaeconomica.com.br\/wp\/\",\"name\":\"Bahia Economica\",\"description\":\"O maior portal de Economia da Bahia\",\"publisher\":{\"@id\":\"https:\/\/bahiaeconomica.com.br\/wp\/#organization\"},\"potentialAction\":[{\"@type\":\"SearchAction\",\"target\":{\"@type\":\"EntryPoint\",\"urlTemplate\":\"https:\/\/bahiaeconomica.com.br\/wp\/?s={search_term_string}\"},\"query-input\":\"required name=search_term_string\"}],\"inLanguage\":\"pt-BR\"},{\"@type\":\"Organization\",\"@id\":\"https:\/\/bahiaeconomica.com.br\/wp\/#organization\",\"name\":\"Bahia Econ\u00f4mica\",\"url\":\"https:\/\/bahiaeconomica.com.br\/wp\/\",\"logo\":{\"@type\":\"ImageObject\",\"inLanguage\":\"pt-BR\",\"@id\":\"https:\/\/bahiaeconomica.com.br\/wp\/#\/schema\/logo\/image\/\",\"url\":\"https:\/\/bahiaeconomica.com.br\/wp\/wp-content\/uploads\/2020\/12\/cropped-BE.png\",\"contentUrl\":\"https:\/\/bahiaeconomica.com.br\/wp\/wp-content\/uploads\/2020\/12\/cropped-BE.png\",\"width\":512,\"height\":512,\"caption\":\"Bahia Econ\u00f4mica\"},\"image\":{\"@id\":\"https:\/\/bahiaeconomica.com.br\/wp\/#\/schema\/logo\/image\/\"},\"sameAs\":[\"https:\/\/www.facebook.com\/bahiaeconomica\"]},{\"@type\":\"Person\",\"@id\":\"https:\/\/bahiaeconomica.com.br\/wp\/#\/schema\/person\/cb1ab5ba96ad3d9390805381c76284ec\",\"name\":\"admin\",\"url\":\"https:\/\/bahiaeconomica.com.br\/wp\/author\/admin\/\"}]}<\/script>\n<!-- \/ Yoast SEO plugin. -->","yoast_head_json":{"title":"PIB PER CAPITA BAIANO EM 2020 FOI O MAIOR DO NORDESTE - Bahia Economica","description":"O maior portal de Economia da Bahia DESTAQUE DO DIA, ECONOMIA \/ POL\u00cdTICA Bahia Economica","robots":{"index":"index","follow":"follow","max-snippet":"max-snippet:-1","max-image-preview":"max-image-preview:large","max-video-preview":"max-video-preview:-1"},"canonical":"https:\/\/bahiaeconomica.com.br\/wp\/2022\/11\/16\/pib-per-capita-baiano-em-2020-foi-o-maior-do-nordeste-2\/","og_locale":"pt_BR","og_type":"article","og_title":"PIB PER CAPITA BAIANO EM 2020 FOI O MAIOR DO NORDESTE - Bahia Economica","og_description":"O maior portal de Economia da Bahia DESTAQUE DO DIA, ECONOMIA \/ POL\u00cdTICA Bahia Economica","og_url":"https:\/\/bahiaeconomica.com.br\/wp\/2022\/11\/16\/pib-per-capita-baiano-em-2020-foi-o-maior-do-nordeste-2\/","og_site_name":"Bahia Economica","article_publisher":"https:\/\/www.facebook.com\/bahiaeconomica","article_published_time":"2022-11-16T13:32:42+00:00","article_modified_time":"2022-11-16T13:32:44+00:00","og_image":[{"width":984,"height":654,"url":"https:\/\/bahiaeconomica.com.br\/wp\/wp-content\/uploads\/2022\/11\/foto-emprego-1.webp","type":"image\/webp"}],"author":"admin","twitter_card":"summary_large_image","twitter_misc":{"Escrito por":"admin","Est. tempo de leitura":"1 minuto"},"schema":{"@context":"https:\/\/schema.org","@graph":[{"@type":"Article","@id":"https:\/\/bahiaeconomica.com.br\/wp\/2022\/11\/16\/pib-per-capita-baiano-em-2020-foi-o-maior-do-nordeste-2\/#article","isPartOf":{"@id":"https:\/\/bahiaeconomica.com.br\/wp\/2022\/11\/16\/pib-per-capita-baiano-em-2020-foi-o-maior-do-nordeste-2\/"},"author":{"name":"admin","@id":"https:\/\/bahiaeconomica.com.br\/wp\/#\/schema\/person\/cb1ab5ba96ad3d9390805381c76284ec"},"headline":"PIB PER CAPITA BAIANO EM 2020 FOI O MAIOR DO NORDESTE","datePublished":"2022-11-16T13:32:42+00:00","dateModified":"2022-11-16T13:32:44+00:00","mainEntityOfPage":{"@id":"https:\/\/bahiaeconomica.com.br\/wp\/2022\/11\/16\/pib-per-capita-baiano-em-2020-foi-o-maior-do-nordeste-2\/"},"wordCount":168,"publisher":{"@id":"https:\/\/bahiaeconomica.com.br\/wp\/#organization"},"articleSection":["DESTAQUE DO DIA","ECONOMIA \/ POL\u00cdTICA"],"inLanguage":"pt-BR"},{"@type":"WebPage","@id":"https:\/\/bahiaeconomica.com.br\/wp\/2022\/11\/16\/pib-per-capita-baiano-em-2020-foi-o-maior-do-nordeste-2\/","url":"https:\/\/bahiaeconomica.com.br\/wp\/2022\/11\/16\/pib-per-capita-baiano-em-2020-foi-o-maior-do-nordeste-2\/","name":"PIB PER CAPITA BAIANO EM 2020 FOI O MAIOR DO NORDESTE - Bahia Economica","isPartOf":{"@id":"https:\/\/bahiaeconomica.com.br\/wp\/#website"},"datePublished":"2022-11-16T13:32:42+00:00","dateModified":"2022-11-16T13:32:44+00:00","description":"O maior portal de Economia da Bahia DESTAQUE DO DIA, ECONOMIA \/ POL\u00cdTICA Bahia Economica","breadcrumb":{"@id":"https:\/\/bahiaeconomica.com.br\/wp\/2022\/11\/16\/pib-per-capita-baiano-em-2020-foi-o-maior-do-nordeste-2\/#breadcrumb"},"inLanguage":"pt-BR","potentialAction":[{"@type":"ReadAction","target":["https:\/\/bahiaeconomica.com.br\/wp\/2022\/11\/16\/pib-per-capita-baiano-em-2020-foi-o-maior-do-nordeste-2\/"]}]},{"@type":"BreadcrumbList","@id":"https:\/\/bahiaeconomica.com.br\/wp\/2022\/11\/16\/pib-per-capita-baiano-em-2020-foi-o-maior-do-nordeste-2\/#breadcrumb","itemListElement":[{"@type":"ListItem","position":1,"name":"In\u00edcio","item":"https:\/\/bahiaeconomica.com.br\/wp\/"},{"@type":"ListItem","position":2,"name":"PIB PER CAPITA BAIANO EM 2020 FOI O MAIOR DO NORDESTE"}]},{"@type":"WebSite","@id":"https:\/\/bahiaeconomica.com.br\/wp\/#website","url":"https:\/\/bahiaeconomica.com.br\/wp\/","name":"Bahia Economica","description":"O maior portal de Economia da Bahia","publisher":{"@id":"https:\/\/bahiaeconomica.com.br\/wp\/#organization"},"potentialAction":[{"@type":"SearchAction","target":{"@type":"EntryPoint","urlTemplate":"https:\/\/bahiaeconomica.com.br\/wp\/?s={search_term_string}"},"query-input":"required name=search_term_string"}],"inLanguage":"pt-BR"},{"@type":"Organization","@id":"https:\/\/bahiaeconomica.com.br\/wp\/#organization","name":"Bahia Econ\u00f4mica","url":"https:\/\/bahiaeconomica.com.br\/wp\/","logo":{"@type":"ImageObject","inLanguage":"pt-BR","@id":"https:\/\/bahiaeconomica.com.br\/wp\/#\/schema\/logo\/image\/","url":"https:\/\/bahiaeconomica.com.br\/wp\/wp-content\/uploads\/2020\/12\/cropped-BE.png","contentUrl":"https:\/\/bahiaeconomica.com.br\/wp\/wp-content\/uploads\/2020\/12\/cropped-BE.png","width":512,"height":512,"caption":"Bahia Econ\u00f4mica"},"image":{"@id":"https:\/\/bahiaeconomica.com.br\/wp\/#\/schema\/logo\/image\/"},"sameAs":["https:\/\/www.facebook.com\/bahiaeconomica"]},{"@type":"Person","@id":"https:\/\/bahiaeconomica.com.br\/wp\/#\/schema\/person\/cb1ab5ba96ad3d9390805381c76284ec","name":"admin","url":"https:\/\/bahiaeconomica.com.br\/wp\/author\/admin\/"}]}},"views":53,"_links":{"self":[{"href":"https:\/\/bahiaeconomica.com.br\/wp\/wp-json\/wp\/v2\/posts\/701372"}],"collection":[{"href":"https:\/\/bahiaeconomica.com.br\/wp\/wp-json\/wp\/v2\/posts"}],"about":[{"href":"https:\/\/bahiaeconomica.com.br\/wp\/wp-json\/wp\/v2\/types\/post"}],"author":[{"embeddable":true,"href":"https:\/\/bahiaeconomica.com.br\/wp\/wp-json\/wp\/v2\/users\/1"}],"replies":[{"embeddable":true,"href":"https:\/\/bahiaeconomica.com.br\/wp\/wp-json\/wp\/v2\/comments?post=701372"}],"version-history":[{"count":1,"href":"https:\/\/bahiaeconomica.com.br\/wp\/wp-json\/wp\/v2\/posts\/701372\/revisions"}],"predecessor-version":[{"id":701374,"href":"https:\/\/bahiaeconomica.com.br\/wp\/wp-json\/wp\/v2\/posts\/701372\/revisions\/701374"}],"wp:featuredmedia":[{"embeddable":true,"href":"https:\/\/bahiaeconomica.com.br\/wp\/wp-json\/wp\/v2\/media\/701373"}],"wp:attachment":[{"href":"https:\/\/bahiaeconomica.com.br\/wp\/wp-json\/wp\/v2\/media?parent=701372"}],"wp:term":[{"taxonomy":"category","embeddable":true,"href":"https:\/\/bahiaeconomica.com.br\/wp\/wp-json\/wp\/v2\/categories?post=701372"},{"taxonomy":"post_tag","embeddable":true,"href":"https:\/\/bahiaeconomica.com.br\/wp\/wp-json\/wp\/v2\/tags?post=701372"}],"curies":[{"name":"wp","href":"https:\/\/api.w.org\/{rel}","templated":true}]}}