{"id":701227,"date":"2022-11-14T19:00:00","date_gmt":"2022-11-14T22:00:00","guid":{"rendered":"https:\/\/bahiaeconomica.com.br\/wp\/beta\/?p=701227"},"modified":"2022-11-14T18:50:44","modified_gmt":"2022-11-14T21:50:44","slug":"bahia-funcionarios-de-universidade-federal-sao-demitidos-e-atividades-podem-ser-comprometidas","status":"publish","type":"post","link":"https:\/\/bahiaeconomica.com.br\/wp\/2022\/11\/14\/bahia-funcionarios-de-universidade-federal-sao-demitidos-e-atividades-podem-ser-comprometidas\/","title":{"rendered":"BAHIA: FUNCION\u00c1RIOS DE UNIVERSIDADE FEDERAL S\u00c3O DEMITIDOS E ATIVIDADES PODEM SER COMPROMETIDAS"},"content":{"rendered":"\n<p>Cerca de 300 funcion\u00e1rios terceirizados da Universidade Federal do Vale do S\u00e3o Francisco (Univasf) foram demitidos da institui\u00e7\u00e3o e, de acordo com o conselho universit\u00e1rio, as atividades ser\u00e3o duramente impactadas.<\/p>\n\n\n\n<!--more-->\n\n\n\n<p>Desse total, 39 atuavam no campus de&nbsp;Juazeiro, sete em&nbsp;Paulo Afonso&nbsp;e cinco em&nbsp;Senhor do Bonfim, j\u00e1 os demais, trabalhavam em campi do estado de Pernambuco.<\/p>\n\n\n\n<p>Por meio de nota, a institui\u00e7\u00e3o informou que a descontinuidade dos servi\u00e7os terceirizados \u00e9 de car\u00e1rter parcial e provis\u00f3rio, e alcan\u00e7a unicamente atividades de apoio administrativo.<\/p>\n\n\n\n<p>Ainda na nota, a Univasf afirmou que a decis\u00e3o ocorreu de forma alheia \u00e0 administra\u00e7\u00e3o da universidade e que os servi\u00e7os devem ser restabelecidos at\u00e9 a pr\u00f3xima sexta-feira (18).<\/p>\n\n\n\n<p>O conselheiro universit\u00e1rio Cl\u00e9bio Ferreira informou que a institui\u00e7\u00e3o n\u00e3o detalhou o motivo das demiss\u00f5es, nem especificou os postos de trabalho que seriam cortados. (G1)<\/p>\n","protected":false},"excerpt":{"rendered":"<p>Cerca de 300 funcion\u00e1rios terceirizados da Universidade Federal do Vale do S\u00e3o Francisco (Univasf) foram demitidos da institui\u00e7\u00e3o e, de acordo com o conselho universit\u00e1rio, as atividades ser\u00e3o duramente impactadas.<\/p>\n","protected":false},"author":1,"featured_media":701228,"comment_status":"closed","ping_status":"closed","sticky":false,"template":"","format":"standard","meta":[],"categories":[3],"tags":[],"acf":[],"yoast_head":"<!-- This site is optimized with the Yoast SEO plugin v20.8 - https:\/\/yoast.com\/wordpress\/plugins\/seo\/ -->\n<title>BAHIA: FUNCION\u00c1RIOS DE UNIVERSIDADE FEDERAL S\u00c3O DEMITIDOS E ATIVIDADES PODEM SER COMPROMETIDAS - Bahia Economica<\/title>\n<meta name=\"description\" content=\"O maior portal de Economia da Bahia ECONOMIA \/ POL\u00cdTICA Bahia Economica\" \/>\n<meta name=\"robots\" content=\"index, follow, max-snippet:-1, max-image-preview:large, max-video-preview:-1\" \/>\n<link rel=\"canonical\" href=\"https:\/\/bahiaeconomica.com.br\/wp\/2022\/11\/14\/bahia-funcionarios-de-universidade-federal-sao-demitidos-e-atividades-podem-ser-comprometidas\/\" \/>\n<meta property=\"og:locale\" content=\"pt_BR\" \/>\n<meta property=\"og:type\" content=\"article\" \/>\n<meta property=\"og:title\" content=\"BAHIA: FUNCION\u00c1RIOS DE UNIVERSIDADE FEDERAL S\u00c3O DEMITIDOS E ATIVIDADES PODEM SER COMPROMETIDAS - Bahia Economica\" \/>\n<meta property=\"og:description\" content=\"O maior portal de Economia da Bahia ECONOMIA \/ POL\u00cdTICA Bahia Economica\" \/>\n<meta property=\"og:url\" content=\"https:\/\/bahiaeconomica.com.br\/wp\/2022\/11\/14\/bahia-funcionarios-de-universidade-federal-sao-demitidos-e-atividades-podem-ser-comprometidas\/\" \/>\n<meta property=\"og:site_name\" content=\"Bahia Economica\" \/>\n<meta property=\"article:publisher\" content=\"https:\/\/www.facebook.com\/bahiaeconomica\" \/>\n<meta property=\"article:published_time\" content=\"2022-11-14T22:00:00+00:00\" \/>\n<meta property=\"article:modified_time\" content=\"2022-11-14T21:50:44+00:00\" \/>\n<meta property=\"og:image\" content=\"https:\/\/bahiaeconomica.com.br\/wp\/wp-content\/uploads\/2022\/11\/Univasf-foto.jpg\" \/>\n\t<meta property=\"og:image:width\" content=\"360\" \/>\n\t<meta property=\"og:image:height\" content=\"220\" \/>\n\t<meta property=\"og:image:type\" content=\"image\/jpeg\" \/>\n<meta name=\"author\" content=\"admin\" \/>\n<meta name=\"twitter:card\" content=\"summary_large_image\" \/>\n<meta name=\"twitter:label1\" content=\"Escrito por\" \/>\n\t<meta name=\"twitter:data1\" content=\"admin\" \/>\n\t<meta name=\"twitter:label2\" content=\"Est. tempo de leitura\" \/>\n\t<meta name=\"twitter:data2\" content=\"1 minuto\" \/>\n<script type=\"application\/ld+json\" class=\"yoast-schema-graph\">{\"@context\":\"https:\/\/schema.org\",\"@graph\":[{\"@type\":\"Article\",\"@id\":\"https:\/\/bahiaeconomica.com.br\/wp\/2022\/11\/14\/bahia-funcionarios-de-universidade-federal-sao-demitidos-e-atividades-podem-ser-comprometidas\/#article\",\"isPartOf\":{\"@id\":\"https:\/\/bahiaeconomica.com.br\/wp\/2022\/11\/14\/bahia-funcionarios-de-universidade-federal-sao-demitidos-e-atividades-podem-ser-comprometidas\/\"},\"author\":{\"name\":\"admin\",\"@id\":\"https:\/\/bahiaeconomica.com.br\/wp\/#\/schema\/person\/cb1ab5ba96ad3d9390805381c76284ec\"},\"headline\":\"BAHIA: FUNCION\u00c1RIOS DE UNIVERSIDADE FEDERAL S\u00c3O DEMITIDOS E ATIVIDADES PODEM SER COMPROMETIDAS\",\"datePublished\":\"2022-11-14T22:00:00+00:00\",\"dateModified\":\"2022-11-14T21:50:44+00:00\",\"mainEntityOfPage\":{\"@id\":\"https:\/\/bahiaeconomica.com.br\/wp\/2022\/11\/14\/bahia-funcionarios-de-universidade-federal-sao-demitidos-e-atividades-podem-ser-comprometidas\/\"},\"wordCount\":170,\"publisher\":{\"@id\":\"https:\/\/bahiaeconomica.com.br\/wp\/#organization\"},\"articleSection\":[\"ECONOMIA \/ POL\u00cdTICA\"],\"inLanguage\":\"pt-BR\"},{\"@type\":\"WebPage\",\"@id\":\"https:\/\/bahiaeconomica.com.br\/wp\/2022\/11\/14\/bahia-funcionarios-de-universidade-federal-sao-demitidos-e-atividades-podem-ser-comprometidas\/\",\"url\":\"https:\/\/bahiaeconomica.com.br\/wp\/2022\/11\/14\/bahia-funcionarios-de-universidade-federal-sao-demitidos-e-atividades-podem-ser-comprometidas\/\",\"name\":\"BAHIA: FUNCION\u00c1RIOS DE UNIVERSIDADE FEDERAL S\u00c3O DEMITIDOS E ATIVIDADES PODEM SER COMPROMETIDAS - Bahia Economica\",\"isPartOf\":{\"@id\":\"https:\/\/bahiaeconomica.com.br\/wp\/#website\"},\"datePublished\":\"2022-11-14T22:00:00+00:00\",\"dateModified\":\"2022-11-14T21:50:44+00:00\",\"description\":\"O maior portal de Economia da Bahia ECONOMIA \/ POL\u00cdTICA Bahia Economica\",\"breadcrumb\":{\"@id\":\"https:\/\/bahiaeconomica.com.br\/wp\/2022\/11\/14\/bahia-funcionarios-de-universidade-federal-sao-demitidos-e-atividades-podem-ser-comprometidas\/#breadcrumb\"},\"inLanguage\":\"pt-BR\",\"potentialAction\":[{\"@type\":\"ReadAction\",\"target\":[\"https:\/\/bahiaeconomica.com.br\/wp\/2022\/11\/14\/bahia-funcionarios-de-universidade-federal-sao-demitidos-e-atividades-podem-ser-comprometidas\/\"]}]},{\"@type\":\"BreadcrumbList\",\"@id\":\"https:\/\/bahiaeconomica.com.br\/wp\/2022\/11\/14\/bahia-funcionarios-de-universidade-federal-sao-demitidos-e-atividades-podem-ser-comprometidas\/#breadcrumb\",\"itemListElement\":[{\"@type\":\"ListItem\",\"position\":1,\"name\":\"In\u00edcio\",\"item\":\"https:\/\/bahiaeconomica.com.br\/wp\/\"},{\"@type\":\"ListItem\",\"position\":2,\"name\":\"BAHIA: FUNCION\u00c1RIOS DE UNIVERSIDADE FEDERAL S\u00c3O DEMITIDOS E ATIVIDADES PODEM SER COMPROMETIDAS\"}]},{\"@type\":\"WebSite\",\"@id\":\"https:\/\/bahiaeconomica.com.br\/wp\/#website\",\"url\":\"https:\/\/bahiaeconomica.com.br\/wp\/\",\"name\":\"Bahia Economica\",\"description\":\"O maior portal de Economia da Bahia\",\"publisher\":{\"@id\":\"https:\/\/bahiaeconomica.com.br\/wp\/#organization\"},\"potentialAction\":[{\"@type\":\"SearchAction\",\"target\":{\"@type\":\"EntryPoint\",\"urlTemplate\":\"https:\/\/bahiaeconomica.com.br\/wp\/?s={search_term_string}\"},\"query-input\":\"required name=search_term_string\"}],\"inLanguage\":\"pt-BR\"},{\"@type\":\"Organization\",\"@id\":\"https:\/\/bahiaeconomica.com.br\/wp\/#organization\",\"name\":\"Bahia Econ\u00f4mica\",\"url\":\"https:\/\/bahiaeconomica.com.br\/wp\/\",\"logo\":{\"@type\":\"ImageObject\",\"inLanguage\":\"pt-BR\",\"@id\":\"https:\/\/bahiaeconomica.com.br\/wp\/#\/schema\/logo\/image\/\",\"url\":\"https:\/\/bahiaeconomica.com.br\/wp\/wp-content\/uploads\/2020\/12\/cropped-BE.png\",\"contentUrl\":\"https:\/\/bahiaeconomica.com.br\/wp\/wp-content\/uploads\/2020\/12\/cropped-BE.png\",\"width\":512,\"height\":512,\"caption\":\"Bahia Econ\u00f4mica\"},\"image\":{\"@id\":\"https:\/\/bahiaeconomica.com.br\/wp\/#\/schema\/logo\/image\/\"},\"sameAs\":[\"https:\/\/www.facebook.com\/bahiaeconomica\"]},{\"@type\":\"Person\",\"@id\":\"https:\/\/bahiaeconomica.com.br\/wp\/#\/schema\/person\/cb1ab5ba96ad3d9390805381c76284ec\",\"name\":\"admin\",\"url\":\"https:\/\/bahiaeconomica.com.br\/wp\/author\/admin\/\"}]}<\/script>\n<!-- \/ Yoast SEO plugin. -->","yoast_head_json":{"title":"BAHIA: FUNCION\u00c1RIOS DE UNIVERSIDADE FEDERAL S\u00c3O DEMITIDOS E ATIVIDADES PODEM SER COMPROMETIDAS - Bahia Economica","description":"O maior portal de Economia da Bahia ECONOMIA \/ POL\u00cdTICA Bahia Economica","robots":{"index":"index","follow":"follow","max-snippet":"max-snippet:-1","max-image-preview":"max-image-preview:large","max-video-preview":"max-video-preview:-1"},"canonical":"https:\/\/bahiaeconomica.com.br\/wp\/2022\/11\/14\/bahia-funcionarios-de-universidade-federal-sao-demitidos-e-atividades-podem-ser-comprometidas\/","og_locale":"pt_BR","og_type":"article","og_title":"BAHIA: FUNCION\u00c1RIOS DE UNIVERSIDADE FEDERAL S\u00c3O DEMITIDOS E ATIVIDADES PODEM SER COMPROMETIDAS - Bahia Economica","og_description":"O maior portal de Economia da Bahia ECONOMIA \/ POL\u00cdTICA Bahia Economica","og_url":"https:\/\/bahiaeconomica.com.br\/wp\/2022\/11\/14\/bahia-funcionarios-de-universidade-federal-sao-demitidos-e-atividades-podem-ser-comprometidas\/","og_site_name":"Bahia Economica","article_publisher":"https:\/\/www.facebook.com\/bahiaeconomica","article_published_time":"2022-11-14T22:00:00+00:00","article_modified_time":"2022-11-14T21:50:44+00:00","og_image":[{"width":360,"height":220,"url":"https:\/\/bahiaeconomica.com.br\/wp\/wp-content\/uploads\/2022\/11\/Univasf-foto.jpg","type":"image\/jpeg"}],"author":"admin","twitter_card":"summary_large_image","twitter_misc":{"Escrito por":"admin","Est. tempo de leitura":"1 minuto"},"schema":{"@context":"https:\/\/schema.org","@graph":[{"@type":"Article","@id":"https:\/\/bahiaeconomica.com.br\/wp\/2022\/11\/14\/bahia-funcionarios-de-universidade-federal-sao-demitidos-e-atividades-podem-ser-comprometidas\/#article","isPartOf":{"@id":"https:\/\/bahiaeconomica.com.br\/wp\/2022\/11\/14\/bahia-funcionarios-de-universidade-federal-sao-demitidos-e-atividades-podem-ser-comprometidas\/"},"author":{"name":"admin","@id":"https:\/\/bahiaeconomica.com.br\/wp\/#\/schema\/person\/cb1ab5ba96ad3d9390805381c76284ec"},"headline":"BAHIA: FUNCION\u00c1RIOS DE UNIVERSIDADE FEDERAL S\u00c3O DEMITIDOS E ATIVIDADES PODEM SER COMPROMETIDAS","datePublished":"2022-11-14T22:00:00+00:00","dateModified":"2022-11-14T21:50:44+00:00","mainEntityOfPage":{"@id":"https:\/\/bahiaeconomica.com.br\/wp\/2022\/11\/14\/bahia-funcionarios-de-universidade-federal-sao-demitidos-e-atividades-podem-ser-comprometidas\/"},"wordCount":170,"publisher":{"@id":"https:\/\/bahiaeconomica.com.br\/wp\/#organization"},"articleSection":["ECONOMIA \/ POL\u00cdTICA"],"inLanguage":"pt-BR"},{"@type":"WebPage","@id":"https:\/\/bahiaeconomica.com.br\/wp\/2022\/11\/14\/bahia-funcionarios-de-universidade-federal-sao-demitidos-e-atividades-podem-ser-comprometidas\/","url":"https:\/\/bahiaeconomica.com.br\/wp\/2022\/11\/14\/bahia-funcionarios-de-universidade-federal-sao-demitidos-e-atividades-podem-ser-comprometidas\/","name":"BAHIA: FUNCION\u00c1RIOS DE UNIVERSIDADE FEDERAL S\u00c3O DEMITIDOS E ATIVIDADES PODEM SER COMPROMETIDAS - Bahia Economica","isPartOf":{"@id":"https:\/\/bahiaeconomica.com.br\/wp\/#website"},"datePublished":"2022-11-14T22:00:00+00:00","dateModified":"2022-11-14T21:50:44+00:00","description":"O maior portal de Economia da Bahia ECONOMIA \/ POL\u00cdTICA Bahia Economica","breadcrumb":{"@id":"https:\/\/bahiaeconomica.com.br\/wp\/2022\/11\/14\/bahia-funcionarios-de-universidade-federal-sao-demitidos-e-atividades-podem-ser-comprometidas\/#breadcrumb"},"inLanguage":"pt-BR","potentialAction":[{"@type":"ReadAction","target":["https:\/\/bahiaeconomica.com.br\/wp\/2022\/11\/14\/bahia-funcionarios-de-universidade-federal-sao-demitidos-e-atividades-podem-ser-comprometidas\/"]}]},{"@type":"BreadcrumbList","@id":"https:\/\/bahiaeconomica.com.br\/wp\/2022\/11\/14\/bahia-funcionarios-de-universidade-federal-sao-demitidos-e-atividades-podem-ser-comprometidas\/#breadcrumb","itemListElement":[{"@type":"ListItem","position":1,"name":"In\u00edcio","item":"https:\/\/bahiaeconomica.com.br\/wp\/"},{"@type":"ListItem","position":2,"name":"BAHIA: FUNCION\u00c1RIOS DE UNIVERSIDADE FEDERAL S\u00c3O DEMITIDOS E ATIVIDADES PODEM SER COMPROMETIDAS"}]},{"@type":"WebSite","@id":"https:\/\/bahiaeconomica.com.br\/wp\/#website","url":"https:\/\/bahiaeconomica.com.br\/wp\/","name":"Bahia Economica","description":"O maior portal de Economia da Bahia","publisher":{"@id":"https:\/\/bahiaeconomica.com.br\/wp\/#organization"},"potentialAction":[{"@type":"SearchAction","target":{"@type":"EntryPoint","urlTemplate":"https:\/\/bahiaeconomica.com.br\/wp\/?s={search_term_string}"},"query-input":"required name=search_term_string"}],"inLanguage":"pt-BR"},{"@type":"Organization","@id":"https:\/\/bahiaeconomica.com.br\/wp\/#organization","name":"Bahia Econ\u00f4mica","url":"https:\/\/bahiaeconomica.com.br\/wp\/","logo":{"@type":"ImageObject","inLanguage":"pt-BR","@id":"https:\/\/bahiaeconomica.com.br\/wp\/#\/schema\/logo\/image\/","url":"https:\/\/bahiaeconomica.com.br\/wp\/wp-content\/uploads\/2020\/12\/cropped-BE.png","contentUrl":"https:\/\/bahiaeconomica.com.br\/wp\/wp-content\/uploads\/2020\/12\/cropped-BE.png","width":512,"height":512,"caption":"Bahia Econ\u00f4mica"},"image":{"@id":"https:\/\/bahiaeconomica.com.br\/wp\/#\/schema\/logo\/image\/"},"sameAs":["https:\/\/www.facebook.com\/bahiaeconomica"]},{"@type":"Person","@id":"https:\/\/bahiaeconomica.com.br\/wp\/#\/schema\/person\/cb1ab5ba96ad3d9390805381c76284ec","name":"admin","url":"https:\/\/bahiaeconomica.com.br\/wp\/author\/admin\/"}]}},"views":1,"_links":{"self":[{"href":"https:\/\/bahiaeconomica.com.br\/wp\/wp-json\/wp\/v2\/posts\/701227"}],"collection":[{"href":"https:\/\/bahiaeconomica.com.br\/wp\/wp-json\/wp\/v2\/posts"}],"about":[{"href":"https:\/\/bahiaeconomica.com.br\/wp\/wp-json\/wp\/v2\/types\/post"}],"author":[{"embeddable":true,"href":"https:\/\/bahiaeconomica.com.br\/wp\/wp-json\/wp\/v2\/users\/1"}],"replies":[{"embeddable":true,"href":"https:\/\/bahiaeconomica.com.br\/wp\/wp-json\/wp\/v2\/comments?post=701227"}],"version-history":[{"count":1,"href":"https:\/\/bahiaeconomica.com.br\/wp\/wp-json\/wp\/v2\/posts\/701227\/revisions"}],"predecessor-version":[{"id":701229,"href":"https:\/\/bahiaeconomica.com.br\/wp\/wp-json\/wp\/v2\/posts\/701227\/revisions\/701229"}],"wp:featuredmedia":[{"embeddable":true,"href":"https:\/\/bahiaeconomica.com.br\/wp\/wp-json\/wp\/v2\/media\/701228"}],"wp:attachment":[{"href":"https:\/\/bahiaeconomica.com.br\/wp\/wp-json\/wp\/v2\/media?parent=701227"}],"wp:term":[{"taxonomy":"category","embeddable":true,"href":"https:\/\/bahiaeconomica.com.br\/wp\/wp-json\/wp\/v2\/categories?post=701227"},{"taxonomy":"post_tag","embeddable":true,"href":"https:\/\/bahiaeconomica.com.br\/wp\/wp-json\/wp\/v2\/tags?post=701227"}],"curies":[{"name":"wp","href":"https:\/\/api.w.org\/{rel}","templated":true}]}}