{"id":700954,"date":"2022-11-12T11:30:58","date_gmt":"2022-11-12T14:30:58","guid":{"rendered":"https:\/\/bahiaeconomica.com.br\/wp\/beta\/?p=700954"},"modified":"2022-11-12T08:58:09","modified_gmt":"2022-11-12T11:58:09","slug":"mercados-invertem-apos-vitoria-de-lula-veja-analise","status":"publish","type":"post","link":"https:\/\/bahiaeconomica.com.br\/wp\/2022\/11\/12\/mercados-invertem-apos-vitoria-de-lula-veja-analise\/","title":{"rendered":"MERCADOS INVERTEM AP\u00d3S VIT\u00d3RIA DE LULA. VEJA AN\u00c1LISE"},"content":{"rendered":"\n<p>H\u00e1 uma semana, o presidente eleito Luiz In\u00e1cio Lula da Silva (PT) comemorava o desempenho positivo da bolsa de valores e a queda do d\u00f3lar na primeira semana ap\u00f3s as elei\u00e7\u00f5es presidenciais. <\/p>\n\n\n\n<!--more-->\n\n\n\n<p>Em suas redes sociais, o petista compartilhou reportagem do g1 que mostrava a empolga\u00e7\u00e3o inicial do mercado financeiro com o novo governo.<\/p>\n\n\n\n<p>Nesta segunda semana de transi\u00e7\u00e3o, o sinal se inverteu. Apesar de boa recupera\u00e7\u00e3o nesta sexta-feira ( alta de 2,26%, a 112.253 pontos), o Ibovespa, principal \u00edndice da bolsa de valores de S\u00e3o Paulo, acumula queda de 5% na semana. O d\u00f3lar seguiu curso inverso e fechou em alta de 5,45%. Assim como na semana passada, o g1 consultou os mesmos analistas para entender a rea\u00e7\u00e3o contr\u00e1ria do mercado.<\/p>\n\n\n\n<p>Em suma, a avalia\u00e7\u00e3o \u00e9 de que os agentes est\u00e3o mais sens\u00edveis \u2014 e punindo com mais intensidade \u2014 aos &#8220;fundamentos fiscais&#8221; em todo o mundo, n\u00e3o s\u00f3 no Brasil. Isto \u00e9: os investidores est\u00e3o mais reativos a planos de aumento de gasto que n\u00e3o estejam bem delineados.<\/p>\n\n\n\n<p>Um exemplo evidente \u00e9 o caso Liz Truss. A ex-primeira ministra do Reino Unido foi obrigada a deixar o cargo depois de uma tentativa de estimular a economia brit\u00e2nica por meio de um plano que previa cortes severos de impostos e, em paralelo, aumentos de cr\u00e9dito e um empr\u00e9stimo bilion\u00e1rio para tentar cobrir o rombo nas contas p\u00fablicas.<\/p>\n\n\n\n<p>Para o caso do Brasil, o receio \u00e9 de que o Comit\u00ea de Pol\u00edtica Monet\u00e1ria (Copom) reavalie o patamar da taxa b\u00e1sica de juros do pa\u00eds, a Selic, caso a infla\u00e7\u00e3o n\u00e3o caia como esperado. E a consequ\u00eancia de uma pol\u00edtica de gastos expansionista, apontam os economistas, \u00e9 quase sempre uma infla\u00e7\u00e3o mais alta no longo prazo.<\/p>\n\n\n\n<p>O que est\u00e1 mexendo com os mercados?<\/p>\n\n\n\n<p>O des\u00e2nimo tomou conta dos analistas de mercado por conta dos sinais passados pela equipe de transi\u00e7\u00e3o de que as pol\u00edticas de aux\u00edlio \u00e0 popula\u00e7\u00e3o ser\u00e3o ampliadas e colocadas permanentemente fora da \u00e2ncora fiscal do pa\u00eds. Deixando de lado o &#8220;econom\u00eas&#8221;: Lula mostrou que pretende gastar mais, por\u00e9m n\u00e3o explicou como aumentar\u00e1 as receitas ou controlar\u00e1 os gastos do pa\u00eds.<\/p>\n\n\n\n<p>Somou-se \u00e0 quest\u00e3o os rumores de forma\u00e7\u00e3o da equipe econ\u00f4mica. Nomes como o do ex-ministro Fernando Haddad (PT), cotado para o minist\u00e9rio da Fazenda, desagradaram aos agentes de mercado. A presen\u00e7a do ex-ministro Guido Mantega na equipe de transi\u00e7\u00e3o para a \u00e1rea do Planejamento tamb\u00e9m trouxe inc\u00f4modo.<\/p>\n\n\n\n<p>S\u00e3o dois assuntos que o novo governo pretende endere\u00e7ar em breve. Como mostra o blog da Andr\u00e9ia Sadi, aliados de Haddad defendem que ele ocupe uma das cadeiras da economia \u2014 Fazenda ou Planejamento \u2014, mas em dobradinha com um nome fora dos quadros do PT. A torcida de ex-tucanos pr\u00f3ximos do vice-presidente eleito Geraldo Alckmin \u00e9 pelo economista Persio Arida.<\/p>\n\n\n\n<p>Para o lado dos gastos, o mercado espera detalhamento de receitas e despesas na PEC da Transi\u00e7\u00e3o, que est\u00e1 sendo elaborada para garantir o financiamento das propostas do governo em 2023. O relator da proposta do Or\u00e7amento de 2023, senador Marcelo Castro (MDB-PI), afirmou na quinta-feira que a proposta deve colocar o Aux\u00edlio Brasil de R$ 600 em posi\u00e7\u00e3o que seja imune ao teto de gastos de forma permanente \u2014 outro detalhe que causou mal-estar.<\/p>\n\n\n\n<p>Mas o marco de virada foi o discurso de Lula em sua primeira visita ao Centro Cultural Banco do Brasil (CCBB), em Bras\u00edlia, que abriga a equipe respons\u00e1vel pela transi\u00e7\u00e3o de governo. O petista afirmou que, embora tenha como meta governar para todos, a prioridade ser\u00e3o &#8220;as pessoas mais necessitadas&#8221; e se emocionou ao falar da volta da fome no Brasil.<\/p>\n\n\n\n<p>&#8220;Ora, por que as pessoas s\u00e3o levadas a sofrerem por conta de garantir a tal da estabilidade fiscal nesse pa\u00eds? Por que toda hora as pessoas falam que \u00e9 preciso cortar gasto, que \u00e9 preciso fazer super\u00e1vit, que \u00e9 preciso fazer teto de gasto? (&#8230;) Por que que a gente tem meta de infla\u00e7\u00e3o e n\u00e3o tem meta de crescimento?&#8221;, disse o presidente eleito.<\/p>\n\n\n\n<p>No dia do discurso, o Ibovespa teve um dos maiores recuos di\u00e1rios em quase um ano. S\u00f3 na quinta-feira, o indicador caiu 3,35%, maior tombo desde 26 de novembro de 2021. J\u00e1 a moeda norte-americana encerrou o mesmo dia em alta de 4,10%, maior alta di\u00e1ria desde 16 de mar\u00e7o de 2020, quando subiu 5,16%, durante o in\u00edcio da crise provocada pela Covid-19. Al\u00e9m do discurso e das movimenta\u00e7\u00f5es anunciadas pela equipe de transi\u00e7\u00e3o, o preg\u00e3o foi influenciado pelo resultado mais forte da infla\u00e7\u00e3o oficial do pa\u00eds, que teve avan\u00e7o de 0,59%, ap\u00f3s tr\u00eas meses consecutivos de defla\u00e7\u00e3o.<\/p>\n\n\n\n<p>Mais tarde, Lula foi questionado sobre a rea\u00e7\u00e3o e disse: &#8220;O mercado fica nervoso \u00e0 toa. Eu nunca vi um mercado t\u00e3o sens\u00edvel como o nosso&#8221;. Para Rafael Pacheco, economista da Guide Investimentos, a aposta dos agentes financeiros era de que o discurso &#8220;mais populista&#8221; de Lula seria inerente ao discurso eleitoral e, com sua vit\u00f3ria j\u00e1 garantida nas urnas, n\u00e3o haveria motivo para se manter em &#8220;modo de elei\u00e7\u00f5es&#8221;.<\/p>\n\n\n\n<p>&#8220;\u00c9 verdade que Lula j\u00e1 fez cr\u00edticas ao teto durante sua campanha, mas sinaliza\u00e7\u00f5es mais recentes, em especial a carta que ele lan\u00e7ou, fizeram o mercado acreditar que ele teria um governo mais pr\u00f3ximo ao seu primeiro mandato, quando de fato ele teve uma maior preocupa\u00e7\u00e3o com as contas p\u00fablicas&#8221;, disse.<\/p>\n\n\n\n<p>J\u00e1 Dan Kawa, CIO da TAG Investimentos, diz que o Brasil perdeu a chance de aproveitar uma onda de melhora do cen\u00e1rio internacional, j\u00e1 que a semana teve duas not\u00edcias importantes para a economia global. A primeira delas foi o n\u00famero de infla\u00e7\u00e3o mais fraca nos Estados Unidos, o que ajuda o Federal Reserve a subir menos os juros americanos. O CPI de outubro subiu 0,4% no m\u00eas e acumulou 7,7% na janela de 12 meses, segundo o Departamento do Trabalho do pa\u00eds. Uma infla\u00e7\u00e3o muito elevada na maior economia do mundo pesa contra a valoriza\u00e7\u00e3o dos ativos brasileiros.<\/p>\n\n\n\n<p>Com pre\u00e7os mais altos, o Fed \u00e9 obrigado a subir juros dos t\u00edtulos americanos, que s\u00e3o considerados os mais seguros do mundo. Se a rentabilidade deles sobe, h\u00e1 uma tend\u00eancia global de migra\u00e7\u00e3o dos investidores para esses investimentos, em detrimento dos ativos de risco.<\/p>\n\n\n\n<p>A segunda not\u00edcia foi o an\u00fancio de uma suaviza\u00e7\u00e3o das pol\u00edticas de &#8220;Covid zero&#8221; na China. Com redu\u00e7\u00e3o das barreiras, a tend\u00eancia \u00e9 de melhora no ambiente econ\u00f4mico do principal parceiro comercial do Brasil. &#8220;No Brasil, infelizmente a pauta econ\u00f4mica entrou no radar dos investidores. V\u00e1rios fundos locais e estrangeiros sa\u00edram do pa\u00eds e houve um fluxo saindo da bolsa. Esses movimentos acabaram sendo refletidos no c\u00e2mbio&#8221;, afirma o especialista.<\/p>\n","protected":false},"excerpt":{"rendered":"<p>H\u00e1 uma semana, o presidente eleito Luiz In\u00e1cio Lula da Silva (PT) comemorava o desempenho positivo da bolsa de valores e a queda do d\u00f3lar na primeira semana ap\u00f3s as elei\u00e7\u00f5es presidenciais.<\/p>\n","protected":false},"author":1,"featured_media":643408,"comment_status":"closed","ping_status":"closed","sticky":false,"template":"","format":"standard","meta":[],"categories":[14,3],"tags":[],"acf":[],"yoast_head":"<!-- This site is optimized with the Yoast SEO plugin v20.8 - https:\/\/yoast.com\/wordpress\/plugins\/seo\/ -->\n<title>MERCADOS INVERTEM AP\u00d3S VIT\u00d3RIA DE LULA. VEJA AN\u00c1LISE - Bahia Economica<\/title>\n<meta name=\"description\" content=\"O maior portal de Economia da Bahia DESTAQUE DO DIA, ECONOMIA \/ POL\u00cdTICA Bahia Economica\" \/>\n<meta name=\"robots\" content=\"index, follow, max-snippet:-1, max-image-preview:large, max-video-preview:-1\" \/>\n<link rel=\"canonical\" href=\"https:\/\/bahiaeconomica.com.br\/wp\/2022\/11\/12\/mercados-invertem-apos-vitoria-de-lula-veja-analise\/\" \/>\n<meta property=\"og:locale\" content=\"pt_BR\" \/>\n<meta property=\"og:type\" content=\"article\" \/>\n<meta property=\"og:title\" content=\"MERCADOS INVERTEM AP\u00d3S VIT\u00d3RIA DE LULA. VEJA AN\u00c1LISE - Bahia Economica\" \/>\n<meta property=\"og:description\" content=\"O maior portal de Economia da Bahia DESTAQUE DO DIA, ECONOMIA \/ POL\u00cdTICA Bahia Economica\" \/>\n<meta property=\"og:url\" content=\"https:\/\/bahiaeconomica.com.br\/wp\/2022\/11\/12\/mercados-invertem-apos-vitoria-de-lula-veja-analise\/\" \/>\n<meta property=\"og:site_name\" content=\"Bahia Economica\" \/>\n<meta property=\"article:publisher\" content=\"https:\/\/www.facebook.com\/bahiaeconomica\" \/>\n<meta property=\"article:published_time\" content=\"2022-11-12T14:30:58+00:00\" \/>\n<meta property=\"article:modified_time\" content=\"2022-11-12T11:58:09+00:00\" \/>\n<meta property=\"og:image\" content=\"https:\/\/bahiaeconomica.com.br\/wp\/wp-content\/uploads\/2022\/02\/economia-b3-bolsa-de-valores-20190430-004-copybolsas770.jpg\" \/>\n\t<meta property=\"og:image:width\" content=\"770\" \/>\n\t<meta property=\"og:image:height\" content=\"474\" \/>\n\t<meta property=\"og:image:type\" content=\"image\/jpeg\" \/>\n<meta name=\"author\" content=\"admin\" \/>\n<meta name=\"twitter:card\" content=\"summary_large_image\" \/>\n<meta name=\"twitter:label1\" content=\"Escrito por\" \/>\n\t<meta name=\"twitter:data1\" content=\"admin\" \/>\n\t<meta name=\"twitter:label2\" content=\"Est. tempo de leitura\" \/>\n\t<meta name=\"twitter:data2\" content=\"6 minutos\" \/>\n<script type=\"application\/ld+json\" class=\"yoast-schema-graph\">{\"@context\":\"https:\/\/schema.org\",\"@graph\":[{\"@type\":\"Article\",\"@id\":\"https:\/\/bahiaeconomica.com.br\/wp\/2022\/11\/12\/mercados-invertem-apos-vitoria-de-lula-veja-analise\/#article\",\"isPartOf\":{\"@id\":\"https:\/\/bahiaeconomica.com.br\/wp\/2022\/11\/12\/mercados-invertem-apos-vitoria-de-lula-veja-analise\/\"},\"author\":{\"name\":\"admin\",\"@id\":\"https:\/\/bahiaeconomica.com.br\/wp\/#\/schema\/person\/cb1ab5ba96ad3d9390805381c76284ec\"},\"headline\":\"MERCADOS INVERTEM AP\u00d3S VIT\u00d3RIA DE LULA. VEJA AN\u00c1LISE\",\"datePublished\":\"2022-11-12T14:30:58+00:00\",\"dateModified\":\"2022-11-12T11:58:09+00:00\",\"mainEntityOfPage\":{\"@id\":\"https:\/\/bahiaeconomica.com.br\/wp\/2022\/11\/12\/mercados-invertem-apos-vitoria-de-lula-veja-analise\/\"},\"wordCount\":1181,\"publisher\":{\"@id\":\"https:\/\/bahiaeconomica.com.br\/wp\/#organization\"},\"articleSection\":[\"DESTAQUE DO DIA\",\"ECONOMIA \/ POL\u00cdTICA\"],\"inLanguage\":\"pt-BR\"},{\"@type\":\"WebPage\",\"@id\":\"https:\/\/bahiaeconomica.com.br\/wp\/2022\/11\/12\/mercados-invertem-apos-vitoria-de-lula-veja-analise\/\",\"url\":\"https:\/\/bahiaeconomica.com.br\/wp\/2022\/11\/12\/mercados-invertem-apos-vitoria-de-lula-veja-analise\/\",\"name\":\"MERCADOS INVERTEM AP\u00d3S VIT\u00d3RIA DE LULA. VEJA AN\u00c1LISE - Bahia Economica\",\"isPartOf\":{\"@id\":\"https:\/\/bahiaeconomica.com.br\/wp\/#website\"},\"datePublished\":\"2022-11-12T14:30:58+00:00\",\"dateModified\":\"2022-11-12T11:58:09+00:00\",\"description\":\"O maior portal de Economia da Bahia DESTAQUE DO DIA, ECONOMIA \/ POL\u00cdTICA Bahia Economica\",\"breadcrumb\":{\"@id\":\"https:\/\/bahiaeconomica.com.br\/wp\/2022\/11\/12\/mercados-invertem-apos-vitoria-de-lula-veja-analise\/#breadcrumb\"},\"inLanguage\":\"pt-BR\",\"potentialAction\":[{\"@type\":\"ReadAction\",\"target\":[\"https:\/\/bahiaeconomica.com.br\/wp\/2022\/11\/12\/mercados-invertem-apos-vitoria-de-lula-veja-analise\/\"]}]},{\"@type\":\"BreadcrumbList\",\"@id\":\"https:\/\/bahiaeconomica.com.br\/wp\/2022\/11\/12\/mercados-invertem-apos-vitoria-de-lula-veja-analise\/#breadcrumb\",\"itemListElement\":[{\"@type\":\"ListItem\",\"position\":1,\"name\":\"In\u00edcio\",\"item\":\"https:\/\/bahiaeconomica.com.br\/wp\/\"},{\"@type\":\"ListItem\",\"position\":2,\"name\":\"MERCADOS INVERTEM AP\u00d3S VIT\u00d3RIA DE LULA. VEJA AN\u00c1LISE\"}]},{\"@type\":\"WebSite\",\"@id\":\"https:\/\/bahiaeconomica.com.br\/wp\/#website\",\"url\":\"https:\/\/bahiaeconomica.com.br\/wp\/\",\"name\":\"Bahia Economica\",\"description\":\"O maior portal de Economia da Bahia\",\"publisher\":{\"@id\":\"https:\/\/bahiaeconomica.com.br\/wp\/#organization\"},\"potentialAction\":[{\"@type\":\"SearchAction\",\"target\":{\"@type\":\"EntryPoint\",\"urlTemplate\":\"https:\/\/bahiaeconomica.com.br\/wp\/?s={search_term_string}\"},\"query-input\":\"required name=search_term_string\"}],\"inLanguage\":\"pt-BR\"},{\"@type\":\"Organization\",\"@id\":\"https:\/\/bahiaeconomica.com.br\/wp\/#organization\",\"name\":\"Bahia Econ\u00f4mica\",\"url\":\"https:\/\/bahiaeconomica.com.br\/wp\/\",\"logo\":{\"@type\":\"ImageObject\",\"inLanguage\":\"pt-BR\",\"@id\":\"https:\/\/bahiaeconomica.com.br\/wp\/#\/schema\/logo\/image\/\",\"url\":\"https:\/\/bahiaeconomica.com.br\/wp\/wp-content\/uploads\/2020\/12\/cropped-BE.png\",\"contentUrl\":\"https:\/\/bahiaeconomica.com.br\/wp\/wp-content\/uploads\/2020\/12\/cropped-BE.png\",\"width\":512,\"height\":512,\"caption\":\"Bahia Econ\u00f4mica\"},\"image\":{\"@id\":\"https:\/\/bahiaeconomica.com.br\/wp\/#\/schema\/logo\/image\/\"},\"sameAs\":[\"https:\/\/www.facebook.com\/bahiaeconomica\"]},{\"@type\":\"Person\",\"@id\":\"https:\/\/bahiaeconomica.com.br\/wp\/#\/schema\/person\/cb1ab5ba96ad3d9390805381c76284ec\",\"name\":\"admin\",\"url\":\"https:\/\/bahiaeconomica.com.br\/wp\/author\/admin\/\"}]}<\/script>\n<!-- \/ Yoast SEO plugin. -->","yoast_head_json":{"title":"MERCADOS INVERTEM AP\u00d3S VIT\u00d3RIA DE LULA. VEJA AN\u00c1LISE - Bahia Economica","description":"O maior portal de Economia da Bahia DESTAQUE DO DIA, ECONOMIA \/ POL\u00cdTICA Bahia Economica","robots":{"index":"index","follow":"follow","max-snippet":"max-snippet:-1","max-image-preview":"max-image-preview:large","max-video-preview":"max-video-preview:-1"},"canonical":"https:\/\/bahiaeconomica.com.br\/wp\/2022\/11\/12\/mercados-invertem-apos-vitoria-de-lula-veja-analise\/","og_locale":"pt_BR","og_type":"article","og_title":"MERCADOS INVERTEM AP\u00d3S VIT\u00d3RIA DE LULA. VEJA AN\u00c1LISE - Bahia Economica","og_description":"O maior portal de Economia da Bahia DESTAQUE DO DIA, ECONOMIA \/ POL\u00cdTICA Bahia Economica","og_url":"https:\/\/bahiaeconomica.com.br\/wp\/2022\/11\/12\/mercados-invertem-apos-vitoria-de-lula-veja-analise\/","og_site_name":"Bahia Economica","article_publisher":"https:\/\/www.facebook.com\/bahiaeconomica","article_published_time":"2022-11-12T14:30:58+00:00","article_modified_time":"2022-11-12T11:58:09+00:00","og_image":[{"width":770,"height":474,"url":"https:\/\/bahiaeconomica.com.br\/wp\/wp-content\/uploads\/2022\/02\/economia-b3-bolsa-de-valores-20190430-004-copybolsas770.jpg","type":"image\/jpeg"}],"author":"admin","twitter_card":"summary_large_image","twitter_misc":{"Escrito por":"admin","Est. tempo de leitura":"6 minutos"},"schema":{"@context":"https:\/\/schema.org","@graph":[{"@type":"Article","@id":"https:\/\/bahiaeconomica.com.br\/wp\/2022\/11\/12\/mercados-invertem-apos-vitoria-de-lula-veja-analise\/#article","isPartOf":{"@id":"https:\/\/bahiaeconomica.com.br\/wp\/2022\/11\/12\/mercados-invertem-apos-vitoria-de-lula-veja-analise\/"},"author":{"name":"admin","@id":"https:\/\/bahiaeconomica.com.br\/wp\/#\/schema\/person\/cb1ab5ba96ad3d9390805381c76284ec"},"headline":"MERCADOS INVERTEM AP\u00d3S VIT\u00d3RIA DE LULA. VEJA AN\u00c1LISE","datePublished":"2022-11-12T14:30:58+00:00","dateModified":"2022-11-12T11:58:09+00:00","mainEntityOfPage":{"@id":"https:\/\/bahiaeconomica.com.br\/wp\/2022\/11\/12\/mercados-invertem-apos-vitoria-de-lula-veja-analise\/"},"wordCount":1181,"publisher":{"@id":"https:\/\/bahiaeconomica.com.br\/wp\/#organization"},"articleSection":["DESTAQUE DO DIA","ECONOMIA \/ POL\u00cdTICA"],"inLanguage":"pt-BR"},{"@type":"WebPage","@id":"https:\/\/bahiaeconomica.com.br\/wp\/2022\/11\/12\/mercados-invertem-apos-vitoria-de-lula-veja-analise\/","url":"https:\/\/bahiaeconomica.com.br\/wp\/2022\/11\/12\/mercados-invertem-apos-vitoria-de-lula-veja-analise\/","name":"MERCADOS INVERTEM AP\u00d3S VIT\u00d3RIA DE LULA. VEJA AN\u00c1LISE - Bahia Economica","isPartOf":{"@id":"https:\/\/bahiaeconomica.com.br\/wp\/#website"},"datePublished":"2022-11-12T14:30:58+00:00","dateModified":"2022-11-12T11:58:09+00:00","description":"O maior portal de Economia da Bahia DESTAQUE DO DIA, ECONOMIA \/ POL\u00cdTICA Bahia Economica","breadcrumb":{"@id":"https:\/\/bahiaeconomica.com.br\/wp\/2022\/11\/12\/mercados-invertem-apos-vitoria-de-lula-veja-analise\/#breadcrumb"},"inLanguage":"pt-BR","potentialAction":[{"@type":"ReadAction","target":["https:\/\/bahiaeconomica.com.br\/wp\/2022\/11\/12\/mercados-invertem-apos-vitoria-de-lula-veja-analise\/"]}]},{"@type":"BreadcrumbList","@id":"https:\/\/bahiaeconomica.com.br\/wp\/2022\/11\/12\/mercados-invertem-apos-vitoria-de-lula-veja-analise\/#breadcrumb","itemListElement":[{"@type":"ListItem","position":1,"name":"In\u00edcio","item":"https:\/\/bahiaeconomica.com.br\/wp\/"},{"@type":"ListItem","position":2,"name":"MERCADOS INVERTEM AP\u00d3S VIT\u00d3RIA DE LULA. VEJA AN\u00c1LISE"}]},{"@type":"WebSite","@id":"https:\/\/bahiaeconomica.com.br\/wp\/#website","url":"https:\/\/bahiaeconomica.com.br\/wp\/","name":"Bahia Economica","description":"O maior portal de Economia da Bahia","publisher":{"@id":"https:\/\/bahiaeconomica.com.br\/wp\/#organization"},"potentialAction":[{"@type":"SearchAction","target":{"@type":"EntryPoint","urlTemplate":"https:\/\/bahiaeconomica.com.br\/wp\/?s={search_term_string}"},"query-input":"required name=search_term_string"}],"inLanguage":"pt-BR"},{"@type":"Organization","@id":"https:\/\/bahiaeconomica.com.br\/wp\/#organization","name":"Bahia Econ\u00f4mica","url":"https:\/\/bahiaeconomica.com.br\/wp\/","logo":{"@type":"ImageObject","inLanguage":"pt-BR","@id":"https:\/\/bahiaeconomica.com.br\/wp\/#\/schema\/logo\/image\/","url":"https:\/\/bahiaeconomica.com.br\/wp\/wp-content\/uploads\/2020\/12\/cropped-BE.png","contentUrl":"https:\/\/bahiaeconomica.com.br\/wp\/wp-content\/uploads\/2020\/12\/cropped-BE.png","width":512,"height":512,"caption":"Bahia Econ\u00f4mica"},"image":{"@id":"https:\/\/bahiaeconomica.com.br\/wp\/#\/schema\/logo\/image\/"},"sameAs":["https:\/\/www.facebook.com\/bahiaeconomica"]},{"@type":"Person","@id":"https:\/\/bahiaeconomica.com.br\/wp\/#\/schema\/person\/cb1ab5ba96ad3d9390805381c76284ec","name":"admin","url":"https:\/\/bahiaeconomica.com.br\/wp\/author\/admin\/"}]}},"views":3,"_links":{"self":[{"href":"https:\/\/bahiaeconomica.com.br\/wp\/wp-json\/wp\/v2\/posts\/700954"}],"collection":[{"href":"https:\/\/bahiaeconomica.com.br\/wp\/wp-json\/wp\/v2\/posts"}],"about":[{"href":"https:\/\/bahiaeconomica.com.br\/wp\/wp-json\/wp\/v2\/types\/post"}],"author":[{"embeddable":true,"href":"https:\/\/bahiaeconomica.com.br\/wp\/wp-json\/wp\/v2\/users\/1"}],"replies":[{"embeddable":true,"href":"https:\/\/bahiaeconomica.com.br\/wp\/wp-json\/wp\/v2\/comments?post=700954"}],"version-history":[{"count":1,"href":"https:\/\/bahiaeconomica.com.br\/wp\/wp-json\/wp\/v2\/posts\/700954\/revisions"}],"predecessor-version":[{"id":700955,"href":"https:\/\/bahiaeconomica.com.br\/wp\/wp-json\/wp\/v2\/posts\/700954\/revisions\/700955"}],"wp:featuredmedia":[{"embeddable":true,"href":"https:\/\/bahiaeconomica.com.br\/wp\/wp-json\/wp\/v2\/media\/643408"}],"wp:attachment":[{"href":"https:\/\/bahiaeconomica.com.br\/wp\/wp-json\/wp\/v2\/media?parent=700954"}],"wp:term":[{"taxonomy":"category","embeddable":true,"href":"https:\/\/bahiaeconomica.com.br\/wp\/wp-json\/wp\/v2\/categories?post=700954"},{"taxonomy":"post_tag","embeddable":true,"href":"https:\/\/bahiaeconomica.com.br\/wp\/wp-json\/wp\/v2\/tags?post=700954"}],"curies":[{"name":"wp","href":"https:\/\/api.w.org\/{rel}","templated":true}]}}