{"id":700842,"date":"2022-11-12T16:00:32","date_gmt":"2022-11-12T19:00:32","guid":{"rendered":"https:\/\/bahiaeconomica.com.br\/wp\/beta\/?p=700842"},"modified":"2022-11-12T08:59:33","modified_gmt":"2022-11-12T11:59:33","slug":"prazo-de-inscricao-de-concurso-da-pm-e-bombeiros-e-prorrogado","status":"publish","type":"post","link":"https:\/\/bahiaeconomica.com.br\/wp\/2022\/11\/12\/prazo-de-inscricao-de-concurso-da-pm-e-bombeiros-e-prorrogado\/","title":{"rendered":"PRAZO DE INSCRI\u00c7\u00c3O DE CONCURSO DA PM E BOMBEIROS \u00c9 PRORROGADO"},"content":{"rendered":"\n<p>Previsto para encerrar nesta sexta-feira (11), o prazo de inscri\u00e7\u00e3o do concurso p\u00fablico para soldado da Pol\u00edcia Militar e do Corpo de Bombeiros da Bahia foi prorrogado at\u00e9 a pr\u00f3xima quarta-feira (16). <\/p>\n\n\n\n<!--more-->\n\n\n\n<p>Os interessados devem se inscrever atrav\u00e9s do site da Funda\u00e7\u00e3o Carlos Chagas, organizadora do certame. O pagamento da taxa de inscri\u00e7\u00e3o, no valor de R$ 90, s\u00f3 poder\u00e1 ser feito at\u00e9 \u00e0s 16h do dia 16 de novembro.<\/p>\n\n\n\n<p>Para concorrer \u00e0s duas mil vagas da PM e \u00e0s 500 para os bombeiros, os candidatos devem ter 2\u00ba grau completo ou forma\u00e7\u00e3o t\u00e9cnico profissionalizante (n\u00edvel m\u00e9dio) em uma institui\u00e7\u00e3o reconhecida pela Minist\u00e9rio da Educa\u00e7\u00e3o, al\u00e9m de outros pr\u00e9-requisitos descritos no edital.<\/p>\n\n\n\n<p>As vagas para soldado da PM s\u00e3o para trabalho em Salvador e Regi\u00e3o Metropolitana, Feira de Santana, Alagoinhas, Itaberaba, Ilh\u00e9us, Juazeiro, Vit\u00f3ria da Conquista, Teixeira de Freitas e Barreiras. J\u00e1 os bombeiros selecionados ir\u00e3o atuar na capital, RMS, Itabuna, Porto Seguro, Itaberaba, Paulo Afonso, Santo Ant\u00f4nio de Jesus, Barreiras, Teixeira de Freitas, Alagoinhas e Bom Jesus da Lapa.<\/p>\n\n\n\n<p>Foto: Joa Souza\/GOVBA<\/p>\n","protected":false},"excerpt":{"rendered":"<p>Previsto para encerrar nesta sexta-feira (11), o prazo de inscri\u00e7\u00e3o do concurso p\u00fablico para soldado da Pol\u00edcia Militar e do Corpo de Bombeiros da Bahia foi prorrogado at\u00e9 a pr\u00f3xima quarta-feira (16).<\/p>\n","protected":false},"author":1,"featured_media":700843,"comment_status":"closed","ping_status":"closed","sticky":false,"template":"","format":"standard","meta":[],"categories":[14,3,8],"tags":[],"acf":[],"yoast_head":"<!-- This site is optimized with the Yoast SEO plugin v20.8 - https:\/\/yoast.com\/wordpress\/plugins\/seo\/ -->\n<title>PRAZO DE INSCRI\u00c7\u00c3O DE CONCURSO DA PM E BOMBEIROS \u00c9 PRORROGADO - Bahia Economica<\/title>\n<meta name=\"description\" content=\"O maior portal de Economia da Bahia DESTAQUE DO DIA, ECONOMIA \/ POL\u00cdTICA, EMPREGOS \/ CONCURSOS Bahia Economica\" \/>\n<meta name=\"robots\" content=\"index, follow, max-snippet:-1, max-image-preview:large, max-video-preview:-1\" \/>\n<link rel=\"canonical\" href=\"https:\/\/bahiaeconomica.com.br\/wp\/2022\/11\/12\/prazo-de-inscricao-de-concurso-da-pm-e-bombeiros-e-prorrogado\/\" \/>\n<meta property=\"og:locale\" content=\"pt_BR\" \/>\n<meta property=\"og:type\" content=\"article\" \/>\n<meta property=\"og:title\" content=\"PRAZO DE INSCRI\u00c7\u00c3O DE CONCURSO DA PM E BOMBEIROS \u00c9 PRORROGADO - Bahia Economica\" \/>\n<meta property=\"og:description\" content=\"O maior portal de Economia da Bahia DESTAQUE DO DIA, ECONOMIA \/ POL\u00cdTICA, EMPREGOS \/ CONCURSOS Bahia Economica\" \/>\n<meta property=\"og:url\" content=\"https:\/\/bahiaeconomica.com.br\/wp\/2022\/11\/12\/prazo-de-inscricao-de-concurso-da-pm-e-bombeiros-e-prorrogado\/\" \/>\n<meta property=\"og:site_name\" content=\"Bahia Economica\" \/>\n<meta property=\"article:publisher\" content=\"https:\/\/www.facebook.com\/bahiaeconomica\" \/>\n<meta property=\"article:published_time\" content=\"2022-11-12T19:00:32+00:00\" \/>\n<meta property=\"article:modified_time\" content=\"2022-11-12T11:59:33+00:00\" \/>\n<meta property=\"og:image\" content=\"https:\/\/bahiaeconomica.com.br\/wp\/wp-content\/uploads\/2022\/11\/PM_editado.jpg\" \/>\n\t<meta property=\"og:image:width\" content=\"600\" \/>\n\t<meta property=\"og:image:height\" content=\"420\" \/>\n\t<meta property=\"og:image:type\" content=\"image\/jpeg\" \/>\n<meta name=\"author\" content=\"admin\" \/>\n<meta name=\"twitter:card\" content=\"summary_large_image\" \/>\n<meta name=\"twitter:label1\" content=\"Escrito por\" \/>\n\t<meta name=\"twitter:data1\" content=\"admin\" \/>\n\t<meta name=\"twitter:label2\" content=\"Est. tempo de leitura\" \/>\n\t<meta name=\"twitter:data2\" content=\"1 minuto\" \/>\n<script type=\"application\/ld+json\" class=\"yoast-schema-graph\">{\"@context\":\"https:\/\/schema.org\",\"@graph\":[{\"@type\":\"Article\",\"@id\":\"https:\/\/bahiaeconomica.com.br\/wp\/2022\/11\/12\/prazo-de-inscricao-de-concurso-da-pm-e-bombeiros-e-prorrogado\/#article\",\"isPartOf\":{\"@id\":\"https:\/\/bahiaeconomica.com.br\/wp\/2022\/11\/12\/prazo-de-inscricao-de-concurso-da-pm-e-bombeiros-e-prorrogado\/\"},\"author\":{\"name\":\"admin\",\"@id\":\"https:\/\/bahiaeconomica.com.br\/wp\/#\/schema\/person\/cb1ab5ba96ad3d9390805381c76284ec\"},\"headline\":\"PRAZO DE INSCRI\u00c7\u00c3O DE CONCURSO DA PM E BOMBEIROS \u00c9 PRORROGADO\",\"datePublished\":\"2022-11-12T19:00:32+00:00\",\"dateModified\":\"2022-11-12T11:59:33+00:00\",\"mainEntityOfPage\":{\"@id\":\"https:\/\/bahiaeconomica.com.br\/wp\/2022\/11\/12\/prazo-de-inscricao-de-concurso-da-pm-e-bombeiros-e-prorrogado\/\"},\"wordCount\":201,\"publisher\":{\"@id\":\"https:\/\/bahiaeconomica.com.br\/wp\/#organization\"},\"articleSection\":[\"DESTAQUE DO DIA\",\"ECONOMIA \/ POL\u00cdTICA\",\"EMPREGOS \/ CONCURSOS\"],\"inLanguage\":\"pt-BR\"},{\"@type\":\"WebPage\",\"@id\":\"https:\/\/bahiaeconomica.com.br\/wp\/2022\/11\/12\/prazo-de-inscricao-de-concurso-da-pm-e-bombeiros-e-prorrogado\/\",\"url\":\"https:\/\/bahiaeconomica.com.br\/wp\/2022\/11\/12\/prazo-de-inscricao-de-concurso-da-pm-e-bombeiros-e-prorrogado\/\",\"name\":\"PRAZO DE INSCRI\u00c7\u00c3O DE CONCURSO DA PM E BOMBEIROS \u00c9 PRORROGADO - Bahia Economica\",\"isPartOf\":{\"@id\":\"https:\/\/bahiaeconomica.com.br\/wp\/#website\"},\"datePublished\":\"2022-11-12T19:00:32+00:00\",\"dateModified\":\"2022-11-12T11:59:33+00:00\",\"description\":\"O maior portal de Economia da Bahia DESTAQUE DO DIA, ECONOMIA \/ POL\u00cdTICA, EMPREGOS \/ CONCURSOS Bahia Economica\",\"breadcrumb\":{\"@id\":\"https:\/\/bahiaeconomica.com.br\/wp\/2022\/11\/12\/prazo-de-inscricao-de-concurso-da-pm-e-bombeiros-e-prorrogado\/#breadcrumb\"},\"inLanguage\":\"pt-BR\",\"potentialAction\":[{\"@type\":\"ReadAction\",\"target\":[\"https:\/\/bahiaeconomica.com.br\/wp\/2022\/11\/12\/prazo-de-inscricao-de-concurso-da-pm-e-bombeiros-e-prorrogado\/\"]}]},{\"@type\":\"BreadcrumbList\",\"@id\":\"https:\/\/bahiaeconomica.com.br\/wp\/2022\/11\/12\/prazo-de-inscricao-de-concurso-da-pm-e-bombeiros-e-prorrogado\/#breadcrumb\",\"itemListElement\":[{\"@type\":\"ListItem\",\"position\":1,\"name\":\"In\u00edcio\",\"item\":\"https:\/\/bahiaeconomica.com.br\/wp\/\"},{\"@type\":\"ListItem\",\"position\":2,\"name\":\"PRAZO DE INSCRI\u00c7\u00c3O DE CONCURSO DA PM E BOMBEIROS \u00c9 PRORROGADO\"}]},{\"@type\":\"WebSite\",\"@id\":\"https:\/\/bahiaeconomica.com.br\/wp\/#website\",\"url\":\"https:\/\/bahiaeconomica.com.br\/wp\/\",\"name\":\"Bahia Economica\",\"description\":\"O maior portal de Economia da Bahia\",\"publisher\":{\"@id\":\"https:\/\/bahiaeconomica.com.br\/wp\/#organization\"},\"potentialAction\":[{\"@type\":\"SearchAction\",\"target\":{\"@type\":\"EntryPoint\",\"urlTemplate\":\"https:\/\/bahiaeconomica.com.br\/wp\/?s={search_term_string}\"},\"query-input\":\"required name=search_term_string\"}],\"inLanguage\":\"pt-BR\"},{\"@type\":\"Organization\",\"@id\":\"https:\/\/bahiaeconomica.com.br\/wp\/#organization\",\"name\":\"Bahia Econ\u00f4mica\",\"url\":\"https:\/\/bahiaeconomica.com.br\/wp\/\",\"logo\":{\"@type\":\"ImageObject\",\"inLanguage\":\"pt-BR\",\"@id\":\"https:\/\/bahiaeconomica.com.br\/wp\/#\/schema\/logo\/image\/\",\"url\":\"https:\/\/bahiaeconomica.com.br\/wp\/wp-content\/uploads\/2020\/12\/cropped-BE.png\",\"contentUrl\":\"https:\/\/bahiaeconomica.com.br\/wp\/wp-content\/uploads\/2020\/12\/cropped-BE.png\",\"width\":512,\"height\":512,\"caption\":\"Bahia Econ\u00f4mica\"},\"image\":{\"@id\":\"https:\/\/bahiaeconomica.com.br\/wp\/#\/schema\/logo\/image\/\"},\"sameAs\":[\"https:\/\/www.facebook.com\/bahiaeconomica\"]},{\"@type\":\"Person\",\"@id\":\"https:\/\/bahiaeconomica.com.br\/wp\/#\/schema\/person\/cb1ab5ba96ad3d9390805381c76284ec\",\"name\":\"admin\",\"url\":\"https:\/\/bahiaeconomica.com.br\/wp\/author\/admin\/\"}]}<\/script>\n<!-- \/ Yoast SEO plugin. -->","yoast_head_json":{"title":"PRAZO DE INSCRI\u00c7\u00c3O DE CONCURSO DA PM E BOMBEIROS \u00c9 PRORROGADO - Bahia Economica","description":"O maior portal de Economia da Bahia DESTAQUE DO DIA, ECONOMIA \/ POL\u00cdTICA, EMPREGOS \/ CONCURSOS Bahia Economica","robots":{"index":"index","follow":"follow","max-snippet":"max-snippet:-1","max-image-preview":"max-image-preview:large","max-video-preview":"max-video-preview:-1"},"canonical":"https:\/\/bahiaeconomica.com.br\/wp\/2022\/11\/12\/prazo-de-inscricao-de-concurso-da-pm-e-bombeiros-e-prorrogado\/","og_locale":"pt_BR","og_type":"article","og_title":"PRAZO DE INSCRI\u00c7\u00c3O DE CONCURSO DA PM E BOMBEIROS \u00c9 PRORROGADO - Bahia Economica","og_description":"O maior portal de Economia da Bahia DESTAQUE DO DIA, ECONOMIA \/ POL\u00cdTICA, EMPREGOS \/ CONCURSOS Bahia Economica","og_url":"https:\/\/bahiaeconomica.com.br\/wp\/2022\/11\/12\/prazo-de-inscricao-de-concurso-da-pm-e-bombeiros-e-prorrogado\/","og_site_name":"Bahia Economica","article_publisher":"https:\/\/www.facebook.com\/bahiaeconomica","article_published_time":"2022-11-12T19:00:32+00:00","article_modified_time":"2022-11-12T11:59:33+00:00","og_image":[{"width":600,"height":420,"url":"https:\/\/bahiaeconomica.com.br\/wp\/wp-content\/uploads\/2022\/11\/PM_editado.jpg","type":"image\/jpeg"}],"author":"admin","twitter_card":"summary_large_image","twitter_misc":{"Escrito por":"admin","Est. tempo de leitura":"1 minuto"},"schema":{"@context":"https:\/\/schema.org","@graph":[{"@type":"Article","@id":"https:\/\/bahiaeconomica.com.br\/wp\/2022\/11\/12\/prazo-de-inscricao-de-concurso-da-pm-e-bombeiros-e-prorrogado\/#article","isPartOf":{"@id":"https:\/\/bahiaeconomica.com.br\/wp\/2022\/11\/12\/prazo-de-inscricao-de-concurso-da-pm-e-bombeiros-e-prorrogado\/"},"author":{"name":"admin","@id":"https:\/\/bahiaeconomica.com.br\/wp\/#\/schema\/person\/cb1ab5ba96ad3d9390805381c76284ec"},"headline":"PRAZO DE INSCRI\u00c7\u00c3O DE CONCURSO DA PM E BOMBEIROS \u00c9 PRORROGADO","datePublished":"2022-11-12T19:00:32+00:00","dateModified":"2022-11-12T11:59:33+00:00","mainEntityOfPage":{"@id":"https:\/\/bahiaeconomica.com.br\/wp\/2022\/11\/12\/prazo-de-inscricao-de-concurso-da-pm-e-bombeiros-e-prorrogado\/"},"wordCount":201,"publisher":{"@id":"https:\/\/bahiaeconomica.com.br\/wp\/#organization"},"articleSection":["DESTAQUE DO DIA","ECONOMIA \/ POL\u00cdTICA","EMPREGOS \/ CONCURSOS"],"inLanguage":"pt-BR"},{"@type":"WebPage","@id":"https:\/\/bahiaeconomica.com.br\/wp\/2022\/11\/12\/prazo-de-inscricao-de-concurso-da-pm-e-bombeiros-e-prorrogado\/","url":"https:\/\/bahiaeconomica.com.br\/wp\/2022\/11\/12\/prazo-de-inscricao-de-concurso-da-pm-e-bombeiros-e-prorrogado\/","name":"PRAZO DE INSCRI\u00c7\u00c3O DE CONCURSO DA PM E BOMBEIROS \u00c9 PRORROGADO - Bahia Economica","isPartOf":{"@id":"https:\/\/bahiaeconomica.com.br\/wp\/#website"},"datePublished":"2022-11-12T19:00:32+00:00","dateModified":"2022-11-12T11:59:33+00:00","description":"O maior portal de Economia da Bahia DESTAQUE DO DIA, ECONOMIA \/ POL\u00cdTICA, EMPREGOS \/ CONCURSOS Bahia Economica","breadcrumb":{"@id":"https:\/\/bahiaeconomica.com.br\/wp\/2022\/11\/12\/prazo-de-inscricao-de-concurso-da-pm-e-bombeiros-e-prorrogado\/#breadcrumb"},"inLanguage":"pt-BR","potentialAction":[{"@type":"ReadAction","target":["https:\/\/bahiaeconomica.com.br\/wp\/2022\/11\/12\/prazo-de-inscricao-de-concurso-da-pm-e-bombeiros-e-prorrogado\/"]}]},{"@type":"BreadcrumbList","@id":"https:\/\/bahiaeconomica.com.br\/wp\/2022\/11\/12\/prazo-de-inscricao-de-concurso-da-pm-e-bombeiros-e-prorrogado\/#breadcrumb","itemListElement":[{"@type":"ListItem","position":1,"name":"In\u00edcio","item":"https:\/\/bahiaeconomica.com.br\/wp\/"},{"@type":"ListItem","position":2,"name":"PRAZO DE INSCRI\u00c7\u00c3O DE CONCURSO DA PM E BOMBEIROS \u00c9 PRORROGADO"}]},{"@type":"WebSite","@id":"https:\/\/bahiaeconomica.com.br\/wp\/#website","url":"https:\/\/bahiaeconomica.com.br\/wp\/","name":"Bahia Economica","description":"O maior portal de Economia da Bahia","publisher":{"@id":"https:\/\/bahiaeconomica.com.br\/wp\/#organization"},"potentialAction":[{"@type":"SearchAction","target":{"@type":"EntryPoint","urlTemplate":"https:\/\/bahiaeconomica.com.br\/wp\/?s={search_term_string}"},"query-input":"required name=search_term_string"}],"inLanguage":"pt-BR"},{"@type":"Organization","@id":"https:\/\/bahiaeconomica.com.br\/wp\/#organization","name":"Bahia Econ\u00f4mica","url":"https:\/\/bahiaeconomica.com.br\/wp\/","logo":{"@type":"ImageObject","inLanguage":"pt-BR","@id":"https:\/\/bahiaeconomica.com.br\/wp\/#\/schema\/logo\/image\/","url":"https:\/\/bahiaeconomica.com.br\/wp\/wp-content\/uploads\/2020\/12\/cropped-BE.png","contentUrl":"https:\/\/bahiaeconomica.com.br\/wp\/wp-content\/uploads\/2020\/12\/cropped-BE.png","width":512,"height":512,"caption":"Bahia Econ\u00f4mica"},"image":{"@id":"https:\/\/bahiaeconomica.com.br\/wp\/#\/schema\/logo\/image\/"},"sameAs":["https:\/\/www.facebook.com\/bahiaeconomica"]},{"@type":"Person","@id":"https:\/\/bahiaeconomica.com.br\/wp\/#\/schema\/person\/cb1ab5ba96ad3d9390805381c76284ec","name":"admin","url":"https:\/\/bahiaeconomica.com.br\/wp\/author\/admin\/"}]}},"views":8,"_links":{"self":[{"href":"https:\/\/bahiaeconomica.com.br\/wp\/wp-json\/wp\/v2\/posts\/700842"}],"collection":[{"href":"https:\/\/bahiaeconomica.com.br\/wp\/wp-json\/wp\/v2\/posts"}],"about":[{"href":"https:\/\/bahiaeconomica.com.br\/wp\/wp-json\/wp\/v2\/types\/post"}],"author":[{"embeddable":true,"href":"https:\/\/bahiaeconomica.com.br\/wp\/wp-json\/wp\/v2\/users\/1"}],"replies":[{"embeddable":true,"href":"https:\/\/bahiaeconomica.com.br\/wp\/wp-json\/wp\/v2\/comments?post=700842"}],"version-history":[{"count":1,"href":"https:\/\/bahiaeconomica.com.br\/wp\/wp-json\/wp\/v2\/posts\/700842\/revisions"}],"predecessor-version":[{"id":700844,"href":"https:\/\/bahiaeconomica.com.br\/wp\/wp-json\/wp\/v2\/posts\/700842\/revisions\/700844"}],"wp:featuredmedia":[{"embeddable":true,"href":"https:\/\/bahiaeconomica.com.br\/wp\/wp-json\/wp\/v2\/media\/700843"}],"wp:attachment":[{"href":"https:\/\/bahiaeconomica.com.br\/wp\/wp-json\/wp\/v2\/media?parent=700842"}],"wp:term":[{"taxonomy":"category","embeddable":true,"href":"https:\/\/bahiaeconomica.com.br\/wp\/wp-json\/wp\/v2\/categories?post=700842"},{"taxonomy":"post_tag","embeddable":true,"href":"https:\/\/bahiaeconomica.com.br\/wp\/wp-json\/wp\/v2\/tags?post=700842"}],"curies":[{"name":"wp","href":"https:\/\/api.w.org\/{rel}","templated":true}]}}