{"id":699554,"date":"2022-11-04T07:25:44","date_gmt":"2022-11-04T10:25:44","guid":{"rendered":"https:\/\/bahiaeconomica.com.br\/wp\/beta\/?p=699554"},"modified":"2022-11-04T07:25:46","modified_gmt":"2022-11-04T10:25:46","slug":"gerard-pique-anuncia-aposentadoria-aos-35-anos","status":"publish","type":"post","link":"https:\/\/bahiaeconomica.com.br\/wp\/2022\/11\/04\/gerard-pique-anuncia-aposentadoria-aos-35-anos\/","title":{"rendered":"GERARD PIQU\u00c9 ANUNCIA APOSENTADORIA AOS 35 ANOS"},"content":{"rendered":"\n<p>O zagueiro Gerard Piqu\u00e9, do Barcelona, anunciou sua aposentadoria atrav\u00e9s de suas redes sociais na tarde desta quinta-feira (03). O defensor avisou aos torcedores do clube que o jogo contra o Almer\u00eda, neste s\u00e1bado (05), \u00e0s 17h (de Bras\u00edlia), no Camp Nou, pelo Campeonato Espanhol, ser\u00e1 o \u00faltimo de sua carreira.<\/p>\n\n\n\n<!--more-->\n\n\n\n<p>&#8220;Voc\u00eas, culers [apelido dado aos torcedores do Barcelona], me deram tudo, e agora que os sonhos dessa crian\u00e7a se tornaram realidade, quero dizer a voc\u00eas que \u00e9 hora de fechar esse c\u00edrculo. Sempre disse que depois do Bar\u00e7a n\u00e3o haveria outro time, e assim ser\u00e1. Este s\u00e1bado ser\u00e1 meu \u00faltimo jogo no Camp Nou&#8221;, diz Piqu\u00e9 no v\u00eddeo.<\/p>\n\n\n\n<p>A decis\u00e3o de Piqu\u00e9 surpreendeu o clube internamente, de acordo com o jornal catal\u00e3o &#8220;Sport&#8221;. Os principais dirigentes e os companheiros de time no Barcelona n\u00e3o sabiam que o jogador planejava encerrar a carreira. Criado nas categorias de base da equipe, Piqu\u00e9 passou por 15 temporadas no Barcelona e conquistou diversos t\u00edtulos: oito vezes o Campeonato Espanhol, sete vezes a Copa do Rei, seis vezes a Supercopa da Espanha, tr\u00eas vezes a Liga dos Campe\u00f5es, tr\u00eas vezes a Supercopa da Uefa e tr\u00eas Mundiais de Clubes.<\/p>\n\n\n\n<p>Foto: Reprodu\u00e7\u00e3o\/ Instagram<\/p>\n","protected":false},"excerpt":{"rendered":"<p>O zagueiro Gerard Piqu\u00e9, do Barcelona, anunciou sua aposentadoria atrav\u00e9s de suas redes sociais na tarde desta quinta-feira (03). O defensor avisou aos torcedores do clube que o jogo contra o Almer\u00eda, neste s\u00e1bado (05), \u00e0s 17h (de Bras\u00edlia), no Camp Nou, pelo Campeonato Espanhol, ser\u00e1 o \u00faltimo de sua carreira.<\/p>\n","protected":false},"author":1,"featured_media":699555,"comment_status":"closed","ping_status":"closed","sticky":false,"template":"","format":"standard","meta":[],"categories":[14,3,4486],"tags":[],"acf":[],"yoast_head":"<!-- This site is optimized with the Yoast SEO plugin v20.8 - https:\/\/yoast.com\/wordpress\/plugins\/seo\/ -->\n<title>GERARD PIQU\u00c9 ANUNCIA APOSENTADORIA AOS 35 ANOS - Bahia Economica<\/title>\n<meta name=\"description\" content=\"O maior portal de Economia da Bahia DESTAQUE DO DIA, ECONOMIA \/ POL\u00cdTICA, Esporte Bahia Economica\" \/>\n<meta name=\"robots\" content=\"index, follow, max-snippet:-1, max-image-preview:large, max-video-preview:-1\" \/>\n<link rel=\"canonical\" href=\"https:\/\/bahiaeconomica.com.br\/wp\/2022\/11\/04\/gerard-pique-anuncia-aposentadoria-aos-35-anos\/\" \/>\n<meta property=\"og:locale\" content=\"pt_BR\" \/>\n<meta property=\"og:type\" content=\"article\" \/>\n<meta property=\"og:title\" content=\"GERARD PIQU\u00c9 ANUNCIA APOSENTADORIA AOS 35 ANOS - Bahia Economica\" \/>\n<meta property=\"og:description\" content=\"O maior portal de Economia da Bahia DESTAQUE DO DIA, ECONOMIA \/ POL\u00cdTICA, Esporte Bahia Economica\" \/>\n<meta property=\"og:url\" content=\"https:\/\/bahiaeconomica.com.br\/wp\/2022\/11\/04\/gerard-pique-anuncia-aposentadoria-aos-35-anos\/\" \/>\n<meta property=\"og:site_name\" content=\"Bahia Economica\" \/>\n<meta property=\"article:publisher\" content=\"https:\/\/www.facebook.com\/bahiaeconomica\" \/>\n<meta property=\"article:published_time\" content=\"2022-11-04T10:25:44+00:00\" \/>\n<meta property=\"article:modified_time\" content=\"2022-11-04T10:25:46+00:00\" \/>\n<meta property=\"og:image\" content=\"https:\/\/bahiaeconomica.com.br\/wp\/wp-content\/uploads\/2022\/11\/130071gerard-pique-zagueiro-do-barcelona-anuncia-aposentadoria-aos-35-anos-3.jpg\" \/>\n\t<meta property=\"og:image:width\" content=\"1600\" \/>\n\t<meta property=\"og:image:height\" content=\"752\" \/>\n\t<meta property=\"og:image:type\" content=\"image\/jpeg\" \/>\n<meta name=\"author\" content=\"admin\" \/>\n<meta name=\"twitter:card\" content=\"summary_large_image\" \/>\n<meta name=\"twitter:label1\" content=\"Escrito por\" \/>\n\t<meta name=\"twitter:data1\" content=\"admin\" \/>\n\t<meta name=\"twitter:label2\" content=\"Est. tempo de leitura\" \/>\n\t<meta name=\"twitter:data2\" content=\"2 minutos\" \/>\n<script type=\"application\/ld+json\" class=\"yoast-schema-graph\">{\"@context\":\"https:\/\/schema.org\",\"@graph\":[{\"@type\":\"Article\",\"@id\":\"https:\/\/bahiaeconomica.com.br\/wp\/2022\/11\/04\/gerard-pique-anuncia-aposentadoria-aos-35-anos\/#article\",\"isPartOf\":{\"@id\":\"https:\/\/bahiaeconomica.com.br\/wp\/2022\/11\/04\/gerard-pique-anuncia-aposentadoria-aos-35-anos\/\"},\"author\":{\"name\":\"admin\",\"@id\":\"https:\/\/bahiaeconomica.com.br\/wp\/#\/schema\/person\/cb1ab5ba96ad3d9390805381c76284ec\"},\"headline\":\"GERARD PIQU\u00c9 ANUNCIA APOSENTADORIA AOS 35 ANOS\",\"datePublished\":\"2022-11-04T10:25:44+00:00\",\"dateModified\":\"2022-11-04T10:25:46+00:00\",\"mainEntityOfPage\":{\"@id\":\"https:\/\/bahiaeconomica.com.br\/wp\/2022\/11\/04\/gerard-pique-anuncia-aposentadoria-aos-35-anos\/\"},\"wordCount\":221,\"publisher\":{\"@id\":\"https:\/\/bahiaeconomica.com.br\/wp\/#organization\"},\"articleSection\":[\"DESTAQUE DO DIA\",\"ECONOMIA \/ POL\u00cdTICA\",\"Esporte\"],\"inLanguage\":\"pt-BR\"},{\"@type\":\"WebPage\",\"@id\":\"https:\/\/bahiaeconomica.com.br\/wp\/2022\/11\/04\/gerard-pique-anuncia-aposentadoria-aos-35-anos\/\",\"url\":\"https:\/\/bahiaeconomica.com.br\/wp\/2022\/11\/04\/gerard-pique-anuncia-aposentadoria-aos-35-anos\/\",\"name\":\"GERARD PIQU\u00c9 ANUNCIA APOSENTADORIA AOS 35 ANOS - Bahia Economica\",\"isPartOf\":{\"@id\":\"https:\/\/bahiaeconomica.com.br\/wp\/#website\"},\"datePublished\":\"2022-11-04T10:25:44+00:00\",\"dateModified\":\"2022-11-04T10:25:46+00:00\",\"description\":\"O maior portal de Economia da Bahia DESTAQUE DO DIA, ECONOMIA \/ POL\u00cdTICA, Esporte Bahia Economica\",\"breadcrumb\":{\"@id\":\"https:\/\/bahiaeconomica.com.br\/wp\/2022\/11\/04\/gerard-pique-anuncia-aposentadoria-aos-35-anos\/#breadcrumb\"},\"inLanguage\":\"pt-BR\",\"potentialAction\":[{\"@type\":\"ReadAction\",\"target\":[\"https:\/\/bahiaeconomica.com.br\/wp\/2022\/11\/04\/gerard-pique-anuncia-aposentadoria-aos-35-anos\/\"]}]},{\"@type\":\"BreadcrumbList\",\"@id\":\"https:\/\/bahiaeconomica.com.br\/wp\/2022\/11\/04\/gerard-pique-anuncia-aposentadoria-aos-35-anos\/#breadcrumb\",\"itemListElement\":[{\"@type\":\"ListItem\",\"position\":1,\"name\":\"In\u00edcio\",\"item\":\"https:\/\/bahiaeconomica.com.br\/wp\/\"},{\"@type\":\"ListItem\",\"position\":2,\"name\":\"GERARD PIQU\u00c9 ANUNCIA APOSENTADORIA AOS 35 ANOS\"}]},{\"@type\":\"WebSite\",\"@id\":\"https:\/\/bahiaeconomica.com.br\/wp\/#website\",\"url\":\"https:\/\/bahiaeconomica.com.br\/wp\/\",\"name\":\"Bahia Economica\",\"description\":\"O maior portal de Economia da Bahia\",\"publisher\":{\"@id\":\"https:\/\/bahiaeconomica.com.br\/wp\/#organization\"},\"potentialAction\":[{\"@type\":\"SearchAction\",\"target\":{\"@type\":\"EntryPoint\",\"urlTemplate\":\"https:\/\/bahiaeconomica.com.br\/wp\/?s={search_term_string}\"},\"query-input\":\"required name=search_term_string\"}],\"inLanguage\":\"pt-BR\"},{\"@type\":\"Organization\",\"@id\":\"https:\/\/bahiaeconomica.com.br\/wp\/#organization\",\"name\":\"Bahia Econ\u00f4mica\",\"url\":\"https:\/\/bahiaeconomica.com.br\/wp\/\",\"logo\":{\"@type\":\"ImageObject\",\"inLanguage\":\"pt-BR\",\"@id\":\"https:\/\/bahiaeconomica.com.br\/wp\/#\/schema\/logo\/image\/\",\"url\":\"https:\/\/bahiaeconomica.com.br\/wp\/wp-content\/uploads\/2020\/12\/cropped-BE.png\",\"contentUrl\":\"https:\/\/bahiaeconomica.com.br\/wp\/wp-content\/uploads\/2020\/12\/cropped-BE.png\",\"width\":512,\"height\":512,\"caption\":\"Bahia Econ\u00f4mica\"},\"image\":{\"@id\":\"https:\/\/bahiaeconomica.com.br\/wp\/#\/schema\/logo\/image\/\"},\"sameAs\":[\"https:\/\/www.facebook.com\/bahiaeconomica\"]},{\"@type\":\"Person\",\"@id\":\"https:\/\/bahiaeconomica.com.br\/wp\/#\/schema\/person\/cb1ab5ba96ad3d9390805381c76284ec\",\"name\":\"admin\",\"url\":\"https:\/\/bahiaeconomica.com.br\/wp\/author\/admin\/\"}]}<\/script>\n<!-- \/ Yoast SEO plugin. -->","yoast_head_json":{"title":"GERARD PIQU\u00c9 ANUNCIA APOSENTADORIA AOS 35 ANOS - Bahia Economica","description":"O maior portal de Economia da Bahia DESTAQUE DO DIA, ECONOMIA \/ POL\u00cdTICA, Esporte Bahia Economica","robots":{"index":"index","follow":"follow","max-snippet":"max-snippet:-1","max-image-preview":"max-image-preview:large","max-video-preview":"max-video-preview:-1"},"canonical":"https:\/\/bahiaeconomica.com.br\/wp\/2022\/11\/04\/gerard-pique-anuncia-aposentadoria-aos-35-anos\/","og_locale":"pt_BR","og_type":"article","og_title":"GERARD PIQU\u00c9 ANUNCIA APOSENTADORIA AOS 35 ANOS - Bahia Economica","og_description":"O maior portal de Economia da Bahia DESTAQUE DO DIA, ECONOMIA \/ POL\u00cdTICA, Esporte Bahia Economica","og_url":"https:\/\/bahiaeconomica.com.br\/wp\/2022\/11\/04\/gerard-pique-anuncia-aposentadoria-aos-35-anos\/","og_site_name":"Bahia Economica","article_publisher":"https:\/\/www.facebook.com\/bahiaeconomica","article_published_time":"2022-11-04T10:25:44+00:00","article_modified_time":"2022-11-04T10:25:46+00:00","og_image":[{"width":1600,"height":752,"url":"https:\/\/bahiaeconomica.com.br\/wp\/wp-content\/uploads\/2022\/11\/130071gerard-pique-zagueiro-do-barcelona-anuncia-aposentadoria-aos-35-anos-3.jpg","type":"image\/jpeg"}],"author":"admin","twitter_card":"summary_large_image","twitter_misc":{"Escrito por":"admin","Est. tempo de leitura":"2 minutos"},"schema":{"@context":"https:\/\/schema.org","@graph":[{"@type":"Article","@id":"https:\/\/bahiaeconomica.com.br\/wp\/2022\/11\/04\/gerard-pique-anuncia-aposentadoria-aos-35-anos\/#article","isPartOf":{"@id":"https:\/\/bahiaeconomica.com.br\/wp\/2022\/11\/04\/gerard-pique-anuncia-aposentadoria-aos-35-anos\/"},"author":{"name":"admin","@id":"https:\/\/bahiaeconomica.com.br\/wp\/#\/schema\/person\/cb1ab5ba96ad3d9390805381c76284ec"},"headline":"GERARD PIQU\u00c9 ANUNCIA APOSENTADORIA AOS 35 ANOS","datePublished":"2022-11-04T10:25:44+00:00","dateModified":"2022-11-04T10:25:46+00:00","mainEntityOfPage":{"@id":"https:\/\/bahiaeconomica.com.br\/wp\/2022\/11\/04\/gerard-pique-anuncia-aposentadoria-aos-35-anos\/"},"wordCount":221,"publisher":{"@id":"https:\/\/bahiaeconomica.com.br\/wp\/#organization"},"articleSection":["DESTAQUE DO DIA","ECONOMIA \/ POL\u00cdTICA","Esporte"],"inLanguage":"pt-BR"},{"@type":"WebPage","@id":"https:\/\/bahiaeconomica.com.br\/wp\/2022\/11\/04\/gerard-pique-anuncia-aposentadoria-aos-35-anos\/","url":"https:\/\/bahiaeconomica.com.br\/wp\/2022\/11\/04\/gerard-pique-anuncia-aposentadoria-aos-35-anos\/","name":"GERARD PIQU\u00c9 ANUNCIA APOSENTADORIA AOS 35 ANOS - Bahia Economica","isPartOf":{"@id":"https:\/\/bahiaeconomica.com.br\/wp\/#website"},"datePublished":"2022-11-04T10:25:44+00:00","dateModified":"2022-11-04T10:25:46+00:00","description":"O maior portal de Economia da Bahia DESTAQUE DO DIA, ECONOMIA \/ POL\u00cdTICA, Esporte Bahia Economica","breadcrumb":{"@id":"https:\/\/bahiaeconomica.com.br\/wp\/2022\/11\/04\/gerard-pique-anuncia-aposentadoria-aos-35-anos\/#breadcrumb"},"inLanguage":"pt-BR","potentialAction":[{"@type":"ReadAction","target":["https:\/\/bahiaeconomica.com.br\/wp\/2022\/11\/04\/gerard-pique-anuncia-aposentadoria-aos-35-anos\/"]}]},{"@type":"BreadcrumbList","@id":"https:\/\/bahiaeconomica.com.br\/wp\/2022\/11\/04\/gerard-pique-anuncia-aposentadoria-aos-35-anos\/#breadcrumb","itemListElement":[{"@type":"ListItem","position":1,"name":"In\u00edcio","item":"https:\/\/bahiaeconomica.com.br\/wp\/"},{"@type":"ListItem","position":2,"name":"GERARD PIQU\u00c9 ANUNCIA APOSENTADORIA AOS 35 ANOS"}]},{"@type":"WebSite","@id":"https:\/\/bahiaeconomica.com.br\/wp\/#website","url":"https:\/\/bahiaeconomica.com.br\/wp\/","name":"Bahia Economica","description":"O maior portal de Economia da Bahia","publisher":{"@id":"https:\/\/bahiaeconomica.com.br\/wp\/#organization"},"potentialAction":[{"@type":"SearchAction","target":{"@type":"EntryPoint","urlTemplate":"https:\/\/bahiaeconomica.com.br\/wp\/?s={search_term_string}"},"query-input":"required name=search_term_string"}],"inLanguage":"pt-BR"},{"@type":"Organization","@id":"https:\/\/bahiaeconomica.com.br\/wp\/#organization","name":"Bahia Econ\u00f4mica","url":"https:\/\/bahiaeconomica.com.br\/wp\/","logo":{"@type":"ImageObject","inLanguage":"pt-BR","@id":"https:\/\/bahiaeconomica.com.br\/wp\/#\/schema\/logo\/image\/","url":"https:\/\/bahiaeconomica.com.br\/wp\/wp-content\/uploads\/2020\/12\/cropped-BE.png","contentUrl":"https:\/\/bahiaeconomica.com.br\/wp\/wp-content\/uploads\/2020\/12\/cropped-BE.png","width":512,"height":512,"caption":"Bahia Econ\u00f4mica"},"image":{"@id":"https:\/\/bahiaeconomica.com.br\/wp\/#\/schema\/logo\/image\/"},"sameAs":["https:\/\/www.facebook.com\/bahiaeconomica"]},{"@type":"Person","@id":"https:\/\/bahiaeconomica.com.br\/wp\/#\/schema\/person\/cb1ab5ba96ad3d9390805381c76284ec","name":"admin","url":"https:\/\/bahiaeconomica.com.br\/wp\/author\/admin\/"}]}},"views":2,"_links":{"self":[{"href":"https:\/\/bahiaeconomica.com.br\/wp\/wp-json\/wp\/v2\/posts\/699554"}],"collection":[{"href":"https:\/\/bahiaeconomica.com.br\/wp\/wp-json\/wp\/v2\/posts"}],"about":[{"href":"https:\/\/bahiaeconomica.com.br\/wp\/wp-json\/wp\/v2\/types\/post"}],"author":[{"embeddable":true,"href":"https:\/\/bahiaeconomica.com.br\/wp\/wp-json\/wp\/v2\/users\/1"}],"replies":[{"embeddable":true,"href":"https:\/\/bahiaeconomica.com.br\/wp\/wp-json\/wp\/v2\/comments?post=699554"}],"version-history":[{"count":1,"href":"https:\/\/bahiaeconomica.com.br\/wp\/wp-json\/wp\/v2\/posts\/699554\/revisions"}],"predecessor-version":[{"id":699556,"href":"https:\/\/bahiaeconomica.com.br\/wp\/wp-json\/wp\/v2\/posts\/699554\/revisions\/699556"}],"wp:featuredmedia":[{"embeddable":true,"href":"https:\/\/bahiaeconomica.com.br\/wp\/wp-json\/wp\/v2\/media\/699555"}],"wp:attachment":[{"href":"https:\/\/bahiaeconomica.com.br\/wp\/wp-json\/wp\/v2\/media?parent=699554"}],"wp:term":[{"taxonomy":"category","embeddable":true,"href":"https:\/\/bahiaeconomica.com.br\/wp\/wp-json\/wp\/v2\/categories?post=699554"},{"taxonomy":"post_tag","embeddable":true,"href":"https:\/\/bahiaeconomica.com.br\/wp\/wp-json\/wp\/v2\/tags?post=699554"}],"curies":[{"name":"wp","href":"https:\/\/api.w.org\/{rel}","templated":true}]}}